{"id":193326,"date":"2023-05-08T08:22:45","date_gmt":"2023-05-08T11:22:45","guid":{"rendered":"https:\/\/www.novaconcursos.com.br\/portal\/?p=193326"},"modified":"2023-05-08T08:22:48","modified_gmt":"2023-05-08T11:22:48","slug":"concurso-tj-rr-comissao-formada-vagas-para-niveis-medio-superior","status":"publish","type":"post","link":"https:\/\/www.novaconcursos.com.br\/portal\/noticias\/concurso-tj-rr-comissao-formada-vagas-para-niveis-medio-superior\/","title":{"rendered":"Concurso TJ RR: Comiss\u00e3o formada. Vagas para n\u00edveis m\u00e9dio e superior!"},"content":{"rendered":"<p>O Tribunal de Justi\u00e7a do Estado de Roraima est\u00e1 com <strong>comiss\u00e3o formada<\/strong> para realiza\u00e7\u00e3o do novo <a href=\"https:\/\/www.novaconcursos.com.br\/portal\/concursos\/concurso-tj-rr\/\">concurso TJ RR<\/a>. Confira!<\/p>\n\n\n\n<p>A equipe \u00e9 respons\u00e1vel pelos estudos para realiza\u00e7\u00e3o do certame, elabora\u00e7\u00e3o do projeto b\u00e1sico e escolha da banca organizadora. Veja os membros!<\/p>\n\n\n\n<ul class=\"wp-block-list\"><li>\u00c9sdras Silva Pinto, juiz auxiliar da presid\u00eancia \u2013 presidente da comiss\u00e3o;<\/li>\n\n\n\n<li>Rafaella Holanda Silveira, ju\u00edza de direito \u2013 membro;<\/li>\n\n\n\n<li>Alexandre Martins Ferreira, analista judici\u00e1rio\/assessor jur\u00eddico da presid\u00eancia \u2013 membro;<\/li>\n\n\n\n<li>Henrique de Melo Tavares, t\u00e9cnico judici\u00e1rio\/secret\u00e1rio-geral \u2013 membro;<\/li>\n\n\n\n<li>Bruna Stephanie de Mendon\u00e7a Fran\u00e7a, t\u00e9cnica judici\u00e1ria\/secret\u00e1ria de Gest\u00e3o de Pessoas \u2013 membro;<\/li>\n\n\n\n<li>Tainah Westin de Camargo Mota, analista judici\u00e1ria\/secret\u00e1ria de Or\u00e7amento e Finan\u00e7as \u2013 membro; e<\/li>\n\n\n\n<li>Em\u00edlia Nayara Fernandes Mubarac, analista judici\u00e1ria\/coordenadora do N\u00facleo Jur\u00eddico Administrativo (Nujad) \u2013 membro.<\/li>\n<\/ul><p><\/p>\n\n\n\n<p>Uma vez formada a comiss\u00e3o, o pr\u00f3ximo passo \u00e9 <strong>defini\u00e7\u00e3o da banca<\/strong>, respons\u00e1vel por receber as inscri\u00e7\u00f5es em seu site e viabilizar as etapas da sele\u00e7\u00e3o. Uma vez que o contrato com a mesma for assinado, o edital pode ser publicado.<\/p>\n\n\n\n<p>Ainda n\u00e3o existem informa\u00e7\u00f5es acerca dos cargos a serem ofertados, mas sabe-se que ser\u00e3o oportunidades de<strong> n\u00edvel m\u00e9dio e superior <\/strong>de forma\u00e7\u00e3o.<\/p>\n\n\n\n<p>Atualmente o \u00f3rg\u00e3o conta com <strong>88 cargos vagos,<\/strong> sendo:<\/p>\n\n\n\n<ul class=\"wp-block-list\"><li>Analista Judici\u00e1rio: 38 vac\u00e2ncias<\/li>\n\n\n\n<li>Auxiliar Administrativo: 17 vac\u00e2ncias<\/li>\n\n\n\n<li>T\u00e9cnico Judici\u00e1rio: 33 vac\u00e2ncias<\/li>\n<\/ul><p><\/p>\n\n\n\n<ul class=\"wp-block-list\"><li><strong>Confira:\u00a0<\/strong><a href=\"https:\/\/www.novaconcursos.com.br\/livro\/1000-questoes-gabaritadas-conteudos-basicos-concursos?promo_creative=Livro+1.000+quest%C3%B5es+gabaritadas+de+conte%C3%BAdos+b%C3%A1sicos+para+Concursos&amp;promo_name=noticia&amp;promo_id=%2Fportal%2Fnoticias%2Fconcurso-policia-penal-go-edital-ate-junho&amp;promo_position=corpo-texto\"><\/a><a href=\"https:\/\/www.novaconcursos.com.br\/livro-impresso\/questoes-tj-tribunal-justica?q=TRIBUNAL%20DE\">Livro de Quest\u00f5es Comentadas TJ<\/a><\/li>\n<\/ul><p><\/p>\n\n\n\n<p>Estude para o concurso dos seus sonhos com o\u00a0<strong>M\u00e9todo<\/strong>\u00a0que j\u00e1 ajudou na\u00a0<strong>aprova\u00e7\u00e3o de mais de 70 mil alunos!<\/strong>\u00a0<a href=\"https:\/\/aprovacao.novaconcursos.com.br\/assinatura?promo_creative=Clique+aqui&amp;promo_name=noticia&amp;promo_id=%2Fportal%2Fnoticias%2Fconcurso-policia-penal-go-edital-ate-junho&amp;promo_position=corpo-texto\" target=\"_blank\" rel=\"noreferrer noopener\">Clique aqui<\/a>\u00a0e saiba mais!<\/p>\n\n\n\n<h2 class=\"wp-block-heading\" id=\"quais-as-atribuies-dos-principais-cargos\">Quais as atribui\u00e7\u00f5es dos principais cargos?<\/h2>\n\n\n\n<p>Entre as atividades a serem exercidas, est\u00e3o as seguintes:<\/p>\n\n\n\n<p><strong>Analista Processual<\/strong>: Realizar atividades de n\u00edvel superior nos Of\u00edcios Judiciais de 1\u00ba e 2\u00ba Grau de Jurisdi\u00e7\u00e3o, a fim de fornecer suporte t\u00e9cnico, favorecendo o exerc\u00edcio da fun\u00e7\u00e3o judicante pelos magistrados e\/ou \u00f3rg\u00e3os julgadores; auxiliar o Escriv\u00e3o na execu\u00e7\u00e3o das atividades cartor\u00e1rias e os Secret\u00e1rios do Tribunal Pleno e da C\u00e2mara \u00danica junto \u00e0s respectivas Secretarias.<\/p>\n\n\n\n<p><strong>Administrador<\/strong>: Planejar, organizar, coordenar e executar m\u00e9todos e t\u00e9cnicas administrativas.<\/p>\n\n\n\n<p><strong>Contador<\/strong>: Elaborar, coordenar e executar a pol\u00edtica cont\u00e1bil, financeira, or\u00e7ament\u00e1ria e patrimonial do Tribunal de Justi\u00e7a.<\/p>\n\n\n\n<p><strong>T\u00e9cnico Judici\u00e1rio<\/strong>: Auxiliar as atividades cartor\u00e1rias e administrativas, em 1\u00aa e 2\u00aa Inst\u00e2ncias.<\/p>\n\n\n\n<p><strong>Auxiliar Administrativo<\/strong>: Executar servi\u00e7os auxiliares nos cart\u00f3rios e setores administrativos do Poder Judici\u00e1rio do Estado de Roraima.<\/p>\n\n\n\n<h2 class=\"wp-block-heading\" id=\"como-foi-o-ltimo-concurso-tj-rr\">Como foi o \u00faltimo concurso TJ RR?<\/h2>\n\n\n\n<p>O \u00faltimo concurso foi realizado em 2012 e prorrogado at\u00e9 2016 para o preenchimento de <strong>22 vagas <\/strong>distribu\u00eddas entre as seguintes especialidades:<\/p>\n\n\n\n<p><strong>N\u00edvel Superior<\/strong><\/p>\n\n\n\n<ul class=\"wp-block-list\"><li>Administrador: 2 vagas<\/li>\n\n\n\n<li>Analista Processual: 5 vagas<\/li>\n\n\n\n<li>Biblioteconomista: CR<\/li>\n\n\n\n<li>Contador: 2 vagas<\/li>\n<\/ul><p><\/p>\n\n\n\n<p><strong>N\u00edvel M\u00e9dio<\/strong><\/p>\n\n\n\n<ul class=\"wp-block-list\"><li>Agente de Prote\u00e7\u00e3o: 2 vagas<\/li>\n\n\n\n<li>T\u00e9cnico Judici\u00e1rio: 10 vagas<\/li>\n<\/ul><p><\/p>\n\n\n\n<p><strong>Fundamental<\/strong><\/p>\n\n\n\n<p>Auxiliar Administrativo: 1 vaga<\/p>\n\n\n\n<p><\/p>\n\n\n\n<p>Na ocasi\u00e3o, a banca organizadora foi o Cebraspe e avaliou os candidatos por meio de provas objetivas e discursivas. Confira o conte\u00fado program\u00e1tico das provas!<\/p>\n\n\n\n<p><strong>Conhecimentos B\u00e1sicos (todos os cargos)<\/strong><\/p>\n\n\n\n<ul class=\"wp-block-list\"><li>L\u00edngua Portuguesa;<\/li>\n\n\n\n<li>No\u00e7\u00f5es de Inform\u00e1tica;<\/li>\n\n\n\n<li>\u00c9tica no Servi\u00e7o P\u00fablico;<\/li>\n\n\n\n<li>Legisla\u00e7\u00e3o Estadual;<\/li>\n\n\n\n<li>Atualidades.<\/li>\n<\/ul><p><\/p>\n\n\n\n<p><strong>Conhecimentos Espec\u00edficos<\/strong><\/p>\n\n\n\n<p>Administrador:<\/p>\n\n\n\n<ul class=\"wp-block-list\"><li>No\u00e7\u00f5es de Direito Administrativo<\/li>\n\n\n\n<li>No\u00e7\u00f5es de Direito Constitucional<\/li>\n\n\n\n<li>Administra\u00e7\u00e3o Geral e P\u00fablica<\/li>\n\n\n\n<li>Administra\u00e7\u00e3o Or\u00e7ament\u00e1ria e Financeira e Or\u00e7amento P\u00fablico<\/li>\n<\/ul><p><\/p>\n\n\n\n<p>Analista Processual:<\/p>\n\n\n\n<ul class=\"wp-block-list\"><li>Direito Constitucional<\/li>\n\n\n\n<li>Direito Administrativo<\/li>\n\n\n\n<li>Direito Civil<\/li>\n\n\n\n<li>Direito Processual Civil<\/li>\n\n\n\n<li>Direito Penal<\/li>\n\n\n\n<li>Direito Processual Penal<\/li>\n<\/ul><p><\/p>\n\n\n\n<p>Contador:<\/p>\n\n\n\n<ul class=\"wp-block-list\"><li>Contabilidade Geral<\/li>\n\n\n\n<li>Contabilidade Governamental<\/li>\n\n\n\n<li>Contabilidade Intermedi\u00e1ria<\/li>\n\n\n\n<li>Contabilidade Tribut\u00e1ria<\/li>\n\n\n\n<li>Matem\u00e1tica Financeira<\/li>\n<\/ul><p><\/p>\n\n\n\n<p>Agente de Prote\u00e7\u00e3o:<\/p>\n\n\n\n<ul class=\"wp-block-list\"><li>No\u00e7\u00f5es de Direito Civil<\/li>\n\n\n\n<li>No\u00e7\u00f5es de Direito Penal<\/li>\n\n\n\n<li>No\u00e7\u00f5es de Direitos Humanos<\/li>\n\n\n\n<li>No\u00e7\u00f5es de Direito da Crian\u00e7a e do Adolescente<\/li>\n<\/ul><p><\/p>\n\n\n\n<p>T\u00e9cnico Judici\u00e1rio:<\/p>\n\n\n\n<ul class=\"wp-block-list\"><li>No\u00e7\u00f5es de Direito Administrativo<\/li>\n\n\n\n<li>No\u00e7\u00f5es de Direito Constitucional<\/li>\n\n\n\n<li>No\u00e7\u00f5es de Direito Civil<\/li>\n\n\n\n<li>No\u00e7\u00f5es de Direito Penal<\/li>\n<\/ul><p><\/p>\n\n\n\n<p>Auxiliar Administrativo:<\/p>\n\n\n\n<ul class=\"wp-block-list\"><li>Matem\u00e1tica<\/li>\n\n\n\n<li>No\u00e7\u00f5es de Arquivologia<\/li>\n\n\n\n<li>No\u00e7\u00f5es de Administra\u00e7\u00e3o<\/li>\n<\/ul><p><\/p>\n\n\n\n<p>Ao final do prazo de vig\u00eancia do certame, 1.121 aprovados foram convocados. Veja!<\/p>\n\n\n\n<ul class=\"wp-block-list\"><li>Administrador: 9 convocados<\/li>\n\n\n\n<li>Analista Processual: 29 convocados<\/li>\n\n\n\n<li>Biblioteconomista: 2 convocados<\/li>\n\n\n\n<li>Contador: 3 convocados<\/li>\n\n\n\n<li>Agente de prote\u00e7\u00e3o: 11 convocados<\/li>\n\n\n\n<li>T\u00e9cnico Judici\u00e1rio: 168 convocados<\/li>\n\n\n\n<li>Auxiliar Administrativo: 899 convocados<\/li>\n<\/ul>","protected":false},"excerpt":{"rendered":"<p>O Tribunal de Justi\u00e7a do Estado de Roraima est\u00e1 com comiss\u00e3o formada para realiza\u00e7\u00e3o do novo concurso TJ RR. Confira! A equipe \u00e9 respons\u00e1vel pelos estudos para realiza\u00e7\u00e3o do certame, elabora\u00e7\u00e3o do projeto b\u00e1sico e escolha da banca organizadora. Veja os membros! Uma vez formada a comiss\u00e3o, o pr\u00f3ximo passo \u00e9 defini\u00e7\u00e3o da banca, respons\u00e1vel [&hellip;]<\/p>\n","protected":false},"author":54679,"featured_media":193388,"comment_status":"closed","ping_status":"closed","sticky":false,"template":"","format":"standard","meta":{"_acf_changed":false,"footnotes":"","_wp_rev_ctl_limit":""},"categories":[228],"tags":[],"class_list":["post-193326","post","type-post","status-publish","format-standard","has-post-thumbnail","hentry","category-noticias"],"acf":[],"_links":{"self":[{"href":"https:\/\/www.novaconcursos.com.br\/portal\/wp-json\/wp\/v2\/posts\/193326","targetHints":{"allow":["GET"]}}],"collection":[{"href":"https:\/\/www.novaconcursos.com.br\/portal\/wp-json\/wp\/v2\/posts"}],"about":[{"href":"https:\/\/www.novaconcursos.com.br\/portal\/wp-json\/wp\/v2\/types\/post"}],"author":[{"embeddable":true,"href":"https:\/\/www.novaconcursos.com.br\/portal\/wp-json\/wp\/v2\/users\/54679"}],"replies":[{"embeddable":true,"href":"https:\/\/www.novaconcursos.com.br\/portal\/wp-json\/wp\/v2\/comments?post=193326"}],"version-history":[{"count":6,"href":"https:\/\/www.novaconcursos.com.br\/portal\/wp-json\/wp\/v2\/posts\/193326\/revisions"}],"predecessor-version":[{"id":193396,"href":"https:\/\/www.novaconcursos.com.br\/portal\/wp-json\/wp\/v2\/posts\/193326\/revisions\/193396"}],"wp:featuredmedia":[{"embeddable":true,"href":"https:\/\/www.novaconcursos.com.br\/portal\/wp-json\/wp\/v2\/media\/193388"}],"wp:attachment":[{"href":"https:\/\/www.novaconcursos.com.br\/portal\/wp-json\/wp\/v2\/media?parent=193326"}],"wp:term":[{"taxonomy":"category","embeddable":true,"href":"https:\/\/www.novaconcursos.com.br\/portal\/wp-json\/wp\/v2\/categories?post=193326"},{"taxonomy":"post_tag","embeddable":true,"href":"https:\/\/www.novaconcursos.com.br\/portal\/wp-json\/wp\/v2\/tags?post=193326"}],"curies":[{"name":"wp","href":"https:\/\/api.w.org\/{rel}","templated":true}]}}