{"id":193561,"date":"2023-05-09T12:11:53","date_gmt":"2023-05-09T15:11:53","guid":{"rendered":"https:\/\/www.novaconcursos.com.br\/portal\/?p=193561"},"modified":"2023-05-09T12:11:55","modified_gmt":"2023-05-09T15:11:55","slug":"concurso-ans-pedido-encaminhado","status":"publish","type":"post","link":"https:\/\/www.novaconcursos.com.br\/portal\/noticias\/concurso-ans-pedido-encaminhado\/","title":{"rendered":"Concurso ANS: Pedido encaminhado com 103 vagas!"},"content":{"rendered":"<p>A Ag\u00eancia Nacional de Sa\u00fade Suplementar enviou um <strong>novo pedido <\/strong>de <a href=\"https:\/\/www.novaconcursos.com.br\/portal\/concursos-abertos\/nacional\">concurso <\/a>ANS para este ano, visando ao preenchimento de <strong>103 vagas<\/strong>. Veja detalhes!<\/p>\n\n\n\n<ul class=\"wp-block-list\"><li><strong>Confira: <\/strong><a href=\"https:\/\/www.novaconcursos.com.br\/apostila\/basico-concursos\">Apostila B\u00e1sico para Concursos<\/a><\/li>\n\n\n\n<li><strong>Confira: <\/strong><a href=\"https:\/\/www.novaconcursos.com.br\/mapa-mental\/sus-sistema-unico-de-saude-pdf\">Mapas Mentais SUS \u2013 Sistema \u00danico de Sa\u00fade (Lei 8.142\/1990 e Lei 8.080\/1990) (PDF)<\/a><\/li>\n<\/ul><p><\/p>\n\n\n\n<p>Estude para o concurso dos seus sonhos com o\u00a0<strong>M\u00e9todo<\/strong>\u00a0que j\u00e1 ajudou na\u00a0<strong>aprova\u00e7\u00e3o de mais de 70 mil alunos<\/strong>.\u00a0<a href=\"https:\/\/www.novaconcursos.com.br\/eventos\/assinatura\" target=\"_blank\" rel=\"noreferrer noopener\">Clique aqui<\/a>\u00a0e saiba mais!<\/p>\n\n\n\n<h2 class=\"wp-block-heading\" id=\"concurso-ans-quando-sai-o-edital\">Concurso ANS: quando sai o edital?<\/h2>\n\n\n\n<p>Ainda n\u00e3o h\u00e1 nenhuma data concreta e nenhuma afirma\u00e7\u00e3o de que um novo <a href=\"https:\/\/www.novaconcursos.com.br\/portal\/concursos-previstos\/nacional\">concurso <\/a>ser\u00e1 publicado para a Ag\u00eancia Nacional de Sa\u00fade Suplementar.<\/p>\n\n\n\n<p>Entretanto, \u00e9 poss\u00edvel que o edital possa sair em 2023! Isso porque um <strong>novo pedido foi encaminhado, <\/strong>aumentando a oferta solicitada no ano passado.<\/p>\n\n\n\n<p>Sendo assim, foram solicitadas <strong>90 vagas em 2022<\/strong>, entretanto, desta vez, o pedido \u00e9 para <strong>103 oportunidades.<\/strong> Portanto, confira:<\/p>\n\n\n\n<ul class=\"wp-block-list\"><li><strong>n\u00edvel m\u00e9dio<\/strong>:\u00a0t\u00e9cnico administrativo (38 vagas solicitadas) \u2013\u00a0R$7.016,67*;<\/li>\n\n\n\n<li><strong>n\u00edvel m\u00e9dio t\u00e9cnico<\/strong>:\u00a0t\u00e9cnico em regula\u00e7\u00e3o de sa\u00fade suplementar (19) \u2013\u00a0R$7.388,37*;<\/li>\n\n\n\n<li><strong>n\u00edvel superior<\/strong>: especialista em regula\u00e7\u00e3o de sa\u00fade suplementar (38) \u2013\u00a0R$15.058,12, e\u00a0analista administrativo (oito) \u2013\u00a0R$13.807,57*.<\/li>\n<\/ul><p><\/p>\n\n\n\n<p>Vale destacar que os sal\u00e1rios mencionados acima j\u00e1 incluem o\u00a0aux\u00edlio-alimenta\u00e7\u00e3o, no valor de de R$458. Entretanto, n\u00e3o contam ainda com o <strong>reajuste realizado pelo governo<\/strong>.<\/p>\n\n\n\n<p>Al\u00e9m disso, os servidores da ANS ainda podem contar com\u00a0assist\u00eancia pr\u00e9-escolar (R$321) e assist\u00eancia \u00e0 sa\u00fade suplementar.<\/p>\n\n\n\n<p>Agora, ap\u00f3s mandar o pedido, a ag\u00eancia aguarda pelo <strong>aval <\/strong>do\u00a0Minist\u00e9rio da Gest\u00e3o e da Inova\u00e7\u00e3o em Servi\u00e7os P\u00fablicos (MGISP), respons\u00e1vel por essa quest\u00e3o.<\/p>\n\n\n\n<p><em>\u201cAchamos que algumas carreiras precisam ser de n\u00edvel m\u00e9dio, como \u00e9 o caso da Funai, mas temos uma tend\u00eancia a priorizar mais as demandas por n\u00edvel superior. A nossa l\u00f3gica \u00e9 que precisamos ter gente mais perene, que vai ficar, exceto em casos onde tem especificidades que demandem mais o n\u00edvel m\u00e9dio\u201d<\/em>, explicou a\u00a0ministra da Gest\u00e3o e Inova\u00e7\u00e3o em Servi\u00e7os P\u00fablicos, Esther Dweck, recentemente.<\/p>\n\n\n\n<h2 class=\"wp-block-heading\" id=\"ltimo-concurso-ans-foi-realizado-h-8-anos\">\u00daltimo concurso ANS\u00a0foi realizado h\u00e1 8 anos<\/h2>\n\n\n\n<p>Vale destacar que um novo\u00a0concurso ANS \u00e9 urgente, uma vez que a validade do \u00faltimo concurso,<strong> realizado em 2015,<\/strong>\u00a0j\u00e1 expirou.<\/p>\n\n\n\n<p>Assim, s\u00e3o\u00a0<strong>8 anos sem sele\u00e7\u00f5es no \u00f3rg\u00e3o<\/strong>. Na \u00e9poca, foram ofertadas 102 vagas para T\u00e9cnico Administrativo (66) e T\u00e9cnico em Regula\u00e7\u00e3o de Sa\u00fade Suplementar (36).<\/p>\n\n\n\n<p>Al\u00e9m disso, a\u00a0<strong>banca\u00a0<\/strong>organizadora foi a\u00a0Funda\u00e7\u00e3o Professor Carlos Augusto Bittencourt (<strong>Funcab<\/strong>).<\/p>\n\n\n\n<p>Ademais, os concurseiros passaram por uma avalia\u00e7\u00e3o, por meio de\u00a0<strong>provas objetivas e discursivas.<\/strong><\/p>\n\n\n\n<p>Sendo assim, a prova objetiva, aplicada com<strong>\u00a060 quest\u00f5es<\/strong>\u00a0de Conhecimentos B\u00e1sicos e Espec\u00edficos, teve as disciplinas:<\/p>\n\n\n\n<ul class=\"wp-block-list\"><li><strong>T\u00e9cnico Administrativo<\/strong>\n<ul class=\"wp-block-list\"><li><strong>Conhecimentos B\u00e1sicos<\/strong>\n<ul class=\"wp-block-list\"><li>L\u00edngua Portuguesa (15 quest\u00f5es),<\/li>\n\n\n\n<li>Racioc\u00ednio L\u00f3gico (cinco),<\/li>\n\n\n\n<li>\u00c9tica e Conduta no Servi\u00e7o P\u00fablico (cinco),<\/li>\n\n\n\n<li>No\u00e7\u00f5es de Direito Constitucional (cinco) e<\/li>\n\n\n\n<li>Ag\u00eancias Reguladoras e Legisla\u00e7\u00e3o B\u00e1sica (sete).<\/li>\n<\/ul><\/li>\n\n\n\n<li><strong>Conhecimentos Espec\u00edficos<\/strong>\n<ul class=\"wp-block-list\"><li>No\u00e7\u00f5es de\n<ul class=\"wp-block-list\"><li>Direito Administrativo (sete),<\/li>\n\n\n\n<li>Administra\u00e7\u00e3o (sete),<\/li>\n\n\n\n<li>Arquivologia (sete)e<\/li>\n\n\n\n<li>Or\u00e7amento P\u00fablico\u00a0(sete).<\/li>\n<\/ul><\/li>\n<\/ul><\/li>\n<\/ul><\/li>\n\n\n\n<li><strong>T\u00e9cnico em regula\u00e7\u00e3o<\/strong>\n<ul class=\"wp-block-list\"><li><strong>Conhecimentos B\u00e1sicos<\/strong>\n<ul class=\"wp-block-list\"><li>L\u00edngua Portuguesa (dez),<\/li>\n\n\n\n<li>Racioc\u00ednio L\u00f3gico (cinco),<\/li>\n\n\n\n<li>\u00c9tica e Conduta no Servi\u00e7o P\u00fablico (cinco),<\/li>\n\n\n\n<li>No\u00e7\u00f5es de Direito Constitucional (cinco) e<\/li>\n\n\n\n<li>No\u00e7\u00f5es de Arquivologia (cinco).<\/li>\n<\/ul><\/li>\n\n\n\n<li><strong>Conhecimentos Espec\u00edficos<\/strong>\n<ul class=\"wp-block-list\"><li>No\u00e7\u00f5es de Direito Administrativo (cinco),<\/li>\n\n\n\n<li>No\u00e7\u00f5es de Administra\u00e7\u00e3o (cinco),<\/li>\n\n\n\n<li>Ag\u00eancias Reguladoras (dez) e<\/li>\n\n\n\n<li>Legisla\u00e7\u00e3o Relativa \u00e0 ANS (dez).<\/li>\n<\/ul><\/li>\n<\/ul><\/li>\n<\/ul>","protected":false},"excerpt":{"rendered":"<p>A Ag\u00eancia Nacional de Sa\u00fade Suplementar enviou um novo pedido de concurso ANS para este ano, visando ao preenchimento de 103 vagas. Veja detalhes! Estude para o concurso dos seus sonhos com o\u00a0M\u00e9todo\u00a0que j\u00e1 ajudou na\u00a0aprova\u00e7\u00e3o de mais de 70 mil alunos.\u00a0Clique aqui\u00a0e saiba mais! Concurso ANS: quando sai o edital? Ainda n\u00e3o h\u00e1 nenhuma [&hellip;]<\/p>\n","protected":false},"author":54671,"featured_media":160310,"comment_status":"closed","ping_status":"closed","sticky":false,"template":"","format":"standard","meta":{"_acf_changed":false,"footnotes":"","_wp_rev_ctl_limit":""},"categories":[228],"tags":[],"class_list":["post-193561","post","type-post","status-publish","format-standard","has-post-thumbnail","hentry","category-noticias"],"acf":[],"_links":{"self":[{"href":"https:\/\/www.novaconcursos.com.br\/portal\/wp-json\/wp\/v2\/posts\/193561","targetHints":{"allow":["GET"]}}],"collection":[{"href":"https:\/\/www.novaconcursos.com.br\/portal\/wp-json\/wp\/v2\/posts"}],"about":[{"href":"https:\/\/www.novaconcursos.com.br\/portal\/wp-json\/wp\/v2\/types\/post"}],"author":[{"embeddable":true,"href":"https:\/\/www.novaconcursos.com.br\/portal\/wp-json\/wp\/v2\/users\/54671"}],"replies":[{"embeddable":true,"href":"https:\/\/www.novaconcursos.com.br\/portal\/wp-json\/wp\/v2\/comments?post=193561"}],"version-history":[{"count":4,"href":"https:\/\/www.novaconcursos.com.br\/portal\/wp-json\/wp\/v2\/posts\/193561\/revisions"}],"predecessor-version":[{"id":193567,"href":"https:\/\/www.novaconcursos.com.br\/portal\/wp-json\/wp\/v2\/posts\/193561\/revisions\/193567"}],"wp:featuredmedia":[{"embeddable":true,"href":"https:\/\/www.novaconcursos.com.br\/portal\/wp-json\/wp\/v2\/media\/160310"}],"wp:attachment":[{"href":"https:\/\/www.novaconcursos.com.br\/portal\/wp-json\/wp\/v2\/media?parent=193561"}],"wp:term":[{"taxonomy":"category","embeddable":true,"href":"https:\/\/www.novaconcursos.com.br\/portal\/wp-json\/wp\/v2\/categories?post=193561"},{"taxonomy":"post_tag","embeddable":true,"href":"https:\/\/www.novaconcursos.com.br\/portal\/wp-json\/wp\/v2\/tags?post=193561"}],"curies":[{"name":"wp","href":"https:\/\/api.w.org\/{rel}","templated":true}]}}