{"id":193718,"date":"2024-05-16T17:19:00","date_gmt":"2024-05-16T20:19:00","guid":{"rendered":"https:\/\/www.novaconcursos.com.br\/portal\/?p=193718"},"modified":"2025-05-06T14:47:37","modified_gmt":"2025-05-06T17:47:37","slug":"processo-seletivo-efomm-2025-marinha-saiu-o-edital-293-vagas","status":"publish","type":"post","link":"https:\/\/www.novaconcursos.com.br\/portal\/noticias\/processo-seletivo-efomm-2025-marinha-saiu-o-edital-293-vagas\/","title":{"rendered":"Processo Seletivo EFOMM 2025 (Marinha): Saiu o edital. 293 vagas!"},"content":{"rendered":"<p>Foi publicado o\u00a0<strong>edital simplificado<\/strong>\u00a0do <a href=\"https:\/\/www.novaconcursos.com.br\/portal\/concursos\/concurso-marinha-efomm\/\">processo seletivo EFOMM<strong> <\/strong>2025<\/a>. A sele\u00e7\u00e3o oferta\u00a0<strong>293 <\/strong>vagas para quem tem n\u00edvel m\u00e9dio, distribu\u00edda entre ambos os sexos.<\/p>\n\n\n\n<p>Ficou interessado e quer fazer parte da Escola de Forma\u00e7\u00e3o de Oficiais da Marinha Mercante? Venha comigo nesta mat\u00e9ria e n\u00e3o perca nenhum <strong>detalhe importante<\/strong>!<\/p>\n\n\n\n<h2 class=\"wp-block-heading\" id=\"resumo-do-edital\">Resumo do Edital<\/h2>\n\n\n\n<ul class=\"wp-block-list\"><li>Vagas: 293<\/li>\n\n\n\n<li>Cargos: Oficial<\/li>\n\n\n\n<li>Escolaridade: Ensino M\u00e9dio<\/li>\n\n\n\n<li>Sal\u00e1rio: R$1.574,12<\/li>\n\n\n\n<li>Per\u00edodo de inscri\u00e7\u00e3o: 10\/05\/2024 at\u00e9 23\/05\/2024<\/li>\n\n\n\n<li>Taxa de inscri\u00e7\u00e3o: R$ 65<\/li>\n\n\n\n<li>Prova: 3 e 4\/08\/2024<\/li>\n<\/ul><h2 class=\"wp-block-heading\" id=\"processo-seletivo-efomm-como-realizar-inscrio\">Processo Seletivo EFOMM: como realizar inscri\u00e7\u00e3o?<\/h2>\n\n\n\n<p>Portanto, quem se interessar pelo processo seletivo da Escola de Forma\u00e7\u00e3o de Oficiais da Marinha Mercante deve se <strong>atentar aos prazos.<\/strong><\/p>\n\n\n\n<p>Isso porque as inscri\u00e7\u00f5es j\u00e1 tiveram in\u00edcio, no \u00faltimo dia<strong> 10 de maio<\/strong> e v\u00e3o se encerrar no <strong>dia 23<\/strong>, tamb\u00e9m de maio, por meio do site da pr\u00f3pria Marinha.<\/p>\n\n\n\n<p>Al\u00e9m disso, ser\u00e1 preciso pagar, at\u00e9 o dia 24 de maio, o boleto banc\u00e1rio com a taxa de inscri\u00e7\u00e3o, que ter\u00e1 valor de <strong>R$ 65.<\/strong><\/p>\n\n\n\n<h2 class=\"wp-block-heading\" id=\"quais-as-vagas-cargos-e-salrios-do-concurso-efomm\">Quais as vagas, cargos e sal\u00e1rios do concurso EFOMM?<\/h2>\n\n\n\n<p>Ent\u00e3o, o edital do processo seletivo para a Escola de Forma\u00e7\u00e3o de Oficiais da Marinha Mercante foi publicado com a oferta de <strong>293 vagas<\/strong> para ingresso em 2025.<\/p>\n\n\n\n<p>Assim, s\u00e3o oportunidades para admiss\u00e3o \u00e0s Escolas de Forma\u00e7\u00e3o de Oficiais (Efomm) e que exigem o <strong>n\u00edvel m\u00e9dio<\/strong> de escolaridade.<\/p>\n\n\n\n<p>Al\u00e9m disso, ainda \u00e9 exigido ter entre <strong>17 e 23 anos<\/strong> (em 1\u00ba de janeiro de 2025), ser solteiro e n\u00e3o possuir filhos ou dependentes. As vagas s\u00e3o para <strong>ambos os sexos<\/strong>!<\/p>\n\n\n\n<p>Est\u00e3o em disputa 174 postos para estudar no Centro de Instru\u00e7\u00e3o Almirante Gra\u00e7a Aranha (Ciaga), no Rio de Janeiro (RJ), e 119 no Centro de Instru\u00e7\u00e3o Almirante Braz de Aguiar (Ciaba), em Bel\u00e9m (PA).<\/p>\n\n\n\n<p>Por acordos internacionais, h\u00e1 6 outras vagas previstas em cada Centro de Instru\u00e7\u00e3o reservadas para <strong>alunos estrangeiros<\/strong>. Se elas n\u00e3o forem ocupadas, poder\u00e3o ser preenchidas por brasileiros.<\/p>\n\n\n\n<h3 class=\"wp-block-heading\">Demais requisitos<\/h3>\n\n\n\n<ul class=\"wp-block-list\"><li>altura m\u00ednima de 1,54m e m\u00e1xima de 2m;<\/li>\n\n\n\n<li>n\u00e3o ter sido condenado por senten\u00e7a penal transitada em julgado;<\/li>\n\n\n\n<li>estar em dia com as obriga\u00e7\u00f5es civis e militares (Art. 14, par\u00e1grafo 1\u00ba, inciso I da Constitui\u00e7\u00e3o Federal e Art. 2\u00ba da Lei 4.375\/64 \u2013 Lei do Servi\u00e7o Militar), as \u00faltimas para candidatos do sexo masculino;<\/li>\n\n\n\n<li>n\u00e3o ter sido julgado \u201cincapaz definitivamente\u201d para o Servi\u00e7o Ativo das For\u00e7as Armadas ou das For\u00e7as Auxiliares ou para o Servi\u00e7o Militar Inicial;<\/li>\n\n\n\n<li>n\u00e3o ser ex-aluno de EFOMM, n\u00e3o ter sido exclu\u00eddo a bem da disciplina ou por inaptid\u00e3o ao oficialato de qualquer escola preparat\u00f3ria ou de forma\u00e7\u00e3o das For\u00e7as Armadas ou Auxiliares, nem ter sido exclu\u00eddo, a bem da disciplina, do Servi\u00e7o Ativo ou do Servi\u00e7o Militar Inicial (SMI) de qualquer organiza\u00e7\u00e3o militar;<\/li>\n\n\n\n<li>possuir registro no Cadastro de Pessoas F\u00edsicas (CPF);<\/li>\n\n\n\n<li>possuir documento oficial de identifica\u00e7\u00e3o v\u00e1lido e com fotografia.<\/li>\n<\/ul><h2 class=\"wp-block-heading\" id=\"onde-acontecem-as-provas-do-concurso-efomm\">Onde acontecem as provas do concurso EFOMM?<\/h2>\n\n\n\n<p>Posteriormente, os candidatos inscritos no concurso passar\u00e3o por provas escritas, que ser\u00e3o aplicadas dias <strong>3 e 4 de agosto. <\/strong>Portanto, confira: <\/p>\n\n\n\n<ul class=\"wp-block-list\"><li><strong>3 de agosto<\/strong> \u2013 provas de Portugu\u00eas, Reda\u00e7\u00e3o e Ingl\u00eas.\n<ul class=\"wp-block-list\"><li><strong>8h:\u00a0<\/strong>abertura dos port\u00f5es<\/li>\n\n\n\n<li><strong>9h:\u00a0<\/strong>fechamento dos port\u00f5es\u00a0<\/li>\n\n\n\n<li><strong>10h15 \u00e0s 14h15:<\/strong>\u00a0realiza\u00e7\u00e3o da prova<\/li>\n<\/ul><\/li>\n\n\n\n<li><strong>4 de agosto<\/strong> \u2013 provas de Matem\u00e1tica e F\u00edsica\n<ul class=\"wp-block-list\"><li><strong>8h:<\/strong>\u00a0abertura dos port\u00f5es<\/li>\n\n\n\n<li><strong>9h:\u00a0<\/strong>fechamento dos port\u00f5es\u00a0<\/li>\n\n\n\n<li><strong>10h15 \u00e0s 14h15:\u00a0<\/strong>realiza\u00e7\u00e3o da prova<\/li>\n<\/ul><\/li>\n<\/ul><p>Ademais, a lista de inscritos e os locais de aplica\u00e7\u00e3o das provas dever\u00e3o estar disponibilizados pela organiza\u00e7\u00e3o a partir do dia <strong>26 de julho.<\/strong><\/p>\n\n\n\n<p>Assim, os candidatos que optarem por realizar as provas nas cidades localizadas nas regi\u00f5es Sul, Sudeste e Centro-Oeste concorrer\u00e3o, exclusivamente, para o Ciaga (Rio de Janeiro).<\/p>\n\n\n\n<p>Por outro lado, os que desejarem concorrer em cidades localizadas nas regi\u00f5es Norte e Nordeste disputar\u00e3o, exclusivamente, as vagas do Ciaba (Bel\u00e9m).<\/p>\n\n\n\n<h3 class=\"wp-block-heading\">O que estudar?<\/h3>\n\n\n\n<p>S\u00e3o um total de <strong>80 quest\u00f5es<\/strong>, sobre disciplinas de portugu\u00eas, ingl\u00eas, matem\u00e1tica e f\u00edsica, al\u00e9m de uma reda\u00e7\u00e3o. Ent\u00e3o, confira onde haver\u00e1 aplica\u00e7\u00e3o:<\/p>\n\n\n\n<ul class=\"wp-block-list\"><li>Amap\u00e1 (AP);<\/li>\n\n\n\n<li>Bel\u00e9m (PA);<\/li>\n\n\n\n<li>Belo Horizonte (MG);<\/li>\n\n\n\n<li>Bras\u00edlia (DF);<\/li>\n\n\n\n<li>Corumb\u00e1 (MS);<\/li>\n\n\n\n<li>Cuiab\u00e1 (MT);<\/li>\n\n\n\n<li>Florian\u00f3polis (SC);<\/li>\n\n\n\n<li>Fortaleza (CE);<\/li>\n\n\n\n<li>Manaus (AM);<\/li>\n\n\n\n<li>Natal (RN);<\/li>\n\n\n\n<li>Parna\u00edba (PI);<\/li>\n\n\n\n<li>Recife (PE);<\/li>\n\n\n\n<li>Rio de Janeiro (RJ);<\/li>\n\n\n\n<li>Paranagu\u00e1 (PR);<\/li>\n\n\n\n<li>Porto Alegre (RS);<\/li>\n\n\n\n<li>Salvador (BA);<\/li>\n\n\n\n<li>Santar\u00e9m (PA);<\/li>\n\n\n\n<li>S\u00e3o Paulo (SP);<\/li>\n\n\n\n<li>S\u00e3o Lu\u00eds (MA);<\/li>\n\n\n\n<li>Vit\u00f3ria (ES).<\/li>\n<\/ul><h2 class=\"wp-block-heading\" id=\"h-salrio-durante-o-curso-do-efomm\">H\u00e1 sal\u00e1rio durante o curso do EFOMM?<\/h2>\n\n\n\n<p>Sim! O aluno, durante o curso, receber\u00e1 remunera\u00e7\u00e3o mensal de <strong>R$1.574,12<\/strong>. Al\u00e9m disso, os cursos ser\u00e3o ministrados em regime de internato.<\/p>\n\n\n\n<p>Assim, eles se iniciam no dia <strong>3 de fevereiro de 2025,<\/strong> sendo Forma\u00e7\u00e3o de Oficial de M\u00e1quinas da Marinha Mercante (FOMQ); e Forma\u00e7\u00e3o de Oficial de N\u00e1utica da Marinha Mercante (FONT). H\u00e1 op\u00e7\u00f5es para forma\u00e7\u00e3o em duas \u00e1reas:<\/p>\n\n\n\n<ul class=\"wp-block-list\"><li>n\u00e1utica (focada em manuseio dos equipamentos de conv\u00e9s, de navega\u00e7\u00e3o e de comunica\u00e7\u00f5es);<\/li>\n\n\n\n<li>m\u00e1quinas (focada na opera\u00e7\u00e3o, manuten\u00e7\u00e3o e gerenciamento das m\u00e1quinas, motores e equipamentos que comp\u00f5em os diversos sistemas de um navio).<\/li>\n<\/ul><p>Ainda, os alunos ter\u00e3o direito a uniforme, alojamento, alimenta\u00e7\u00e3o e assist\u00eancias m\u00e9dica-odontol\u00f3gica, psicol\u00f3gica, social e religiosa.<\/p>\n\n\n\n<p>Assim, a <strong>forma\u00e7\u00e3o acad\u00eamica<\/strong> (6 semestres letivos, em regime de internato) est\u00e1 seguida por um per\u00edodo de est\u00e1gio realizado a bordo de embarca\u00e7\u00f5es mercantes, com dura\u00e7\u00e3o de 12 meses.<\/p>\n\n\n\n<p>Ap\u00f3s a formatura, os estudantes recebem <strong>diploma de bacharelado <\/strong>em ci\u00eancias n\u00e1uticas e passam a integrar o Quadro de Oficiais da Reserva n\u00e3o remunerada da Marinha do Brasil, no posto de segundo-tenente.<\/p>\n\n\n\n<h3 class=\"wp-block-heading\">Remunera\u00e7\u00e3o<\/h3>\n\n\n\n<p>Ao t\u00e9rmino do curso, entretanto, o que ocorrer\u00e1 ap\u00f3s a aprova\u00e7\u00e3o no est\u00e1gio embarcado, o praticante de <strong>Oficial <\/strong>ser\u00e1:<\/p>\n\n\n\n<ul class=\"wp-block-list\"><li>declarado 2\u00ba Oficial de M\u00e1quinas ou de N\u00e1utica de Marinha Mercante e receber\u00e1 seu respectivo Certificado de Compet\u00eancia, com validade internacional, de acordo com a legisla\u00e7\u00e3o em vigor;<\/li>\n\n\n\n<li>diplomado como Bacharel em Ci\u00eancias N\u00e1uticas, tendo em vista que os cursos n\u00e3o est\u00e3o reconhecidos como de gradua\u00e7\u00e3o (n\u00edvel superior);<\/li>\n\n\n\n<li>nomeado Segundo-Tenente da Reserva de 2\u00aa Classe da Marinha (2\u00baTen-RM2); e\u00a0<\/li>\n\n\n\n<li>desligado do CIAGA ou do CIABA, por t\u00e9rmino do FOMQ ou FONT.<\/li>\n<\/ul><p><\/p>","protected":false},"excerpt":{"rendered":"<p>Foi publicado o\u00a0edital simplificado\u00a0do processo seletivo EFOMM 2025. A sele\u00e7\u00e3o oferta\u00a0293 vagas para quem tem n\u00edvel m\u00e9dio, distribu\u00edda entre ambos os sexos. Ficou interessado e quer fazer parte da Escola de Forma\u00e7\u00e3o de Oficiais da Marinha Mercante? Venha comigo nesta mat\u00e9ria e n\u00e3o perca nenhum detalhe importante! Resumo do Edital Processo Seletivo EFOMM: como realizar [&hellip;]<\/p>\n","protected":false},"author":54671,"featured_media":233442,"comment_status":"closed","ping_status":"closed","sticky":false,"template":"","format":"standard","meta":{"_acf_changed":false,"footnotes":"","_wp_rev_ctl_limit":""},"categories":[228],"tags":[],"class_list":["post-193718","post","type-post","status-publish","format-standard","has-post-thumbnail","hentry","category-noticias"],"acf":[],"_links":{"self":[{"href":"https:\/\/www.novaconcursos.com.br\/portal\/wp-json\/wp\/v2\/posts\/193718","targetHints":{"allow":["GET"]}}],"collection":[{"href":"https:\/\/www.novaconcursos.com.br\/portal\/wp-json\/wp\/v2\/posts"}],"about":[{"href":"https:\/\/www.novaconcursos.com.br\/portal\/wp-json\/wp\/v2\/types\/post"}],"author":[{"embeddable":true,"href":"https:\/\/www.novaconcursos.com.br\/portal\/wp-json\/wp\/v2\/users\/54671"}],"replies":[{"embeddable":true,"href":"https:\/\/www.novaconcursos.com.br\/portal\/wp-json\/wp\/v2\/comments?post=193718"}],"version-history":[{"count":11,"href":"https:\/\/www.novaconcursos.com.br\/portal\/wp-json\/wp\/v2\/posts\/193718\/revisions"}],"predecessor-version":[{"id":281662,"href":"https:\/\/www.novaconcursos.com.br\/portal\/wp-json\/wp\/v2\/posts\/193718\/revisions\/281662"}],"wp:featuredmedia":[{"embeddable":true,"href":"https:\/\/www.novaconcursos.com.br\/portal\/wp-json\/wp\/v2\/media\/233442"}],"wp:attachment":[{"href":"https:\/\/www.novaconcursos.com.br\/portal\/wp-json\/wp\/v2\/media?parent=193718"}],"wp:term":[{"taxonomy":"category","embeddable":true,"href":"https:\/\/www.novaconcursos.com.br\/portal\/wp-json\/wp\/v2\/categories?post=193718"},{"taxonomy":"post_tag","embeddable":true,"href":"https:\/\/www.novaconcursos.com.br\/portal\/wp-json\/wp\/v2\/tags?post=193718"}],"curies":[{"name":"wp","href":"https:\/\/api.w.org\/{rel}","templated":true}]}}