{"id":193844,"date":"2023-05-12T08:33:53","date_gmt":"2023-05-12T11:33:53","guid":{"rendered":"https:\/\/www.novaconcursos.com.br\/portal\/?p=193844"},"modified":"2025-12-15T12:40:11","modified_gmt":"2025-12-15T15:40:11","slug":"concurso-ses-sp-com-1070-vagas-entenda","status":"publish","type":"post","link":"https:\/\/www.novaconcursos.com.br\/portal\/noticias\/concurso-ses-sp-com-1070-vagas-entenda\/","title":{"rendered":"Concurso SES SP: Novo edital em breve com 1.070 vagas? Entenda!"},"content":{"rendered":"<p>Nesta quinta-feira, 11 de maio, o governador Tarc\u00edsio de Freitas encaminhou um Projeto de Lei Complementar (PLC 81\/2023) para Assembleia Legislativa do Estado de S\u00e3o Paulo (Alesp) que visa prorrogar a contrata\u00e7\u00e3o de pessoal tempor\u00e1rio selecionado em <a href=\"https:\/\/www.novaconcursos.com.br\/portal\/concursos\/ses-sp\/\">concurso SES SP<\/a> 2021.<\/p>\n\n\n\n<p>A proposta foi encaminhada em regime de urg\u00eancia e deve tramitar rapidamente pelas diversas comiss\u00f5es para ser votada em definitivo no plen\u00e1rio da casa.<\/p>\n\n\n\n<p>Essas contrata\u00e7\u00f5es s\u00e3o referentes a autoriza\u00e7\u00e3o publicada em 2021, pelo ex governador Jo\u00e3o Doria, para o preenchimento de<strong> 1.070 vagas tempor\u00e1rias<\/strong>, sendo 450 vagas destinadas a cargos de n\u00edvel m\u00e9dio e 620 vagas destinadas a cargos de n\u00edvel superior. Veja a distribui\u00e7\u00e3o!<\/p>\n\n\n\n<p><strong>N\u00edvel M\u00e9dio<\/strong><\/p>\n\n\n\n<ul class=\"wp-block-list\"><li>Oficial de Sa\u00fade: 200 vagas<\/li>\n\n\n\n<li>T\u00e9cnico de Enfermagem: 250 vagas<\/li>\n<\/ul><p><\/p>\n\n\n\n<p><strong>N\u00edvel Superior<\/strong><\/p>\n\n\n\n<ul class=\"wp-block-list\"><li>Agente T\u00e9cnico de Assist\u00eancia a Sa\u00fade: 220 vagas<\/li>\n\n\n\n<li>Enfermeiro: 250 vagas<\/li>\n\n\n\n<li>M\u00e9dico (24h): 150 vagas<\/li>\n<\/ul><p><\/p>\n\n\n\n<p><strong>Confira: <\/strong><a href=\"https:\/\/www.novaconcursos.com.br\/mapa-mental\/sus-sistema-unico-de-saude-pdf?q=LEI%208080\">Mapas Mentais SUS \u2013 Sistema \u00danico de Sa\u00fade (PDF)<\/a><\/p>\n\n\n\n<p><\/p>\n\n\n\n<p>Estude para o concurso dos seus sonhos com o\u00a0<strong>M\u00e9todo<\/strong>\u00a0que j\u00e1 ajudou na\u00a0<strong>aprova\u00e7\u00e3o de mais de 70 mil alunos!<\/strong>\u00a0<a href=\"https:\/\/aprovacao.novaconcursos.com.br\/assinatura?promo_creative=Clique+aqui&amp;promo_name=noticia&amp;promo_id=%2Fportal%2Fnoticias%2Fconcurso-emilio-ribas-edital-publicado&amp;promo_position=corpo-texto\" target=\"_blank\" rel=\"noreferrer noopener\">Clique aqui<\/a>\u00a0e saiba mais!<\/p>\n\n\n\n<h2 class=\"wp-block-heading\" id=\"sem-concurso-dficit-deve-aumentar\">Sem concurso, d\u00e9ficit deve aumentar!<\/h2>\n\n\n\n<p>De acordo com o levantamento divulgado no \u00faltimo dia 29 de abril, o \u00f3rg\u00e3o contou uma <strong>car\u00eancia de 62.500 servidores. <\/strong>Isso porque de um quadro de 99.328 vagas, apenas 36.828 est\u00e3o preenchidas. Veja a necessidade por cargo!<\/p>\n\n\n\n<ul class=\"wp-block-list\"><li>Oficial de Sa\u00fade: 4.346 vac\u00e2ncias<\/li>\n\n\n\n<li>T\u00e9cnico de Enfermagem: 19.974 vac\u00e2ncias<\/li>\n\n\n\n<li>Agente T\u00e9cnico de Assist\u00eancia a Sa\u00fade: 3.409 vac\u00e2ncias<\/li>\n\n\n\n<li>Enfermeiro: 2.631 vac\u00e2ncias<\/li>\n\n\n\n<li>M\u00e9dico (24h): 10.634 vac\u00e2ncias<\/li>\n<\/ul><p><\/p>\n\n\n\n<p>Lembrando que o levantamento \u00e9 com base nos dados de at\u00e9 dezembro de 2022, ou seja, \u00e9 poss\u00edvel que atualmente a vac\u00e2ncia seja ainda maior!<\/p>\n\n\n\n<h2 class=\"wp-block-heading\" id=\"concurso-ses-sp-autorizado-com-229-vagas\">Concurso SES SP autorizado com 229 vagas!<\/h2>\n\n\n\n<p>Al\u00e9m desse, um outro concurso est\u00e1 em pauta para o preenchimento de <strong>229 vagas no CVS (Centro de Vigil\u00e2ncia Sanit\u00e1ria),<\/strong> s\u00e3o elas:<\/p>\n\n\n\n<ul class=\"wp-block-list\"><li>Agente T\u00e9cnico de Assist\u00eancia \u00e0 Sa\u00fade: 109 vagas<\/li>\n\n\n\n<li>Enfermeiro: 83 vagas<\/li>\n\n\n\n<li>M\u00e9dico: 35 vagas<\/li>\n\n\n\n<li>Cirurgi\u00e3o Dentista: 2 vagas<\/li>\n<\/ul><p><\/p>\n\n\n\n<p>A sele\u00e7\u00e3o j\u00e1 conta com comiss\u00e3o formada para escolha da banca organizadora respons\u00e1vel pela publica\u00e7\u00e3o do edital e viabiliza\u00e7\u00e3o das etapas do concurso.<\/p>\n\n\n\n<h2 class=\"wp-block-heading\" id=\"como-foi-o-ltimo-concurso-ses-sp\">Como foi o \u00faltimo concurso SES SP?<\/h2>\n\n\n\n<p>O \u00faltimo concurso foi realizado em 2022 para o Instituto Em\u00edlio Ribas. Foram ofertadas<strong> 98 vagas <\/strong>distribu\u00eddas entre as carreiras de Agente T\u00e9cnico de Assist\u00eancia a Sa\u00fade, Enfermeiro e T\u00e9cnico de Enfermagem.<\/p>\n\n\n\n<p>Os aprovados ingressaram com <strong>sal\u00e1rios iniciais <\/strong>que variavam entre R$ 1.943,00 e R$ 3.478,17.<\/p>\n\n\n\n<p>Na ocasi\u00e3o, a banca organizadora foi o <a href=\"https:\/\/www.quadrix.org.br\/\" target=\"_blank\" rel=\"noreferrer noopener\">Instituto Quadrix<\/a> e avaliou os candidatos por meio de provas objetivas e de t\u00edtulos.<\/p>\n\n\n\n<p>A prova objetiva consistiu em <strong>50 quest\u00f5es<\/strong>\u00a0de m\u00faltipla escolha, compostas de cinco alternativas cada, acerca das seguintes disciplinas:<\/p>\n\n\n\n<ul class=\"wp-block-list\"><li><strong>Conhecimentos Gerais<\/strong>\n<ul class=\"wp-block-list\"><li>L\u00edngua Portuguesa<\/li>\n\n\n\n<li>No\u00e7\u00f5es de\n<ul class=\"wp-block-list\"><li>Inform\u00e1tica<\/li>\n\n\n\n<li>Administra\u00e7\u00e3o P\u00fablica<\/li>\n\n\n\n<li>Sa\u00fade P\u00fablica<\/li>\n<\/ul><\/li>\n<\/ul><\/li>\n<\/ul><p><\/p>\n\n\n\n<ul class=\"wp-block-list\"><li><strong>Conhecimentos Espec\u00edficos<\/strong>\n<ul class=\"wp-block-list\"><li>varia de acordo com o cargo pretendido<\/li>\n<\/ul><\/li>\n<\/ul><p><\/p>\n\n\n\n<p>Confira todos os detalhes do edital,\u00a0<a href=\"https:\/\/www.novaconcursos.com.br\/portal\/wp-content\/uploads\/2022\/10\/Edital_concurso-Emilio-Ribas.pdf\" target=\"_blank\" rel=\"noreferrer noopener\">clicando aqui!<\/a><\/p>","protected":false},"excerpt":{"rendered":"<p>Nesta quinta-feira, 11 de maio, o governador Tarc\u00edsio de Freitas encaminhou um Projeto de Lei Complementar (PLC 81\/2023) para Assembleia Legislativa do Estado de S\u00e3o Paulo (Alesp) que visa prorrogar a contrata\u00e7\u00e3o de pessoal tempor\u00e1rio selecionado em concurso SES SP 2021. A proposta foi encaminhada em regime de urg\u00eancia e deve tramitar rapidamente pelas diversas [&hellip;]<\/p>\n","protected":false},"author":54679,"featured_media":177240,"comment_status":"closed","ping_status":"closed","sticky":false,"template":"","format":"standard","meta":{"_acf_changed":false,"footnotes":"","_wp_rev_ctl_limit":""},"categories":[228],"tags":[],"class_list":["post-193844","post","type-post","status-publish","format-standard","has-post-thumbnail","hentry","category-noticias"],"acf":[],"_links":{"self":[{"href":"https:\/\/www.novaconcursos.com.br\/portal\/wp-json\/wp\/v2\/posts\/193844","targetHints":{"allow":["GET"]}}],"collection":[{"href":"https:\/\/www.novaconcursos.com.br\/portal\/wp-json\/wp\/v2\/posts"}],"about":[{"href":"https:\/\/www.novaconcursos.com.br\/portal\/wp-json\/wp\/v2\/types\/post"}],"author":[{"embeddable":true,"href":"https:\/\/www.novaconcursos.com.br\/portal\/wp-json\/wp\/v2\/users\/54679"}],"replies":[{"embeddable":true,"href":"https:\/\/www.novaconcursos.com.br\/portal\/wp-json\/wp\/v2\/comments?post=193844"}],"version-history":[{"count":4,"href":"https:\/\/www.novaconcursos.com.br\/portal\/wp-json\/wp\/v2\/posts\/193844\/revisions"}],"predecessor-version":[{"id":300801,"href":"https:\/\/www.novaconcursos.com.br\/portal\/wp-json\/wp\/v2\/posts\/193844\/revisions\/300801"}],"wp:featuredmedia":[{"embeddable":true,"href":"https:\/\/www.novaconcursos.com.br\/portal\/wp-json\/wp\/v2\/media\/177240"}],"wp:attachment":[{"href":"https:\/\/www.novaconcursos.com.br\/portal\/wp-json\/wp\/v2\/media?parent=193844"}],"wp:term":[{"taxonomy":"category","embeddable":true,"href":"https:\/\/www.novaconcursos.com.br\/portal\/wp-json\/wp\/v2\/categories?post=193844"},{"taxonomy":"post_tag","embeddable":true,"href":"https:\/\/www.novaconcursos.com.br\/portal\/wp-json\/wp\/v2\/tags?post=193844"}],"curies":[{"name":"wp","href":"https:\/\/api.w.org\/{rel}","templated":true}]}}