{"id":194931,"date":"2023-05-24T10:34:18","date_gmt":"2023-05-24T13:34:18","guid":{"rendered":"https:\/\/www.novaconcursos.com.br\/portal\/?p=194931"},"modified":"2023-05-24T10:34:21","modified_gmt":"2023-05-24T13:34:21","slug":"concurso-cemig-definida-a-banca-do-proximo-edital","status":"publish","type":"post","link":"https:\/\/www.novaconcursos.com.br\/portal\/noticias\/concurso-cemig-definida-a-banca-do-proximo-edital\/","title":{"rendered":"Concurso Cemig: Definida a banca do pr\u00f3ximo edital!"},"content":{"rendered":"<p>Boa not\u00edcia, concurseiros! Um <strong>novo edital <\/strong>para o <a href=\"https:\/\/www.novaconcursos.com.br\/portal\/concursos\/concurso-cemig\/\">concurso CEMIG<\/a> pode sair <strong>ainda em 2023.<\/strong> A banca organizadora foi definida; veja detalhes!<\/p>\n\n\n\n<ul class=\"wp-block-list\"><li><strong>Confira: <\/strong><a href=\"https:\/\/www.novaconcursos.com.br\/curso-online\/curso-lingua-portuguesa-prof-ariane-budke\">Curso de L\u00edngua Portuguesa \u2013 Prof\u00aa. Ariane Budke<\/a><\/li>\n\n\n\n<li><strong>Confira: <\/strong><a href=\"https:\/\/www.novaconcursos.com.br\/livro\/600-questoes-comentadas-lingua-portuguesa-isabella-ramiro\">Livro 600 Quest\u00f5es Comentadas L\u00edngua Portuguesa<\/a><\/li>\n<\/ul><p><\/p>\n\n\n\n<p>Estude para o concurso dos seus sonhos com o\u00a0<strong>M\u00e9todo<\/strong>\u00a0que j\u00e1 ajudou na\u00a0<strong>aprova\u00e7\u00e3o de mais de 70 mil alunos<\/strong>.\u00a0<a href=\"https:\/\/www.novaconcursos.com.br\/eventos\/assinatura\" target=\"_blank\" rel=\"noreferrer noopener\">Clique aqui<\/a>\u00a0e saiba mais!<\/p>\n\n\n\n<h2 class=\"wp-block-heading\" id=\"concurso-cemig-quando-sai-o-edital\">Concurso Cemig: quando sai o edital?<\/h2>\n\n\n\n<p>Ainda n\u00e3o h\u00e1 uma data concreta e nem detalhes informativos, mas tudo indica que um novo edital para a Cemig est\u00e1 <strong>pr\u00f3ximo de ser publicado.<\/strong><\/p>\n\n\n\n<p>Isso porque uma publica\u00e7\u00e3o no Di\u00e1rio Oficial do estado confirmou a<strong> escolha da banca<\/strong> organizadora para a Companhia Energ\u00e9tica de <a href=\"https:\/\/www.novaconcursos.com.br\/portal\/concursos-previstos\/mg\/\">Minas Gerais<\/a>.<\/p>\n\n\n\n<p>Assim, a dispensa de licita\u00e7\u00e3o informou a escolha da<strong> Funda\u00e7\u00e3o de Desenvolvimento da Pesquisa<\/strong> (Fundep) como banca, nesta quarta-feira, 24 de maio. Veja:<\/p>\n\n\n\n<figure class=\"wp-block-image size-full\"><a href=\"https:\/\/www.novaconcursos.com.br\/portal\/wp-content\/uploads\/2023\/05\/concurso-cemig-dispensa-de-licitacao.png\"><img decoding=\"async\" width=\"626\" height=\"190\" src=\"https:\/\/www.novaconcursos.com.br\/portal\/wp-content\/uploads\/2023\/05\/concurso-cemig-dispensa-de-licitacao.png\" alt=\"\" class=\"wp-image-194939\" loading=\"lazy\" title=\"\" srcset=\"https:\/\/www.novaconcursos.com.br\/portal\/wp-content\/uploads\/2023\/05\/concurso-cemig-dispensa-de-licitacao-300x91.png 300w, https:\/\/www.novaconcursos.com.br\/portal\/wp-content\/uploads\/2023\/05\/concurso-cemig-dispensa-de-licitacao.png 626w\" sizes=\"auto, (max-width: 480px) 100vw, (max-width: 768px) 100vw, (max-width: 1200px) 70vw, 768px\"><\/a><figcaption><\/figcaption><\/figure><p>Ainda n\u00e3o se sabe a quantidade de vagas e os cargos que ser\u00e3o contemplados. Por isso, fiquem atentos \u00e0s novas informa\u00e7\u00f5es, concurseiros!<\/p>\n\n\n\n<h3 class=\"wp-block-heading\">Perfil da banca<\/h3>\n\n\n\n<p>A Fundep \u00e9 uma banca que atua na organiza\u00e7\u00e3o de diversos certames no estado de <a href=\"https:\/\/www.novaconcursos.com.br\/portal\/concursos-abertos\/mg\/\">Minas Gerais<\/a>. Por isso, \u00e9 preciso <\/p>\n\n\n\n<p>Assim, a prova de portugu\u00eas da Fundep se destaca pela prefer\u00eancia nas quest\u00f5es de interpreta\u00e7\u00e3o de texto; ela tem:<\/p>\n\n\n\n<ul class=\"wp-block-list\"><li>Maior cobran\u00e7a dos conte\u00fados de interpreta\u00e7\u00e3o de texto, sendo comum que\u00a0<strong>mais de 50% da prova traga quest\u00f5es relativas aos textos;<\/strong><\/li>\n\n\n\n<li>Quase\u00a0<strong>25% da prova ser\u00e1 composta por quest\u00f5es de gram\u00e1tica<\/strong>\u00a0aplicada aos textos;<\/li>\n\n\n\n<li>H\u00e1 cobran\u00e7a de\u00a0<strong>conte\u00fados mais normativos<\/strong>, desvencilhados dos textos bases.<\/li>\n<\/ul><p><\/p>\n\n\n\n<p>Ademais, entre os assuntos mais cobrados na disciplina de Portugu\u00eas, est\u00e3o:<\/p>\n\n\n\n<ul class=\"wp-block-list\"><li>Interpreta\u00e7\u00e3o de texto de g\u00eaneros variados, incluindo-se charges e tirinhas.<\/li>\n\n\n\n<li>Vocabul\u00e1rio a partir de trecho do texto.<\/li>\n\n\n\n<li>Conectores.<\/li>\n\n\n\n<li>Pronomes relativos e coloca\u00e7\u00e3o pronominal.<\/li>\n\n\n\n<li>Verbo.<\/li>\n\n\n\n<li>Fun\u00e7\u00f5es sint\u00e1ticas do per\u00edodo simples.<\/li>\n\n\n\n<li>Reestrutura\u00e7\u00e3o de frases com foco em norma culta.<\/li>\n\n\n\n<li>Pontua\u00e7\u00e3o<\/li>\n<\/ul><p><\/p>\n\n\n\n<p>Ademais, a Fundep \u00e9 conhecida como <strong>uma banca de n\u00edvel moderado <\/strong>de exig\u00eancia. Mas, ainda assim, requer uma prepara\u00e7\u00e3o adequada.<\/p>\n\n\n\n<p>Em uma mesma prova \u00e9 poss\u00edvel que haja quest\u00f5es mais simples e outras mais complicadas. Al\u00e9m disso, \u00e9 comum haver \u201c<strong>pegadinhas<\/strong>\u201d.<\/p>\n\n\n\n<p>Geralmente, as\u00a0<strong>provas s\u00e3o compostas por quest\u00f5es<\/strong>\u00a0de L\u00edngua Portuguesa, Matem\u00e1tica, Direito, Inform\u00e1tica, al\u00e9m de Conhecimentos Espec\u00edficos.<\/p>\n\n\n\n<h2 class=\"wp-block-heading\" id=\"ltimo-concurso-cemig-segue-vlido-at-junho-de-2023\">\u00daltimo concurso CEMIG segue v\u00e1lido at\u00e9 junho de 2023<\/h2>\n\n\n\n<p>Sendo assim, o resultado final da sele\u00e7\u00e3o realizada em 2022 j\u00e1 foi\u00a0<strong>homologado\u00a0<\/strong>e, assim, ficar\u00e1 v\u00e1lido por um ano, at\u00e9 30 de junho de 2023. <\/p>\n\n\n\n<p>Entretanto, caso seja necess\u00e1rio, esse prazo poder\u00e1 ser prorrogado uma \u00fanica vez, por mais 12 meses.<\/p>\n\n\n\n<p>Sob organiza\u00e7\u00e3o da\u00a0FUMARC, o concurso ofertou\u00a0<strong>250 vagas<\/strong>\u00a0para o cargo de\u00a0Eletricista de Redes da Distribui\u00e7\u00e3o I. Veja os requisitos:<\/p>\n\n\n\n<ul class=\"wp-block-list\"><li>CNH Categoria M\u00ednima B;<\/li>\n\n\n\n<li>Experi\u00eancia m\u00ednima de 6 meses em atividades de constru\u00e7\u00e3o, manuten\u00e7\u00e3o ou opera\u00e7\u00e3o de redes de distribui\u00e7\u00e3o ou transmiss\u00e3o de energia;<\/li>\n\n\n\n<li>Curso B\u00e1sico \u2013 Seguran\u00e7a em Instala\u00e7\u00f5es e Servi\u00e7os com Eletricidade, conforme NR 10;<\/li>\n\n\n\n<li>Curso Complementar \u2013 Seguran\u00e7a no Sistema El\u00e9trico de Pot\u00eancia (SEP) e em suas Proximidades, conforme NR 10;<\/li>\n\n\n\n<li>Treinamento sobre Trabalho em Altura, conforme NR 35.<\/li>\n<\/ul><p><\/p>\n\n\n\n<h3 class=\"wp-block-heading\">Sal\u00e1rios<\/h3>\n\n\n\n<p>Ademais, os aprovados na sele\u00e7\u00e3o e contratados pelo \u00f3rg\u00e3o mineiro receber\u00e3o\u00a0<strong>remunera\u00e7\u00f5es\u00a0<\/strong>no valor de<strong>\u00a0R$ 3.803,27\u00a0<\/strong>para as jornadas de trabalho de\u00a0<strong>40 horas semanais<\/strong>, j\u00e1 incluindo o adicional de periculosidade.<\/p>\n\n\n\n<p>Entretanto, vale frisar que os\u00a0<strong>contratados\u00a0<\/strong>ainda ter\u00e3o direitos aos\u00a0<strong>benef\u00edcios<\/strong>\u00a0indicados a seguir:<\/p>\n\n\n\n<ul class=\"wp-block-list\"><li>Plano de sa\u00fade e plano odontol\u00f3gico, em regime de coparticipa\u00e7\u00e3o;<\/li>\n\n\n\n<li>Previd\u00eancia privada, em regime de coparticipa\u00e7\u00e3o;<\/li>\n\n\n\n<li>Seguro de vida em grupo, em regime de coparticipa\u00e7\u00e3o;<\/li>\n\n\n\n<li>Vale-alimenta\u00e7\u00e3o ou vale-refei\u00e7\u00e3o, em regime de coparticipa\u00e7\u00e3o, nos termos da legisla\u00e7\u00e3o pertinente e no acordo coletivo vigente.<\/li>\n<\/ul>","protected":false},"excerpt":{"rendered":"<p>Boa not\u00edcia, concurseiros! Um novo edital para o concurso CEMIG pode sair ainda em 2023. A banca organizadora foi definida; veja detalhes! Estude para o concurso dos seus sonhos com o\u00a0M\u00e9todo\u00a0que j\u00e1 ajudou na\u00a0aprova\u00e7\u00e3o de mais de 70 mil alunos.\u00a0Clique aqui\u00a0e saiba mais! Concurso Cemig: quando sai o edital? Ainda n\u00e3o h\u00e1 uma data concreta [&hellip;]<\/p>\n","protected":false},"author":54671,"featured_media":156327,"comment_status":"closed","ping_status":"closed","sticky":false,"template":"","format":"standard","meta":{"_acf_changed":false,"footnotes":"","_wp_rev_ctl_limit":""},"categories":[228],"tags":[],"class_list":["post-194931","post","type-post","status-publish","format-standard","has-post-thumbnail","hentry","category-noticias"],"acf":[],"_links":{"self":[{"href":"https:\/\/www.novaconcursos.com.br\/portal\/wp-json\/wp\/v2\/posts\/194931","targetHints":{"allow":["GET"]}}],"collection":[{"href":"https:\/\/www.novaconcursos.com.br\/portal\/wp-json\/wp\/v2\/posts"}],"about":[{"href":"https:\/\/www.novaconcursos.com.br\/portal\/wp-json\/wp\/v2\/types\/post"}],"author":[{"embeddable":true,"href":"https:\/\/www.novaconcursos.com.br\/portal\/wp-json\/wp\/v2\/users\/54671"}],"replies":[{"embeddable":true,"href":"https:\/\/www.novaconcursos.com.br\/portal\/wp-json\/wp\/v2\/comments?post=194931"}],"version-history":[{"count":6,"href":"https:\/\/www.novaconcursos.com.br\/portal\/wp-json\/wp\/v2\/posts\/194931\/revisions"}],"predecessor-version":[{"id":194941,"href":"https:\/\/www.novaconcursos.com.br\/portal\/wp-json\/wp\/v2\/posts\/194931\/revisions\/194941"}],"wp:featuredmedia":[{"embeddable":true,"href":"https:\/\/www.novaconcursos.com.br\/portal\/wp-json\/wp\/v2\/media\/156327"}],"wp:attachment":[{"href":"https:\/\/www.novaconcursos.com.br\/portal\/wp-json\/wp\/v2\/media?parent=194931"}],"wp:term":[{"taxonomy":"category","embeddable":true,"href":"https:\/\/www.novaconcursos.com.br\/portal\/wp-json\/wp\/v2\/categories?post=194931"},{"taxonomy":"post_tag","embeddable":true,"href":"https:\/\/www.novaconcursos.com.br\/portal\/wp-json\/wp\/v2\/tags?post=194931"}],"curies":[{"name":"wp","href":"https:\/\/api.w.org\/{rel}","templated":true}]}}