{"id":195214,"date":"2023-05-26T10:51:39","date_gmt":"2023-05-26T13:51:39","guid":{"rendered":"https:\/\/www.novaconcursos.com.br\/portal\/?p=195214"},"modified":"2023-05-26T10:51:42","modified_gmt":"2023-05-26T13:51:42","slug":"concurso-iphan-edital-solicitado-110-vagas","status":"publish","type":"post","link":"https:\/\/www.novaconcursos.com.br\/portal\/noticias\/concurso-iphan-edital-solicitado-110-vagas\/","title":{"rendered":"Concurso Iphan: Pedido de edital ser\u00e1 encaminhado para 110 vagas!"},"content":{"rendered":"<p>Ser\u00e1 enviado ao Minist\u00e9rio da Gest\u00e3o e da Inova\u00e7\u00e3o dos Servi\u00e7os P\u00fablicos o pedido de autoriza\u00e7\u00e3o para realiza\u00e7\u00e3o de um novo <a href=\"https:\/\/www.novaconcursos.com.br\/portal\/concursos\/concurso-iphan\/\" target=\"_blank\" rel=\"noreferrer noopener\">concurso Iphan<\/a> (Instituto do Patrim\u00f4nio Hist\u00f3rico e Art\u00edstico Nacional) para o preenchimento de <strong>110 vagas de n\u00edvel superior<\/strong>. Saiba mais!<\/p>\n\n\n\n<p>De acordo com o documento, as oportunidades ser\u00e3o distribu\u00eddas da seguinte maneira:<\/p>\n\n\n\n<ul class=\"wp-block-list\"><li>Analista I: 46 vagas<\/li>\n\n\n\n<li>T\u00e9cnico I: 64 vagas<\/li>\n<\/ul><p><\/p>\n\n\n\n<p>Lembrando que os \u00f3rg\u00e3os federais devem enviar seus pedidos de autoriza\u00e7\u00e3o ao Minist\u00e9rio da Gest\u00e3o e Inova\u00e7\u00e3o dos Servi\u00e7os P\u00fablicos at\u00e9 o dia <strong>31 de maio <\/strong>para que os concursos possam ser inclu\u00eddos no or\u00e7amento de 2024.<\/p>\n\n\n\n<p>A pasta j\u00e1 autorizou alguns concursos, como MCTI, Funai e MMA, todos de n\u00edvel superior.<\/p>\n\n\n\n<p>\u00c9 por isso que o Iphan declarou que existem <strong>143 cargos vagos <\/strong>de Auxiliar Institucional I em sua autarquia, por\u00e9m, n\u00e3o foi solicitada autoriza\u00e7\u00e3o dessa carreira, visto que ela \u00e9 de n\u00edvel m\u00e9dio.<\/p>\n\n\n\n<ul class=\"wp-block-list\"><li><strong>Confira: <\/strong><a href=\"https:\/\/www.novaconcursos.com.br\/livro\/600-questoes-comentadas-lingua-portuguesa-isabella-ramiro?q=portugues\">Livro 600 Quest\u00f5es Comentadas L\u00edngua Portuguesa<\/a><\/li>\n\n\n\n<li><strong>Confira: <\/strong><a href=\"https:\/\/www.novaconcursos.com.br\/curso-online\/curso-lingua-portuguesa-prof-ariane-budke?q=portugues\">Curso de L\u00edngua Portuguesa \u2013 Prof\u00aa. Ariane Budke<\/a><\/li>\n<\/ul><p><\/p>\n\n\n\n<p>Estude para o concurso dos seus sonhos com o\u00a0<strong>M\u00e9todo<\/strong>\u00a0que j\u00e1 ajudou na\u00a0<strong>aprova\u00e7\u00e3o de mais de 70 mil alunos!<\/strong>\u00a0<a href=\"https:\/\/aprovacao.novaconcursos.com.br\/assinatura?promo_creative=Clique+aqui&amp;promo_name=noticia&amp;promo_id=%2Fportal&amp;promo_position=corpo-texto\" target=\"_blank\" rel=\"noreferrer noopener\">Clique aqui<\/a>\u00a0e saiba mais!<\/p>\n\n\n\n<h2 class=\"wp-block-heading\" id=\"concurso-iphan-aguardado-desde-2021\">Concurso Iphan \u00e9 aguardado desde 2021!<\/h2>\n\n\n\n<p>Em 2021, foi realizado o planejamento estrat\u00e9gico do \u00f3rg\u00e3o, visando a realiza\u00e7\u00e3o de novos concursos p\u00fablicos at\u00e9 2024.<\/p>\n\n\n\n<p>Conforme o documento, o objetivo \u00e9 preencher por concurso 20% ao ano em todos os anos o <strong>planejamento estrat\u00e9gico 2021\/2024.<\/strong><\/p>\n\n\n\n<h2 class=\"wp-block-heading\" id=\"como-foi-o-ltimo-concurso\">Como foi o \u00faltimo concurso?<\/h2>\n\n\n\n<p>Enquanto mais informa\u00e7\u00f5es acerca do novo concurso n\u00e3o s\u00e3o divulgadas, confira todos os detalhes do \u00faltimo edital e tenha um norte para criar seu <strong>plano de estudos!<\/strong><\/p>\n\n\n\n<p>O \u00faltimo concurso foi realizado em 2018 para o preenchimento de <strong>411 vagas<\/strong>, divididas da seguinte maneira:<\/p>\n\n\n\n<p><strong>N\u00edvel M\u00e9dio<\/strong><\/p>\n\n\n\n<ul class=\"wp-block-list\"><li>Auxiliar Institucional: 131 vagas<\/li>\n<\/ul><p><\/p>\n\n\n\n<p><strong>N\u00edvel Superior<\/strong><\/p>\n\n\n\n<ul class=\"wp-block-list\"><li>T\u00e9cnico I: 176 vagas<\/li>\n\n\n\n<li>Analista I: 104 vagas<\/li>\n<\/ul><p><\/p>\n\n\n\n<p>Os <strong>sal\u00e1rios iniciais<\/strong> variavam entre R$ 3.877,97 e R$ 5.493,29.<\/p>\n\n\n\n<p>Na ocasi\u00e3o, os candidatos foram avaliados em todas as capitais do Brasil, por meio de <strong>provas objetivas, discursivas e de t\u00edtulos.<\/strong><\/p>\n\n\n\n<p>A prova objetiva consistiu em <strong>120 quest\u00f5es<\/strong> do tipo \u201ccerto\u201d ou \u201cerrado\u201d, sendo 50 quest\u00f5es de conhecimentos b\u00e1sicos e 70 quest\u00f5es de conhecimentos espec\u00edficos, acerca das seguintes disciplinas:<\/p>\n\n\n\n<ul class=\"wp-block-list\"><li>L\u00edngua Portuguesa;<\/li>\n\n\n\n<li>Fundamentos da Preserva\u00e7\u00e3o do Patrim\u00f4nio Cultural;<\/li>\n\n\n\n<li>No\u00e7\u00f5es de Gest\u00e3o e Administra\u00e7\u00e3o P\u00fablica;<\/li>\n\n\n\n<li>Atualidades.\u00a0<\/li>\n<\/ul><p><\/p>\n\n\n\n<p>Lembrando que nessa estrutura de prova, cada erro, anula um acerto. Foram reprovados aqueles que atingiram nota inferior a 10 pontos em conhecimentos b\u00e1sicos, inferior a 21 pontos em conhecimentos espec\u00edficos e inferior a 36 pontos no conjunto de provas.<\/p>\n\n\n\n<p>Na \u00e9poca, a chegada dos novos servidores foi uma vit\u00f3ria. <\/p>\n\n\n\n<p><em>\u201cCom esse refor\u00e7o institucional, a autarquia ganha f\u00f4lego para exercer suas diversas atribui\u00e7\u00f5es e, sobretudo, confere agilidade e qualifica a sua atua\u00e7\u00e3o no licenciamento ambiental, que foi uma das motiva\u00e7\u00f5es para autoriza\u00e7\u00e3o do concurso\u201d, <\/em>declarou a ex-presidente do Iphan, K\u00e1tia Bothega.<\/p>","protected":false},"excerpt":{"rendered":"<p>Ser\u00e1 enviado ao Minist\u00e9rio da Gest\u00e3o e da Inova\u00e7\u00e3o dos Servi\u00e7os P\u00fablicos o pedido de autoriza\u00e7\u00e3o para realiza\u00e7\u00e3o de um novo concurso Iphan (Instituto do Patrim\u00f4nio Hist\u00f3rico e Art\u00edstico Nacional) para o preenchimento de 110 vagas de n\u00edvel superior. Saiba mais! De acordo com o documento, as oportunidades ser\u00e3o distribu\u00eddas da seguinte maneira: Lembrando que [&hellip;]<\/p>\n","protected":false},"author":54679,"featured_media":193873,"comment_status":"closed","ping_status":"closed","sticky":false,"template":"","format":"standard","meta":{"_acf_changed":false,"footnotes":"","_wp_rev_ctl_limit":""},"categories":[228],"tags":[],"class_list":["post-195214","post","type-post","status-publish","format-standard","has-post-thumbnail","hentry","category-noticias"],"acf":[],"_links":{"self":[{"href":"https:\/\/www.novaconcursos.com.br\/portal\/wp-json\/wp\/v2\/posts\/195214","targetHints":{"allow":["GET"]}}],"collection":[{"href":"https:\/\/www.novaconcursos.com.br\/portal\/wp-json\/wp\/v2\/posts"}],"about":[{"href":"https:\/\/www.novaconcursos.com.br\/portal\/wp-json\/wp\/v2\/types\/post"}],"author":[{"embeddable":true,"href":"https:\/\/www.novaconcursos.com.br\/portal\/wp-json\/wp\/v2\/users\/54679"}],"replies":[{"embeddable":true,"href":"https:\/\/www.novaconcursos.com.br\/portal\/wp-json\/wp\/v2\/comments?post=195214"}],"version-history":[{"count":5,"href":"https:\/\/www.novaconcursos.com.br\/portal\/wp-json\/wp\/v2\/posts\/195214\/revisions"}],"predecessor-version":[{"id":195243,"href":"https:\/\/www.novaconcursos.com.br\/portal\/wp-json\/wp\/v2\/posts\/195214\/revisions\/195243"}],"wp:featuredmedia":[{"embeddable":true,"href":"https:\/\/www.novaconcursos.com.br\/portal\/wp-json\/wp\/v2\/media\/193873"}],"wp:attachment":[{"href":"https:\/\/www.novaconcursos.com.br\/portal\/wp-json\/wp\/v2\/media?parent=195214"}],"wp:term":[{"taxonomy":"category","embeddable":true,"href":"https:\/\/www.novaconcursos.com.br\/portal\/wp-json\/wp\/v2\/categories?post=195214"},{"taxonomy":"post_tag","embeddable":true,"href":"https:\/\/www.novaconcursos.com.br\/portal\/wp-json\/wp\/v2\/tags?post=195214"}],"curies":[{"name":"wp","href":"https:\/\/api.w.org\/{rel}","templated":true}]}}