{"id":195757,"date":"2023-06-01T08:45:54","date_gmt":"2023-06-01T11:45:54","guid":{"rendered":"https:\/\/www.novaconcursos.com.br\/portal\/?p=195757"},"modified":"2026-01-06T09:55:29","modified_gmt":"2026-01-06T12:55:29","slug":"concurso-ses-df-edital-esta-suspenso","status":"publish","type":"post","link":"https:\/\/www.novaconcursos.com.br\/portal\/noticias\/concurso-ses-df-edital-esta-suspenso\/","title":{"rendered":"Concurso SES DF: Edital para T\u00e9cnico e Analista em Gest\u00e3o est\u00e1 suspenso?"},"content":{"rendered":"<p>A resposta \u00e9 sim. Foi publicada no Di\u00e1rio Oficial do DF desta quarta-feira, 31 de maio, a portaria que <strong>suspendeu o edital <\/strong>do <a href=\"https:\/\/www.novaconcursos.com.br\/portal\/concursos\/concurso-ses-df\/\">concurso SES DF<\/a> para T\u00e9cnico e Analista. Entenda!<\/p>\n\n\n\n<h2 class=\"wp-block-heading\" id=\"por-que-o-concurso-ses-df-foi-suspenso\">Por que o concurso SES DF foi suspenso?<\/h2>\n\n\n\n<p>A suspens\u00e3o foi realizada para atender o Decreto n\u00ba 44.549\/2023, que trata do <strong>contingenciamento da dota\u00e7\u00e3o or\u00e7ament\u00e1ria.<\/strong><\/p>\n\n\n\n<p>De acordo com ele, o contingenciamento \u00e9 de <strong>R$ 1 bilh\u00e3o <\/strong>e afeta diversos setores e \u00f3rg\u00e3os do governo do Distrito Federal.<\/p>\n\n\n\n<p>Isso porque ele \u00e9 respons\u00e1vel por limitar os gastos para <strong>manter o equil\u00edbrio das contas <\/strong>e o alcance das metas finais estabelecidas.<\/p>\n\n\n\n<p>Vale destacar que a suspens\u00e3o afeta SOMENTE o edital SES DF para os cargos de <strong>Analista e T\u00e9cnico em Gest\u00e3o e Assist\u00eancia P\u00fablica \u00e0 Sa\u00fade. <\/strong>Veja mais detalhes da portaria de suspens\u00e3o:<\/p>\n\n\n\n<figure class=\"wp-block-image size-full\"><a href=\"https:\/\/www.novaconcursos.com.br\/portal\/wp-content\/uploads\/2023\/06\/image-1-5.png\"><img decoding=\"async\" width=\"918\" height=\"542\" src=\"https:\/\/www.novaconcursos.com.br\/portal\/wp-content\/uploads\/2023\/06\/image-1-5.png\" alt=\"\" class=\"wp-image-195809\" loading=\"lazy\" title=\"\" srcset=\"https:\/\/www.novaconcursos.com.br\/portal\/wp-content\/uploads\/2023\/06\/image-1-5-300x177.png 300w, https:\/\/www.novaconcursos.com.br\/portal\/wp-content\/uploads\/2023\/06\/image-1-5.png 918w\" sizes=\"auto, (max-width: 480px) 100vw, (max-width: 768px) 100vw, (max-width: 1200px) 70vw, 768px\"><\/a><figcaption><\/figcaption><\/figure><p><\/p>\n\n\n\n<h2 class=\"wp-block-heading\" id=\"vagas-cargos-e-provas\">Vagas, cargos e provas<\/h2>\n\n\n\n<p>O edital \u00e9 destinado ao preenchimento de <strong>4.002 vagas,<\/strong> sendo 350 vagas efetivas e 3.652 oportunidades de cadastro reserva, distribu\u00eddas da seguinte maneira:<\/p>\n\n\n\n<p><strong>N\u00edvel m\u00e9dio<\/strong><\/p>\n\n\n\n<ul class=\"wp-block-list\"><li>T\u00e9cnico o em Gest\u00e3o e Assist\u00eancia P\u00fablica \u00e0 Sa\u00fade:\n<ul class=\"wp-block-list\"><li>Apoio T\u00e1tico Operacional e Assistencial : 615 vagas; <\/li>\n\n\n\n<li>Apoio administrativo: 1.135 vagas.<\/li>\n<\/ul><\/li>\n<\/ul><p><\/p>\n\n\n\n<p><strong>N\u00edvel superior<\/strong><\/p>\n\n\n\n<ul class=\"wp-block-list\"><li>Analista em Gest\u00e3o e Assist\u00eancia P\u00fablica \u00e0 Sa\u00fade:\n<ul class=\"wp-block-list\"><li>\u00c1rea Administrativa: 1.760; <\/li>\n\n\n\n<li>Condutor de Ve\u00edculo, Urg\u00eancia e Emerg\u00eancia: 492 vagas.<\/li>\n<\/ul><\/li>\n<\/ul><p><\/p>\n\n\n\n<p><\/p>\n\n\n\n<p><\/p>\n\n\n\n<h2 class=\"wp-block-heading\" id=\"concurso-ses-df-para-tcnico-em-enfermagem-est-aberto\">Concurso SES DF para T\u00e9cnico em Enfermagem est\u00e1 aberto!<\/h2>\n\n\n\n<p>Est\u00e1 aberto o edital do\u00a0<a href=\"https:\/\/www.novaconcursos.com.br\/portal\/concursos-abertos\/df\/\">concurso SES DF<\/a>\u00a0(Secret\u00e1ria de Sa\u00fade do Distrito Federal) com oferta de 1.200 vagas entre imediatas e cadastro reserva para o cargo de\u00a0<strong>T\u00e9cnico em Enfermagem<\/strong>, que exige o n\u00edvel m\u00e9dio.<\/p>\n\n\n\n<ul class=\"wp-block-list\"><li><strong>Confira:\u00a0<\/strong><a href=\"https:\/\/www.novaconcursos.com.br\/apostila\/ses-df-prep-tecnico-enfermagem?promo_creative=Apostila+SES+DF+2023+%26%238211%3B+T%C3%A9cnico+de+Enfermagem&amp;promo_name=noticia&amp;promo_id=%2Fportal%2Fnoticias%2Fconcurso-ses-df-saiu-edital-para-tecnico&amp;promo_position=corpo-texto\">Apostila SES DF 2023 \u2013 T\u00e9cnico de Enfermagem<\/a><\/li>\n<\/ul><p><\/p>\n\n\n\n<p>Aqueles que desejam ingressar no concurso SES DF, devem realizar suas inscri\u00e7\u00f5es no site da\u00a0Funatec, banca organizadora, entre os dias\u00a0<strong>6 de julho e 8 de agosto de 2023<\/strong>, devendo preencher um formul\u00e1rio com os dados solicitados.<\/p>\n\n\n\n<p>Al\u00e9m disso, \u00e9 necess\u00e1rio pagar um boleto no valor de R$ 65,00 para que a candidatura seja homologada.<\/p>\n\n\n\n<p>Os candidatos ser\u00e3o avaliados por meio de provas objetivas, que ser\u00e3o aplicadas no dia\u00a0<strong>3 de setembro de 2023<\/strong>, no turno da manh\u00e3, das 8h \u00e0s 12h.<\/p>\n\n\n\n<p>A prova consistir\u00e1 em\u00a0<strong>40 quest\u00f5es<\/strong>\u00a0de m\u00faltipla escolha, com quatro alternativas cada e apenas uma resposta correta. <\/p>\n\n\n\n<p><\/p>","protected":false},"excerpt":{"rendered":"<p>A resposta \u00e9 sim. Foi publicada no Di\u00e1rio Oficial do DF desta quarta-feira, 31 de maio, a portaria que suspendeu o edital do concurso SES DF para T\u00e9cnico e Analista. Entenda! Por que o concurso SES DF foi suspenso? A suspens\u00e3o foi realizada para atender o Decreto n\u00ba 44.549\/2023, que trata do contingenciamento da dota\u00e7\u00e3o [&hellip;]<\/p>\n","protected":false},"author":54679,"featured_media":157370,"comment_status":"closed","ping_status":"closed","sticky":false,"template":"","format":"standard","meta":{"_acf_changed":false,"footnotes":"","_wp_rev_ctl_limit":""},"categories":[228],"tags":[],"class_list":["post-195757","post","type-post","status-publish","format-standard","has-post-thumbnail","hentry","category-noticias"],"acf":[],"_links":{"self":[{"href":"https:\/\/www.novaconcursos.com.br\/portal\/wp-json\/wp\/v2\/posts\/195757","targetHints":{"allow":["GET"]}}],"collection":[{"href":"https:\/\/www.novaconcursos.com.br\/portal\/wp-json\/wp\/v2\/posts"}],"about":[{"href":"https:\/\/www.novaconcursos.com.br\/portal\/wp-json\/wp\/v2\/types\/post"}],"author":[{"embeddable":true,"href":"https:\/\/www.novaconcursos.com.br\/portal\/wp-json\/wp\/v2\/users\/54679"}],"replies":[{"embeddable":true,"href":"https:\/\/www.novaconcursos.com.br\/portal\/wp-json\/wp\/v2\/comments?post=195757"}],"version-history":[{"count":9,"href":"https:\/\/www.novaconcursos.com.br\/portal\/wp-json\/wp\/v2\/posts\/195757\/revisions"}],"predecessor-version":[{"id":301907,"href":"https:\/\/www.novaconcursos.com.br\/portal\/wp-json\/wp\/v2\/posts\/195757\/revisions\/301907"}],"wp:featuredmedia":[{"embeddable":true,"href":"https:\/\/www.novaconcursos.com.br\/portal\/wp-json\/wp\/v2\/media\/157370"}],"wp:attachment":[{"href":"https:\/\/www.novaconcursos.com.br\/portal\/wp-json\/wp\/v2\/media?parent=195757"}],"wp:term":[{"taxonomy":"category","embeddable":true,"href":"https:\/\/www.novaconcursos.com.br\/portal\/wp-json\/wp\/v2\/categories?post=195757"},{"taxonomy":"post_tag","embeddable":true,"href":"https:\/\/www.novaconcursos.com.br\/portal\/wp-json\/wp\/v2\/tags?post=195757"}],"curies":[{"name":"wp","href":"https:\/\/api.w.org\/{rel}","templated":true}]}}