{"id":195953,"date":"2023-06-02T09:15:11","date_gmt":"2023-06-02T12:15:11","guid":{"rendered":"https:\/\/www.novaconcursos.com.br\/portal\/?p=195953"},"modified":"2023-06-02T09:15:15","modified_gmt":"2023-06-02T12:15:15","slug":"concurso-aft-23-vagas-solicitadas-para-superintendencia-roraima","status":"publish","type":"post","link":"https:\/\/www.novaconcursos.com.br\/portal\/noticias\/concurso-aft-23-vagas-solicitadas-para-superintendencia-roraima\/","title":{"rendered":"Concurso AFT: 23 vagas solicitadas para a Superintend\u00eancia de Roraima!"},"content":{"rendered":"<p class=\"wp-block-paragraph\">O <a href=\"https:\/\/www.novaconcursos.com.br\/portal\/concursos\/concurso-aft\/\">concurso AFT<\/a> \u00a0(Auditor-Fiscal do Trabalho)\u00a0\u00e9 um dos mais esperados pelos concurseiros e superintend\u00eancias regionais do trabalho! Por isso, foram solicitadas mais <strong>23 vagas<\/strong> de Auditor Fiscal do Trabalho para provimento!<\/p>\n\n\n\n<p class=\"wp-block-paragraph\">Na justificativa do pedido, o superintendente regional, Magno Pillon Della-Flora, refor\u00e7ou que o \u00faltimo concurso foi realizado em 2013, ou seja, h\u00e1 10 anos, e desde essa \u00e9poca, o \u00f3rg\u00e3o tem sofrido com<strong> baixas em seu quadro funcional.<\/strong><\/p>\n\n\n\n<p class=\"wp-block-paragraph\">De acordo com o documento, a regi\u00e3o precisa de 30 servidores para execu\u00e7\u00e3o dos trabalhos, no entanto, conta com <strong>apenas 7 auditores para todo estado <\/strong>e um em abono. Veja:<\/p>\n\n\n\n<figure class=\"wp-block-image size-full\"><a href=\"https:\/\/www.novaconcursos.com.br\/portal\/wp-content\/uploads\/2023\/06\/aft.png\"><img decoding=\"async\" width=\"661\" height=\"359\" src=\"https:\/\/www.novaconcursos.com.br\/portal\/wp-content\/uploads\/2023\/06\/aft.png\" alt=\"\" class=\"wp-image-195955\" loading=\"lazy\" title=\"\" srcset=\"https:\/\/www.novaconcursos.com.br\/portal\/wp-content\/uploads\/2023\/06\/aft-300x163.png 300w, https:\/\/www.novaconcursos.com.br\/portal\/wp-content\/uploads\/2023\/06\/aft.png 661w\" sizes=\"auto, (max-width: 480px) 100vw, (max-width: 768px) 100vw, (max-width: 1200px) 70vw, 768px\"><\/a><figcaption><\/figcaption><\/figure><p class=\"wp-block-paragraph\"><\/p>\n\n\n\n<p class=\"wp-block-paragraph\">Para acessar o pedido na \u00edntegra, <a href=\"https:\/\/dhg1h5j42swfq.cloudfront.net\/2023\/06\/01084816\/sei_me-33771357-oficio.pdf\" target=\"_blank\" rel=\"noreferrer noopener\">clique aqui!<\/a><\/p>\n\n\n\n<ul class=\"wp-block-list\"><li><strong>Confira:<\/strong> <a href=\"https:\/\/www.novaconcursos.com.br\/livro\/1000-questoes-gabaritadas-cesgranrio?q=CES\">Livro 1.000 Quest\u00f5es Gabaritadas Cesgranrio<\/a><\/li>\n\n\n\n<li><strong>Confira:<\/strong> <a href=\"https:\/\/www.novaconcursos.com.br\/livro\/1000-questoes-gabaritadas-cebraspe?q=CEBRA\">Livro 1.000 Quest\u00f5es Gabaritadas da Cebraspe<\/a><\/li>\n<\/ul><p class=\"wp-block-paragraph\"><\/p>\n\n\n\n<p class=\"wp-block-paragraph\">Estude para o concurso de seus sonhos com o\u00a0<strong>M\u00e9todo<\/strong>\u00a0que j\u00e1 ajudou na\u00a0<strong>aprova\u00e7\u00e3o de mais de 70 mil alunos!<\/strong>\u00a0<a href=\"https:\/\/aprovacao.novaconcursos.com.br\/assinatura?promo_creative=Clique+aqui&amp;promo_name=noticia&amp;promo_id=%2Fportal%2Fnoticias%2Fconcurso-aft-ministro-preve-edital-ainda-2023&amp;promo_position=corpo-texto\" target=\"_blank\" rel=\"noreferrer noopener\">Clique aqui<\/a>\u00a0e saiba mais!<\/p>\n\n\n\n<h2 class=\"wp-block-heading\" id=\"ministro-quer-concurso-ainda-em-2023\">Ministro quer concurso ainda em 2023!<\/h2>\n\n\n\n<p class=\"wp-block-paragraph\">O ministro do Trabalho e Emprego, Luiz Marinho tem inten\u00e7\u00e3o de realizar um novo\u00a0concurso AFT\u00a0para o cargo de\u00a0<strong>Auditor Fiscal do Trabalho<\/strong>\u00a0ainda em 2023.\u00a0<\/p>\n\n\n\n<p class=\"wp-block-paragraph\">De acordo com ele, o edital deve ser publicado nos\u00a0<strong>segundo semestre de 2023<\/strong>\u00a0e os aprovados devem ser convocados em 2024.<\/p>\n\n\n\n<p class=\"wp-block-paragraph\"><em>\u201cEu tenho sugerido \u00e0 ministra de Gest\u00e3o que a gente pensasse em fazer o concurso ainda este ano, mesmo que n\u00e3o seja pra chamar neste ano, mas deixar preparado para o ano que vem. Evidentemente que isso tem que estar em sintonia com a retomada do crescimento da economia (\u2026)\u201d<\/em>, explicou Luiz Marinho.<\/p>\n\n\n\n<h2 class=\"wp-block-heading\" id=\"o-que-faz-um-auditor-fiscal-do-trabalho\">O que faz um Auditor Fiscal do Trabalho?<\/h2>\n\n\n\n<p class=\"wp-block-paragraph\">Entre as atividades a serem exercidas na carreira, est\u00e3o as seguintes:<\/p>\n\n\n\n<ul class=\"wp-block-list\"><li>Assegurar, em todo o territ\u00f3rio nacional: o cumprimento de disposi\u00e7\u00f5es legais e regulamentares, inclusive as relacionadas \u00e0 seguran\u00e7a e \u00e0 medicina do trabalho, no \u00e2mbito das rela\u00e7\u00f5es de trabalho e de emprego;<\/li>\n\n\n\n<li>Verifica\u00e7\u00e3o dos registros em Carteira de Trabalho e Previd\u00eancia Social (CTPS), visando-se \u00e0 redu\u00e7\u00e3o dos \u00edndices de informalidade;<\/li>\n\n\n\n<li>Verifica\u00e7\u00e3o do recolhimento do Fundo de Garantia do Tempo de Servi\u00e7o (FGTS), objetivando maximizar os \u00edndices de arrecada\u00e7\u00e3o;<\/li>\n\n\n\n<li>Cumprimento de acordos, conven\u00e7\u00f5es e contratos coletivos de trabalho celebrados entre empregados e empregadores;<\/li>\n\n\n\n<li>Respeito aos acordos, tratados e conven\u00e7\u00f5es internacionais dos quais o Brasil \u00e9 signat\u00e1rio;<\/li>\n\n\n\n<li>Lavratura de auto de apreens\u00e3o e guarda de documentos, materiais, livros e assemelhados, para verifica\u00e7\u00e3o da exist\u00eancia de fraude e irregularidades, bem como ao exame da contabilidade das empresas, n\u00e3o se lhes aplicando o disposto nos artigos 17 e 18 do C\u00f3digo Comercial.<\/li>\n<\/ul><p class=\"wp-block-paragraph\"><\/p>\n\n\n\n<h2 class=\"wp-block-heading\" id=\"como-foi-o-ltimo-concurso-aft\">Como foi o \u00faltimo concurso AFT?<\/h2>\n\n\n\n<p class=\"wp-block-paragraph\">Enquanto mais detalhes do novo concurso n\u00e3o s\u00e3o divulgados, confira todos os detalhes do \u00faltimo certame e saiba por onde come\u00e7ar a se preparar!<\/p>\n\n\n\n<p class=\"wp-block-paragraph\">A \u00faltima\u00a0sele\u00e7\u00e3o\u00a0foi realizada em 2013 e ofertou<strong>\u00a0100 vagas<\/strong>\u00a0para o cargo de Auditor com\u00a0<strong>sal\u00e1rios iniciais\u00a0<\/strong>no valor de R$ 14.280,00.<\/p>\n\n\n\n<p class=\"wp-block-paragraph\">Os aprovados foram\u00a0<strong>lotados\u00a0<\/strong>nas unidades de S\u00e3o Paulo, Tocantins, Rio de Janeiro, Paran\u00e1, Piau\u00ed, Pernambuco, Par\u00e1, Mato Grosso, Mato Grosso do Sul, Minas Gerais, Alagoas, DF, Cear\u00e1, Bahia, Esp\u00edrito Santo, Acre, Amazonas e Amap\u00e1.<\/p>\n\n\n\n<p class=\"wp-block-paragraph\">Na ocasi\u00e3o, a banca organizadora foi o Cebraspe e avaliou os candidatos por meio de provas objetivas e discursivas.<\/p>\n\n\n\n<p class=\"wp-block-paragraph\">Sendo assim, a prova objetiva foi composta de<strong>\u00a0220 quest\u00f5es<\/strong>\u00a0acerca das disciplinas abaixo:<\/p>\n\n\n\n<ul class=\"wp-block-list\"><li>L\u00edngua Portuguesa<\/li>\n\n\n\n<li>Racioc\u00ednio L\u00f3gico<\/li>\n\n\n\n<li>Direitos Humanos<\/li>\n\n\n\n<li>Administra\u00e7\u00e3o Geral e P\u00fablica<\/li>\n\n\n\n<li>No\u00e7\u00f5es de Inform\u00e1tica<\/li>\n\n\n\n<li>Conhecimentos Espec\u00edficos<\/li>\n<\/ul><p class=\"wp-block-paragraph\"><\/p>\n\n\n\n<p class=\"wp-block-paragraph\">Por outro lado, a prova discursiva consistiu em\u00a0<strong>3 quest\u00f5es discursivas<\/strong>\u00a0acerca das disciplinas de Direitos Humanos e (ou) Economia do Trabalho e (ou) Direito Constitucional e (ou) Direito Administrativo e uma\u00a0<strong>disserta\u00e7\u00e3o<\/strong>\u00a0acerca de algum dos temas relacionados.<\/p>\n\n\n\n<p class=\"wp-block-paragraph\">Al\u00e9m disso, a etapa exigiu um\u00a0<strong>parecer t\u00e9cnico<\/strong>\u00a0sobre os conte\u00fados de Gest\u00e3o de Projetos e (ou) Direito do Trabalho e (ou) Seguran\u00e7a e Sa\u00fade no Trabalho e 3 situa\u00e7\u00f5es problema.<\/p>","protected":false},"excerpt":{"rendered":"<p>O concurso AFT \u00a0(Auditor-Fiscal do Trabalho)\u00a0\u00e9 um dos mais esperados pelos concurseiros e superintend\u00eancias regionais do trabalho! Por isso, foram solicitadas mais 23 vagas de Auditor Fiscal do Trabalho para provimento! Na justificativa do pedido, o superintendente regional, Magno Pillon Della-Flora, refor\u00e7ou que o \u00faltimo concurso foi realizado em 2013, ou seja, h\u00e1 10 anos, [&hellip;]<\/p>\n","protected":false},"author":28995,"featured_media":157449,"comment_status":"closed","ping_status":"closed","sticky":false,"template":"","format":"standard","meta":{"_acf_changed":false,"footnotes":"","_wp_rev_ctl_limit":""},"categories":[228],"tags":[],"class_list":["post-195953","post","type-post","status-publish","format-standard","has-post-thumbnail","hentry","category-noticias"],"acf":[],"_links":{"self":[{"href":"https:\/\/www.novaconcursos.com.br\/portal\/wp-json\/wp\/v2\/posts\/195953","targetHints":{"allow":["GET"]}}],"collection":[{"href":"https:\/\/www.novaconcursos.com.br\/portal\/wp-json\/wp\/v2\/posts"}],"about":[{"href":"https:\/\/www.novaconcursos.com.br\/portal\/wp-json\/wp\/v2\/types\/post"}],"author":[{"embeddable":true,"href":"https:\/\/www.novaconcursos.com.br\/portal\/wp-json\/wp\/v2\/users\/28995"}],"replies":[{"embeddable":true,"href":"https:\/\/www.novaconcursos.com.br\/portal\/wp-json\/wp\/v2\/comments?post=195953"}],"version-history":[{"count":4,"href":"https:\/\/www.novaconcursos.com.br\/portal\/wp-json\/wp\/v2\/posts\/195953\/revisions"}],"predecessor-version":[{"id":195965,"href":"https:\/\/www.novaconcursos.com.br\/portal\/wp-json\/wp\/v2\/posts\/195953\/revisions\/195965"}],"wp:featuredmedia":[{"embeddable":true,"href":"https:\/\/www.novaconcursos.com.br\/portal\/wp-json\/wp\/v2\/media\/157449"}],"wp:attachment":[{"href":"https:\/\/www.novaconcursos.com.br\/portal\/wp-json\/wp\/v2\/media?parent=195953"}],"wp:term":[{"taxonomy":"category","embeddable":true,"href":"https:\/\/www.novaconcursos.com.br\/portal\/wp-json\/wp\/v2\/categories?post=195953"},{"taxonomy":"post_tag","embeddable":true,"href":"https:\/\/www.novaconcursos.com.br\/portal\/wp-json\/wp\/v2\/tags?post=195953"}],"curies":[{"name":"wp","href":"https:\/\/api.w.org\/{rel}","templated":true}]}}