{"id":196112,"date":"2023-06-05T11:41:04","date_gmt":"2023-06-05T14:41:04","guid":{"rendered":"https:\/\/www.novaconcursos.com.br\/portal\/?p=196112"},"modified":"2023-06-05T11:41:08","modified_gmt":"2023-06-05T14:41:08","slug":"saiu-lei-que-institui-dia-nacional-do-agente-de-transito","status":"publish","type":"post","link":"https:\/\/www.novaconcursos.com.br\/portal\/artigos\/saiu-lei-que-institui-dia-nacional-do-agente-de-transito\/","title":{"rendered":"Sancionada a lei que institui o Dia Nacional do Agente de Tr\u00e2nsito!"},"content":{"rendered":"<p>Nesta segunda-feira, 5 de junho, o presidente Luiz In\u00e1cio Lula da Silva sancionou a <a href=\"https:\/\/www.planalto.gov.br\/ccivil_03\/_ato2023-2026\/2023\/lei\/l14594.htm\" target=\"_blank\" rel=\"noreferrer noopener\">Lei 14.594\/23<\/a> que cria o <strong>Dia Nacional de Agente de Tr\u00e2nsito<\/strong> que ser\u00e1 comemorado no dia 11 de maio. Entenda!<\/p>\n\n\n\n<p>Esse dia foi escolhido porque em 2010, <strong>na mesma data,<\/strong> a Assembleia Geral da Organiza\u00e7\u00e3o das Na\u00e7\u00f5es Unidas (ONU) definiu o per\u00edodo 2011-2020 como a D\u00e9cada de A\u00e7\u00e3o pela Seguran\u00e7a no Tr\u00e2nsito.<\/p>\n\n\n\n<p>O PL teve origem no Projeto de PL 5166\/19 do ex-deputado Hugo Leal, aprovado na C\u00e2mara dos Deputados e no Senado.<\/p>\n\n\n\n<p>De acordo com ele, a medida tem como objetivo <em>\u201cdar notoriedade e reconhecimento social aos profissionais que cumprem sua miss\u00e3o com primazia, na busca da redu\u00e7\u00e3o de acidentes e mortes nas vias urbanas\u201d.<\/em><\/p>\n\n\n\n<p><\/p>\n\n\n\n<p>A lei ainda prev\u00ea que, no m\u00eas de maio, os \u00f3rg\u00e3os de tr\u00e2nsito estaduais e municipais poder\u00e3o realizar <strong>programas de atualiza\u00e7\u00e3o profissional<\/strong> para os agentes de tr\u00e2nsito e <strong>campanhas de preven\u00e7\u00e3o de acidentes.<\/strong><\/p>\n\n\n\n<p>Achou interessante? Ent\u00e3o fica comigo nessa p\u00e1gina que vou te contar todos os detalhes da carreira e todos os concursos do momento que voc\u00ea pode participar! <\/p>\n\n\n\n<p>Quem sabe voc\u00ea n\u00e3o vai ser o pr\u00f3ximo<strong> protetor das vias p\u00fablicas<\/strong>? Ent\u00e3o vamos l\u00e1? ?<\/p>\n\n\n\n<ul class=\"wp-block-list\"><li>Confira: <a href=\"https:\/\/www.novaconcursos.com.br\/curso-online\/curso-lingua-portuguesa-prof-ariane-budke?q=portugues\">Curso de L\u00edngua Portuguesa \u2013 Prof\u00aa. Ariane Budke<\/a><\/li>\n\n\n\n<li>Confira: <a href=\"https:\/\/www.novaconcursos.com.br\/livro\/600-questoes-comentadas-lingua-portuguesa-isabella-ramiro?q=portugues\">Livro 600 Quest\u00f5es Comentadas L\u00edngua Portuguesa<\/a><\/li>\n<\/ul><p><\/p>\n\n\n\n<p>Estude para o concurso dos seus sonhos com o\u00a0<strong>M\u00e9todo<\/strong>\u00a0que j\u00e1 ajudou na\u00a0<strong>aprova\u00e7\u00e3o de mais de 70 mil alunos!<\/strong>\u00a0<a href=\"https:\/\/aprovacao.novaconcursos.com.br\/assinatura?promo_creative=Clique+aqui&amp;promo_name=noticia&amp;promo_id=%2Fportal%2Fnoticias%2Fconcurso-senado-divulgado-convocacao-para-exames-de-saude-e-prova-pratica&amp;promo_position=corpo-texto\" target=\"_blank\" rel=\"noreferrer noopener\">Clique aqui<\/a>\u00a0e saiba mais!<\/p>\n\n\n\n<h2 class=\"wp-block-heading\" id=\"o-que-faz-um-agente-de-trnsito\">O que faz um Agente de Tr\u00e2nsito?<\/h2>\n\n\n\n<p>O Agente de Tr\u00e2nsito \u00e9 respons\u00e1vel por realizar a fiscaliza\u00e7\u00e3o e circula\u00e7\u00e3o de ve\u00edculos a fim de manter a ordem e evitar colis\u00f5es de ve\u00edculos e atropelamentos. Ele tamb\u00e9m orienta os pedestres e sinaliza casos de acidente. Conhe\u00e7a as <strong>principais atribui\u00e7\u00f5es do cargo:<\/strong><\/p>\n\n\n\n<ul class=\"wp-block-list\"><li>Orientar o fluxo de ve\u00edculos para evitar congestionamento e acidentes;<\/li>\n\n\n\n<li>Fiscaliza\u00e7\u00e3o e orienta\u00e7\u00e3o sobre o comprimento das leis de tr\u00e2nsito;<\/li>\n\n\n\n<li>Informar a autoridade de tr\u00e2nsito a cerca de irregulares;<\/li>\n\n\n\n<li>Implementar desvios para organizar o tr\u00e2nsito;<\/li>\n\n\n\n<li>Providenciar guinchos para rebocar ve\u00edculos com problemas mec\u00e2nicos ou envolvidos em acidentes;<\/li>\n\n\n\n<li>Providenciar sinaliza\u00e7\u00e3o e orientar o tr\u00e2nsito em vias com obras;<\/li>\n\n\n\n<li>Implementar bloqueios seguindo orienta\u00e7\u00f5es da autoridade de tr\u00e2nsito;<\/li>\n\n\n\n<li>Verificar condi\u00e7\u00f5es externas e internas dos ve\u00edculos;<\/li>\n\n\n\n<li>Atuar no planejamento de opera\u00e7\u00f5es de tr\u00e2nsito;<\/li>\n\n\n\n<li>Participa\u00e7\u00e3o de pesquisas para descobrir problemas de pavimenta\u00e7\u00e3o e sinaliza\u00e7\u00e3o de tr\u00e2nsito;<\/li>\n\n\n\n<li>Propor instala\u00e7\u00e3o de aparelhagem de tr\u00e2nsito, como sem\u00e1foros e lombadas, al\u00e9m de alargamento de ruas e posicionamento de ponto de \u00f4nibus;<\/li>\n\n\n\n<li>Manuseio de sistemas de\u00a0inform\u00e1tica\u00a0para realiza\u00e7\u00e3o de atividades relacionadas a fun\u00e7\u00e3o.<\/li>\n<\/ul><p><\/p>\n\n\n\n<h2 class=\"wp-block-heading\" id=\"quem-pode-fazer-o-concurso-para-agente-de-trnsito\">Quem pode fazer o concurso para Agente de Tr\u00e2nsito?<\/h2>\n\n\n\n<p>Qualquer pessoa pode participar! Basta ter idade igual ou superior a 18 anos na posse do cargo, n\u00e3o ter condi\u00e7\u00f5es f\u00edsicas e mentais, estar em dia com a Justi\u00e7a Eleitoral e, se for homem, estar em dia com as obriga\u00e7\u00f5es militares.<\/p>\n\n\n\n<p>Al\u00e9m disso, a carreira <strong>exige ensino m\u00e9dio completo<\/strong> e Carteira Nacional de Habilita\u00e7\u00e3o, no m\u00ednimo, na categoria \u201cB\u201d.<\/p>\n\n\n\n<p><\/p>\n\n\n\n<h2 class=\"wp-block-heading\" id=\"quanto-ganha-um-agente-de-trnsito\">Quanto ganha um Agente de Tr\u00e2nsito?<\/h2>\n\n\n\n<p>A remunera\u00e7\u00e3o inicial <strong>gira em torno de R$ 2.800,00<\/strong>. No entanto pode sofrer altera\u00e7\u00f5es conforme a cidade e o grau de escolaridade do servidor.<\/p>\n\n\n\n<h2 class=\"wp-block-heading\" id=\"o-que-estudar-para-agente-municipal-de-trnsito\">O que estudar para Agente Municipal de Tr\u00e2nsito?<\/h2>\n\n\n\n<p>Os concursos para o cargo costumam cobrar disciplinas de L\u00edngua Portuguesa, No\u00e7\u00f5es de Inform\u00e1tica, Racioc\u00ednio L\u00f3gico Matem\u00e1tico, Legisla\u00e7\u00e3o e Conhecimentos Espec\u00edficos. Veja os principais assuntos que s\u00e3o cobrados:<\/p>\n\n\n\n<p><strong>L\u00edngua Portuguesa<\/strong><\/p>\n\n\n\n<ul class=\"wp-block-list\"><li>Interpreta\u00e7\u00e3o de texto;<\/li>\n\n\n\n<li>D\u00edgrafos;<\/li>\n\n\n\n<li>Encontros voc\u00e1licos e consonantais;;<\/li>\n\n\n\n<li>Acentua\u00e7\u00e3o;<\/li>\n\n\n\n<li>Crase;<\/li>\n\n\n\n<li>Pontua\u00e7\u00e3o;<\/li>\n\n\n\n<li>Classifica\u00e7\u00e3o das ora\u00e7\u00f5es;<\/li>\n\n\n\n<li>Termos essenciais, integrantes e acess\u00f3rios da ora\u00e7\u00e3o;<\/li>\n\n\n\n<li>Per\u00edodo simples e composto;<\/li>\n\n\n\n<li>Classes de palavras (substantivo, adjetivo, numeral, adv\u00e9rbio, pronome); <\/li>\n\n\n\n<li>Processos de forma\u00e7\u00e3o das palavras;<\/li>\n\n\n\n<li>Concord\u00e2ncia nominal e verbal;<\/li>\n\n\n\n<li>Reg\u00eancia nominal e verbal.<\/li>\n<\/ul><p><\/p>\n\n\n\n<p><strong>No\u00e7\u00f5es de Inform\u00e1tica<\/strong><\/p>\n\n\n\n<ul class=\"wp-block-list\"><li>Conhecimentos b\u00e1sicos de hardware e software<\/li>\n\n\n\n<li>Windows<\/li>\n\n\n\n<li>Navegadores (Internet Explorer, Google Chrome e Mozilla Firefox)<\/li>\n\n\n\n<li>Conhecimentos de produ\u00e7\u00e3o de textos, planilhas e apresenta\u00e7\u00f5es no Pacote Office e LibreOffice;<\/li>\n\n\n\n<li>Conhecimentos b\u00e1sicos de banco de dados, Internet e intranet;<\/li>\n\n\n\n<li>Procedimentos b\u00e1sicos para seguran\u00e7a de informa\u00e7\u00f5es.<\/li>\n<\/ul><p><\/p>\n\n\n\n<p><strong>Racioc\u00ednio L\u00f3gico Matem\u00e1tico<\/strong><\/p>\n\n\n\n<ul class=\"wp-block-list\"><li>Sequ\u00eancias l\u00f3gicas com figuras, letras e n\u00fameros;<\/li>\n\n\n\n<li>Princ\u00edpios b\u00e1sicos de combina\u00e7\u00e3o e probabilidade;<\/li>\n\n\n\n<li>Princ\u00edpio de regress\u00e3o ou revers\u00e3o L\u00f3gica (dedutiva, argumentativa e quantitativa);<\/li>\n\n\n\n<li>Conjuntos (igualdade, inclus\u00e3o, pertin\u00eancia e opera\u00e7\u00f5es);<\/li>\n\n\n\n<li>Raz\u00e3o de tr\u00eas simples e composta; <\/li>\n\n\n\n<li>Geometria anal\u00edtica, plana e espacial; <\/li>\n\n\n\n<li>Equa\u00e7\u00f5es, inequa\u00e7\u00f5es e fun\u00e7\u00f5es de 1\u00ba e 2\u00ba grau;<\/li>\n\n\n\n<li>Sistemas lineares;<\/li>\n\n\n\n<li>Matrizes determinantes.<\/li>\n<\/ul><p><\/p>\n\n\n\n<p><strong>Legisla\u00e7\u00e3o<\/strong><\/p>\n\n\n\n<ul class=\"wp-block-list\"><li>Constitui\u00e7\u00e3o Federal (artigos relacionados ao tr\u00e2nsito);<\/li>\n\n\n\n<li>Lei de Improbidade Administrativa;<\/li>\n\n\n\n<li>Estatuto dos Servidores P\u00fablicos (da cidade que realiza o concurso).<\/li>\n<\/ul><p><\/p>\n\n\n\n<p><strong>Conhecimentos Espec\u00edficos<\/strong><\/p>\n\n\n\n<ul class=\"wp-block-list\"><li>C\u00f3digo Brasileiro de Tr\u00e2nsito: Regras para tr\u00e1fego de ve\u00edculos<\/li>\n\n\n\n<li>Sinaliza\u00e7\u00e3o de tr\u00e2nsito;<\/li>\n\n\n\n<li>Registro e licenciamento de autom\u00f3veis;<\/li>\n\n\n\n<li>Infra\u00e7\u00f5es de tr\u00e2nsito;<\/li>\n\n\n\n<li> Puni\u00e7\u00f5es para desobedi\u00eancia \u00e0s leis de tr\u00e2nsito.<\/li>\n<\/ul><p><\/p>\n\n\n\n<h2 class=\"wp-block-heading\" id=\"quais-os-concurso-abertos-para-agente-de-trnsito\">Quais os concurso abertos para Agente de Tr\u00e2nsito?<\/h2>\n\n\n\n<p><strong>Concurso Prefeitura de Guanambi \u2013 BA<\/strong><\/p>\n\n\n\n<p>Est\u00e1 aberto o concurso Prefeitura de Guanambi, na Bahia, com oferta de <strong>165 vagas,<\/strong> sendo 15 oportunidades para o cargo de Agente de Tr\u00e2nsito.<\/p>\n\n\n\n<p>As inscri\u00e7\u00f5es devem ser realizadas no site do IBAM, banca organizadora, entre os dias <strong>1 de junho e 18 de julho<\/strong>, devendo o candidato efetuar o pagamento da <strong>taxa de inscri\u00e7\u00e3o<\/strong> que varia entre R$ 95,00 e R$ 125,00 para que a candidatura seja homologada. <\/p>\n\n\n\n<p>Os candidatos ser\u00e3o avaliados por meio de uma prova objetiva prevista para o dia 20 de agosto de 2023.<\/p>\n\n\n\n<p><strong>Concurso Prefeitura de Porangatu \u2013 GO<\/strong><\/p>\n\n\n\n<p>O edital do concurso Prefeitura de Porangatu \u2013 GO tamb\u00e9m est\u00e1 aberto para o provimento de <strong>80 oportunidades,<\/strong> sendo uma delas destinada ao cargo de Agente de Tr\u00e2nsito, com provas em setembro.<\/p>\n\n\n\n<p>As inscri\u00e7\u00f5es ser\u00e3o recebidas no site do\u00a0<a href=\"http:\/\/www.itame.com.br\/site\/concursos_detalhes.aspx?conid=2MHDq24beXw=\" target=\"_blank\" rel=\"noreferrer noopener\">Itame \u2013 Instituto de Consultoria e Concursos<\/a> at\u00e9 o dia 17 de julho de 2023.<\/p>\n\n\n\n<h2 class=\"wp-block-heading\" id=\"\"><\/h2>\n\n\n\n<p><strong>Concurso Prefeitura de Matel\u00e2ndia e Previmat \u2013 PR<\/strong><\/p>\n\n\n\n<p>No Paran\u00e1, temos concurso na Prefeitura de Matel\u00e2ndia e Previmat com oferta de <strong>36 vagas destinadas a forma\u00e7\u00e3o de um cadastro reserva <\/strong>que poder\u00e1 ser utilizado pelo per\u00edodo de dois anos.<\/p>\n\n\n\n<p>Para se inscrever \u00e9 necess\u00e1rio acessar o site da\u00a0<a href=\"https:\/\/www.unioeste.br\/portal\/cogeps\/correntes\" target=\"_blank\" rel=\"noreferrer noopener\">Unioeste<\/a>, entre os dias 22 de maio e 6 de julho de 2023\u00a0e efetuar o pagamento da taxa de inscri\u00e7\u00e3o para que a candidatura seja homologada.<\/p>\n\n\n\n<p><strong>Concurso Prefeitura de Sim\u00f5es Filho \u2013 BA<\/strong><\/p>\n\n\n\n<p>A Prefeitura de Sim\u00f5es Filho \u2013 BA tamb\u00e9m est\u00e1 com edital aberto com<strong> 10 vagas para Agente de Tr\u00e2nsito! <\/strong><\/p>\n\n\n\n<p>Para se inscrever, basta acessar o site da\u00a0<a href=\"https:\/\/www.concepcaoconsultoria.com.br\/pagina\/240\/Prefeitura-Municipal-de-Simoes-Filho.aspx\" target=\"_blank\" rel=\"noreferrer noopener\">Concep\u00e7\u00e3o Consultoria<\/a> e efetuar o pagamento da taxa de inscri\u00e7\u00e3o at\u00e9 o dia<strong> 30 de junho de 2023.<\/strong><\/p>\n\n\n\n<p><strong>Concurso Prefeitura de Mogi Mirim \u2013 SP<\/strong><\/p>\n\n\n\n<p>A cidade de Mori Mirim, em S\u00e3o Paulo, est\u00e1 ofertando oportunidades de cadastro reserva que poder\u00e3o ser utilizadas pelo per\u00edodo de dois anos. As provas ser\u00e3o realizadas dia<strong> 30 de julho de 2023.<\/strong><\/p>\n\n\n\n<p>Para se inscrever basta acessar o site da <a href=\"https:\/\/www.ibamsp-concursos.org.br\/site\/\" target=\"_blank\" rel=\"noreferrer noopener\">organizadora<\/a>, e efetuar o pagamento da taxa de inscri\u00e7\u00e3o at\u00e9 o dia 22 de junho de 2023.<\/p>\n\n\n\n<h2 class=\"wp-block-heading\" id=\"concurso-amc-fortaleza-at-julho\">Concurso AMC Fortaleza at\u00e9 julho!<\/h2>\n\n\n\n<p>A Autarquia Municipal de Tr\u00e2nsito e Cidadania de Fortaleza (AMC), no Cear\u00e1, formou a comiss\u00e3o do novo\u00a0<a href=\"https:\/\/www.novaconcursos.com.br\/portal\/concursos\/concurso-prefeitura-de-fortaleza-ce\/\">concurso AMC Fortaleza<\/a>\u00a0que vai ofertar<strong>\u00a0128 vagas<\/strong>\u00a0para o cargo de Agente de Tr\u00e2nsito.<\/p>\n\n\n\n<p>A comiss\u00e3o \u00e9 respons\u00e1vel por coordenar, supervisionar, orientar e acompanhar o processamento de todas as fases do concurso, bem como, escolher uma\u00a0<strong>banca organizadora\u00a0<\/strong>para sele\u00e7\u00e3o.<\/p>\n\n\n\n<p>Assim que a banca estiver definida, a publica\u00e7\u00e3o do edital se torna iminente. A previs\u00e3o de lan\u00e7amento \u00e9 at\u00e9\u00a0<strong>julho de 2023.<\/strong> Saiba mais, <a href=\"https:\/\/www.novaconcursos.com.br\/portal\/noticias\/concurso-amc-fortaleza-edital-para-agente-ate-julho\/\">aqui!<\/a><\/p>\n\n\n\n<h2 class=\"wp-block-heading\" id=\"concurso-prefeitura-de-olinda-j-tem-projeto-bsico\">Concurso Prefeitura de Olinda j\u00e1 tem projeto b\u00e1sico!<\/h2>\n\n\n\n<p>Saiu o projeto b\u00e1sico, que funciona como um espelho do edital do\u00a0<a href=\"https:\/\/www.novaconcursos.com.br\/portal\/concursos-abertos\/pe\/\">concurso Olinda<\/a>\u00a0que prev\u00ea o preenchimento de<strong>\u00a080 vagas\u00a0<\/strong>para o cargo de Agente de Tr\u00e2nsito, exig\u00eancia de n\u00edvel m\u00e9dio.\u00a0<\/p>\n\n\n\n<p>Os aprovados cumprir\u00e3o carga hor\u00e1ria de\u00a0<strong>60 horas semanais<\/strong>\u00a0e ser\u00e3o remunerados com\u00a0<strong>sal\u00e1rios iniciais<\/strong>\u00a0no valor de R$ 1.324,40. <\/p>\n\n\n\n<p>O\u00a0<strong>projeto b\u00e1sico<\/strong>\u00a0tamb\u00e9m trouxe detalhes acerca das provas e etapas do novo concurso. Veja quais s\u00e3o!<\/p>\n\n\n\n<ul class=\"wp-block-list\"><li>Prova Objetiva;<\/li>\n\n\n\n<li>Exame M\u00e9dico;<\/li>\n\n\n\n<li>Teste de Aptid\u00e3o F\u00edsica (TAF);<\/li>\n\n\n\n<li>Avalia\u00e7\u00e3o Psicol\u00f3gica;<\/li>\n\n\n\n<li>Investiga\u00e7\u00e3o Social;<\/li>\n\n\n\n<li>Curso de Forma\u00e7\u00e3o.<\/li>\n<\/ul><p><\/p>\n\n\n\n<p>Saiba mais detalhes, <a href=\"https:\/\/www.novaconcursos.com.br\/portal\/noticias\/concurso-olinda-selecao-para-agente-de-transito-nivel-medio-em-breve\/\">clicando aqui!<\/a><\/p>","protected":false},"excerpt":{"rendered":"<p>Nesta segunda-feira, 5 de junho, o presidente Luiz In\u00e1cio Lula da Silva sancionou a Lei 14.594\/23 que cria o Dia Nacional de Agente de Tr\u00e2nsito que ser\u00e1 comemorado no dia 11 de maio. Entenda! Esse dia foi escolhido porque em 2010, na mesma data, a Assembleia Geral da Organiza\u00e7\u00e3o das Na\u00e7\u00f5es Unidas (ONU) definiu o [&hellip;]<\/p>\n","protected":false},"author":54679,"featured_media":156720,"comment_status":"closed","ping_status":"closed","sticky":false,"template":"","format":"standard","meta":{"_acf_changed":false,"footnotes":"","_wp_rev_ctl_limit":""},"categories":[33508],"tags":[],"class_list":["post-196112","post","type-post","status-publish","format-standard","has-post-thumbnail","hentry","category-artigos"],"acf":[],"_links":{"self":[{"href":"https:\/\/www.novaconcursos.com.br\/portal\/wp-json\/wp\/v2\/posts\/196112","targetHints":{"allow":["GET"]}}],"collection":[{"href":"https:\/\/www.novaconcursos.com.br\/portal\/wp-json\/wp\/v2\/posts"}],"about":[{"href":"https:\/\/www.novaconcursos.com.br\/portal\/wp-json\/wp\/v2\/types\/post"}],"author":[{"embeddable":true,"href":"https:\/\/www.novaconcursos.com.br\/portal\/wp-json\/wp\/v2\/users\/54679"}],"replies":[{"embeddable":true,"href":"https:\/\/www.novaconcursos.com.br\/portal\/wp-json\/wp\/v2\/comments?post=196112"}],"version-history":[{"count":7,"href":"https:\/\/www.novaconcursos.com.br\/portal\/wp-json\/wp\/v2\/posts\/196112\/revisions"}],"predecessor-version":[{"id":196146,"href":"https:\/\/www.novaconcursos.com.br\/portal\/wp-json\/wp\/v2\/posts\/196112\/revisions\/196146"}],"wp:featuredmedia":[{"embeddable":true,"href":"https:\/\/www.novaconcursos.com.br\/portal\/wp-json\/wp\/v2\/media\/156720"}],"wp:attachment":[{"href":"https:\/\/www.novaconcursos.com.br\/portal\/wp-json\/wp\/v2\/media?parent=196112"}],"wp:term":[{"taxonomy":"category","embeddable":true,"href":"https:\/\/www.novaconcursos.com.br\/portal\/wp-json\/wp\/v2\/categories?post=196112"},{"taxonomy":"post_tag","embeddable":true,"href":"https:\/\/www.novaconcursos.com.br\/portal\/wp-json\/wp\/v2\/tags?post=196112"}],"curies":[{"name":"wp","href":"https:\/\/api.w.org\/{rel}","templated":true}]}}