{"id":196459,"date":"2023-06-07T15:26:47","date_gmt":"2023-06-07T18:26:47","guid":{"rendered":"https:\/\/www.novaconcursos.com.br\/portal\/?p=196459"},"modified":"2023-06-07T18:07:19","modified_gmt":"2023-06-07T21:07:19","slug":"concursos-ibama-e-icmbio-marina-pede-a-convocacao-de-mais-417-aprovados","status":"publish","type":"post","link":"https:\/\/www.novaconcursos.com.br\/portal\/noticias\/concursos-ibama-e-icmbio-marina-pede-a-convocacao-de-mais-417-aprovados\/","title":{"rendered":"Concursos IBAMA e ICMBIO: Marina pede a convoca\u00e7\u00e3o de mais 417 aprovados!"},"content":{"rendered":"<p>A ministra do Meio Ambiente, Marina Silva, falou sobre mais <strong>convoca\u00e7\u00f5es <\/strong>nos concursos\u00a0<a href=\"https:\/\/www.novaconcursos.com.br\/portal\/concursos\/concurso-ibama\/\">Ibama<\/a>\u00a0e <a href=\"https:\/\/www.novaconcursos.com.br\/portal\/concursos\/concurso-icmbio\/\">ICMBio<\/a>; previs\u00e3o \u00e9 que <strong>mais 417 aprovados<\/strong> sejam chamados!<\/p>\n\n\n\n<ul class=\"wp-block-list\"><li><strong>Confira:<\/strong> <a href=\"https:\/\/www.novaconcursos.com.br\/apostila\/ibama-prep-tecnico-ambiental\">Apostila IBAMA 2023 \u2013 T\u00e9cnico Ambiental<\/a><\/li>\n\n\n\n<li><strong>Confira: <\/strong><a href=\"https:\/\/www.novaconcursos.com.br\/curso-online\/ibama-tecnico-ambiental\">Curso IBAMA \u2013 T\u00e9cnico Ambiental<\/a><\/li>\n<\/ul><p><\/p>\n\n\n\n<p>Estude para o concurso dos seus sonhos com o\u00a0<strong>M\u00e9todo<\/strong>\u00a0que j\u00e1 ajudou na\u00a0<strong>aprova\u00e7\u00e3o de mais de 70 mil alunos.<\/strong>\u00a0<a href=\"https:\/\/aprovacao.novaconcursos.com.br\/assinatura\" target=\"_blank\" rel=\"noreferrer noopener\">Clique aqui<\/a>\u00a0e saiba mais!<\/p>\n\n\n\n<h2 class=\"wp-block-heading\" id=\"concursos-ibama-e-icmbio-mais-convocaes-so-solicitadas\">Concursos Ibama e ICMBio: mais convoca\u00e7\u00f5es s\u00e3o solicitadas<\/h2>\n\n\n\n<p>Sendo assim, a Ministra do Meio Ambiente, Marina Silva, falou recentemente sobre mais convoca\u00e7\u00f5es nos <a href=\"https:\/\/www.novaconcursos.com.br\/portal\/concursos-previstos\/nacional\/\">editais<\/a> realizados para o <strong>Ibama e ICMBIO.<\/strong><\/p>\n\n\n\n<ul class=\"wp-block-list\"><li><strong>Confira: <\/strong><a href=\"https:\/\/www.novaconcursos.com.br\/apostila\/icmbio-prep-tecnico-ambiental\">Apostila ICMBIO 2023 \u2013 T\u00e9cnico Ambiental<\/a><\/li>\n<\/ul><p><\/p>\n\n\n\n<p>Assim, tudo acabou relevado atrav\u00e9s de um <strong>of\u00edcio <\/strong>encaminhado por ela \u00e0 ministra de Gest\u00e3o e da Inova\u00e7\u00e3o em Servi\u00e7os P\u00fablicos, Esther Dweck.<\/p>\n\n\n\n<p>No documento, ent\u00e3o, Marina pede o <strong>aproveitamento do cadastro reserva <\/strong>dos \u00faltimos certames realizados pelos \u00f3rg\u00e3os.<\/p>\n\n\n\n<p>Al\u00e9m disso, a ministra citou que a inten\u00e7\u00e3o \u00e9 que haja o chamamento de<strong>\u00a0257 aprovados<\/strong>\u00a0no concurso Ibama e o restante no ICMBio.<\/p>\n\n\n\n<h2 class=\"wp-block-heading\" id=\"novos-concursos-ibama-e-icmbio-tambm-tiveram-cobrana-da-mini\">Novos concursos IBAMA e ICMBIO tamb\u00e9m tiveram cobran\u00e7a da Ministra<\/h2>\n\n\n\n<p>Em entrevista \u00e0 CNN, Marina disse que o aval j\u00e1 conquistado junto ao Minist\u00e9rio da Gest\u00e3o e da Inova\u00e7\u00e3o em Servi\u00e7os P\u00fablicos, para novos concursos para os dois \u00f3rg\u00e3os, deve ter editais em breve. <\/p>\n\n\n\n<p><em>\u201cJ\u00e1 conseguimos junto ao Minist\u00e9rio da Gest\u00e3o concurso para o Ibama, ICMBio e Minist\u00e9rio do Meio Ambiente. E vamos emergencialmente convocar aqueles que fizeram concurso p\u00fablico e estavam na reserva de forma emergencial\u201d,<\/em>\u00a0disse a ministra.<\/p>\n\n\n\n<p>Assim, a ministra confirmou mais contrata\u00e7\u00f5es para os \u00f3rg\u00e3os e disse que este\u00a0<strong>ser\u00e1 um grande refor\u00e7o<\/strong> para essa \u00e1rea.<\/p>\n\n\n\n<p><em>\u201cA \u00e1rea foi completamente exaurida, mas que conta com t\u00e9cnicos e servidores p\u00fablicos muito dedicados que fizeram a diferen\u00e7a no momento em que foram pressionados, abandonados, intimidados por militares que estavam aqui dentro e que s\u00f3 estavam aqui exatamente para fazer o contr\u00e1rio da prote\u00e7\u00e3o\u201d,<\/em>\u00a0finaliza.<\/p>\n\n\n\n<p>Portanto, o pr\u00f3ximo passo dever\u00e1 ser a publica\u00e7\u00e3o da portaria autorizativa no Di\u00e1rio Oficial da Uni\u00e3o e depois a forma\u00e7\u00e3o de uma comiss\u00e3o.<\/p>\n\n\n\n<p>Entretanto, a ministra n\u00e3o confirmou\u00a0<strong>quantas vagas e quais os cargos<\/strong>\u00a0dever\u00e3o se contemplar com as sele\u00e7\u00f5es.<\/p>\n\n\n\n<p>Ademais, ela confirmou ainda uma sele\u00e7\u00e3o para o pr\u00f3prio\u00a0<strong>Minist\u00e9rio do Meio Ambiente,<\/strong>\u00a0sem dar muitos detalhes!<\/p>\n\n\n\n<h2 class=\"wp-block-heading\" id=\"concurso-ibama-dever-preencher-2408-vagas\">Concurso IBAMA dever\u00e1 preencher 2.408 vagas!<\/h2>\n\n\n\n<p>O concurso do Instituto\u00a0<a href=\"https:\/\/www.novaconcursos.com.br\/portal\/concursos-previstos\/nacional\/\">Brasileiro\u00a0<\/a>\u00a0do Meio Ambiente e Recursos Naturais Renov\u00e1veis tem<strong>\u00a0568 vagas previstas\u00a0<\/strong>para provimento imediato, al\u00e9m de CR.<\/p>\n\n\n\n<p>Desse n\u00famero, 432 vagas s\u00e3o para o cargo de\u00a0<strong>T\u00e9cnico Ambiental<\/strong>, de n\u00edvel m\u00e9dio. A remunera\u00e7\u00e3o para esse cargo \u00e9 de\u00a0<strong>R$ 4.063,34<\/strong>. O\u00a0<strong>restante das vagas<\/strong>\u00a0ter\u00e1 a seguinte distribui\u00e7\u00e3o:<\/p>\n\n\n\n<ul class=\"wp-block-list\"><li><strong>Analista Ambiental<\/strong>, de n\u00edvel superior e sal\u00e1rio de\u00a0<strong>R$ 8.547,64<\/strong>\u00a0(96 vagas); e<\/li>\n\n\n\n<li><strong>Analista Administrativo<\/strong>, de n\u00edvel superior e sal\u00e1rio de\u00a0<strong>R$ 8.547,64\u00a0<\/strong>(40 vagas).<\/li>\n<\/ul><p><\/p>\n\n\n\n<h2 class=\"wp-block-heading\" id=\"concurso-icmbio-tem-171-vagas-previstas\">Concurso ICMBIO tem 171 vagas previstas!<\/h2>\n\n\n\n<p>Por outro lado, o Concurso do<a href=\"https:\/\/www.gov.br\/icmbio\/pt-br\" target=\"_blank\" rel=\"noreferrer noopener\"> Instituto Chico Mendes de Preserva\u00e7\u00e3o da Biodiversidade<\/a> tem\u00a0<strong>171 vagas previstas\u00a0<\/strong>para preenchimento, tamb\u00e9m de n\u00edveis m\u00e9dio e superior.<\/p>\n\n\n\n<p>Para o n\u00edvel m\u00e9dio, ser\u00e3o ofertadas 110 oportunidades no cargo de<strong>\u00a0T\u00e9cnico Ambiental<\/strong>, cujo sal\u00e1rio \u00e9 de\u00a0<strong>R$ 4.063,34.<\/strong><\/p>\n\n\n\n<p>As outras 61 vagas restantes v\u00e3o para o cargo de\u00a0<strong>Analista Ambiental<\/strong>, que exige forma\u00e7\u00e3o no Ensino Superior e tem remunera\u00e7\u00e3o de\u00a0<strong>R$ 8.547,64.<\/strong><\/p>","protected":false},"excerpt":{"rendered":"<p>A ministra do Meio Ambiente, Marina Silva, falou sobre mais convoca\u00e7\u00f5es nos concursos\u00a0Ibama\u00a0e ICMBio; previs\u00e3o \u00e9 que mais 417 aprovados sejam chamados! Estude para o concurso dos seus sonhos com o\u00a0M\u00e9todo\u00a0que j\u00e1 ajudou na\u00a0aprova\u00e7\u00e3o de mais de 70 mil alunos.\u00a0Clique aqui\u00a0e saiba mais! Concursos Ibama e ICMBio: mais convoca\u00e7\u00f5es s\u00e3o solicitadas Sendo assim, a Ministra [&hellip;]<\/p>\n","protected":false},"author":54671,"featured_media":196312,"comment_status":"closed","ping_status":"closed","sticky":false,"template":"","format":"standard","meta":{"_acf_changed":false,"footnotes":"","_wp_rev_ctl_limit":""},"categories":[228],"tags":[],"class_list":["post-196459","post","type-post","status-publish","format-standard","has-post-thumbnail","hentry","category-noticias"],"acf":[],"_links":{"self":[{"href":"https:\/\/www.novaconcursos.com.br\/portal\/wp-json\/wp\/v2\/posts\/196459","targetHints":{"allow":["GET"]}}],"collection":[{"href":"https:\/\/www.novaconcursos.com.br\/portal\/wp-json\/wp\/v2\/posts"}],"about":[{"href":"https:\/\/www.novaconcursos.com.br\/portal\/wp-json\/wp\/v2\/types\/post"}],"author":[{"embeddable":true,"href":"https:\/\/www.novaconcursos.com.br\/portal\/wp-json\/wp\/v2\/users\/54671"}],"replies":[{"embeddable":true,"href":"https:\/\/www.novaconcursos.com.br\/portal\/wp-json\/wp\/v2\/comments?post=196459"}],"version-history":[{"count":7,"href":"https:\/\/www.novaconcursos.com.br\/portal\/wp-json\/wp\/v2\/posts\/196459\/revisions"}],"predecessor-version":[{"id":196466,"href":"https:\/\/www.novaconcursos.com.br\/portal\/wp-json\/wp\/v2\/posts\/196459\/revisions\/196466"}],"wp:featuredmedia":[{"embeddable":true,"href":"https:\/\/www.novaconcursos.com.br\/portal\/wp-json\/wp\/v2\/media\/196312"}],"wp:attachment":[{"href":"https:\/\/www.novaconcursos.com.br\/portal\/wp-json\/wp\/v2\/media?parent=196459"}],"wp:term":[{"taxonomy":"category","embeddable":true,"href":"https:\/\/www.novaconcursos.com.br\/portal\/wp-json\/wp\/v2\/categories?post=196459"},{"taxonomy":"post_tag","embeddable":true,"href":"https:\/\/www.novaconcursos.com.br\/portal\/wp-json\/wp\/v2\/tags?post=196459"}],"curies":[{"name":"wp","href":"https:\/\/api.w.org\/{rel}","templated":true}]}}