{"id":196651,"date":"2023-06-13T12:50:59","date_gmt":"2023-06-13T15:50:59","guid":{"rendered":"https:\/\/www.novaconcursos.com.br\/portal\/?p=196651"},"modified":"2023-06-13T12:51:01","modified_gmt":"2023-06-13T15:51:01","slug":"concurso-iss-rj-retificacao-altera-etapas-de-selecao-e-periodo-de-inscricao","status":"publish","type":"post","link":"https:\/\/www.novaconcursos.com.br\/portal\/noticias\/concurso-iss-rj-retificacao-altera-etapas-de-selecao-e-periodo-de-inscricao\/","title":{"rendered":"Concurso ISS RJ: Retifica\u00e7\u00e3o altera etapas de sele\u00e7\u00e3o e per\u00edodo de inscri\u00e7\u00e3o!"},"content":{"rendered":"<p>Aten\u00e7\u00e3o, concurseiros! Foram <strong>retificados os dois editais<\/strong> do <a href=\"https:\/\/www.novaconcursos.com.br\/portal\/concursos\/concurso-iss-rj\/\">concurso ISS RJ<\/a> (Secretaria Municipal de Fazenda e Planejamento do Rio de Janeiro). A mudan\u00e7a \u00e9 na <strong>estrutura de provas e na data de inscri\u00e7\u00e3o<\/strong>; veja! Os sal\u00e1rios ficam entre <strong>R$12 mil e R$ 26 mil<\/strong>.<\/p>\n\n\n\n<ul class=\"wp-block-list\"><li><strong>Confira:<\/strong> <a href=\"https:\/\/www.novaconcursos.com.br\/livro\/1000-questoes-gabaritadas-fgv\">Livro 1.000 Quest\u00f5es Gabaritadas da FGV<\/a><\/li>\n<\/ul><p><\/p>\n\n\n\n<p>Estude para o concurso dos seus sonhos com o\u00a0<strong>M\u00e9todo<\/strong>\u00a0que j\u00e1 ajudou na\u00a0<strong>aprova\u00e7\u00e3o de mais de 70 mil alunos.<\/strong>\u00a0<a href=\"https:\/\/aprovacao.novaconcursos.com.br\/assinatura\" target=\"_blank\" rel=\"noreferrer noopener\">Clique aqui<\/a>\u00a0e saiba mais!<\/p>\n\n\n\n<h2 class=\"wp-block-heading\" id=\"concurso-iss-rj-o-que-mudou-no-edital\">Concurso ISS RJ: o que mudou no edital?<\/h2>\n\n\n\n<p>Portanto, a Secretaria Municipal de Fazenda e Planejamento do <a href=\"https:\/\/www.novaconcursos.com.br\/portal\/concursos-previstos\/rj\/\">Rio de Janeiro<\/a> anunciou retifica\u00e7\u00f5es em seus dois <strong>editais publicados.<\/strong><\/p>\n\n\n\n<p>Assim, a mudan\u00e7a \u00e9 na estrutura de <strong>provas <\/strong>e na data de <strong>inscri\u00e7\u00e3o <\/strong>e foi anunciada em documento publicado nesta segunda-feira, 12 de junho.<\/p>\n\n\n\n<ul class=\"wp-block-list\"><li><a href=\"https:\/\/conhecimento.fgv.br\/sites\/default\/files\/concursos\/retificacao-02-fiscal-de-rendas.pdf\" target=\"_blank\" rel=\"noreferrer noopener\">Confira a retifica\u00e7\u00e3o do edital n\u00ba 83<\/a><\/li>\n\n\n\n<li><a href=\"https:\/\/conhecimento.fgv.br\/sites\/default\/files\/concursos\/smf-apo_retificacao_2_0.pdf\" target=\"_blank\" rel=\"noreferrer noopener\">Confira a retifica\u00e7\u00e3o do edital n\u00ba 84<\/a><\/li>\n<\/ul><p><\/p>\n\n\n\n<p>Sendo assim, para Fiscal de Rendas, a <strong>prova de t\u00edtulo<\/strong> que estava sendo cobrada no edital, foi retirada, ou seja, <strong>n\u00e3o haver\u00e1<\/strong> a etapa.<\/p>\n\n\n\n<p>Ent\u00e3o, o concurso vai ser realizado com apenas uma etapa, sendo a <strong>prova objetiva<\/strong>. Ela ter\u00e1 quest\u00f5es de conhecimentos b\u00e1sicos e espec\u00edficos e ser\u00e1 em car\u00e1ter eliminat\u00f3rio e classificat\u00f3rio. <\/p>\n\n\n\n<p>Vale destacar que os demais itens do edital para Fiscal permanecem inalterados.<\/p>\n\n\n\n<p>J\u00e1 no edital para Analista de Planejamento e Or\u00e7amento, as inscri\u00e7\u00f5es, foram\u00a0<strong>prorrogadas at\u00e9 14 de junho<\/strong>.<\/p>\n\n\n\n<p>Assim, o prazo se <strong>encerraria <\/strong>nesta segunda-feira, 12 de junho. As inscri\u00e7\u00f5es devem ser feitas pelo site da Funda\u00e7\u00e3o Get\u00falio Vargas (FGV), banca organizadora. A taxa \u00e9 de <strong>R$125.\u00a0<\/strong><\/p>\n\n\n\n<h2 class=\"wp-block-heading\" id=\"como-realizar-a-inscrio-do-concurso-da-iss-rj\">Como realizar a inscri\u00e7\u00e3o do concurso da ISS RJ?<\/h2>\n\n\n\n<p>Portanto, as inscri\u00e7\u00f5es para o cargo de\u00a0<strong>Analista<\/strong>\u00a0est\u00e3o prorrogadas. Enquanto as inscri\u00e7\u00f5es para o cargo de<strong>\u00a0Fiscal<\/strong> se prolongar\u00e3o at\u00e9 o dia<strong> 05 de julho.<\/strong><\/p>\n\n\n\n<p>Para efetu\u00e1-la, \u00e9 necess\u00e1rio realizar o pagamento da\u00a0<strong>taxa,\u00a0<\/strong>confira o valor de acordo com cada cargo, sendo R$ 125 para Analista e R$ 260 para Fiscal. <\/p>\n\n\n\n<p>Ademais, o per\u00edodo de solicitar\u00a0<strong>isen\u00e7\u00e3o<\/strong>\u00a0da taxa para ambos os editais est\u00e1 encerrado. Por fim, ambas as inscri\u00e7\u00f5es devem se realizar pelo site da banca,\u00a0<a href=\"https:\/\/portal.fgv.br\/\" target=\"_blank\" rel=\"noreferrer noopener\">FGV.<\/a><\/p>\n\n\n\n<h2 class=\"wp-block-heading\" id=\"concurso-iss-rj-cargos-vagas-e-salrios\"><a><\/a>Concurso ISS RJ: cargos, vagas e sal\u00e1rios<\/h2>\n\n\n\n<p>Posteriormente, o concurso est\u00e1 ofertando<strong>\u00a018 vagas imediatas<\/strong>\u00a0para o cargo de\u00a0<strong>Analista de Planejamento e Or\u00e7amento (APO),<\/strong>\u00a0sendo distribu\u00eddas da seguinte forma:<\/p>\n\n\n\n<ul class=\"wp-block-list\"><li>Ampla concorr\u00eancia: 13 vagas;<\/li>\n\n\n\n<li>Cota para negros e ind\u00edgenas: 04 vagas; e<\/li>\n\n\n\n<li>Cota para pessoas com defici\u00eancia (PcD): 01 vaga.<\/li>\n<\/ul><p><\/p>\n\n\n\n<p>J\u00e1 o sal\u00e1rio inicial da carreira soma\u00a0<strong>R$12.542,03;<\/strong> a remunera\u00e7\u00e3o base composta da seguinte forma:<\/p>\n\n\n\n<ul class=\"wp-block-list\"><li>Vencimento B\u00e1sico: R$1.833,63;<\/li>\n\n\n\n<li>Gratifica\u00e7\u00e3o de Produtividade de Desempenho Or\u00e7ament\u00e1rio (Lei n\u00ba 4.450\/06): R$6.763,20; e<\/li>\n\n\n\n<li>Gratifica\u00e7\u00e3o Complementar (Lei n.\u00ba 6.064\/2016): 3.945,20.<\/li>\n<\/ul><p><\/p>\n\n\n\n<p>Por outro lado, para o cargo de\u00a0<strong>Fiscal de Rendas,<\/strong>\u00a0est\u00e3o sendo ofertadas<strong>\u00a050 vagas imediatas,<\/strong>\u00a0confira a distribui\u00e7\u00e3o:<\/p>\n\n\n\n<ul class=\"wp-block-list\"><li>Ampla concorr\u00eancia: 37 vagas;<\/li>\n\n\n\n<li>Cota para negros e ind\u00edgenas: 10 vagas; e<\/li>\n\n\n\n<li>Cota para pessoas com defici\u00eancia (PcD): 03 vagas.<\/li>\n<\/ul><p><\/p>\n\n\n\n<p>Neste caso, ent\u00e3o, o sal\u00e1rio inicial \u00e9 de <strong>R$ 26.068,43<\/strong>. Veja a composi\u00e7\u00e3o da remunera\u00e7\u00e3o base:<\/p>\n\n\n\n<ul class=\"wp-block-list\"><li>Vencimento B\u00e1sico: R$ 1.833,63;<\/li>\n\n\n\n<li>Gratifica\u00e7\u00e3o de Produtividade Fiscal at\u00e9 20.289,60; e<\/li>\n\n\n\n<li>Gratifica\u00e7\u00e3o Complementar \u2013 Lei n\u00ba 6.064\/2016(*): R$ 3.945,20.<\/li>\n<\/ul><p><\/p>\n\n\n\n<h2 class=\"wp-block-heading\" id=\"como-sero-as-etapas-de-seleo-dos-dois-editals\">Como ser\u00e3o as etapas de sele\u00e7\u00e3o dos dois editals?<\/h2>\n\n\n\n<p>Antes de mais nada, \u00e9 importante destacar que as <strong>provas objetivas<\/strong> de ambos os cargos ocorrer\u00e3o no\u00a0<strong>munic\u00edpio<\/strong>\u00a0do <a href=\"https:\/\/www.novaconcursos.com.br\/portal\/concursos-abertos\/rj\/\">Rio de Janeiro<\/a> (RJ). Como citado acima, \u00e9 uma etapa \u00fanica!<\/p>\n\n\n\n<h3 class=\"wp-block-heading\">Etapas para o cargo de\u00a0Analista <\/h3>\n\n\n\n<p>Sendo assim, para Analista as provas ter\u00e3o aplica\u00e7\u00e3o no dia<strong> 27 de agosto <\/strong>de 2023, dividida entre P1 e P2, em hor\u00e1rios diferentes; veja:<\/p>\n\n\n\n<ul class=\"wp-block-list\"><li>Prova objetiva (P1): das 08h \u00e0s 11h30; e<\/li>\n\n\n\n<li>Prova objetiva (P2): 15h \u00e0s 18h30.<\/li>\n<\/ul><p><\/p>\n\n\n\n<p>Ademais, confira abaixo as <strong>disciplinas\u00a0<\/strong>cobradas e a\u00a0<strong>distribui\u00e7\u00e3o das quest\u00f5es:<\/strong><\/p>\n\n\n\n<figure class=\"wp-block-image\"><a href=\"https:\/\/www.novaconcursos.com.br\/portal\/wp-content\/uploads\/2023\/05\/prova-objetiva.png\"><img decoding=\"async\" width=\"825\" height=\"343\" src=\"https:\/\/www.novaconcursos.com.br\/portal\/wp-content\/uploads\/2023\/05\/prova-objetiva.png\" alt=\"\" class=\"wp-image-193454\" loading=\"lazy\" title=\"\" srcset=\"https:\/\/www.novaconcursos.com.br\/portal\/wp-content\/uploads\/2023\/05\/prova-objetiva-300x125.png 300w, https:\/\/www.novaconcursos.com.br\/portal\/wp-content\/uploads\/2023\/05\/prova-objetiva.png 825w\" sizes=\"auto, (max-width: 480px) 100vw, (max-width: 768px) 100vw, (max-width: 1200px) 70vw, 768px\"><\/a><\/figure><p><strong>Habilitado\u00a0<\/strong>o candidato que obtiver, no m\u00ednimo, 50 pontos na P1 e 60 pontos na P2.<\/p>\n\n\n\n<h3 class=\"wp-block-heading\">Etapas para o cargo de Fiscal <\/h3>\n\n\n\n<p>Posteriormente, os candidatos a Fiscal ter\u00e3o que fazer a prova no dia<strong>\u00a003 de setembro de 2023,\u00a0<\/strong>sendo dividida entre P1 e P2. Confira como ser\u00e1 a sua\u00a0<strong>composi\u00e7\u00e3o:<\/strong><\/p>\n\n\n\n<figure class=\"wp-block-image\"><a href=\"https:\/\/www.novaconcursos.com.br\/portal\/wp-content\/uploads\/2023\/05\/imagem_2023-05-23_092629228.png\"><img decoding=\"async\" width=\"688\" height=\"500\" src=\"https:\/\/www.novaconcursos.com.br\/portal\/wp-content\/uploads\/2023\/05\/imagem_2023-05-23_092629228.png\" alt=\"\" class=\"wp-image-194723\" loading=\"lazy\" title=\"\" srcset=\"https:\/\/www.novaconcursos.com.br\/portal\/wp-content\/uploads\/2023\/05\/imagem_2023-05-23_092629228-300x218.png 300w, https:\/\/www.novaconcursos.com.br\/portal\/wp-content\/uploads\/2023\/05\/imagem_2023-05-23_092629228.png 688w\" sizes=\"auto, (max-width: 480px) 100vw, (max-width: 768px) 100vw, (max-width: 1200px) 70vw, 768px\"><\/a><\/figure><p>Al\u00e9m disso, as avalia\u00e7\u00f5es tamb\u00e9m ter\u00e3o <strong>hor\u00e1rios <\/strong>diferenciados. Portanto, veja: <\/p>\n\n\n\n<ul class=\"wp-block-list\"><li>P1 (08h \u00e0s 12h); e<\/li>\n\n\n\n<li>P2 (15h \u00e0s 19h).<\/li>\n<\/ul><p><\/p>\n\n\n\n<p>Considerado\u00a0<strong>aprovado<\/strong>\u00a0o candidato que cumulativamente n\u00e3o obtiver nota igual a zero em nenhuma das disciplinas, e obtiver, no m\u00ednimo, 50% da pontua\u00e7\u00e3o, ou seja, 60 pontos na P1 e 80 pontos na P2.<\/p>","protected":false},"excerpt":{"rendered":"<p>Aten\u00e7\u00e3o, concurseiros! Foram retificados os dois editais do concurso ISS RJ (Secretaria Municipal de Fazenda e Planejamento do Rio de Janeiro). A mudan\u00e7a \u00e9 na estrutura de provas e na data de inscri\u00e7\u00e3o; veja! Os sal\u00e1rios ficam entre R$12 mil e R$ 26 mil. Estude para o concurso dos seus sonhos com o\u00a0M\u00e9todo\u00a0que j\u00e1 ajudou [&hellip;]<\/p>\n","protected":false},"author":54671,"featured_media":161779,"comment_status":"closed","ping_status":"closed","sticky":false,"template":"","format":"standard","meta":{"_acf_changed":false,"footnotes":"","_wp_rev_ctl_limit":""},"categories":[228],"tags":[],"class_list":["post-196651","post","type-post","status-publish","format-standard","has-post-thumbnail","hentry","category-noticias"],"acf":[],"_links":{"self":[{"href":"https:\/\/www.novaconcursos.com.br\/portal\/wp-json\/wp\/v2\/posts\/196651","targetHints":{"allow":["GET"]}}],"collection":[{"href":"https:\/\/www.novaconcursos.com.br\/portal\/wp-json\/wp\/v2\/posts"}],"about":[{"href":"https:\/\/www.novaconcursos.com.br\/portal\/wp-json\/wp\/v2\/types\/post"}],"author":[{"embeddable":true,"href":"https:\/\/www.novaconcursos.com.br\/portal\/wp-json\/wp\/v2\/users\/54671"}],"replies":[{"embeddable":true,"href":"https:\/\/www.novaconcursos.com.br\/portal\/wp-json\/wp\/v2\/comments?post=196651"}],"version-history":[{"count":6,"href":"https:\/\/www.novaconcursos.com.br\/portal\/wp-json\/wp\/v2\/posts\/196651\/revisions"}],"predecessor-version":[{"id":196665,"href":"https:\/\/www.novaconcursos.com.br\/portal\/wp-json\/wp\/v2\/posts\/196651\/revisions\/196665"}],"wp:featuredmedia":[{"embeddable":true,"href":"https:\/\/www.novaconcursos.com.br\/portal\/wp-json\/wp\/v2\/media\/161779"}],"wp:attachment":[{"href":"https:\/\/www.novaconcursos.com.br\/portal\/wp-json\/wp\/v2\/media?parent=196651"}],"wp:term":[{"taxonomy":"category","embeddable":true,"href":"https:\/\/www.novaconcursos.com.br\/portal\/wp-json\/wp\/v2\/categories?post=196651"},{"taxonomy":"post_tag","embeddable":true,"href":"https:\/\/www.novaconcursos.com.br\/portal\/wp-json\/wp\/v2\/tags?post=196651"}],"curies":[{"name":"wp","href":"https:\/\/api.w.org\/{rel}","templated":true}]}}