{"id":197104,"date":"2023-06-19T08:43:46","date_gmt":"2023-06-19T11:43:46","guid":{"rendered":"https:\/\/www.novaconcursos.com.br\/portal\/?p=197104"},"modified":"2023-06-19T08:43:50","modified_gmt":"2023-06-19T11:43:50","slug":"concurso-fhemig-2023-edital-passa-por-retificacao","status":"publish","type":"post","link":"https:\/\/www.novaconcursos.com.br\/portal\/noticias\/concurso-fhemig-2023-edital-passa-por-retificacao\/","title":{"rendered":"Concurso Fhemig 2023: Edital passa por retifica\u00e7\u00e3o. Confira as altera\u00e7\u00f5es!"},"content":{"rendered":"<p>O edital do <a href=\"https:\/\/www.novaconcursos.com.br\/portal\/concursos\/concurso-fhemig\/\">concurso Fhemig<\/a>\u00a0(Funda\u00e7\u00e3o Hospitalar do Estado de Minas Gerais) foi retificado e sofreu altera\u00e7\u00f5es no n\u00famero de vagas, sal\u00e1rios, atribui\u00e7\u00f5es, requisitos, e conte\u00fado program\u00e1tico. Confira cada detalhe!<\/p>\n\n\n\n<ul class=\"wp-block-list\"><li><a href=\"https:\/\/conhecimento.fgv.br\/sites\/default\/files\/concursos\/sei_66927874_ato_retificacao_1578.pdf\" target=\"_blank\" rel=\"noreferrer noopener\">Edital de Retifica\u00e7\u00e3o!<\/a><\/li>\n<\/ul><p><\/p>\n\n\n\n<ul class=\"wp-block-list\"><li><strong>Confira:<\/strong> <a href=\"https:\/\/www.novaconcursos.com.br\/curso-online\/curso-fhemig-auxiliar-administrativo?q=fhemig\">Curso Fhemig \u2013 Auxiliar Administrativo<\/a><\/li>\n\n\n\n<li><strong>Confira:<\/strong> <a href=\"https:\/\/www.novaconcursos.com.br\/curso-online\/curso-fhemig-tecnico-enfermagem?q=fhemig\">Curso Fhemig \u2013 T\u00e9cnico em Enfermagem<\/a><\/li>\n<\/ul><p><\/p>\n\n\n\n<p>Estude para o concurso dos seus sonhos com o\u00a0<strong>M\u00e9todo<\/strong>\u00a0que j\u00e1 ajudou na\u00a0<strong>aprova\u00e7\u00e3o de mais de 70 mil alunos!<\/strong>\u00a0<a href=\"https:\/\/aprovacao.novaconcursos.com.br\/assinatura?promo_creative=Clique+aqui&amp;promo_name=noticia&amp;promo_id=%2Fportal&amp;promo_position=corpo-texto\" target=\"_blank\" rel=\"noreferrer noopener\">Clique aqui<\/a>\u00a0e saiba mais!<\/p>\n\n\n\n<h2 class=\"wp-block-heading\" id=\"vagas-cargos-e-salrios\">Vagas, cargos e sal\u00e1rios<\/h2>\n\n\n\n<p>O edital de retifica\u00e7\u00e3o reduziu o n\u00famero de vagas para <strong>1.779 oportunidades<\/strong>. Veja como ficou a distribui\u00e7\u00e3o:<\/p>\n\n\n\n<ul class=\"wp-block-list\"><li>Analista de Gest\u00e3o e Assist\u00eancia a Sa\u00fade: 313 vagas<\/li>\n\n\n\n<li>M\u00e9dico: 557 vagas<\/li>\n\n\n\n<li>Profissional de Enfermagem: 741 vagas<\/li>\n\n\n\n<li>T\u00e9cnico Operacional da Sa\u00fade: 188 vagas<\/li>\n<\/ul><p><\/p>\n\n\n\n<p>Os aprovados ser\u00e3o remunerados com\u00a0<strong>sal\u00e1rios iniciais<\/strong>\u00a0que variam entre R$ 1.455,58 e R$ 11.982,14, de acordo com o cargo pretendido.<\/p>\n\n\n\n<h2 class=\"wp-block-heading\" id=\"como-fazer-a-inscrio-no-concurso-fhemig-2023\">Como fazer a inscri\u00e7\u00e3o no concurso Fhemig 2023?<\/h2>\n\n\n\n<p>Para se inscrever \u00e9 necess\u00e1rio acessar o site da\u00a0<a href=\"https:\/\/conhecimento.fgv.br\/concursos\/fhemig23\" target=\"_blank\" rel=\"noopener\">FGV<\/a>\u00a0(Funda\u00e7\u00e3o Get\u00falio Vargas), banca organizadora, entre os dias\u00a0<strong>20 de junho e 25 de julho de 2023<\/strong>\u00a0e preencher o formul\u00e1rio com os dados solicitados.<\/p>\n\n\n\n<p>Al\u00e9m disso, \u00e9 preciso efetuar o pagamento da<strong>\u00a0taxa de inscri\u00e7\u00e3o\u00a0<\/strong>para que a candidatura seja homologada. O valor varia de acordo com o cargo pretendido. Veja!<\/p>\n\n\n\n<ul class=\"wp-block-list\"><li>Analista de Gest\u00e3o e Assist\u00eancia \u00e0 Sa\u00fade \u2013 AGAS: R$ 100,00;<\/li>\n\n\n\n<li>M\u00e9dico \u2013 MED: R$ 135,00;<\/li>\n\n\n\n<li>Profissionais de Enfermagem \u2013 PENF II: R$ 75,00;<\/li>\n\n\n\n<li>Profissionais de Enfermagem \u2013 PENF IV e VI: R$ 100,00;<\/li>\n\n\n\n<li>T\u00e9cnico Operacional da Sa\u00fade \u2013 TOS: R$ 75,00.<\/li>\n<\/ul><p><\/p>\n\n\n\n<p>No entanto, candidatos doadores de sangue, desempregados ou inscritos no programa Cadastro \u00danico (Cad\u00danico) poder\u00e3o solicitar a\u00a0<strong>isen\u00e7\u00e3o da taxa<\/strong>, entre os dias 20 e 22 de junho, tamb\u00e9m no site da banca.<\/p>\n\n\n\n<h2 class=\"wp-block-heading\" id=\"concurso-fhemig-provas-e-etapas\">Concurso Fhemig: Provas e etapas<\/h2>\n\n\n\n<p>Os candidatos ser\u00e3o avaliados por meio de provas objetivas e discursivas a serem aplicadas no dia\u00a0<strong>17 de setembro<\/strong>, das 13h \u00e0s 17h, na cidade de Belo Horizonte.<\/p>\n\n\n\n<p>As provas objetivas para os cargos de Profissional em Enfermagem e T\u00e9cnico Operacional de Sa\u00fade ser\u00e3o compostas de 40 quest\u00f5es, acerca das seguintes disciplinas:<\/p>\n\n\n\n<ul class=\"wp-block-list\"><li>L\u00edngua Portuguesa: 10 quest\u00f5es<\/li>\n\n\n\n<li>Racioc\u00ednio L\u00f3gico: 5 quest\u00f5es<\/li>\n\n\n\n<li>Inform\u00e1tica B\u00e1sica: 5 quest\u00f5es<\/li>\n\n\n\n<li>Legisla\u00e7\u00e3o Espec\u00edfica: 5 quest\u00f5es<\/li>\n\n\n\n<li>Conhecimentos Espec\u00edficos: 15 quest\u00f5es<\/li>\n<\/ul><h2 class=\"wp-block-heading\" id=\"\"><\/h2>\n\n\n\n<p>J\u00e1 para os demais cargos, as provas ser\u00e3o compostas de\u00a0<strong>45 quest\u00f5es.<\/strong>\u00a0Veja a distribui\u00e7\u00e3o!<\/p>\n\n\n\n<ul class=\"wp-block-list\"><li>L\u00edngua Portuguesa: 10 quest\u00f5es<\/li>\n\n\n\n<li>Racioc\u00ednio L\u00f3gico: 5 quest\u00f5es<\/li>\n\n\n\n<li>Inform\u00e1tica B\u00e1sica: 5 quest\u00f5es<\/li>\n\n\n\n<li>Legisla\u00e7\u00e3o Espec\u00edfica: 10\u00a0quest\u00f5es<\/li>\n\n\n\n<li>Conhecimentos Espec\u00edficos: 15 quest\u00f5es<\/li>\n<\/ul><p><\/p>\n\n\n\n<p>A\u00a0<strong>prova discursiva<\/strong>\u00a0consistir\u00e1 em uma reda\u00e7\u00e3o\u00a0no g\u00eanero dissertativo-argumentativo ou em duas quest\u00f5es sobre conhecimentos espec\u00edficos, a depender do cargo.<\/p>\n\n\n\n<p>Posteriormente, os aprovados e interessados nas carreiras de Analista de Gest\u00e3o e Assist\u00eancia \u00e0 Sa\u00fade, M\u00e9dico e Profissional de Enfermagem ainda ser\u00e3o submetidos a<strong>\u00a0avalia\u00e7\u00e3o de t\u00edtulos.<\/strong><\/p>\n\n\n\n<p>Ap\u00f3s homologado, o concurso Fhemig ter\u00e1\u00a0<strong>prazo de validade<\/strong>\u00a0de dois anos, podendo ser prorrogada uma \u00fanica vez, por igual per\u00edodo.<\/p>","protected":false},"excerpt":{"rendered":"<p>O edital do concurso Fhemig\u00a0(Funda\u00e7\u00e3o Hospitalar do Estado de Minas Gerais) foi retificado e sofreu altera\u00e7\u00f5es no n\u00famero de vagas, sal\u00e1rios, atribui\u00e7\u00f5es, requisitos, e conte\u00fado program\u00e1tico. Confira cada detalhe! Estude para o concurso dos seus sonhos com o\u00a0M\u00e9todo\u00a0que j\u00e1 ajudou na\u00a0aprova\u00e7\u00e3o de mais de 70 mil alunos!\u00a0Clique aqui\u00a0e saiba mais! Vagas, cargos e sal\u00e1rios O [&hellip;]<\/p>\n","protected":false},"author":54679,"featured_media":159779,"comment_status":"closed","ping_status":"closed","sticky":false,"template":"","format":"standard","meta":{"_acf_changed":false,"footnotes":"","_wp_rev_ctl_limit":""},"categories":[228],"tags":[],"class_list":["post-197104","post","type-post","status-publish","format-standard","has-post-thumbnail","hentry","category-noticias"],"acf":[],"_links":{"self":[{"href":"https:\/\/www.novaconcursos.com.br\/portal\/wp-json\/wp\/v2\/posts\/197104","targetHints":{"allow":["GET"]}}],"collection":[{"href":"https:\/\/www.novaconcursos.com.br\/portal\/wp-json\/wp\/v2\/posts"}],"about":[{"href":"https:\/\/www.novaconcursos.com.br\/portal\/wp-json\/wp\/v2\/types\/post"}],"author":[{"embeddable":true,"href":"https:\/\/www.novaconcursos.com.br\/portal\/wp-json\/wp\/v2\/users\/54679"}],"replies":[{"embeddable":true,"href":"https:\/\/www.novaconcursos.com.br\/portal\/wp-json\/wp\/v2\/comments?post=197104"}],"version-history":[{"count":6,"href":"https:\/\/www.novaconcursos.com.br\/portal\/wp-json\/wp\/v2\/posts\/197104\/revisions"}],"predecessor-version":[{"id":197160,"href":"https:\/\/www.novaconcursos.com.br\/portal\/wp-json\/wp\/v2\/posts\/197104\/revisions\/197160"}],"wp:featuredmedia":[{"embeddable":true,"href":"https:\/\/www.novaconcursos.com.br\/portal\/wp-json\/wp\/v2\/media\/159779"}],"wp:attachment":[{"href":"https:\/\/www.novaconcursos.com.br\/portal\/wp-json\/wp\/v2\/media?parent=197104"}],"wp:term":[{"taxonomy":"category","embeddable":true,"href":"https:\/\/www.novaconcursos.com.br\/portal\/wp-json\/wp\/v2\/categories?post=197104"},{"taxonomy":"post_tag","embeddable":true,"href":"https:\/\/www.novaconcursos.com.br\/portal\/wp-json\/wp\/v2\/tags?post=197104"}],"curies":[{"name":"wp","href":"https:\/\/api.w.org\/{rel}","templated":true}]}}