{"id":197278,"date":"2023-06-19T20:28:58","date_gmt":"2023-06-19T23:28:58","guid":{"rendered":"https:\/\/www.novaconcursos.com.br\/portal\/?p=197278"},"modified":"2023-06-19T20:29:21","modified_gmt":"2023-06-19T23:29:21","slug":"concurso-incra-apos-13-anos-novo-edital-e-autorizado","status":"publish","type":"post","link":"https:\/\/www.novaconcursos.com.br\/portal\/noticias\/concurso-incra-apos-13-anos-novo-edital-e-autorizado\/","title":{"rendered":"Concurso INCRA: Ap\u00f3s 13 anos, novo edital \u00e9 autorizado para 742 vagas!"},"content":{"rendered":"<p>Aten\u00e7\u00e3o concurseiros! Um novo\u00a0<a href=\"https:\/\/www.novaconcursos.com.br\/portal\/concursos\/concurso-incra\/\">concurso Incra<\/a>\u00a0est\u00e1 enfim <strong>autorizado<\/strong>; ser\u00e3o 742 vagas para cargos de n\u00edvel superior e sal\u00e1rios de at\u00e9 <strong>R$ 7.296,24.<\/strong> Veja detalhes!<\/p>\n\n\n\n<ul class=\"wp-block-list\"><li><strong>Confira:<\/strong> <a href=\"https:\/\/www.novaconcursos.com.br\/curso-online\/curso-lingua-portuguesa-prof-ariane-budke\">Curso de L\u00edngua Portuguesa \u2013 Prof\u00aa. Ariane Budke<\/a><\/li>\n\n\n\n<li><strong>Confira:<\/strong> <a href=\"https:\/\/www.novaconcursos.com.br\/mapa-mental\/lingua-portuguesa-principais-topicos-pdf\">Mapas Mentais L\u00edngua Portuguesa \u2013 Principais T\u00f3picos Para Concursos (PDF)<\/a><\/li>\n<\/ul><p><\/p>\n\n\n\n<p>Estude para o concurso dos seus sonhos com o\u00a0<strong>M\u00e9todo<\/strong>\u00a0que j\u00e1 ajudou na\u00a0<strong>aprova\u00e7\u00e3o de mais de 70 mil alunos!<\/strong>\u00a0<a href=\"https:\/\/aprovacao.novaconcursos.com.br\/assinatura\">Clique aqui<\/a>\u00a0e saiba mais!<\/p>\n\n\n\n<h2 class=\"wp-block-heading\" id=\"concurso-incra-quando-sai-o-edital\">Concurso Incra: quando sai o edital?<\/h2>\n\n\n\n<p>Um novo\u00a0<a href=\"https:\/\/www.novaconcursos.com.br\/portal\/concursos-previstos\/nacional\">concurso<\/a>, enfim, est\u00e1 <strong>autorizado <\/strong>para o Instituto Nacional de Coloniza\u00e7\u00e3o e Reforma Agr\u00e1ria e deve sair em breve. <\/p>\n\n\n\n<ul class=\"wp-block-list\"><li><strong>Confira: <\/strong><a href=\"https:\/\/www.novaconcursos.com.br\/livro\/600-questoes-comentadas-lingua-portuguesa-isabella-ramiro\">Livro 600 Quest\u00f5es Comentadas L\u00edngua Portuguesa<\/a><\/li>\n<\/ul><p><\/p>\n\n\n\n<p>Assim, a autoriza\u00e7\u00e3o oficial foi publicada em <strong>edi\u00e7\u00e3o extra <\/strong>do Di\u00e1rio oficial da Uni\u00e3o da \u00faltima sexta-feira, 16 de junho. Confira, clicando aqui!<\/p>\n\n\n\n<p>Vale destacar que o edital havia sido <strong>anunciado ainda na sexta<\/strong>, pela tarde, pela ministra da Gest\u00e3o e da Inova\u00e7\u00e3o dos Servi\u00e7os P\u00fablicos, Esther Dweck.<\/p>\n\n\n\n<p>Ele est\u00e1 dentro do pacote de autoriza\u00e7\u00e3o de <strong>4.436 vagas<\/strong> em concursos federais no pa\u00eds, que vai atingir o quadros de<strong>\u00a020 minist\u00e9rios<\/strong>.<\/p>\n\n\n\n<p>Assim, de acordo com o documento, a\u00a0<strong>publica\u00e7\u00e3o do edital<\/strong>\u00a0deve ocorrer dentro de um prazo de seis meses, ou seja, at\u00e9 16 de dezembro.<\/p>\n\n\n\n<p>Al\u00e9m disso, a\u00a0<strong>aplica\u00e7\u00e3o das provas<\/strong>\u00a0deve ocorrer dois meses ap\u00f3s a libera\u00e7\u00e3o do edital. Para que isso aconte\u00e7a, os tr\u00e2mites precisam avan\u00e7ar!<\/p>\n\n\n\n<h3 class=\"wp-block-heading\">Previs\u00e3o de vagas<\/h3>\n\n\n\n<p>Sendo assim, o concurso deve ofertar <strong>742 vagas<\/strong> para cargos que exigem o n\u00edvel superior como escolaridade.<\/p>\n\n\n\n<p>Al\u00e9m disso, as remunera\u00e7\u00f5es iniciais chegam a<strong> R$ 7.296,24.<\/strong> Ent\u00e3o, confira abaixo a distribui\u00e7\u00e3o de oportunidades e ganhos:<\/p>\n\n\n\n<ul class=\"wp-block-list\"><li>analista adminsitrativo \u2013 137 vagas, com inicial de R$ 5.212,11\u00a0<\/li>\n\n\n\n<li>analista em reforma e desenvolvimento \u2013 446 vagas, com inicial de R$ 3.389,57<\/li>\n\n\n\n<li>engenheiro agron\u00f4mico \u2013 159 vagas, com inicial de R$ 7.296,24<\/li>\n<\/ul><p><\/p>\n\n\n\n<h3 class=\"wp-block-heading\">Confira a portaria publicada, na \u00edntegra<\/h3>\n\n\n\n<p>PORTARIA MGI N\u00ba 2.123, DE 16 DE JUNHO DE 2023<br>A MINISTRA DE ESTADO DA GEST\u00c3O E DA INOVA\u00c7\u00c3O EM SERVI\u00c7OS P\u00daBLICOS, no uso de suas atribui\u00e7\u00f5es, tendo em vista o disposto no Decreto n\u00ba 9.739, de 28 de mar\u00e7o de 2019, e conforme as informa\u00e7\u00f5es do Processo n\u00ba 14022.124013\/2022-43, resolve:<\/p>\n\n\n\n<ul class=\"wp-block-list\"><li>Art. 1\u00ba Autorizar a realiza\u00e7\u00e3o de concurso p\u00fablico para o provimento de 742 (setecentos e quarenta e dois) cargos no quadro de pessoal do Instituto Nacional de Coloniza\u00e7\u00e3o e Reforma Agr\u00e1ria (INCRA), conforme especificado no Anexo desta Portaria.<\/li>\n\n\n\n<li>Art. 2\u00ba O provimento dos cargos a que se refere o art. 1\u00ba depender\u00e1 de autoriza\u00e7\u00e3o do Minist\u00e9rio da Gest\u00e3o e da Inova\u00e7\u00e3o em Servi\u00e7os P\u00fablicos, e est\u00e1 condicionado:\n<ul class=\"wp-block-list\"><li>I \u2013 \u00e0 homologa\u00e7\u00e3o do resultado final do concurso; e<\/li>\n\n\n\n<li>II \u2013 \u00e0 declara\u00e7\u00e3o do ordenador de despesa respons\u00e1vel, quando do provimento dos cargos, sobre a adequa\u00e7\u00e3o or\u00e7ament\u00e1ria e financeira da nova despesa \u00e0 Lei Or\u00e7ament\u00e1ria Anual e sua compatibilidade com a Lei de Diretrizes Or\u00e7ament\u00e1rias, demonstrando a origem dos recursos a serem utilizados.<\/li>\n<\/ul><\/li>\n\n\n\n<li>Art. 3\u00ba A responsabilidade pela realiza\u00e7\u00e3o do concurso p\u00fablico ser\u00e1 do \u00f3rg\u00e3o ou da entidade de que trata o art. 1\u00ba desta Portaria, a quem caber\u00e1:\n<ul class=\"wp-block-list\"><li>I \u2013 editar as respectivas normas, mediante a publica\u00e7\u00e3o de editais, portarias ou outros atos administrativos necess\u00e1rios \u00e0 realiza\u00e7\u00e3o do concurso p\u00fablico, de acordo com as disposi\u00e7\u00f5es do Decreto n\u00ba 9.739, de 28 de mar\u00e7o de 2019;<\/li>\n\n\n\n<li>II \u2013 observar as leis e os regulamentos que tratem sobre pol\u00edticas de reserva de vagas em concursos p\u00fablicos e assegurar que as a\u00e7\u00f5es e procedimentos previstos no concurso p\u00fablico estejam alinhados ao alcance da efetividade de tais pol\u00edticas; e<\/li>\n\n\n\n<li>III \u2013 zelar pela conformidade legal dos procedimentos relacionados ao planejamento e \u00e0 execu\u00e7\u00e3o do concurso p\u00fablico.<\/li>\n<\/ul><\/li>\n\n\n\n<li>Art. 4\u00ba O prazo para a publica\u00e7\u00e3o do edital de abertura do concurso p\u00fablico ser\u00e1 de at\u00e9 seis meses, contado a partir da publica\u00e7\u00e3o desta Portaria.<\/li>\n\n\n\n<li>Par\u00e1grafo \u00fanico. A n\u00e3o publica\u00e7\u00e3o do edital de abertura do concurso p\u00fablico no prazo estabelecido no caput implicar\u00e1:\n<ul class=\"wp-block-list\"><li>I \u2013 a perda dos efeitos desta Portaria; e<\/li>\n\n\n\n<li>II \u2013 o cancelamento do atesto de disponibilidade or\u00e7ament\u00e1ria para a realiza\u00e7\u00e3o do concurso p\u00fablico.<\/li>\n<\/ul><\/li>\n\n\n\n<li>Art. 5\u00ba O prazo de anteced\u00eancia m\u00ednima entre a publica\u00e7\u00e3o do edital de que trata o caput e a realiza\u00e7\u00e3o da primeira prova do certame ser\u00e1 de dois meses.<\/li>\n\n\n\n<li>Art. 6\u00ba Esta Portaria entra em vigor na data de sua publica\u00e7\u00e3o.<\/li>\n<\/ul><p><\/p>\n\n\n\n<h2 class=\"wp-block-heading\" id=\"quando-e-como-foi-o-ltimo-concurso-incra\">Quando e como foi o \u00faltimo concurso Incra?<\/h2>\n\n\n\n<p>Posteriormente, o \u00faltimo <a href=\"https:\/\/www.novaconcursos.com.br\/portal\/concursos-abertos\/nacional\">concurso <\/a>realizado pelo Incra foi em 2010 para o preenchimento de\u00a0<strong>550 vagas\u00a0<\/strong>de n\u00edvel m\u00e9dio e superior. Ent\u00e3o, confira:<\/p>\n\n\n\n<ul class=\"wp-block-list\"><li><strong>N\u00edvel M\u00e9dio<\/strong>\n<ul class=\"wp-block-list\"><li>T\u00e9cnico em Reforma e Desenvolvimento Agr\u00e1rio: 70 vagas<\/li>\n<\/ul><\/li>\n\n\n\n<li><strong>N\u00edvel Superior<\/strong>\n<ul class=\"wp-block-list\"><li>Analista Administrativo: 150 vagas\n<ul class=\"wp-block-list\"><li>An\u00e1lise de Sistemas<\/li>\n\n\n\n<li>Contabilidade<\/li>\n<\/ul><\/li>\n\n\n\n<li>Analista em Reforma e Desenvolvimento Agr\u00e1rio: 250 vagas\n<ul class=\"wp-block-list\"><li>Antropologia<\/li>\n\n\n\n<li>Engenharia\n<ul class=\"wp-block-list\"><li>Civil<\/li>\n\n\n\n<li>Agrimensura ou Cartogr\u00e1fica<\/li>\n\n\n\n<li>Floresta<\/li>\n<\/ul><\/li>\n<\/ul><\/li>\n\n\n\n<li>Engenheiro Agr\u00f4nomo: 80 vagas<\/li>\n<\/ul><\/li>\n<\/ul><p><\/p>\n\n\n\n<p>Ademais, na ocasi\u00e3o, a banca organizadora foi o <strong>Instituto Cetro<\/strong>, que avaliou os candidatos por meio de provas objetivas. Portanto, veja as disciplinas:<\/p>\n\n\n\n<ul class=\"wp-block-list\"><li><strong>N\u00edvel M\u00e9dio:<\/strong>\n<ul class=\"wp-block-list\"><li>L\u00edngua Portuguesa: 10 quest\u00f5es<\/li>\n\n\n\n<li>Racioc\u00ednio L\u00f3gico: 10 quest\u00f5es<\/li>\n\n\n\n<li>Legisla\u00e7\u00e3o Agr\u00e1ria e Desenvolvimento Rural: 10 quest\u00f5es<\/li>\n\n\n\n<li>Inform\u00e1tica: 5 quest\u00f5es<\/li>\n\n\n\n<li>Conhecimentos Espec\u00edficos: 25 quest\u00f5es<\/li>\n<\/ul><\/li>\n\n\n\n<li><strong>N\u00edvel Superior<\/strong>\n<ul class=\"wp-block-list\"><li>L\u00edngua Portuguesa: 15 quest\u00f5es<\/li>\n\n\n\n<li>No\u00e7\u00f5es de Direito Constitucional: 10 quest\u00f5es<\/li>\n\n\n\n<li>Legisla\u00e7\u00e3o Agr\u00e1ria e Desenvolvimento Rural: 10 quest\u00f5es<\/li>\n\n\n\n<li>Inform\u00e1tica: 5 quest\u00f5es<\/li>\n\n\n\n<li>Conhecimentos Espec\u00edficos: 30 quest\u00f5es<\/li>\n<\/ul><\/li>\n<\/ul><p><\/p>\n\n\n\n<p>Confira o edital do \u00faltimo concurso, <a href=\"https:\/\/cdn.direcaoconcursos.com.br\/uploads\/2020\/07\/edital-concurso-incra-de-2010.pdf\" target=\"_blank\" rel=\"noreferrer noopener\">clicando aqui<\/a>!<\/p>","protected":false},"excerpt":{"rendered":"<p>Aten\u00e7\u00e3o concurseiros! Um novo\u00a0concurso Incra\u00a0est\u00e1 enfim autorizado; ser\u00e3o 742 vagas para cargos de n\u00edvel superior e sal\u00e1rios de at\u00e9 R$ 7.296,24. Veja detalhes! Estude para o concurso dos seus sonhos com o\u00a0M\u00e9todo\u00a0que j\u00e1 ajudou na\u00a0aprova\u00e7\u00e3o de mais de 70 mil alunos!\u00a0Clique aqui\u00a0e saiba mais! Concurso Incra: quando sai o edital? Um novo\u00a0concurso, enfim, est\u00e1 autorizado [&hellip;]<\/p>\n","protected":false},"author":54671,"featured_media":157001,"comment_status":"closed","ping_status":"closed","sticky":false,"template":"","format":"standard","meta":{"_acf_changed":false,"footnotes":"","_wp_rev_ctl_limit":""},"categories":[228],"tags":[],"class_list":["post-197278","post","type-post","status-publish","format-standard","has-post-thumbnail","hentry","category-noticias"],"acf":[],"_links":{"self":[{"href":"https:\/\/www.novaconcursos.com.br\/portal\/wp-json\/wp\/v2\/posts\/197278","targetHints":{"allow":["GET"]}}],"collection":[{"href":"https:\/\/www.novaconcursos.com.br\/portal\/wp-json\/wp\/v2\/posts"}],"about":[{"href":"https:\/\/www.novaconcursos.com.br\/portal\/wp-json\/wp\/v2\/types\/post"}],"author":[{"embeddable":true,"href":"https:\/\/www.novaconcursos.com.br\/portal\/wp-json\/wp\/v2\/users\/54671"}],"replies":[{"embeddable":true,"href":"https:\/\/www.novaconcursos.com.br\/portal\/wp-json\/wp\/v2\/comments?post=197278"}],"version-history":[{"count":8,"href":"https:\/\/www.novaconcursos.com.br\/portal\/wp-json\/wp\/v2\/posts\/197278\/revisions"}],"predecessor-version":[{"id":197286,"href":"https:\/\/www.novaconcursos.com.br\/portal\/wp-json\/wp\/v2\/posts\/197278\/revisions\/197286"}],"wp:featuredmedia":[{"embeddable":true,"href":"https:\/\/www.novaconcursos.com.br\/portal\/wp-json\/wp\/v2\/media\/157001"}],"wp:attachment":[{"href":"https:\/\/www.novaconcursos.com.br\/portal\/wp-json\/wp\/v2\/media?parent=197278"}],"wp:term":[{"taxonomy":"category","embeddable":true,"href":"https:\/\/www.novaconcursos.com.br\/portal\/wp-json\/wp\/v2\/categories?post=197278"},{"taxonomy":"post_tag","embeddable":true,"href":"https:\/\/www.novaconcursos.com.br\/portal\/wp-json\/wp\/v2\/tags?post=197278"}],"curies":[{"name":"wp","href":"https:\/\/api.w.org\/{rel}","templated":true}]}}