{"id":197484,"date":"2023-06-22T08:44:26","date_gmt":"2023-06-22T11:44:26","guid":{"rendered":"https:\/\/www.novaconcursos.com.br\/portal\/?p=197484"},"modified":"2025-04-23T15:24:12","modified_gmt":"2025-04-23T18:24:12","slug":"concurso-ministerio-da-saude-publicada-a-autorizacao","status":"publish","type":"post","link":"https:\/\/www.novaconcursos.com.br\/portal\/noticias\/concurso-ministerio-da-saude-publicada-a-autorizacao\/","title":{"rendered":"Concurso Minist\u00e9rio da Sa\u00fade: Publicada a autoriza\u00e7\u00e3o para 220 vagas!"},"content":{"rendered":"<p>Aten\u00e7\u00e3o, concurseiros! O\u00a0<a href=\"https:\/\/www.novaconcursos.com.br\/portal\/concursos\/concurso-ministerio-da-saude\/\">concurso Minist\u00e9rio da Sa\u00fade<\/a>\u00a0recebeu\u00a0aval\u00a0para preencher\u00a0<strong>220 vagas para o cargo de Tecnologista<\/strong>. O edital \u00e9 previsto at\u00e9 dezembro; veja!<\/p>\n\n\n\n<ul class=\"wp-block-list\"><li><strong>Confira:<\/strong> <a href=\"https:\/\/www.novaconcursos.com.br\/mapa-mental\/sus-sistema-unico-de-saude-pdf\">Mapas Mentais SUS \u2013 Sistema \u00danico de Sa\u00fade (Lei 8.142\/1990 e Lei 8.080\/1990) (PDF)<\/a><\/li>\n<\/ul><p><\/p>\n\n\n\n<p>Estude para o concurso dos seus sonhos com o\u00a0<strong>M\u00e9todo<\/strong>\u00a0que j\u00e1 ajudou na\u00a0<strong>aprova\u00e7\u00e3o de mais de 70 mil alunos.<\/strong>\u00a0<a href=\"https:\/\/aprovacao.novaconcursos.com.br\/assinatura\" target=\"_blank\" rel=\"noreferrer noopener\">Clique aqui<\/a>\u00a0e saiba mais!<\/p>\n\n\n\n<h2 class=\"wp-block-heading\" id=\"concurso-ministrio-da-sade-quando-sai-o-edital\">Concurso Minist\u00e9rio da Sa\u00fade: quando sai o edital?<\/h2>\n\n\n\n<p>\u00c9 o que os concurseiros querem saber! E um novo edital para o <a href=\"https:\/\/www.novaconcursos.com.br\/portal\/concursos-previstos\/nacional\">concurso p\u00fablico<\/a> do Minist\u00e9rio da Sa\u00fade deve ser publicado <strong>muito em breve.<\/strong><\/p>\n\n\n\n<p>Isso porque o minist\u00e9rio recebeu autoriza\u00e7\u00e3o, em documento publicado no Di\u00e1rio Oficial, para preencher <strong>220 vagas para o cargo de Tecnologista<\/strong>. <\/p>\n\n\n\n<p>Vale destacar que o an\u00fancio se deu pela <strong>ministra <\/strong>da Gest\u00e3o e da Inova\u00e7\u00e3o, Esther Dweck, durante coletiva de imprensa.<\/p>\n\n\n\n<p>Sendo assim, os pr\u00f3ximos passos \u00e9 definir a <strong>comiss\u00e3o <\/strong>organizadora para dar andamento aos tr\u00e2mites da sele\u00e7\u00e3o.<\/p>\n\n\n\n<p>Posteriormente, uma <strong>banca <\/strong>ser\u00e1 escolhida e contratada e logo ap\u00f3s isso o <strong>edital <\/strong>se torna iminente e poder\u00e1 sair a qualquer momento.<\/p>\n\n\n\n<p>Lembrando ainda que o certame faz parte de um\u00a0pacote de autoriza\u00e7\u00f5es,\u00a0com <strong>4.436 vagas<\/strong> em novos concursos p\u00fablicos para <strong>20 minist\u00e9rios.<\/strong><\/p>\n\n\n\n<p>Por fim, a <strong>remunera\u00e7\u00e3o <\/strong>inicial ainda ser\u00e1 confirmada e a <strong>publica\u00e7\u00e3o <\/strong>do edital deve ocorrer dentro de um prazo de seis meses, ou seja, at\u00e9 16 de dezembro.<\/p>\n\n\n\n<h2 class=\"wp-block-heading\" id=\"como-foi-o-ltimo-concurso-ministrio-da-sade\">Como foi o \u00faltimo concurso Minist\u00e9rio da Sa\u00fade?<\/h2>\n\n\n\n<p>Assim, a \u00faltima sele\u00e7\u00e3o foi realizada em 2016 e ofertou\u00a0<strong>102 vagas<\/strong>\u00a0para as carreiras de Administrador, Analista T\u00e9cnico de Pol\u00edticas Sociais e Contador.<\/p>\n\n\n\n<p>Ademais, os\u00a0<strong>sal\u00e1rios iniciais<\/strong>\u00a0variavam entre R$ 4.784,27 e R$ 5.744,88 + aux\u00edlio-alimenta\u00e7\u00e3o no valor de R$ 458,00<\/p>\n\n\n\n<p>Na ocasi\u00e3o, a banca organizadora foi o\u00a0IDECAN\u00a0(Instituto de Desenvolvimento Educacional, Cultural e Assist\u00eancia Nacional) e avaliou os candidatos por meio de provas objetivas e de t\u00edtulos.<\/p>\n\n\n\n<p>Portanto, as <strong>provas objetivas\u00a0<\/strong>foram compostas de quest\u00f5es de m\u00faltipla escolha, acerca das seguintes disciplinas:<\/p>\n\n\n\n<ul class=\"wp-block-list\"><li>L\u00edngua Portuguesa: 5 quest\u00f5es<\/li>\n\n\n\n<li>Racioc\u00ednio L\u00f3gico: 5 quest\u00f5es<\/li>\n\n\n\n<li>Conhecimentos gerais: 15 quest\u00f5es<\/li>\n\n\n\n<li>Conhecimentos espec\u00edficos: 25 quest\u00f5es<\/li>\n<\/ul><p><\/p>\n\n\n\n<p>Entretanto, os <strong>conhecimentos espec\u00edficos<\/strong> variam de acordo com o cargo pretendido. Por isso, confira:<\/p>\n\n\n\n<ul class=\"wp-block-list\"><li><strong>Administrador<\/strong>\n<ul class=\"wp-block-list\"><li>Administra\u00e7\u00e3o Financeira<\/li>\n\n\n\n<li>Administra\u00e7\u00e3o<\/li>\n\n\n\n<li>Gest\u00e3o<\/li>\n\n\n\n<li>No\u00e7\u00f5es de Contabilidade<\/li>\n<\/ul><\/li>\n\n\n\n<li><strong>Contador<\/strong>\n<ul class=\"wp-block-list\"><li>Contabilidade Geral<\/li>\n\n\n\n<li>Contabilidade P\u00fablica<\/li>\n\n\n\n<li>Legisla\u00e7\u00e3o Espec\u00edfica<\/li>\n<\/ul><\/li>\n\n\n\n<li><strong>Analista T\u00e9cnico de Pol\u00edticas Sociais<\/strong>\n<ul class=\"wp-block-list\"><li>Pol\u00edticas Sociais<\/li>\n\n\n\n<li>Sa\u00fade P\u00fablica<\/li>\n\n\n\n<li>Auditoria<\/li>\n<\/ul><\/li>\n<\/ul><p><\/p>\n\n\n\n<h3 class=\"wp-block-heading\">Teve sele\u00e7\u00e3o tempor\u00e1ria recentemente!<\/h3>\n\n\n\n<p>Sem <a href=\"https:\/\/www.novaconcursos.com.br\/portal\/concursos-abertos\/nacional\">certames <\/a>para efetivos, o Minist\u00e9rio da Sa\u00fade realizou diversos processos seletivos recentemente, com vagas tempor\u00e1rias. <\/p>\n\n\n\n<p>Assim, em 2022 esteve aberto um processo seletivo para contrata\u00e7\u00e3o de\u00a0<strong>4 mil servidores tempor\u00e1rios<\/strong> por meio da an\u00e1lise curricular.<\/p>\n\n\n\n<p>Na ocasi\u00e3o, a banca organizadora foi a\u00a0<strong>FGV<\/strong>\u00a0(Funda\u00e7\u00e3o Get\u00falio Vargas) e avaliou os candidatos atrav\u00e9s de t\u00edtulos e experi\u00eancia profissional comprovada.<\/p>\n\n\n\n<p>Foram ofertadas\u00a0<strong>oportunidades<\/strong>\u00a0de n\u00edvel m\u00e9dio, t\u00e9cnico e superior, distribu\u00eddas entre as seguintes especialidades:<\/p>\n\n\n\n<ul class=\"wp-block-list\"><li>Medicina: 1.051 vagas<\/li>\n\n\n\n<li>Enfermagem: 945 vagas<\/li>\n\n\n\n<li>Atividades de Gest\u00e3o e Manuten\u00e7\u00e3o Hospitalar, Apoio T\u00e9cnico e Diagn\u00f3stico: 495 vagas<\/li>\n\n\n\n<li>T\u00e9cnico de Enfermagem: 1.281 vagas<\/li>\n\n\n\n<li>\u00c1rea de Atividades de Suporte em Gest\u00e3o e Manuten\u00e7\u00e3o Hospitalar, Apoio T\u00e9cnico e Diagn\u00f3stico: 460 vagas<\/li>\n<\/ul><p><\/p>\n\n\n\n<p>Al\u00e9m disso, em 2020 esteve realizado outro processo seletivo com o mesmo intuito. Ao todo,\u00a0<strong>4.117 vagas tempor\u00e1rias<\/strong>\u00a0estavam distribu\u00eddas entre as seguintes especialidades:<\/p>\n\n\n\n<ul class=\"wp-block-list\"><li>T\u00e9cnico de Enfermagem: 865 vagas<\/li>\n\n\n\n<li>Atividades de Suporte em Gest\u00e3o e Manuten\u00e7\u00e3o Hospitalar, Apoio T\u00e9cnico e Diagn\u00f3stico: 604 vagas<\/li>\n\n\n\n<li>Medicina: 1.137 vagas<\/li>\n\n\n\n<li>Enfermagem: 996 vagas<\/li>\n\n\n\n<li>Atividades de Gest\u00e3o e Manuten\u00e7\u00e3o Hospitalar, Apoio T\u00e9cnico e Diagn\u00f3stico: 604 vagas<\/li>\n<\/ul>","protected":false},"excerpt":{"rendered":"<p>Aten\u00e7\u00e3o, concurseiros! O\u00a0concurso Minist\u00e9rio da Sa\u00fade\u00a0recebeu\u00a0aval\u00a0para preencher\u00a0220 vagas para o cargo de Tecnologista. O edital \u00e9 previsto at\u00e9 dezembro; veja! Estude para o concurso dos seus sonhos com o\u00a0M\u00e9todo\u00a0que j\u00e1 ajudou na\u00a0aprova\u00e7\u00e3o de mais de 70 mil alunos.\u00a0Clique aqui\u00a0e saiba mais! Concurso Minist\u00e9rio da Sa\u00fade: quando sai o edital? \u00c9 o que os concurseiros querem [&hellip;]<\/p>\n","protected":false},"author":54671,"featured_media":159109,"comment_status":"closed","ping_status":"closed","sticky":false,"template":"","format":"standard","meta":{"_acf_changed":false,"footnotes":"","_wp_rev_ctl_limit":""},"categories":[228],"tags":[],"class_list":["post-197484","post","type-post","status-publish","format-standard","has-post-thumbnail","hentry","category-noticias"],"acf":[],"_links":{"self":[{"href":"https:\/\/www.novaconcursos.com.br\/portal\/wp-json\/wp\/v2\/posts\/197484","targetHints":{"allow":["GET"]}}],"collection":[{"href":"https:\/\/www.novaconcursos.com.br\/portal\/wp-json\/wp\/v2\/posts"}],"about":[{"href":"https:\/\/www.novaconcursos.com.br\/portal\/wp-json\/wp\/v2\/types\/post"}],"author":[{"embeddable":true,"href":"https:\/\/www.novaconcursos.com.br\/portal\/wp-json\/wp\/v2\/users\/54671"}],"replies":[{"embeddable":true,"href":"https:\/\/www.novaconcursos.com.br\/portal\/wp-json\/wp\/v2\/comments?post=197484"}],"version-history":[{"count":7,"href":"https:\/\/www.novaconcursos.com.br\/portal\/wp-json\/wp\/v2\/posts\/197484\/revisions"}],"predecessor-version":[{"id":280318,"href":"https:\/\/www.novaconcursos.com.br\/portal\/wp-json\/wp\/v2\/posts\/197484\/revisions\/280318"}],"wp:featuredmedia":[{"embeddable":true,"href":"https:\/\/www.novaconcursos.com.br\/portal\/wp-json\/wp\/v2\/media\/159109"}],"wp:attachment":[{"href":"https:\/\/www.novaconcursos.com.br\/portal\/wp-json\/wp\/v2\/media?parent=197484"}],"wp:term":[{"taxonomy":"category","embeddable":true,"href":"https:\/\/www.novaconcursos.com.br\/portal\/wp-json\/wp\/v2\/categories?post=197484"},{"taxonomy":"post_tag","embeddable":true,"href":"https:\/\/www.novaconcursos.com.br\/portal\/wp-json\/wp\/v2\/tags?post=197484"}],"curies":[{"name":"wp","href":"https:\/\/api.w.org\/{rel}","templated":true}]}}