{"id":197528,"date":"2023-06-22T14:02:27","date_gmt":"2023-06-22T17:02:27","guid":{"rendered":"https:\/\/www.novaconcursos.com.br\/portal\/?p=197528"},"modified":"2025-04-09T14:49:27","modified_gmt":"2025-04-09T17:49:27","slug":"concurso-prf-diretor-solicita-a-convocacao-de-excedentes-e-ampliacao-de-cargos","status":"publish","type":"post","link":"https:\/\/www.novaconcursos.com.br\/portal\/noticias\/concurso-prf-diretor-solicita-a-convocacao-de-excedentes-e-ampliacao-de-cargos\/","title":{"rendered":"Diretor solicita a convoca\u00e7\u00e3o de 238 excedentes do concurso da PRF e amplia\u00e7\u00e3o de cargos!"},"content":{"rendered":"<p>O diretor da Pol\u00edcia Rodovi\u00e1ria Federal solicitou a <strong>convoca\u00e7\u00e3o <\/strong>de 238 excedentes do <a href=\"https:\/\/www.novaconcursos.com.br\/portal\/concursos\/concurso-prf\/\">concurso PRF<\/a> e a <strong>cria\u00e7\u00e3o de mais cargos<\/strong>, para um novo edital ser publicado; entenda!<\/p>\n\n\n\n<ul class=\"wp-block-list\"><li><strong>Confira: <\/strong><a href=\"https:\/\/www.novaconcursos.com.br\/apostila\/prf-prep-policial-rodoviario\">Apostila Policial Rodovi\u00e1rio<\/a><\/li>\n\n\n\n<li><strong>Confira: <\/strong><a href=\"https:\/\/www.novaconcursos.com.br\/apostila\/prf-prep-agente-adm\">Apostila Agente Administrativo<\/a><\/li>\n<\/ul><p><\/p>\n\n\n\n<p>Estude para o concurso dos seus sonhos com o\u00a0<strong>M\u00e9todo<\/strong>\u00a0que j\u00e1 ajudou na\u00a0<strong>aprova\u00e7\u00e3o de mais de 70 mil alunos!<\/strong>\u00a0<a href=\"https:\/\/aprovacao.novaconcursos.com.br\/assinatura\">Clique aqui<\/a>\u00a0e saiba mais!<\/p>\n\n\n\n<h2 class=\"wp-block-heading\" id=\"concurso-prf-haver-novas-convocaes\">Concurso PRF: haver\u00e1 novas convoca\u00e7\u00f5es?<\/h2>\n\n\n\n<p>Ao que tudo indica, sim! Isso porque o <strong>diretor <\/strong>da <a href=\"https:\/\/www.gov.br\/prf\/pt-br\" target=\"_blank\" rel=\"noreferrer noopener\">Pol\u00edcia Rodovi\u00e1ria Federal<\/a>, Ant\u00f4nio Jorge Azevedo Barbosa, fez a <strong>solicita\u00e7\u00e3o <\/strong>nesta semana.<\/p>\n\n\n\n<p><\/p>\n\n\n\n<p>Assim, em of\u00edcio encaminhado ao Minist\u00e9rio da Justi\u00e7a e Seguran\u00e7a P\u00fablica (MJSP), ele pede a chamada de <strong>238 excedentes<\/strong> no <a href=\"https:\/\/www.novaconcursos.com.br\/portal\/concursos-previstos\/nacional\">edital <\/a>de 2021.<\/p>\n\n\n\n<p>Vale destacar que o documento, enviado na \u00faltima ter\u00e7a-feira (20), o diretor explica que o efetivo m\u00e1ximo previsto em lei, de <strong>13.098 policiais<\/strong>, poder\u00e1 ser atingido com a autoriza\u00e7\u00e3o.<\/p>\n\n\n\n<blockquote class=\"wp-block-quote is-layout-flow wp-block-quote-is-layout-flow\">\n<p><em>\u201cCom a positiva\u00e7\u00e3o da presente proposta, que corresponde ao quantitativo de cargos vagos de policial rodovi\u00e1rio federal, seria alcan\u00e7ado o efetivo m\u00e1ximo previsto em lei para o cargo, qual seja, 13.098\u201d<\/em>, explica Ant\u00f4nio Azevedo.<\/p>\n\n\n\n<p>Al\u00e9m disso, no pedido, est\u00e1 prevista a realiza\u00e7\u00e3o do curso de forma\u00e7\u00e3o dos excedentes no segundo semestre de <strong>2023<\/strong>, com previs\u00e3o de nomea\u00e7\u00f5es em <strong>2024<\/strong>.<\/p>\n\n\n\n<h3 class=\"wp-block-heading\">Novos cargos podem ser criados<\/h3>\n\n\n\n<p>Lembrando que recentemente, foi enviado um pedido para um novo <a href=\"https:\/\/www.novaconcursos.com.br\/portal\/concursos-abertos\/nacional\">edital <\/a>com a oferta de <strong>4.902 vagas<\/strong>. Entretanto, isso depende da cria\u00e7\u00e3o de cargos na corpora\u00e7\u00e3o.<\/p>\n\n\n\n<p>Por isso, ainda no documento acima citado, o diretor <strong>pediu a cria\u00e7\u00e3o<\/strong> desses cargos, afirmando que s\u00f3 assim o efetivo poder\u00e1 ser empenhado.<\/p>\n\n\n\n<p><em>\u201cHouve o encaminhamento da proposta de amplia\u00e7\u00e3o do quadro legal de cargos de Policial Rodovi\u00e1rio Federal ao Minist\u00e9rio da Justi\u00e7a, em que \u00e9 considerado aspectos t\u00e9cnicos e contingenciais, relacionados principalmente \u00e0 redu\u00e7\u00e3o do poder de fiscaliza\u00e7\u00e3o e policiamento ocasionada pelo crescimento da frota nacional de ve\u00edculos automotores, da criminalidade, bem como da prolifera\u00e7\u00e3o do n\u00famero de a\u00e7\u00f5es civis p\u00fablicas que cobram da PRF o aumento de efetivo em diversas partes do pa\u00eds, implicando na necessidade de provimento de cargos a um quantitativo legal superior ao atual\u201d,<\/em> diz o documento.<\/p>\n\n\n\n<p>Al\u00e9m disso, destacamos que o pedido para <strong>4.902 vagas \u00e9 para carreira de policial rodovi\u00e1rio federal<\/strong>, carreira de n\u00edvel superior. <\/p>\n\n\n\n<p><em>\u201cNecess\u00e1ria se faz a obten\u00e7\u00e3o de autoriza\u00e7\u00e3o para a realiza\u00e7\u00e3o de concurso p\u00fablico com o objetivo de prover 4.902 (quatro mil novecentos e dois) vagas para o cargo de policial rodovi\u00e1rio federal, a fim de atingir o efetivo aproximado de 18.000 policiais, dividindo a forma\u00e7\u00e3o em 8 turmas nos pr\u00f3ximos anos\u201d,\u00a0<\/em>explicou a PRF.<\/p>\n\n\n\n<h3 class=\"wp-block-heading\">\u00daltimo concurso ainda com validade<\/h3>\n\n\n\n<p>Em reuni\u00e3o, o diretor-geral da\u00a0PRF, Fernando Oliveira e o deputado Alexandre Lindenmeyer comentaram sobre a\u00a0<strong>prorroga\u00e7\u00e3o da validade<\/strong>\u00a0do \u00faltimo concurso, cria\u00e7\u00e3o de mais cargos e convoca\u00e7\u00e3o de excedentes. Entenda!<\/p>\n\n\n\n<p>Atualmente,\u00a0<strong>1.455 aprovados<\/strong>\u00a0no concurso PRF 2021\u00a0<strong>aguardam convoca\u00e7\u00e3o\u00a0<\/strong>para o Curso de Forma\u00e7\u00e3o Profissional para poder tomar posse no cargo.<\/p>\n\n\n\n<p>Acontece que o\u00a0<strong>prazo de validade<\/strong>\u00a0desse concurso ser\u00e1 encerrado em dezembro desse ano, ou seja, para convocar os aprovados excedentes, a corpora\u00e7\u00e3o precisa prorrogar o concurso.<\/p>\n\n\n\n<p>Dessa forma, est\u00e1 em debate a possibilidade de prorroga\u00e7\u00e3o por pelo menos,\u00a0<strong>mais um ano<\/strong>, para que todos os aprovados possam ser chamados.<\/p>\n\n\n\n<p><a href=\"https:\/\/www.novaconcursos.com.br\/portal\/noticias\/concurso-prf-2021-validade-sera-prorrogada\/\">Validade do \u00faltimo certame ser\u00e1 prorrogada? Entenda!<\/a><\/p>\n\n\n\n<h3 class=\"wp-block-heading\">S\u00e3o 418 cargos vagos\u00a0<\/h3>\n\n\n\n<p>Atualmente, a Pol\u00edcia Rodovi\u00e1ria Federal soma\u00a0<strong>418 cargos vagos<\/strong>; al\u00e9m disso, outros 2 mil servidores ir\u00e3o se aposentar nos pr\u00f3ximos quatro anos. Veja:<\/p>\n\n\n\n<ul class=\"wp-block-list\"><li>201 vac\u00e2ncias na carreira de Policial Rodovi\u00e1rio Federal, de n\u00edvel superior; e<\/li>\n\n\n\n<li>217 vac\u00e2ncias na carreira de Agente Administrativo, de n\u00edvel m\u00e9dio.<\/li>\n<\/ul><p><\/p>\n\n\n\n<p>Por isso, novas contrata\u00e7\u00f5es s\u00e3o necess\u00e1rias. Caso n\u00e3o ocorram, at\u00e9\u00a0<strong>2026<\/strong>, o n\u00famero de vac\u00e2ncias no \u00f3rg\u00e3o poder\u00e1 aumentar em at\u00e9\u00a0<strong>390%.<\/strong><\/p>\n\n\n\n<h2 class=\"wp-block-heading\" id=\"o-que-preciso-para-ser-um-policial-rodovirio-federal\">O que \u00e9 preciso para ser um policial rodovi\u00e1rio federal?<\/h2>\n\n\n\n<ul class=\"wp-block-list\"><li>Ter nacionalidade brasileira ou portuguesa, e, no caso de nacionalidade portuguesa, estar amparado pelo Estatuto de Igualdade entre Brasileiros e Portugueses;<\/li>\n\n\n\n<li><strong>Ter gradua\u00e7\u00e3o de n\u00edvel superior em qualquer \u00e1rea;<\/strong><\/li>\n\n\n\n<li>Estar em gozo dos direitos pol\u00edticos e quite com as obriga\u00e7\u00f5es eleitorais;<\/li>\n\n\n\n<li>Estar quite com as obriga\u00e7\u00f5es militares, em caso de candidato do sexo masculino;<\/li>\n\n\n\n<li>Ter aptid\u00e3o f\u00edsica e mental para o exerc\u00edcio das atividades e atribui\u00e7\u00f5es t\u00edpicas do cargo;<\/li>\n\n\n\n<li><strong>Possuir CNH B ou superior, sem observa\u00e7\u00f5es de necessidade de adapta\u00e7\u00e3o veicular.<\/strong><\/li>\n<\/ul><\/blockquote>\n\n\n\n<p><\/p>\n\n\n\n<h3 class=\"wp-block-heading\">Atribui\u00e7\u00f5es<\/h3>\n\n\n\n<p>Finalmente, confira as\u00a0<strong>atribui\u00e7\u00f5es gerais das classes<\/strong>\u00a0do cargo de Policial Rodovi\u00e1rio Federal, aplicadas aos candidatos convocados:<\/p>\n\n\n\n<ul class=\"wp-block-list\"><li><strong>Terceira Classe<\/strong>\n<ul class=\"wp-block-list\"><li>Atividades de natureza policial, envolvendo fiscaliza\u00e7\u00e3o, patrulhamento e policiamento ostensivo. Atendimento e socorro \u00e0s v\u00edtimas de acidentes rodovi\u00e1rios e demais atribui\u00e7\u00f5es relacionadas com a atividade final\u00edstica da Pol\u00edcia Rodovi\u00e1ria Federal.<\/li>\n<\/ul><\/li>\n\n\n\n<li><strong>Segunda Classe<\/strong>\n<ul class=\"wp-block-list\"><li>Atividades de natureza policial, envolvendo a execu\u00e7\u00e3o e controle administrativo e operacional das atividades inerentes ao cargo, al\u00e9m das atribui\u00e7\u00f5es da Terceira Classe.<\/li>\n<\/ul><\/li>\n\n\n\n<li><strong>Primeira Classe<\/strong>\n<ul class=\"wp-block-list\"><li>Atividades de natureza policial, envolvendo planejamento, coordena\u00e7\u00e3o, capacita\u00e7\u00e3o, controle e execu\u00e7\u00e3o administrativa e operacional, bem como articula\u00e7\u00e3o e interc\u00e2mbio com outras organiza\u00e7\u00f5es policiais, em \u00e2mbito nacional, al\u00e9m das atribui\u00e7\u00f5es da Segunda Classe.<\/li>\n<\/ul><\/li>\n\n\n\n<li><strong>Classe Especial<\/strong>\n<ul class=\"wp-block-list\"><li>Atividades de natureza policial e administrativa, envolvendo dire\u00e7\u00e3o, planejamento, coordena\u00e7\u00e3o, supervis\u00e3o, controle e avalia\u00e7\u00e3o administrativa e operacional, coordena\u00e7\u00e3o e dire\u00e7\u00e3o das atividades de corregedoria, intelig\u00eancia e ensino, bem como a articula\u00e7\u00e3o e o interc\u00e2mbio com outras organiza\u00e7\u00f5es e corpora\u00e7\u00f5es policiais, em \u00e2mbito nacional e internacional, al\u00e9m das atribui\u00e7\u00f5es da Primeira Classe.<\/li>\n<\/ul><\/li>\n<\/ul><p><\/p>\n\n\n\n<p><\/p>","protected":false},"excerpt":{"rendered":"<p>O diretor da Pol\u00edcia Rodovi\u00e1ria Federal solicitou a convoca\u00e7\u00e3o de 238 excedentes do concurso PRF e a cria\u00e7\u00e3o de mais cargos, para um novo edital ser publicado; entenda! Estude para o concurso dos seus sonhos com o\u00a0M\u00e9todo\u00a0que j\u00e1 ajudou na\u00a0aprova\u00e7\u00e3o de mais de 70 mil alunos!\u00a0Clique aqui\u00a0e saiba mais! Concurso PRF: haver\u00e1 novas convoca\u00e7\u00f5es? Ao [&hellip;]<\/p>\n","protected":false},"author":54671,"featured_media":157187,"comment_status":"closed","ping_status":"closed","sticky":false,"template":"","format":"standard","meta":{"_acf_changed":false,"footnotes":"","_wp_rev_ctl_limit":""},"categories":[228],"tags":[],"class_list":["post-197528","post","type-post","status-publish","format-standard","has-post-thumbnail","hentry","category-noticias"],"acf":[],"_links":{"self":[{"href":"https:\/\/www.novaconcursos.com.br\/portal\/wp-json\/wp\/v2\/posts\/197528","targetHints":{"allow":["GET"]}}],"collection":[{"href":"https:\/\/www.novaconcursos.com.br\/portal\/wp-json\/wp\/v2\/posts"}],"about":[{"href":"https:\/\/www.novaconcursos.com.br\/portal\/wp-json\/wp\/v2\/types\/post"}],"author":[{"embeddable":true,"href":"https:\/\/www.novaconcursos.com.br\/portal\/wp-json\/wp\/v2\/users\/54671"}],"replies":[{"embeddable":true,"href":"https:\/\/www.novaconcursos.com.br\/portal\/wp-json\/wp\/v2\/comments?post=197528"}],"version-history":[{"count":8,"href":"https:\/\/www.novaconcursos.com.br\/portal\/wp-json\/wp\/v2\/posts\/197528\/revisions"}],"predecessor-version":[{"id":278568,"href":"https:\/\/www.novaconcursos.com.br\/portal\/wp-json\/wp\/v2\/posts\/197528\/revisions\/278568"}],"wp:featuredmedia":[{"embeddable":true,"href":"https:\/\/www.novaconcursos.com.br\/portal\/wp-json\/wp\/v2\/media\/157187"}],"wp:attachment":[{"href":"https:\/\/www.novaconcursos.com.br\/portal\/wp-json\/wp\/v2\/media?parent=197528"}],"wp:term":[{"taxonomy":"category","embeddable":true,"href":"https:\/\/www.novaconcursos.com.br\/portal\/wp-json\/wp\/v2\/categories?post=197528"},{"taxonomy":"post_tag","embeddable":true,"href":"https:\/\/www.novaconcursos.com.br\/portal\/wp-json\/wp\/v2\/tags?post=197528"}],"curies":[{"name":"wp","href":"https:\/\/api.w.org\/{rel}","templated":true}]}}