{"id":198195,"date":"2023-06-29T17:18:07","date_gmt":"2023-06-29T20:18:07","guid":{"rendered":"https:\/\/www.novaconcursos.com.br\/portal\/?p=198195"},"modified":"2023-06-30T13:13:11","modified_gmt":"2023-06-30T16:13:11","slug":"concurso-pm-sp-inclusao-de-libras-no-cfp-para-soldado-e-oficial","status":"publish","type":"post","link":"https:\/\/www.novaconcursos.com.br\/portal\/noticias\/concurso-pm-sp-inclusao-de-libras-no-cfp-para-soldado-e-oficial\/","title":{"rendered":"Concurso PM SP: Inclus\u00e3o de Libras no CFP para Soldado e Oficial!"},"content":{"rendered":"<p>Com inscri\u00e7\u00f5es abertas para o\u00a0<a href=\"https:\/\/www.novaconcursos.com.br\/portal\/concursos\/concurso-pm-sp\/\">concurso PM SP<\/a>\u00a0(Pol\u00edcia Militar de S\u00e3o Paulo) de <strong>Soldado<\/strong>, um projeto pode respingar na sele\u00e7\u00e3o, a <strong>inclus\u00e3o de libras <\/strong>no curso de forma\u00e7\u00e3o. Tamb\u00e9m h\u00e1 sele\u00e7\u00e3o aberta para Oficiais!<\/p>\n\n\n\n<ul class=\"wp-block-list\"><li><strong>Confira:<\/strong> <a href=\"https:\/\/www.novaconcursos.com.br\/apostila\/pm-sp-soldado-qppm\">Apostila PM-SP 2023 Soldado<\/a><\/li>\n\n\n\n<li><strong>Confira:<\/strong> <a href=\"https:\/\/www.novaconcursos.com.br\/curso-online\/pm-sp-curso-formacao-oficiais-cfo\">Curso PM-SP \u2013 Aluno-Oficial<\/a><\/li>\n<\/ul><p><\/p>\n\n\n\n<p>Estude para o concurso dos seus sonhos com o\u00a0<strong>M\u00e9todo<\/strong>\u00a0que j\u00e1 ajudou na\u00a0<strong>aprova\u00e7\u00e3o de mais de 70 mil alunos.<\/strong>\u00a0<a href=\"https:\/\/aprovacao.novaconcursos.com.br\/assinatura\" target=\"_blank\" rel=\"noreferrer noopener\">Clique aqui<\/a>\u00a0e saiba mais!<\/p>\n\n\n\n<h2 class=\"wp-block-heading\" id=\"concurso-pm-sp-pl-obriga-a-incluso-de-libras-na-formao-de-po\">Concurso PM SP: PL obriga a inclus\u00e3o de Libras na forma\u00e7\u00e3o de policiais<\/h2>\n\n\n\n<p>Portanto, a\u00a0Comiss\u00e3o de Seguran\u00e7a P\u00fablica e Assuntos Penitenci\u00e1rios, da Assembleia Legislativa do Estado de S\u00e3o Paulo, deu parecer favor\u00e1vel a <strong>tr\u00eas projetos de lei<\/strong>, nove mo\u00e7\u00f5es e quatro requerimentos.<\/p>\n\n\n\n<ul class=\"wp-block-list\"><li><strong>Confira: <\/strong><a href=\"https:\/\/www.novaconcursos.com.br\/apostila\/pm-sp-soldado-qppm\">Apostila PM-SP 2023 Soldado<\/a><\/li>\n\n\n\n<li><strong>Confira: <\/strong><a href=\"https:\/\/www.novaconcursos.com.br\/curso-online\/pm-sp-soldado\">Curso Completo PM-SP Soldado<\/a><\/li>\n<\/ul><p><\/p>\n\n\n\n<p>Assim, a <strong>3\u00aa reuni\u00e3o da 20\u00aa Legislatura<\/strong> aconteceu nesta quarta-feira (28\/06), no Plen\u00e1rio Dom Pedro I. Entre os itens que avan\u00e7aram, est\u00e1 o\u00a0<a href=\"https:\/\/www.al.sp.gov.br\/propositura?id=1000359421\" target=\"_blank\" rel=\"noopener\">Projeto de Lei 43\/2021<\/a>.<\/p>\n\n\n\n<p>Sendo assim, de autoria do deputado Major Mecca, que torna obrigat\u00f3ria a inclus\u00e3o do conhecimento b\u00e1sico da L\u00edngua Brasileira de Sinais (Libras) nos curr\u00edculos da Escola Superior de Soldados e da Academia de Pol\u00edcia Militar do Barro Branco.<\/p>\n\n\n\n<p><em>\u201cEsse projeto visa aprimorar a capacidade t\u00e9cnica dos policias para atender a popula\u00e7\u00e3o que tem defici\u00eancia auditiva. Participei de in\u00fameras ocorr\u00eancias onde pessoas com defici\u00eancia queriam se comunicar com os policiais e havia uma certa dificuldade, ent\u00e3o a proposta vem a este encontro, para melhorar a assist\u00eancia dos agentes de seguran\u00e7a aos cidad\u00e3os\u201d<\/em>, explicou Mecca.<\/p>\n\n\n\n<p>Os parlamentares refor\u00e7aram a relev\u00e2ncia da iniciativa. <em>\u201cSeria muito importante os policiais aprenderem a linguagem de libras para o atendimento \u00e0 popula\u00e7\u00e3o\u201d,<\/em> disse o deputado Reis.<\/p>\n\n\n\n<p><a href=\"https:\/\/www.al.sp.gov.br\/propositura\/?id=1000359421\" target=\"_blank\" rel=\"noreferrer noopener\">Confira o projeto completo e as decis\u00f5es, clicando aqui!<\/a><\/p>\n\n\n\n<h2 class=\"wp-block-heading\" id=\"inscries-esto-abertas-para-o-concurso-pm-sp-soldado\">Inscri\u00e7\u00f5es est\u00e3o abertas para o concurso PM SP Soldado<\/h2>\n\n\n\n<p>Est\u00e3o sendo ofertadas 2.700 vagas no <a href=\"https:\/\/www.novaconcursos.com.br\/portal\/concursos-previstos\/sp\/\">concurso<\/a>, para o sexo masculino e feminino,\u00a0 ao cargo de\u00a0<strong>Soldado PM de 2\u00aa Classe do Quadro de Pra\u00e7as da Pol\u00edcia Militar (QPPM).<\/strong><\/p>\n\n\n\n<p>Conforme o edital, o sal\u00e1rio inicial do aprovado \u00e9\u00a0<strong>R$ 4.852,21.<\/strong> As inscri\u00e7\u00f5es devem ser feitas at\u00e9 o dia <strong>27 de julho<\/strong>, \u00e0s 23h59. <\/p>\n\n\n\n<p>Al\u00e9m disso, \u00e9 necess\u00e1rio o\u00a0<strong>pagamento<\/strong>\u00a0de uma taxa no valor de R$ 65,00. No momento da inscri\u00e7\u00e3o, o candidato deve escolher o\u00a0<strong>local de prova,<\/strong>\u00a0dentre os munic\u00edpios:<\/p>\n\n\n\n<ul class=\"wp-block-list\"><li><strong>Estado de S\u00e3o Paulo:<\/strong>\u00a0Andradina, Ara\u00e7atuba; Araraquara; Avar\u00e9; Bauru; Bragan\u00e7a Paulista; Campinas Caraguatatuba; Catanduva; Cotia; Dracena; Franca; Franco da Rocha; Guarulhos; Itapetininga; Jundia\u00ed; Mar\u00edlia; Mogi das Cruzes; Mongagu\u00e1; Osasco; Ourinhos; Piracicaba; Pirassununga; Praia Grande; Presidente Prudente; Presidente Venceslau; Registro; Ribeir\u00e3o Preto; Rio Claro; S\u00e3o Paulo; Santos; S\u00e3o Bernardo do Campo; S\u00e3o Jos\u00e9 do Rio Preto; S\u00e3o Jose dos Campos; Sorocaba; Taubat\u00e9 E Votuporanga.<\/li>\n\n\n\n<li><strong>Outros Estados:<\/strong>\u00a0Belo Horizonte \u2013 MG; Bras\u00edlia \u2013 DF; Campo Grande \u2013 MS; Cuiab\u00e1 \u2013 MT; Curitiba \u2013 PR; Florian\u00f3polis \u2013 SC; Fortaleza \u2013 CE; Goi\u00e2nia- GO; Manaus \u2013 AM; Porto Alegre \u2013 RS; Recife \u2013 PE; Rio de Janeiro \u2013 RJ; Salvador- BA; Vit\u00f3ria \u2013 ES.<\/li>\n<\/ul><p><\/p>\n\n\n\n<p>Ademais, a escolha do local de prova, refere-se<strong>\u00a0apenas<\/strong>\u00a0a esta etapa do concurso, realiza\u00e7\u00e3o dos exames de conhecimentos (parte I e II).<\/p>\n\n\n\n<h3 class=\"wp-block-heading\">Como \u00e9 a prova?<\/h3>\n\n\n\n<p>Posteriormente, os candidatos ao cargo de\u00a0Soldado da PM SP 2\u00aa classe,\u00a0ser\u00e3o avaliados em\u00a0<strong>seis etapas<\/strong>, sendo:<\/p>\n\n\n\n<ul class=\"wp-block-list\"><li>Exame de conhecimento\n<ul class=\"wp-block-list\"><li>prova objetiva: car\u00e1ter eliminat\u00f3rio e classificat\u00f3rio<\/li>\n\n\n\n<li>prova dissertativa: car\u00e1ter eliminat\u00f3rio e classificat\u00f3rio<\/li>\n<\/ul><\/li>\n\n\n\n<li>Exame de Aptid\u00e3o F\u00edsica<\/li>\n\n\n\n<li>Exame de Sa\u00fade<\/li>\n\n\n\n<li>Exame Psicol\u00f3gico<\/li>\n\n\n\n<li>Avalia\u00e7\u00e3o da conduta social<\/li>\n\n\n\n<li>An\u00e1lise de documentos<\/li>\n<\/ul><p><\/p>\n\n\n\n<p>Tanto a prova objetiva, como a dissertativa, ser\u00e3o aplicadas no dia\u00a0<strong>17 de setembro <\/strong>(per\u00edodo da tarde),\u00a0 com 5h de dura\u00e7\u00e3o. A\u00a0prova objetiva\u00a0ser\u00e1 composta de 60 quest\u00f5es; veja as disciplinas:<\/p>\n\n\n\n<ul class=\"wp-block-list\"><li>L\u00edngua Portuguesa e Interpreta\u00e7\u00e3o de Texto \u2013 20 (vinte);<\/li>\n\n\n\n<li>\u00a0Matem\u00e1tica \u2013 15 (quinze);<\/li>\n\n\n\n<li>Conhecimentos Gerais \u2013 15 (quinze);<\/li>\n\n\n\n<li>\u00a0No\u00e7\u00f5es B\u00e1sicas de Inform\u00e1tica \u2013 5 (cinco);<\/li>\n\n\n\n<li>No\u00e7\u00f5es de Administra\u00e7\u00e3o P\u00fablica \u2013 5 (cinco)<\/li>\n<\/ul><p><\/p>\n\n\n\n<p>J\u00e1 na prova dissertativa, composta por uma<strong>\u00a0reda\u00e7\u00e3o<\/strong>, o candidato deve produzir uma disserta\u00e7\u00e3o em prosa, com no m\u00e1ximo 30 linhas,\u00a0na norma-padr\u00e3o da l\u00edngua portuguesa, a partir de textos auxiliares que ser\u00e3o disponibilizados na hora.<\/p>\n\n\n\n<h2 class=\"wp-block-heading\" id=\"provas-para-oficial-do-concurso-pm-sp-esto-se-aproximando\">Provas para Oficial do concurso PM SP est\u00e3o se aproximando<\/h2>\n\n\n\n<p>J\u00e1 o <a href=\"https:\/\/www.novaconcursos.com.br\/portal\/concursos-previstos\/sp\/\">concurso<\/a> para <strong>Oficial <\/strong>da Pol\u00edcia Militar de S\u00e3o Paulo j\u00e1 teve inscri\u00e7\u00f5es encerradas. S\u00e3o 200 vagas ofertadas para o cargo de\u00a0<strong>Aluno-Oficial,<\/strong>\u00a0exigindo apenas n\u00edvel m\u00e9dio de escolaridade.<\/p>\n\n\n\n<p>Ademais, o sal\u00e1rio inicial do cargo \u00e9 de\u00a0<strong>R$ 3.815,03<\/strong>. Ao final da carreira, o Oficial pode receber at\u00e9\u00a0<strong>R$ 17.214,20,<\/strong>\u00a0no cargo de Comandante Geral.<\/p>\n\n\n\n<p>Os inscritos no concurso, com organiza\u00e7\u00e3o da banca <a href=\"https:\/\/www.vunesp.com.br\/\" target=\"_blank\" rel=\"noreferrer noopener\">Vunesp<\/a>, passar\u00e3o por <strong>sete etapas\u00a0<\/strong>de sele\u00e7\u00e3o, sendo:<\/p>\n\n\n\n<ul class=\"wp-block-list\"><li>Prova Objetiva, de car\u00e1ter eliminat\u00f3rio e classificat\u00f3rio;<\/li>\n\n\n\n<li>Prova Dissertativa, de car\u00e1ter eliminat\u00f3rio e classificat\u00f3rio;<\/li>\n\n\n\n<li>Exames de Aptid\u00e3o F\u00edsica, de car\u00e1ter eliminat\u00f3rio;<\/li>\n\n\n\n<li>Exames de Sa\u00fade, de car\u00e1ter eliminat\u00f3rio;<\/li>\n\n\n\n<li>Exames Psicol\u00f3gicos, de car\u00e1ter eliminat\u00f3rio;<\/li>\n\n\n\n<li>Avalia\u00e7\u00e3o da Conduta Social, da Reputa\u00e7\u00e3o e da Idoneidade, de car\u00e1ter eliminat\u00f3rio;<\/li>\n\n\n\n<li>An\u00e1lise de Documentos, de car\u00e1ter eliminat\u00f3rio.<\/li>\n<\/ul><p><\/p>\n\n\n\n<p>Assim, as duas primeiras etapas ser\u00e3o realizadas no dia\u00a0<strong>20 de agosto de 2023,\u00a0<\/strong>no turno da tarde. Assim, o candidato dever\u00e1 administrar o tempo de realiza\u00e7\u00e3o de ambas.<\/p>\n\n\n\n<p>Ademais, a prova objetiva ser\u00e1 composta por\u00a0<strong>80 quest\u00f5es<\/strong>\u00a0de m\u00faltipla escolha com cinco alternativas cada uma, sendo que, apenas uma estar\u00e1 correta. Confira as\u00a0<strong>disciplinas<\/strong>\u00a0que ser\u00e3o cobradas:<\/p>\n\n\n\n<ul class=\"wp-block-list\"><li><strong>Ci\u00eancias Humanas e suas Tecnologias: 20 (vinte) quest\u00f5es, sendo:<\/strong>\n<ul class=\"wp-block-list\"><li>Hist\u00f3ria: 06 quest\u00f5es;<\/li>\n\n\n\n<li>Filosofia: 04 quest\u00f5es;<\/li>\n\n\n\n<li>Sociologia: 04 quest\u00f5es; e<\/li>\n\n\n\n<li>Geografia: 06 quest\u00f5es.<\/li>\n<\/ul><\/li>\n\n\n\n<li><strong>Linguagens e C\u00f3digos: 24 quest\u00f5es, sendo:<\/strong>\n<ul class=\"wp-block-list\"><li>L\u00edngua Portuguesa e interpreta\u00e7\u00e3o de texto: 18 quest\u00f5es; e<\/li>\n\n\n\n<li>L\u00edngua Inglesa ou Espanhola: 06 quest\u00f5es.<\/li>\n<\/ul><\/li>\n\n\n\n<li><strong>Matem\u00e1tica e Ci\u00eancias da Natureza: 30 quest\u00f5es, sendo:<\/strong>\n<ul class=\"wp-block-list\"><li>Matem\u00e1tica: 12 quest\u00f5es;<\/li>\n\n\n\n<li>F\u00edsica: 06 quest\u00f5es;<\/li>\n\n\n\n<li>Qu\u00edmica: 06 quest\u00f5es; e<\/li>\n\n\n\n<li>Biologia: 06 quest\u00f5es.<\/li>\n<\/ul><\/li>\n\n\n\n<li><strong>Conhecimentos Espec\u00edficos: 06 quest\u00f5es, sendo:<\/strong>\n<ul class=\"wp-block-list\"><li>No\u00e7\u00f5es de Administra\u00e7\u00e3o P\u00fablica: 02 quest\u00f5es; e<\/li>\n\n\n\n<li>No\u00e7\u00f5es B\u00e1sicas de Inform\u00e1tica: 04 quest\u00f5es.<\/li>\n<\/ul><\/li>\n<\/ul><p><\/p>\n\n\n\n<p>A prova dissertativa, por sua vez, exigir\u00e1 que o candidato redija uma\u00a0<strong>reda\u00e7\u00e3o dissertativa-argumentativa (em prosa),<\/strong>\u00a0com no m\u00e1ximo\u00a0<strong>30 linhas,<\/strong>\u00a0conforme a norma padr\u00e3o da l\u00edngua portuguesa, a partir da leitura e compreens\u00e3o de textos auxiliares, que servem como um referencial para ampliar os seus pr\u00f3prios argumentos.<\/p>","protected":false},"excerpt":{"rendered":"<p>Com inscri\u00e7\u00f5es abertas para o\u00a0concurso PM SP\u00a0(Pol\u00edcia Militar de S\u00e3o Paulo) de Soldado, um projeto pode respingar na sele\u00e7\u00e3o, a inclus\u00e3o de libras no curso de forma\u00e7\u00e3o. Tamb\u00e9m h\u00e1 sele\u00e7\u00e3o aberta para Oficiais! Estude para o concurso dos seus sonhos com o\u00a0M\u00e9todo\u00a0que j\u00e1 ajudou na\u00a0aprova\u00e7\u00e3o de mais de 70 mil alunos.\u00a0Clique aqui\u00a0e saiba mais! Concurso [&hellip;]<\/p>\n","protected":false},"author":54671,"featured_media":158005,"comment_status":"closed","ping_status":"closed","sticky":false,"template":"","format":"standard","meta":{"_acf_changed":false,"footnotes":"","_wp_rev_ctl_limit":""},"categories":[228],"tags":[],"class_list":["post-198195","post","type-post","status-publish","format-standard","has-post-thumbnail","hentry","category-noticias"],"acf":[],"_links":{"self":[{"href":"https:\/\/www.novaconcursos.com.br\/portal\/wp-json\/wp\/v2\/posts\/198195","targetHints":{"allow":["GET"]}}],"collection":[{"href":"https:\/\/www.novaconcursos.com.br\/portal\/wp-json\/wp\/v2\/posts"}],"about":[{"href":"https:\/\/www.novaconcursos.com.br\/portal\/wp-json\/wp\/v2\/types\/post"}],"author":[{"embeddable":true,"href":"https:\/\/www.novaconcursos.com.br\/portal\/wp-json\/wp\/v2\/users\/54671"}],"replies":[{"embeddable":true,"href":"https:\/\/www.novaconcursos.com.br\/portal\/wp-json\/wp\/v2\/comments?post=198195"}],"version-history":[{"count":6,"href":"https:\/\/www.novaconcursos.com.br\/portal\/wp-json\/wp\/v2\/posts\/198195\/revisions"}],"predecessor-version":[{"id":198253,"href":"https:\/\/www.novaconcursos.com.br\/portal\/wp-json\/wp\/v2\/posts\/198195\/revisions\/198253"}],"wp:featuredmedia":[{"embeddable":true,"href":"https:\/\/www.novaconcursos.com.br\/portal\/wp-json\/wp\/v2\/media\/158005"}],"wp:attachment":[{"href":"https:\/\/www.novaconcursos.com.br\/portal\/wp-json\/wp\/v2\/media?parent=198195"}],"wp:term":[{"taxonomy":"category","embeddable":true,"href":"https:\/\/www.novaconcursos.com.br\/portal\/wp-json\/wp\/v2\/categories?post=198195"},{"taxonomy":"post_tag","embeddable":true,"href":"https:\/\/www.novaconcursos.com.br\/portal\/wp-json\/wp\/v2\/tags?post=198195"}],"curies":[{"name":"wp","href":"https:\/\/api.w.org\/{rel}","templated":true}]}}