{"id":198837,"date":"2023-07-06T17:52:45","date_gmt":"2023-07-06T20:52:45","guid":{"rendered":"https:\/\/www.novaconcursos.com.br\/portal\/?p=198837"},"modified":"2023-07-06T17:56:28","modified_gmt":"2023-07-06T20:56:28","slug":"concurso-fundacao-renascer-edital-autorizado-vagas-para-agente-e-orientador","status":"publish","type":"post","link":"https:\/\/www.novaconcursos.com.br\/portal\/noticias\/concurso-fundacao-renascer-edital-autorizado-vagas-para-agente-e-orientador\/","title":{"rendered":"Concurso Funda\u00e7\u00e3o Renascer: Edital autorizado. Vagas para Agente e Orientador!"},"content":{"rendered":"<p>Boa not\u00edcia, concurseiros! Um\u00a0<strong>novo edital\u00a0<\/strong>ser\u00e1 publicado em breve para o concurso Funda\u00e7\u00e3o Renascer, em <a href=\"https:\/\/www.novaconcursos.com.br\/portal\/concursos-previstos\/se\">Sergipe<\/a>. Est\u00e3o autorizadas\u00a0<strong>30 vagas<\/strong>\u00a0para cargos efetivos. Saiba detalhes!<\/p>\n\n\n\n<ul class=\"wp-block-list\"><li><strong>Confira: <\/strong><a href=\"https:\/\/www.novaconcursos.com.br\/livro\/600-questoes-comentadas-lingua-portuguesa-isabella-ramiro\">Livro 600 Quest\u00f5es Comentadas L\u00edngua Portuguesa<\/a><\/li>\n\n\n\n<li><strong>Confira: <\/strong><a href=\"https:\/\/www.novaconcursos.com.br\/apostila\/basico-concursos\">Apostila B\u00e1sico para Concursos<\/a><\/li>\n<\/ul><p><\/p>\n\n\n\n<p>Estude para o concurso dos seus sonhos com o\u00a0<strong>M\u00e9todo<\/strong>\u00a0que j\u00e1 ajudou na\u00a0<strong>aprova\u00e7\u00e3o de mais de 70 mil alunos.<\/strong>\u00a0<a href=\"https:\/\/aprovacao.novaconcursos.com.br\/assinatura\" target=\"_blank\" rel=\"noreferrer noopener\">Clique aqui<\/a>\u00a0e saiba mais!<\/p>\n\n\n\n<h2 class=\"wp-block-heading\" id=\"concurso-fundao-renascer-quando-sai-o-edital\">Concurso Funda\u00e7\u00e3o Renascer: quando sai o edital?<\/h2>\n\n\n\n<p>Ao que tudo indica, em breve! Isso porque o concurso para a Funda\u00e7\u00e3o Renascer, em <a href=\"https:\/\/www.novaconcursos.com.br\/portal\/concursos-abertos\/se\">Sergipe<\/a>, est\u00e1 <strong>autorizado oficialmente<\/strong> pelo governo do estado.<\/p>\n\n\n\n<p>Assim, a portaria que confirma o aval est\u00e1 publicada no Di\u00e1rio Oficial do Estado nesta quinta-feira, 6 de julho. Uma boa not\u00edcia aos concurseiros!<\/p>\n\n\n\n<p>Entretanto, o n\u00famero de vagas autorizadas \u00e9 menor do que o anunciado anteriormente. <strong>S\u00e3o 30 vagas, e n\u00e3o 175. <\/strong>Ent\u00e3o, veja a divis\u00e3o:<\/p>\n\n\n\n<ul class=\"wp-block-list\"><li>25 vagas para agente socioeducativo;<\/li>\n\n\n\n<li>2 vagas para orientador social \u2013 pedagogo;<\/li>\n\n\n\n<li>3 vagas para orientador social \u2013 psic\u00f3logo.<\/li>\n<\/ul><p><\/p>\n\n\n\n<p>Vale destacar que antes, seriam 150 vagas para o cargo de agente socioeducativo e 25 vagas para orientador social.<\/p>\n\n\n\n<p>Mas, a boa not\u00edcia \u00e9 que um <strong>cadastro reserva <\/strong>dever\u00e1 ser formado e poder\u00e1 ser usado durante a validade do concurso, que \u00e9 inicialmente de 2 anos. <\/p>\n\n\n\n<p>No caso do Agente Socioeducativo, o requisito \u00e9 o\u00a0<strong>n\u00edvel m\u00e9dio completo<\/strong>.\u00a0Enquanto o Orientador ter\u00e1 que ter o\u00a0<strong>n\u00edvel superior<\/strong>\u00a0em uma das \u00e1reas relativas.<\/p>\n\n\n\n<figure class=\"wp-block-image size-full\"><a href=\"https:\/\/www.novaconcursos.com.br\/portal\/wp-content\/uploads\/2023\/07\/fundacao_renascer_se.jpg\"><img decoding=\"async\" width=\"435\" height=\"564\" src=\"https:\/\/www.novaconcursos.com.br\/portal\/wp-content\/uploads\/2023\/07\/fundacao_renascer_se.jpg\" alt=\"\" class=\"wp-image-198848\" loading=\"lazy\" title=\"\" srcset=\"https:\/\/www.novaconcursos.com.br\/portal\/wp-content\/uploads\/2023\/07\/fundacao_renascer_se-231x300.jpg 231w, https:\/\/www.novaconcursos.com.br\/portal\/wp-content\/uploads\/2023\/07\/fundacao_renascer_se.jpg 435w\" sizes=\"auto, (max-width: 480px) 100vw, (max-width: 768px) 100vw, (max-width: 1200px) 70vw, 768px\"><\/a><figcaption><\/figcaption><\/figure><h3 class=\"wp-block-heading\">Sal\u00e1rios<\/h3>\n\n\n\n<p>Os <strong>sal\u00e1rios iniciais<\/strong> das carreiras, entretanto, n\u00e3o est\u00e3o informados. A informa\u00e7\u00e3o deve constar no edital, que pode sair ainda em 2023.<\/p>\n\n\n\n<p>Na \u00faltima sele\u00e7\u00e3o para estes cargos, realizada em 2019, as remunera\u00e7\u00f5es iniciais foram de <strong>R$ 2.197,60 <\/strong>pra Agente Socioeducativo e <strong>R$ 2.690,85<\/strong> para Orientador.<\/p>\n\n\n\n<h3 class=\"wp-block-heading\">Pr\u00f3ximos passos<\/h3>\n\n\n\n<p>At\u00e9 o edital, alguns tr\u00e2mites devem se encerrar. Um deles j\u00e1 est\u00e1 adiantado: a <strong>comiss\u00e3o organizadora<\/strong> j\u00e1 se encontra montada.<\/p>\n\n\n\n<p>Sendo assim, o pr\u00f3ximo passo \u00e9 <strong>escolher a banca<\/strong> organizadora. Depois de contratada, o edital do concurso se torna iminente, podendo sair a qualquer momento.<\/p>\n\n\n\n<blockquote class=\"wp-block-quote is-layout-flow wp-block-quote-is-layout-flow\">\n<h2 class=\"wp-block-heading\" id=\"como-foi-o-ltimo-concurso-fundao-renascer\">Como foi o \u00faltimo concurso Funda\u00e7\u00e3o Renascer?<\/h2>\n\n\n\n<p>Sendo assim, o \u00faltimo concurso da Funda\u00e7\u00e3o Renascer, no\u00a0<a href=\"https:\/\/www.novaconcursos.com.br\/portal\/concursos-abertos\/se\">estado de Sergipe,<\/a>\u00a0foi publicado em\u00a0<strong>2019<\/strong>. Sendo assim, ele pode ser usado para come\u00e7ar os estudos.<\/p>\n\n\n\n<p>Entretanto, as oportunidades foram\u00a0<strong>tempor\u00e1rias<\/strong>, sendo 147 para o <strong>n\u00edvel m\u00e9dio e superior<\/strong> com sal\u00e1rios que chegaram a R$2,6 mil.\u00a0<\/p>\n\n\n\n<p>Foram 130 chances para\u00a0<strong>Socioeducador<\/strong>, que exigiu o ensino m\u00e9dio, sendo 97 para o sexo masculino e 33 para o sexo feminino.<\/p>\n\n\n\n<p>As outras 17 vagas foram para\u00a0<strong>Orientador Social<\/strong>, sendo 10 para Psicologia, 04 para Pedagogia e 03 para Servi\u00e7o Social.<\/p>\n\n\n\n<p>Ademais, os inscritos foram\u00a0<strong>avaliados\u00a0<\/strong>por meio dos t\u00edtulos apresentados pelos concorrentes no ato da inscri\u00e7\u00e3o. Ent\u00e3o, veja os crit\u00e9rios de pontua\u00e7\u00e3o:<\/p>\n\n\n\n<figure class=\"wp-block-image\"><a href=\"https:\/\/www.novaconcursos.com.br\/portal\/wp-content\/uploads\/2023\/05\/image-58.png\"><img decoding=\"async\" width=\"676\" height=\"708\" src=\"https:\/\/www.novaconcursos.com.br\/portal\/wp-content\/uploads\/2023\/05\/image-58.png\" alt=\"\" class=\"wp-image-193637\" loading=\"lazy\" title=\"\" srcset=\"https:\/\/www.novaconcursos.com.br\/portal\/wp-content\/uploads\/2023\/05\/image-58-286x300.png 286w, https:\/\/www.novaconcursos.com.br\/portal\/wp-content\/uploads\/2023\/05\/image-58.png 676w\" sizes=\"auto, (max-width: 480px) 100vw, (max-width: 768px) 100vw, (max-width: 1200px) 70vw, 768px\"><\/a><\/figure><p>Sendo assim, os aprovados foram contratados e, em seguida, submetidos a um curso de forma\u00e7\u00e3o. Ao final das aulas, foi aplicada uma prova objetiva.\u00a0<\/p>\n\n\n\n<h3 class=\"wp-block-heading\">A funda\u00e7\u00e3o<\/h3>\n\n\n\n<p>A Funda\u00e7\u00e3o Renascer \u00e9 dotada de personalidade jur\u00eddica de direito p\u00fablico, com patrim\u00f4nio pr\u00f3prio e autonomia administrativa, financeira e t\u00e9cnica. Com sede em Aracaju, seu objetivo \u00e9 operacionalizar e executar a Pol\u00edtica Estadual de Assist\u00eancia e Prote\u00e7\u00e3o \u00e0 Crian\u00e7a e ao Adolescente em situa\u00e7\u00e3o de risco pessoal e social.<\/p>\n\n\n\n<p>Confira todos os detalhes do \u00faltimo edital,\u00a0<a href=\"https:\/\/dhg1h5j42swfq.cloudfront.net\/2022\/09\/19101103\/01-edital_abertura-pss-22-05-19.pdf\" target=\"_blank\" rel=\"noreferrer noopener\">clicando aqui!<\/a><a href=\"https:\/\/www.novaconcursos.com.br\/apostila\/basico-concursos?q=B%C3%81SICO\"><\/a><\/p>\n<\/blockquote>","protected":false},"excerpt":{"rendered":"<p>Boa not\u00edcia, concurseiros! Um\u00a0novo edital\u00a0ser\u00e1 publicado em breve para o concurso Funda\u00e7\u00e3o Renascer, em Sergipe. Est\u00e3o autorizadas\u00a030 vagas\u00a0para cargos efetivos. Saiba detalhes! Estude para o concurso dos seus sonhos com o\u00a0M\u00e9todo\u00a0que j\u00e1 ajudou na\u00a0aprova\u00e7\u00e3o de mais de 70 mil alunos.\u00a0Clique aqui\u00a0e saiba mais! Concurso Funda\u00e7\u00e3o Renascer: quando sai o edital? Ao que tudo indica, em [&hellip;]<\/p>\n","protected":false},"author":54671,"featured_media":171894,"comment_status":"closed","ping_status":"closed","sticky":false,"template":"","format":"standard","meta":{"_acf_changed":false,"footnotes":"","_wp_rev_ctl_limit":""},"categories":[228],"tags":[],"class_list":["post-198837","post","type-post","status-publish","format-standard","has-post-thumbnail","hentry","category-noticias"],"acf":[],"_links":{"self":[{"href":"https:\/\/www.novaconcursos.com.br\/portal\/wp-json\/wp\/v2\/posts\/198837","targetHints":{"allow":["GET"]}}],"collection":[{"href":"https:\/\/www.novaconcursos.com.br\/portal\/wp-json\/wp\/v2\/posts"}],"about":[{"href":"https:\/\/www.novaconcursos.com.br\/portal\/wp-json\/wp\/v2\/types\/post"}],"author":[{"embeddable":true,"href":"https:\/\/www.novaconcursos.com.br\/portal\/wp-json\/wp\/v2\/users\/54671"}],"replies":[{"embeddable":true,"href":"https:\/\/www.novaconcursos.com.br\/portal\/wp-json\/wp\/v2\/comments?post=198837"}],"version-history":[{"count":12,"href":"https:\/\/www.novaconcursos.com.br\/portal\/wp-json\/wp\/v2\/posts\/198837\/revisions"}],"predecessor-version":[{"id":198855,"href":"https:\/\/www.novaconcursos.com.br\/portal\/wp-json\/wp\/v2\/posts\/198837\/revisions\/198855"}],"wp:featuredmedia":[{"embeddable":true,"href":"https:\/\/www.novaconcursos.com.br\/portal\/wp-json\/wp\/v2\/media\/171894"}],"wp:attachment":[{"href":"https:\/\/www.novaconcursos.com.br\/portal\/wp-json\/wp\/v2\/media?parent=198837"}],"wp:term":[{"taxonomy":"category","embeddable":true,"href":"https:\/\/www.novaconcursos.com.br\/portal\/wp-json\/wp\/v2\/categories?post=198837"},{"taxonomy":"post_tag","embeddable":true,"href":"https:\/\/www.novaconcursos.com.br\/portal\/wp-json\/wp\/v2\/tags?post=198837"}],"curies":[{"name":"wp","href":"https:\/\/api.w.org\/{rel}","templated":true}]}}