{"id":198895,"date":"2023-07-07T11:51:54","date_gmt":"2023-07-07T14:51:54","guid":{"rendered":"https:\/\/www.novaconcursos.com.br\/portal\/?p=198895"},"modified":"2023-07-07T11:51:57","modified_gmt":"2023-07-07T14:51:57","slug":"concurso-agu-selecao-para-quadro-tecnico-solicitada-em-carater-de-urgencia-entenda","status":"publish","type":"post","link":"https:\/\/www.novaconcursos.com.br\/portal\/noticias\/concurso-agu-selecao-para-quadro-tecnico-solicitada-em-carater-de-urgencia-entenda\/","title":{"rendered":"Concurso AGU: Sele\u00e7\u00e3o para quadro-t\u00e9cnico solicitada em car\u00e1ter de urg\u00eancia. Entenda!"},"content":{"rendered":"<p>Um novo <a href=\"https:\/\/www.novaconcursos.com.br\/portal\/concursos\/concurso-agu\/\">concurso AGU<\/a> foi solicitado ao <strong>MGI<\/strong>\u00a0para ser aberto ainda este ano de 2023, em car\u00e1ter de urg\u00eancia, para a \u00e1rea Administrativa. Entenda os motivos!<\/p>\n\n\n\n<ul class=\"wp-block-list\"><li><strong>Confira:<\/strong> <a href=\"https:\/\/www.novaconcursos.com.br\/livro\/1000-questoes-gabaritadas-cebraspe\">Livro 1.000 Quest\u00f5es Gabaritadas da CEBRASPE<\/a><\/li>\n\n\n\n<li><strong>Confira:<\/strong> <a href=\"https:\/\/www.novaconcursos.com.br\/livro-impresso\/questoes-comentadas-fgv\">Livro de Quest\u00f5es Comentadas FGV<\/a><a href=\"https:\/\/www.novaconcursos.com.br\/livro-impresso\/questoes-comentadas-fgv?q=FGV\"><\/a><\/li>\n<\/ul><p><\/p>\n\n\n\n<p>Estude para o concurso dos seus sonhos com o\u00a0<strong>M\u00e9todo<\/strong>\u00a0que j\u00e1 ajudou na\u00a0<strong>aprova\u00e7\u00e3o de mais de 70 mil alunos.<\/strong>\u00a0<a href=\"https:\/\/aprovacao.novaconcursos.com.br\/assinatura\" target=\"_blank\" rel=\"noreferrer noopener\">Clique aqui<\/a>\u00a0e saiba mais!<\/p>\n\n\n\n<h2 class=\"wp-block-heading\" id=\"concurso-agu-solicitado-com-urgncia-vai-ter-edital-em-2023\">Concurso AGU \u00e9 solicitado com urg\u00eancia; vai ter edital em 2023?<\/h2>\n\n\n\n<p>Ainda n\u00e3o se sabe, mas uma nova <a href=\"https:\/\/www.novaconcursos.com.br\/portal\/concursos-previstos\/nacional\">sele\u00e7\u00e3o <\/a>para a \u00e1rea administrativa da Advocacia-Geral da Uni\u00e3o<strong> foi solicitada<\/strong> e pode pintar em breve!<\/p>\n\n\n\n<p>Assim, o pedido foi enviado pela ag\u00eancia para o <strong>Minist\u00e9rio da Gest\u00e3o e da Inova\u00e7\u00e3o em Servi\u00e7os P\u00fablicos (MGI)<\/strong>.<\/p>\n\n\n\n<p>Al\u00e9m disso, o pedido \u00e9 para urg\u00eancia na publica\u00e7\u00e3o do edital. Segundo a secret\u00e1ria-geral de Consultoria da AGU, Clarice Costa Calixto, a inten\u00e7\u00e3o \u00e9 <strong>reduzir o atual d\u00e9ficit<\/strong> de pessoal.<\/p>\n\n\n\n<p><em>\u201cA situa\u00e7\u00e3o de car\u00eancia de pessoal \u00e9 grave, pelo que solicitamos que o pleito de autoriza\u00e7\u00e3o de novo concurso p\u00fablico para o quadro t\u00e9cnico da Advocacia-Geral da Uni\u00e3o seja avaliado n\u00e3o apenas para 2024, mas como demanda presente e priorit\u00e1ria ainda no ano de 2023, no quantitativo de vagas que for vi\u00e1vel do ponto de vista or\u00e7ament\u00e1rio, e tendo em vista o tamanho da capilaridade de nossa institui\u00e7\u00e3o, de forma a reduzir os riscos colocados \u00e0 continuidade dos servi\u00e7os prestados<\/em>!, disse.<\/p>\n\n\n\n<p>Atualmente, <strong>70% do atual quadro <\/strong>administrativo da AGU \u00e9 formado por servidores requisitados de outros \u00f3rg\u00e3os. Isso vem incomodando a ag\u00eancia.<\/p>\n\n\n\n<p>Isso porque eles recebem, em m\u00e9dia, <strong>quase o dobro<\/strong> daqueles que fazem parte do quadro pr\u00f3prio da Advocacia-Geral da Uni\u00e3o.<\/p>\n\n\n\n<p>Fora isso, 36% dos atuais servidores j\u00e1 t\u00eam mais de 50 anos e poder\u00e3o se <strong>aposentar muito breve,<\/strong> o que deve aumentar ainda o n\u00famero de cargos vagos. <\/p>\n\n\n\n<p>Desta forma, sem concursos nos \u00faltimos sete anos, a secret\u00e1ria refor\u00e7a que <strong>apenas 112 servidores <\/strong>ingressaram no quadro, <em>\u201co que \u00e9 especialmente grave quando se observa o quadro t\u00e9cnico atual\u201d.<\/em><\/p>\n\n\n\n<h2 class=\"wp-block-heading\" id=\"agu-ainda-no-teve-autorizao-de-ministra-para-novo-concurso\">AGU ainda n\u00e3o teve autoriza\u00e7\u00e3o de ministra para novo concurso<\/h2>\n\n\n\n<p>H\u00e1 algumas semanas, em maio deste ano, a AGU chegou a encaminhar um pedido para preenchimento de <strong>2.300 vagas.<\/strong><\/p>\n\n\n\n<p>Assim, na \u00e9poca, foram solicitadas 2.100 vagas para <strong>Analista T\u00e9cnico Administrativo<\/strong> (n\u00edvel superior em qualquer \u00e1rea) e 200 para <strong>Analista em TI<\/strong> (n\u00edvel superior em Tecnologia da Informa\u00e7\u00e3o).<\/p>\n\n\n\n<p>Entretanto, a ag\u00eancia ficou de fora da lista de \u00f3rg\u00e3os que tiveram autoriza\u00e7\u00f5es do MGI; por isso, um of\u00edcio foi enviado para mostrar que a <strong>sele\u00e7\u00e3o \u00e9 mais que necess\u00e1ria.<\/strong><\/p>\n\n\n\n<h3 class=\"wp-block-heading\">Requisitos e sal\u00e1rios<\/h3>\n\n\n\n<p>Ademais, a carreira de Analista T\u00e9cnico Administrativo exige\u00a0<strong>n\u00edvel superior em qualquer \u00e1rea<\/strong>\u00a0para ingresso.<\/p>\n\n\n\n<p>Enquanto isso, a carreira de Analista em Tecnologia da Informa\u00e7\u00e3o exige gradua\u00e7\u00e3o na \u00e1rea ou em qualquer \u00e1rea com p\u00f3s-gradua\u00e7\u00e3o na \u00e1rea de tecnologia, com<strong>\u00a0dura\u00e7\u00e3o m\u00ednima de 360 horas.<\/strong><\/p>\n\n\n\n<p>A\u00a0<strong>remunera\u00e7\u00e3o inicial\u00a0<\/strong>chega a R$ 6.761,72. <\/p>\n\n\n\n<h2 class=\"wp-block-heading\" id=\"como-e-quando-foi-o-ltimo-concurso-agu\">Como e quando foi o \u00faltimo concurso AGU?<\/h2>\n\n\n\n<p>Lembrando que \u00faltima <a href=\"https:\/\/www.novaconcursos.com.br\/portal\/concursos-abertos\/nacional\">sele\u00e7\u00e3o <\/a>ofertou um total de\u00a0<strong>100 vagas<\/strong>\u00a0para cargos do quadro de apoio t\u00e9cnico-administrativo. Portanto, confira:<\/p>\n\n\n\n<ul class=\"wp-block-list\"><li>Administrador (48 vagas);<\/li>\n\n\n\n<li>Analista T\u00e9cnico-Administrativo (10);<\/li>\n\n\n\n<li>Arquivista (02);<\/li>\n\n\n\n<li>Bibliotec\u00e1rio (01);<\/li>\n\n\n\n<li>Contador (32); e<\/li>\n\n\n\n<li>T\u00e9cnico em Assuntos Educacionais (02)<\/li>\n\n\n\n<li>T\u00e9cnico em Comunica\u00e7\u00e3o Social (05).\u00a0<\/li>\n<\/ul><p><\/p>\n\n\n\n<p>Portanto, publicada em 2018, ela\u00a0teve o seu<strong>\u00a0prazo de validade prorrogado,<\/strong>\u00a0por um ano, ficando v\u00e1lida agora at\u00e9 18 de maio de 2023.<\/p>\n\n\n\n<p>Assim, os candidatos ao cargo de\u00a0<strong>Procurador\u00a0<\/strong>passaram por provas objetiva, discursiva e oral. Portanto, foram <strong>200 vagas<\/strong>, com as seguintes disciplinas:<\/p>\n\n\n\n<ul class=\"wp-block-list\"><li><strong>Grupo I (100 quest\u00f5es)<\/strong>\n<ul class=\"wp-block-list\"><li>Direito\n<ul class=\"wp-block-list\"><li>Administrativo;<\/li>\n\n\n\n<li>Constitucional;<\/li>\n\n\n\n<li>Econ\u00f4mico e Financeiro;<\/li>\n\n\n\n<li>Tribut\u00e1rio;<\/li>\n<\/ul><\/li>\n\n\n\n<li>Legisla\u00e7\u00e3o sobre Ensino; e<\/li>\n\n\n\n<li>Legisla\u00e7\u00e3o sobre Seguridade Social.<\/li>\n<\/ul><\/li>\n\n\n\n<li><strong>Grupo II\u00a0(100 quest\u00f5es)<\/strong>\n<ul class=\"wp-block-list\"><li>Direito\n<ul class=\"wp-block-list\"><li>Agr\u00e1rio;<\/li>\n\n\n\n<li>Ambiental;<\/li>\n\n\n\n<li>Civil;<\/li>\n\n\n\n<li>Comercial;<\/li>\n\n\n\n<li>do Trabalho e Processual do Trabalho;<\/li>\n\n\n\n<li>Internacional P\u00fablico;<\/li>\n\n\n\n<li>Penal e Processual Penal; e<\/li>\n\n\n\n<li>Processual Civil.<\/li>\n<\/ul><\/li>\n<\/ul><\/li>\n<\/ul><p><\/p>\n\n\n\n<p>Enquanto isso, para os cargos de Advogado e Procurador da Fazenda Nacional, tiveram aplicadas provas objetivas, discursivas I, II e III, oral e de t\u00edtulos.<\/p>\n\n\n\n<p>Assim, na primeira etapa, a sele\u00e7\u00e3o para Procurador teve\u00a0<strong>100 quest\u00f5es<\/strong>\u00a0sobre Direito Constitucional, Tribut\u00e1rio, Financeiro e Econ\u00f4mico, Administrativo, Internacional P\u00fablico, Empresarial, Civil, Processual do Trabalho e da Seguridade Social.<\/p>\n\n\n\n<p>Por outro lado, entretanto, para o cargo de Advogado, a sele\u00e7\u00e3o contou com<strong>\u00a0200 quest\u00f5es,<\/strong>\u00a0distribu\u00eddas pelos seguintes grupos:<\/p>\n\n\n\n<ul class=\"wp-block-list\"><li><strong>Grupo I (90 quest\u00f5es)<\/strong>\n<ul class=\"wp-block-list\"><li>Direito\n<ul class=\"wp-block-list\"><li>Administrativo;<\/li>\n\n\n\n<li>Constitucional;<\/li>\n\n\n\n<li>Financeiro e Econ\u00f4mico;<\/li>\n\n\n\n<li>Tribut\u00e1rio; e<\/li>\n\n\n\n<li>Ambiental.<\/li>\n<\/ul><\/li>\n<\/ul><\/li>\n\n\n\n<li><strong>Grupo II (60 quest\u00f5es)<\/strong>\n<ul class=\"wp-block-list\"><li>Direito\n<ul class=\"wp-block-list\"><li>Civil;<\/li>\n\n\n\n<li>Processual Civil;<\/li>\n\n\n\n<li>Empresarial;<\/li>\n\n\n\n<li>Internacional P\u00fablico; e\u00a0<\/li>\n\n\n\n<li>Internacional Privado.<\/li>\n<\/ul><\/li>\n<\/ul><\/li>\n\n\n\n<li><strong>Grupo III (50 quest\u00f5es)<\/strong>\n<ul class=\"wp-block-list\"><li>Direito\n<ul class=\"wp-block-list\"><li>Penal e Processual Penal;<\/li>\n\n\n\n<li>do Trabalho e Processual do Trabalho; e<\/li>\n\n\n\n<li>da Seguridade Social.<\/li>\n<\/ul><\/li>\n<\/ul><\/li>\n<\/ul><p><\/p>\n\n\n\n<p><a href=\"https:\/\/www.novaconcursos.com.br\/portal\/wp-content\/uploads\/2023\/07\/ultimo-edital-AGU-2018-Idecan.pdf\" target=\"_blank\" rel=\"noreferrer noopener\">Confira o edital completo do concurso de 2018, clicando aqui!<\/a><a href=\"https:\/\/www.novaconcursos.com.br\/livro\/1000-questoes-gabaritadas-cebraspe?q=CEBRA\"><\/a><\/p>","protected":false},"excerpt":{"rendered":"<p>Um novo concurso AGU foi solicitado ao MGI\u00a0para ser aberto ainda este ano de 2023, em car\u00e1ter de urg\u00eancia, para a \u00e1rea Administrativa. Entenda os motivos! Estude para o concurso dos seus sonhos com o\u00a0M\u00e9todo\u00a0que j\u00e1 ajudou na\u00a0aprova\u00e7\u00e3o de mais de 70 mil alunos.\u00a0Clique aqui\u00a0e saiba mais! Concurso AGU \u00e9 solicitado com urg\u00eancia; vai ter [&hellip;]<\/p>\n","protected":false},"author":54671,"featured_media":161299,"comment_status":"closed","ping_status":"closed","sticky":false,"template":"","format":"standard","meta":{"_acf_changed":false,"footnotes":"","_wp_rev_ctl_limit":""},"categories":[228],"tags":[],"class_list":["post-198895","post","type-post","status-publish","format-standard","has-post-thumbnail","hentry","category-noticias"],"acf":[],"_links":{"self":[{"href":"https:\/\/www.novaconcursos.com.br\/portal\/wp-json\/wp\/v2\/posts\/198895","targetHints":{"allow":["GET"]}}],"collection":[{"href":"https:\/\/www.novaconcursos.com.br\/portal\/wp-json\/wp\/v2\/posts"}],"about":[{"href":"https:\/\/www.novaconcursos.com.br\/portal\/wp-json\/wp\/v2\/types\/post"}],"author":[{"embeddable":true,"href":"https:\/\/www.novaconcursos.com.br\/portal\/wp-json\/wp\/v2\/users\/54671"}],"replies":[{"embeddable":true,"href":"https:\/\/www.novaconcursos.com.br\/portal\/wp-json\/wp\/v2\/comments?post=198895"}],"version-history":[{"count":8,"href":"https:\/\/www.novaconcursos.com.br\/portal\/wp-json\/wp\/v2\/posts\/198895\/revisions"}],"predecessor-version":[{"id":198911,"href":"https:\/\/www.novaconcursos.com.br\/portal\/wp-json\/wp\/v2\/posts\/198895\/revisions\/198911"}],"wp:featuredmedia":[{"embeddable":true,"href":"https:\/\/www.novaconcursos.com.br\/portal\/wp-json\/wp\/v2\/media\/161299"}],"wp:attachment":[{"href":"https:\/\/www.novaconcursos.com.br\/portal\/wp-json\/wp\/v2\/media?parent=198895"}],"wp:term":[{"taxonomy":"category","embeddable":true,"href":"https:\/\/www.novaconcursos.com.br\/portal\/wp-json\/wp\/v2\/categories?post=198895"},{"taxonomy":"post_tag","embeddable":true,"href":"https:\/\/www.novaconcursos.com.br\/portal\/wp-json\/wp\/v2\/tags?post=198895"}],"curies":[{"name":"wp","href":"https:\/\/api.w.org\/{rel}","templated":true}]}}