{"id":198957,"date":"2023-07-07T14:09:59","date_gmt":"2023-07-07T17:09:59","guid":{"rendered":"https:\/\/www.novaconcursos.com.br\/portal\/?p=198957"},"modified":"2023-07-07T14:10:05","modified_gmt":"2023-07-07T17:10:05","slug":"concurso-aft-nova-disciplina-pode-ser-cobrada-prova-entenda","status":"publish","type":"post","link":"https:\/\/www.novaconcursos.com.br\/portal\/noticias\/concurso-aft-nova-disciplina-pode-ser-cobrada-prova-entenda\/","title":{"rendered":"Concurso AFT: Nova disciplina pode ser cobrada na prova? Entenda!"},"content":{"rendered":"<p>Fiquem atentos, concurseiros que est\u00e3o estudando para o novo <a href=\"https:\/\/www.novaconcursos.com.br\/portal\/concursos\/concurso-aft\/\">concurso AFT!<\/a> A Anest (Associa\u00e7\u00e3o Nacional de Engenharia de Seguran\u00e7a do Trabalho) protocolou um of\u00edcio solicitando a adi\u00e7\u00e3o de conhecimentos espec\u00edficos na \u00e1rea de <strong>Seguran\u00e7a e Sa\u00fade no Trabalho<\/strong> nos conte\u00fados cobrados nas provas.<\/p>\n\n\n\n<p>Dessa forma, \u00e9 poss\u00edvel que a<strong> disciplina seja inclu\u00edda<\/strong> no quadro de conhecimentos espec\u00edficos das provas do concurso AFT, da seguinte maneira:<\/p>\n\n\n\n<ul class=\"wp-block-list\"><li>Normas Regulamentadoras 1 a 38;<\/li>\n\n\n\n<li>PPR (Programa de Prote\u00e7\u00e3o Respirat\u00f3ria);<\/li>\n\n\n\n<li>PCA (Programa de Conserva\u00e7\u00e3o Auditiva).<\/li>\n<\/ul><p><\/p>\n\n\n\n<p>De acordo com o documento, a disciplina deve ser cobrada para que n\u00e3o existam falhas no exerc\u00edcio da fun\u00e7\u00e3o de Auditor Fiscal do Trabalho.<\/p>\n\n\n\n<p><\/p>\n\n\n\n<ul class=\"wp-block-list\"><li><strong>Confira:\u00a0<\/strong><a href=\"https:\/\/www.novaconcursos.com.br\/livro\/resumos-concurso-publico-raciocinio-logico-matematico?promo_creative=Racioc%C3%ADnio+L%C3%B3gico+para+Concursos&amp;promo_name=artigo&amp;promo_id=%2Fportal%2Fartigos%2Fconcurso-aft-quanto-ganha-um-auditor-fiscal-do-trabalho&amp;promo_position=corpo-texto\">Racioc\u00ednio L\u00f3gico para Concursos<\/a><\/li>\n\n\n\n<li><strong>Confira:\u00a0<\/strong><a href=\"https:\/\/www.novaconcursos.com.br\/livro\/600-questoes-comentadas-lingua-portuguesa-isabella-ramiro?promo_creative=Livro+600+Quest%C3%B5es+Comentadas+L%C3%ADngua+Portuguesa&amp;promo_name=artigo&amp;promo_id=%2Fportal%2Fartigos%2Fconcurso-aft-quanto-ganha-um-auditor-fiscal-do-trabalho&amp;promo_position=corpo-texto\">Livro 600 Quest\u00f5es Comentadas L\u00edngua Portuguesa<\/a><\/li>\n<\/ul><p><\/p>\n\n\n\n<p>Estude para o concurso de seus sonhos com o\u00a0<strong>M\u00e9todo<\/strong>\u00a0que j\u00e1 ajudou na\u00a0<strong>aprova\u00e7\u00e3o de mais de 70 mil alunos!<\/strong>\u00a0<a href=\"https:\/\/aprovacao.novaconcursos.com.br\/assinatura?promo_creative=Clique+aqui&amp;promo_name=artigo&amp;promo_id=%2Fportal%2Fartigos%2Fconcurso-aft-quanto-ganha-um-auditor-fiscal-do-trabalho&amp;promo_position=corpo-texto\" target=\"_blank\" rel=\"noreferrer noopener\">Clique aqui<\/a>\u00a0\u00a0\u00a0e saiba mais!<\/p>\n\n\n\n<h2 class=\"wp-block-heading\" id=\"concurso-aft-autorizado-para-o-preenchimento-de-900-vagas\">Concurso AFT autorizado para o preenchimento de 900 vagas!<\/h2>\n\n\n\n<p>O edital do novo\u00a0concurso AFT est\u00e1 autorizado para o preenchimento de\u00a0<strong>900 vagas para o cargo de Auditor Fiscal do Trabalho, <\/strong>que exige o n\u00edvel superior.<\/p>\n\n\n\n<p>Inclusive, o <strong>grupo de trabalho<\/strong> respons\u00e1vel pelo planejamento do certame j\u00e1 est\u00e1 formado e \u00e9 composto de 7 Auditores Fiscais do Trabalho das Unidades Regionais e da Secretaria de Inspe\u00e7\u00e3o do Trabalho (SIT) e de 1 servidor do Departamento de Gest\u00e3o de Pessoas.<\/p>\n\n\n\n<p>O prazo para conclus\u00e3o dos trabalhos ser\u00e1 de 60 dias. J\u00e1 o prazo para o lan\u00e7amento do edital \u00e9 de\u00a0<strong>seis meses<\/strong>, respeitando o espa\u00e7o de dois meses para aplica\u00e7\u00e3o das provas.<\/p>\n\n\n\n<p>Sendo assim, o pr\u00f3ximo passo ser\u00e1 a forma\u00e7\u00e3o de uma comiss\u00e3o de planejamento respons\u00e1vel pela escolha da banca organizadora, que deve viabilizar as etapas da sele\u00e7\u00e3o e\u00a0<strong>publicar o edital.<\/strong><\/p>\n\n\n\n<h2 class=\"wp-block-heading\" id=\"quanto-ganha-um-auditor-fiscal-do-concurso-aft\">Quanto ganha um Auditor Fiscal do concurso AFT?<\/h2>\n\n\n\n<p>Recentemente, o presidente da Rep\u00fablica, Luiz In\u00e1cio Lula da Silva, sancionou o\u00a0<a href=\"https:\/\/www.novaconcursos.com.br\/portal\/noticias\/concursos-federais-aprovado-reajuste-salarial-de-9-aos-servidores\/\">reajuste salarial de 9%<\/a>\u00a0aos servidores federais.<\/p>\n\n\n\n<p>Com isso, a\u00a0<strong>remunera\u00e7\u00e3o inicial<\/strong>\u00a0do cargo de Auditor Fiscal do Trabalho passou a ser de R$ 22.921,70, valor composto pelo vencimento base + b\u00f4nus ativo, al\u00e9m do aux\u00edlio-alimenta\u00e7\u00e3o no valor de R$ 658,00.<\/p>\n\n\n\n<p>Ao final da carreira, o servidor deve estar recebendo<strong>\u00a0mais de 30 mil reais,\u00a0<\/strong>devido a progress\u00e3o salarial. Veja a tabela de remunera\u00e7\u00e3o dos servidores p\u00fablicos federais (antes do reajuste):<\/p>\n\n\n\n<figure class=\"wp-block-image\"><a href=\"https:\/\/www.novaconcursos.com.br\/portal\/wp-content\/uploads\/2023\/06\/salario-auditor-fiscal.png\"><img decoding=\"async\" width=\"1024\" height=\"454\" src=\"https:\/\/www.novaconcursos.com.br\/portal\/wp-content\/uploads\/2023\/06\/salario-auditor-fiscal-1024x454.png\" alt=\"\" class=\"wp-image-197714\" loading=\"lazy\" title=\"\" srcset=\"https:\/\/www.novaconcursos.com.br\/portal\/wp-content\/uploads\/2023\/06\/salario-auditor-fiscal-300x133.png 300w, https:\/\/www.novaconcursos.com.br\/portal\/wp-content\/uploads\/2023\/06\/salario-auditor-fiscal-1024x454.png 1024w, https:\/\/www.novaconcursos.com.br\/portal\/wp-content\/uploads\/2023\/06\/salario-auditor-fiscal.png 1250w\" sizes=\"auto, (max-width: 480px) 100vw, (max-width: 768px) 100vw, (max-width: 1200px) 70vw, 768px\"><\/a><\/figure><p>Vale mencionar que h\u00e1 um adicional de R$ 91,00 por dia trabalhado para os servidores alocados na fronteira, podendo haver um acr\u00e9scimo de R$ 2.000,00 na remunera\u00e7\u00e3o inicial.<\/p>\n\n\n\n<h2 class=\"wp-block-heading\" id=\"como-o-trabalho-de-um-auditor-fiscal-do-trabalho\">Como \u00e9 o trabalho de um Auditor Fiscal do Trabalho?<\/h2>\n\n\n\n<p>Cabe ao candidato aprovado, a realiza\u00e7\u00e3o das seguintes atividades:<\/p>\n\n\n\n<ul class=\"wp-block-list\"><li>Assegurar, em todo o territ\u00f3rio nacional: o cumprimento de disposi\u00e7\u00f5es legais e regulamentares, inclusive as relacionadas \u00e0 seguran\u00e7a e \u00e0 medicina do trabalho, no \u00e2mbito das rela\u00e7\u00f5es de trabalho e de emprego;<\/li>\n\n\n\n<li>Verifica\u00e7\u00e3o dos registros em Carteira de Trabalho e Previd\u00eancia Social (CTPS), visando-se \u00e0 redu\u00e7\u00e3o dos \u00edndices de informalidade;<\/li>\n\n\n\n<li>Verifica\u00e7\u00e3o do recolhimento do Fundo de Garantia do Tempo de Servi\u00e7o (FGTS), objetivando maximizar os \u00edndices de arrecada\u00e7\u00e3o;<\/li>\n\n\n\n<li>Cumprimento de acordos, conven\u00e7\u00f5es e contratos coletivos de trabalho celebrados entre empregados e empregadores;<\/li>\n\n\n\n<li>Respeito aos acordos, tratados e conven\u00e7\u00f5es internacionais dos quais o Brasil \u00e9 signat\u00e1rio;<\/li>\n\n\n\n<li>Lavratura de auto de apreens\u00e3o e guarda de documentos, materiais, livros e assemelhados, para verifica\u00e7\u00e3o da exist\u00eancia de fraude e irregularidade<\/li>\n\n\n\n<li>Exame da contabilidade das empresas, n\u00e3o se lhes aplicando o disposto nos artigos 17 e 18 do C\u00f3digo Comercial.<\/li>\n<\/ul><p><\/p>\n\n\n\n<h2 class=\"wp-block-heading\" id=\"como-foi-o-ltimo-concurso-aft\">Como foi o \u00faltimo concurso AFT?<\/h2>\n\n\n\n<p>Enquanto mais informa\u00e7\u00f5es sobre o edital autorizado n\u00e3o s\u00e3o divulgadas, confira os detalhes do \u00faltimo concurso para j\u00e1 ir se preparando!<\/p>\n\n\n\n<p>A \u00faltima\u00a0sele\u00e7\u00e3o\u00a0foi realizada em 2013 e ofertou<strong>\u00a0100 vagas<\/strong>\u00a0para o cargo de Auditor com\u00a0<strong>sal\u00e1rios iniciais\u00a0<\/strong>no valor de R$ 14.280,00.<\/p>\n\n\n\n<p>Na ocasi\u00e3o, a banca organizadora foi o Cebraspe e avaliou os candidatos por meio de provas objetivas e discursivas.<\/p>\n\n\n\n<p>Sendo assim, a prova objetiva foi composta de<strong>\u00a0220 quest\u00f5es<\/strong>\u00a0acerca das disciplinas abaixo:<\/p>\n\n\n\n<ul class=\"wp-block-list\"><li>L\u00edngua Portuguesa;<\/li>\n\n\n\n<li>Racioc\u00ednio L\u00f3gico;<\/li>\n\n\n\n<li>Direitos Humanos;<\/li>\n\n\n\n<li>Administra\u00e7\u00e3o Geral e P\u00fablica;<\/li>\n\n\n\n<li>No\u00e7\u00f5es de Inform\u00e1tica;<\/li>\n\n\n\n<li>Conhecimentos Espec\u00edficos.<\/li>\n<\/ul><p><\/p>\n\n\n\n<p>Por outro lado, a prova discursiva consistiu em\u00a0<strong>3 quest\u00f5es discursivas\u00a0e uma disserta\u00e7\u00e3o\u00a0<\/strong>acerca das seguintes disciplinas:<\/p>\n\n\n\n<ul class=\"wp-block-list\"><li>Direitos Humanos;<\/li>\n\n\n\n<li>Economia do Trabalho;<\/li>\n\n\n\n<li>Direito Constitucional;<\/li>\n\n\n\n<li>Direito Administrativo.<\/li>\n<\/ul><p><\/p>\n\n\n\n<p>Al\u00e9m disso, a etapa exigiu um\u00a0<strong>parecer t\u00e9cnico<\/strong>\u00a0sobre os conte\u00fados de Gest\u00e3o de Projetos e (ou) Direito do Trabalho e (ou) Seguran\u00e7a e Sa\u00fade no Trabalho e 3 situa\u00e7\u00f5es problema.<\/p>\n\n\n\n<p>Confira outros detalhes como requisitos e conte\u00fado program\u00e1tico no \u00faltimo edital. Para acessar, <a href=\"https:\/\/www.novaconcursos.com.br\/portal\/wp-content\/uploads\/2023\/07\/ultimo-edital-concurso-aft-20213.pdf\" target=\"_blank\" rel=\"noreferrer noopener\">clique aqui! <\/a><\/p>","protected":false},"excerpt":{"rendered":"<p>Fiquem atentos, concurseiros que est\u00e3o estudando para o novo concurso AFT! A Anest (Associa\u00e7\u00e3o Nacional de Engenharia de Seguran\u00e7a do Trabalho) protocolou um of\u00edcio solicitando a adi\u00e7\u00e3o de conhecimentos espec\u00edficos na \u00e1rea de Seguran\u00e7a e Sa\u00fade no Trabalho nos conte\u00fados cobrados nas provas. Dessa forma, \u00e9 poss\u00edvel que a disciplina seja inclu\u00edda no quadro de [&hellip;]<\/p>\n","protected":false},"author":54679,"featured_media":157449,"comment_status":"closed","ping_status":"closed","sticky":false,"template":"","format":"standard","meta":{"_acf_changed":false,"footnotes":"","_wp_rev_ctl_limit":""},"categories":[228],"tags":[],"class_list":["post-198957","post","type-post","status-publish","format-standard","has-post-thumbnail","hentry","category-noticias"],"acf":[],"_links":{"self":[{"href":"https:\/\/www.novaconcursos.com.br\/portal\/wp-json\/wp\/v2\/posts\/198957","targetHints":{"allow":["GET"]}}],"collection":[{"href":"https:\/\/www.novaconcursos.com.br\/portal\/wp-json\/wp\/v2\/posts"}],"about":[{"href":"https:\/\/www.novaconcursos.com.br\/portal\/wp-json\/wp\/v2\/types\/post"}],"author":[{"embeddable":true,"href":"https:\/\/www.novaconcursos.com.br\/portal\/wp-json\/wp\/v2\/users\/54679"}],"replies":[{"embeddable":true,"href":"https:\/\/www.novaconcursos.com.br\/portal\/wp-json\/wp\/v2\/comments?post=198957"}],"version-history":[{"count":10,"href":"https:\/\/www.novaconcursos.com.br\/portal\/wp-json\/wp\/v2\/posts\/198957\/revisions"}],"predecessor-version":[{"id":198968,"href":"https:\/\/www.novaconcursos.com.br\/portal\/wp-json\/wp\/v2\/posts\/198957\/revisions\/198968"}],"wp:featuredmedia":[{"embeddable":true,"href":"https:\/\/www.novaconcursos.com.br\/portal\/wp-json\/wp\/v2\/media\/157449"}],"wp:attachment":[{"href":"https:\/\/www.novaconcursos.com.br\/portal\/wp-json\/wp\/v2\/media?parent=198957"}],"wp:term":[{"taxonomy":"category","embeddable":true,"href":"https:\/\/www.novaconcursos.com.br\/portal\/wp-json\/wp\/v2\/categories?post=198957"},{"taxonomy":"post_tag","embeddable":true,"href":"https:\/\/www.novaconcursos.com.br\/portal\/wp-json\/wp\/v2\/tags?post=198957"}],"curies":[{"name":"wp","href":"https:\/\/api.w.org\/{rel}","templated":true}]}}