{"id":199003,"date":"2023-07-10T12:46:07","date_gmt":"2023-07-10T15:46:07","guid":{"rendered":"https:\/\/www.novaconcursos.com.br\/portal\/?p=199003"},"modified":"2025-04-16T14:42:14","modified_gmt":"2025-04-16T17:42:14","slug":"concurso-ibram-instituto-aguarda-autorizacao-de-pedido-376-vagas","status":"publish","type":"post","link":"https:\/\/www.novaconcursos.com.br\/portal\/noticias\/concurso-ibram-instituto-aguarda-autorizacao-de-pedido-376-vagas\/","title":{"rendered":"Concurso Ibram: Instituto aguarda autoriza\u00e7\u00e3o de pedido. 376 vagas!"},"content":{"rendered":"<p>O Instituto Brasileiro de Museus protocolou um pedido de autoriza\u00e7\u00e3o para realiza\u00e7\u00e3o de um novo concurso Ibram para o preenchimento de<strong> 376 oportunidades em 2024. <\/strong>Confira!<\/p>\n\n\n\n<p>De acordo com a <strong>nota t\u00e9cnica, <\/strong>as vagas ser\u00e3o distribu\u00eddas entre as seguintes especialidades:<\/p>\n\n\n\n<ul class=\"wp-block-list\"><li>Analista I: 137 vagas<\/li>\n\n\n\n<li>T\u00e9cnico em Assuntos Culturais: 149 vagas<\/li>\n\n\n\n<li>T\u00e9cnico em Assuntos Educacionais: 21 vagas<\/li>\n\n\n\n<li>Assistente T\u00e9cnico: 69 vagas<\/li>\n<\/ul><p><\/p>\n\n\n\n<p>Os aprovados ser\u00e3o remunerados com <strong>sal\u00e1rios iniciais<\/strong> que variam entre R$ 3.419,97 e R$  5.035,29, de acordo com o n\u00edvel de escolaridade do cargo pretendido.<\/p>\n\n\n\n<p>O documento tamb\u00e9m informou um<strong> cronograma para realiza\u00e7\u00e3o das atividades. <\/strong>Conforme consta na nota t\u00e9cnica, o edital seria divulgado em novembro de 2024, com provas em janeiro de 2025 e nomea\u00e7\u00e3o em julho de 2025.<\/p>\n\n\n\n<p>A realiza\u00e7\u00e3o de um novo concurso \u00e9 essencial, visto que o \u00faltimo edital foi publicado em 2010, ou seja, h\u00e1 mais de 10 anos.<\/p>\n\n\n\n<p>Estude para o concurso de seus sonhos com o\u00a0<strong>M\u00e9todo<\/strong>\u00a0que j\u00e1 ajudou na\u00a0<strong>aprova\u00e7\u00e3o de mais de 70 mil alunos!<\/strong>\u00a0<a href=\"https:\/\/aprovacao.novaconcursos.com.br\/assinatura?promo_creative=Clique+aqui&amp;promo_name=noticia&amp;promo_id=%2Fportal%2Fnoticias%2Fconcurso-uepb-saiu-o-edital-22-vagas-para-tecnico-administrativo&amp;promo_position=corpo-texto\" target=\"_blank\" rel=\"noreferrer noopener\">Clique aqui<\/a>\u00a0e saiba mais!<\/p>\n\n\n\n<h2 class=\"wp-block-heading\" id=\"como-o-trabalho-dos-servidores-do-ibram\">Como \u00e9 o trabalho dos servidores do Ibram?<\/h2>\n\n\n\n<p>Entre as atividades a serem exercidas pelos aprovados, est\u00e3o as seguintes:<\/p>\n\n\n\n<ul class=\"wp-block-list\"><li><strong>Assistente T\u00e9cnico:<\/strong>\u00a0desenvolver sob supervis\u00e3o, tarefas relativas \u00e0 gest\u00e3o administrativa e colaborar no apoio log\u00edstico necess\u00e1rio para o funcionamento das unidades do IBRAM. Executar outras tarefas afins sob supervis\u00e3o.<\/li>\n\n\n\n<li><strong>Analista:<\/strong>\u00a0exercer atividades relacionadas \u00e0s \u00e1reas t\u00e9cnicas e administrativas, elaborar estudos e acompanhar o desenvolvimento de projetos, relat\u00f3rios e outros documentos, com base em registros t\u00e9cnicos e administrativos e indicadores de acompanhamentos, desempenho e pol\u00edtica institucional; acompanhamento e operacionaliza\u00e7\u00e3o dos sistemas da Uni\u00e3o; e demais atividades inerentes a \u00e1rea de forma\u00e7\u00e3o.<\/li>\n\n\n\n<li><strong>T\u00e9cnico em Assuntos Educacionais:<\/strong>\u00a0coordenar as atividades de ensino, planejamento e orienta\u00e7\u00e3o, supervisionando e avaliando estas atividades, para assegurar a regularidade do desenvolvimento do processo educativo; assessorar nas atividades de ensino, pesquisa e extens\u00e3o; produzir projetos pol\u00edtico pedag\u00f3gicos; e executar outras atividades compat\u00edveis com o cargo.<\/li>\n\n\n\n<li><strong>T\u00e9cnico em Assuntos Culturais:<\/strong>\u00a0desenvolver atividades de supervis\u00e3o, coordena\u00e7\u00e3o, programa\u00e7\u00e3o e execu\u00e7\u00e3o especializada referentes a trabalhos de difus\u00e3o e aprimoramento de assuntos culturais, na \u00e1rea de letras, m\u00fasica, artes pl\u00e1sticas, conserva\u00e7\u00e3o e restaura\u00e7\u00e3o de obras hist\u00f3ricas e grava\u00e7\u00e3o art\u00edstica; planejar e executar a\u00e7\u00f5es de cria\u00e7\u00e3o, promo\u00e7\u00e3o e divulga\u00e7\u00e3o de servi\u00e7os, de produtos e de eventos culturais; monitorar e avaliar a execu\u00e7\u00e3o de projetos de cultura; e demais atividades inerentes \u00e0 fun\u00e7\u00e3o.<\/li>\n<\/ul><h2 class=\"wp-block-heading\" id=\"quais-os-requisitos-para-investidura-nos-cargos\">Quais os requisitos para investidura nos cargos?<\/h2>\n\n\n\n<p>S\u00e3o requisitos b\u00e1sicos:<\/p>\n\n\n\n<ul class=\"wp-block-list\"><li><strong>Assistente T\u00e9cnico:<\/strong>\u00a0N\u00edvel m\u00e9dio completo.<\/li>\n\n\n\n<li><strong>Analista:<\/strong>\u00a0Diploma de conclus\u00e3o de curso de gradua\u00e7\u00e3o em \u00e1reas espec\u00edficas, conforme determinado no edital, e registro no Conselho de Classe correspondente.<\/li>\n\n\n\n<li><strong>T\u00e9cnico em Assuntos Educacionais:<\/strong>\u00a0Diploma de conclus\u00e3o de curso de gradua\u00e7\u00e3o em \u00e1reas espec\u00edficas, conforme determinado no edital, e registro no Conselho de Classe correspondente.<\/li>\n\n\n\n<li><strong>T\u00e9cnico em Assuntos Culturais:<\/strong>\u00a0Diploma de conclus\u00e3o de curso de gradua\u00e7\u00e3o em \u00e1reas espec\u00edficas, conforme determinado no edital, e registro no Conselho de Classe correspondente.<\/li>\n<\/ul><h2 class=\"wp-block-heading\" id=\"como-foi-o-ltimo-concurso-ibram\">Como foi o \u00faltimo concurso Ibram?<\/h2>\n\n\n\n<p>Enquanto mais informa\u00e7\u00f5es acerca do novo concurso n\u00e3o s\u00e3o divulgadas, confira todos os detalhes do \u00faltimo edital e tenha um norte para criar seu plano de estudos!<\/p>\n\n\n\n<p>O \u00faltimo concurso Ibram foi realizado em 2010 para o preenchimento de <strong>294 oportunidades<\/strong> de n\u00edvel m\u00e9dio e superior, distribu\u00eddas entre as seguintes especialidades:<\/p>\n\n\n\n<p><strong>N\u00edvel M\u00e9dio<\/strong><\/p>\n\n\n\n<ul class=\"wp-block-list\"><li>Assistente T\u00e9cnico I: 50 vagas<\/li>\n<\/ul><p><strong>N\u00edvel Superior<\/strong><\/p>\n\n\n\n<ul class=\"wp-block-list\"><li>Analista I\n<ul class=\"wp-block-list\"><li>Administra\u00e7\u00e3o: 46 vagas<\/li>\n\n\n\n<li>Economia: 3 vagas<\/li>\n\n\n\n<li>Analise de Sistemas: 9 vagas<\/li>\n\n\n\n<li>Contabilidade: 4 vagas<\/li>\n\n\n\n<li>Jornalismo: 8 vagas<\/li>\n\n\n\n<li>Engenharia Civil: 3 vagas<\/li>\n\n\n\n<li>Engenharia El\u00e9trica: 2 vagas<\/li>\n\n\n\n<li>Psicologia: 1 vaga<\/li>\n\n\n\n<li>Publicidade: 2 vagas<\/li>\n\n\n\n<li>Rela\u00e7\u00f5es P\u00fablicas: 3 vagas<\/li>\n\n\n\n<li>Rela\u00e7\u00f5es Internacionais: 2 vagas<\/li>\n\n\n\n<li>Qualquer \u00e1rea de forma\u00e7\u00e3o: 7 vagas<\/li>\n<\/ul><\/li>\n\n\n\n<li> T\u00e9cnico em Assuntos Educacionais\n<ul class=\"wp-block-list\"><li>Ci\u00eancias Humanas ou Sociais): 39 vagas<\/li>\n\n\n\n<li>Arquivologia: 12 vagas<\/li>\n\n\n\n<li>Antropologia: 8 vagas<\/li>\n\n\n\n<li>Arquitetura: 6 vagas<\/li>\n\n\n\n<li>Biblioteconomia: 9 vagas<\/li>\n\n\n\n<li>Hist\u00f3ria: 13 vagas<\/li>\n\n\n\n<li>Museologia: 50 vagas<\/li>\n\n\n\n<li>Sociologia: 5 vagas<\/li>\n\n\n\n<li>Ci\u00eancias Humanas ou Sociais: 11 vagas<\/li>\n<\/ul><\/li>\n<\/ul><p>Na ocasi\u00e3o, a banca organizadora foi a <strong>Funcab,<\/strong> que avaliou os candidatos por meio de <strong>tr\u00eas etapas, <\/strong>s\u00e3o elas:<\/p>\n\n\n\n<ul class=\"wp-block-list\"><li>Prova Objetiva, de car\u00e1ter classificat\u00f3rio e eliminat\u00f3rio (todos os cargos);<\/li>\n\n\n\n<li>Prova Discursiva, de car\u00e1ter classificat\u00f3rio e eliminat\u00f3rio (cargos de n\u00edvel superior);<\/li>\n\n\n\n<li>Avalia\u00e7\u00e3o de T\u00edtulos, de car\u00e1ter apenas classificat\u00f3rio (cargos de n\u00edvel superior).<\/li>\n<\/ul><p>A <strong>prova objetiva<\/strong> consistiu em quest\u00f5es de m\u00faltipla escolha, com cinco alternativas cada, acerca das seguintes disciplinas:<\/p>\n\n\n\n<p><strong>N\u00edvel M\u00e9dio<\/strong><\/p>\n\n\n\n<ul class=\"wp-block-list\"><li>L\u00edngua Portuguesa: 15 quest\u00f5es<\/li>\n\n\n\n<li>No\u00e7\u00f5es de Inform\u00e1tica: 5 quest\u00f5es<\/li>\n\n\n\n<li>Conhecimentos Gerais: 10 quest\u00f5es<\/li>\n\n\n\n<li>Conhecimentos Espec\u00edficos: 20 quest\u00f5es<\/li>\n<\/ul><p><strong>N\u00edvel Superior<\/strong><\/p>\n\n\n\n<ul class=\"wp-block-list\"><li>L\u00edngua Portuguesa: 15 quest\u00f5es<\/li>\n\n\n\n<li>L\u00edngua Estrangeira: 10 quest\u00f5es<\/li>\n\n\n\n<li>No\u00e7\u00f5es de Inform\u00e1tica: 5 quest\u00f5es<\/li>\n\n\n\n<li>Conhecimentos Gerais: 10 quest\u00f5es<\/li>\n\n\n\n<li>Conhecimentos Espec\u00edficos: 20 quest\u00f5es<\/li>\n<\/ul><p>J\u00e1 a<strong> prova discursiva<\/strong> consistiu em duas quest\u00f5es relativas ao conte\u00fado de conhecimentos espec\u00edficos. Foram considerados aprovados, os candidatos que obtiveram, no m\u00ednimo, 50% de aproveitamento do total de pontos da prova.<\/p>\n\n\n\n<p>Posteriormente, os habilitados foram convocados para <strong>analise de t\u00edtulos,<\/strong> onde tiveram seus diplomas e experi\u00eancias avaliados de acordo com a seguinte tabela:<\/p>\n\n\n\n<figure class=\"wp-block-image size-full\"><a href=\"https:\/\/www.novaconcursos.com.br\/portal\/wp-content\/uploads\/2023\/07\/image-136.png\"><img decoding=\"async\" width=\"460\" height=\"471\" src=\"https:\/\/www.novaconcursos.com.br\/portal\/wp-content\/uploads\/2023\/07\/image-136.png\" alt=\"\" class=\"wp-image-199085\" loading=\"lazy\" title=\"\" srcset=\"https:\/\/www.novaconcursos.com.br\/portal\/wp-content\/uploads\/2023\/07\/image-136-293x300.png 293w, https:\/\/www.novaconcursos.com.br\/portal\/wp-content\/uploads\/2023\/07\/image-136.png 460w\" sizes=\"auto, (max-width: 480px) 100vw, (max-width: 768px) 100vw, (max-width: 1200px) 70vw, 768px\"><\/a><figcaption><\/figcaption><\/figure><p>Os aprovados foram lotados em<strong>\u00a0<\/strong>S\u00e3o Paulo, Rio de Janeiro, Esp\u00edrito Santo, Goi\u00e1s, Maranh\u00e3o, Minas Gerais, Pernambuco, Rio Grande do Sul, Santa Catarina e Distrito Federal.\u00a0<\/p>\n\n\n\n<p>Confira os demais detalhes no edital do concurso Ibram. Para acessar, <a href=\"https:\/\/www.museus.gov.br\/wp-content\/uploads\/2010\/01\/EDITAL_IBRAM1.pdf\" target=\"_blank\" rel=\"noreferrer noopener\">clique aqui!<\/a><\/p>","protected":false},"excerpt":{"rendered":"<p>O Instituto Brasileiro de Museus protocolou um pedido de autoriza\u00e7\u00e3o para realiza\u00e7\u00e3o de um novo concurso Ibram para o preenchimento de 376 oportunidades em 2024. Confira! De acordo com a nota t\u00e9cnica, as vagas ser\u00e3o distribu\u00eddas entre as seguintes especialidades: Os aprovados ser\u00e3o remunerados com sal\u00e1rios iniciais que variam entre R$ 3.419,97 e R$ 5.035,29, [&hellip;]<\/p>\n","protected":false},"author":54679,"featured_media":199090,"comment_status":"closed","ping_status":"closed","sticky":false,"template":"","format":"standard","meta":{"_acf_changed":false,"footnotes":"","_wp_rev_ctl_limit":""},"categories":[228],"tags":[],"class_list":["post-199003","post","type-post","status-publish","format-standard","has-post-thumbnail","hentry","category-noticias"],"acf":[],"_links":{"self":[{"href":"https:\/\/www.novaconcursos.com.br\/portal\/wp-json\/wp\/v2\/posts\/199003","targetHints":{"allow":["GET"]}}],"collection":[{"href":"https:\/\/www.novaconcursos.com.br\/portal\/wp-json\/wp\/v2\/posts"}],"about":[{"href":"https:\/\/www.novaconcursos.com.br\/portal\/wp-json\/wp\/v2\/types\/post"}],"author":[{"embeddable":true,"href":"https:\/\/www.novaconcursos.com.br\/portal\/wp-json\/wp\/v2\/users\/54679"}],"replies":[{"embeddable":true,"href":"https:\/\/www.novaconcursos.com.br\/portal\/wp-json\/wp\/v2\/comments?post=199003"}],"version-history":[{"count":5,"href":"https:\/\/www.novaconcursos.com.br\/portal\/wp-json\/wp\/v2\/posts\/199003\/revisions"}],"predecessor-version":[{"id":279668,"href":"https:\/\/www.novaconcursos.com.br\/portal\/wp-json\/wp\/v2\/posts\/199003\/revisions\/279668"}],"wp:featuredmedia":[{"embeddable":true,"href":"https:\/\/www.novaconcursos.com.br\/portal\/wp-json\/wp\/v2\/media\/199090"}],"wp:attachment":[{"href":"https:\/\/www.novaconcursos.com.br\/portal\/wp-json\/wp\/v2\/media?parent=199003"}],"wp:term":[{"taxonomy":"category","embeddable":true,"href":"https:\/\/www.novaconcursos.com.br\/portal\/wp-json\/wp\/v2\/categories?post=199003"},{"taxonomy":"post_tag","embeddable":true,"href":"https:\/\/www.novaconcursos.com.br\/portal\/wp-json\/wp\/v2\/tags?post=199003"}],"curies":[{"name":"wp","href":"https:\/\/api.w.org\/{rel}","templated":true}]}}