{"id":199013,"date":"2023-07-10T09:14:36","date_gmt":"2023-07-10T12:14:36","guid":{"rendered":"https:\/\/www.novaconcursos.com.br\/portal\/?p=199013"},"modified":"2024-07-11T10:34:38","modified_gmt":"2024-07-11T13:34:38","slug":"concurso-tjmg-edital-para-oficial-judiciario-pode-sair-nos-proximos-dias","status":"publish","type":"post","link":"https:\/\/www.novaconcursos.com.br\/portal\/noticias\/concurso-tjmg-edital-para-oficial-judiciario-pode-sair-nos-proximos-dias\/","title":{"rendered":"Concurso TJMG: Edital para Oficial Judici\u00e1rio pode sair nos pr\u00f3ximos dias?"},"content":{"rendered":"<p>Com a\u00a0<strong>banca\u00a0<\/strong>definida, o edital do\u00a0<a href=\"https:\/\/www.novaconcursos.com.br\/portal\/concursos\/concurso-tj-mg\/\">concurso TJMG<\/a>\u00a0(Tribunal de Justi\u00e7a de Minas Gerais), com vagas para\u00a0<strong>Oficial\u00a0<\/strong>Judici\u00e1rio, est\u00e1 mais pr\u00f3ximo. Quando ele ser\u00e1 publicado? Veja!<\/p>\n\n\n\n<ul class=\"wp-block-list\"><li><strong>Confira: <\/strong><a href=\"https:\/\/www.novaconcursos.com.br\/curso-online\/curso-tj-mg-oficial-judiciario-comissario-infancia-juventude\">Curso TJ-MG Oficial Judici\u00e1rio \u2013 Comiss\u00e1rio da Inf\u00e2ncia e da Juventude<\/a><\/li>\n\n\n\n<li><strong>Confira:<\/strong> <a href=\"https:\/\/www.novaconcursos.com.br\/curso-online\/curso-tj-mg-oficial-judiciario-oficial-judiciario\">Curso TJ-MG Oficial Judici\u00e1rio \u2013 Oficial Judici\u00e1rio<\/a><a href=\"https:\/\/www.novaconcursos.com.br\/curso-online\/curso-tj-mg-oficial-judiciario-oficial-judiciario?q=TJMG\"><\/a><\/li>\n<\/ul><p><\/p>\n\n\n\n<p>Estude para o concurso dos seus sonhos com o\u00a0<strong>M\u00e9todo<\/strong>\u00a0que j\u00e1 ajudou na\u00a0<strong>aprova\u00e7\u00e3o de mais de 70 mil alunos.<\/strong>\u00a0<a href=\"https:\/\/aprovacao.novaconcursos.com.br\/assinatura?promo_creative=Clique+aqui&amp;promo_name=noticia&amp;promo_id=%2Fportal%2Fnoticias%2Fconcurso-pc-al-resultado-final-da-primeira-etapa-confira&amp;promo_position=corpo-texto\" target=\"_blank\" rel=\"noreferrer noopener\">Clique aqui<\/a>\u00a0\u00a0e saiba mais!<\/p>\n\n\n\n<h2 class=\"wp-block-heading\" id=\"concurso-tjmg-quando-sai-o-edital\">Concurso TJMG: quando sai o edital?<\/h2>\n\n\n\n<p>Ao que tudo indica, muito em breve o edital do concurso do Tribunal de Justi\u00e7a de\u00a0<a href=\"https:\/\/www.novaconcursos.com.br\/portal\/concursos-previstos\/mg\/\">Minas Gerais<\/a> deve ser publicado, pois ele <strong>est\u00e1 iminente.<\/strong><\/p>\n\n\n\n<ul class=\"wp-block-list\"><li><strong>Confira: <\/strong><a href=\"https:\/\/www.novaconcursos.com.br\/apostila\/tj-mg-prep-oficial-jud-classe-d\">Apostila TJ-MG 2023 \u2013 Oficial Judici\u00e1rio \u2013 Classe D<\/a><a href=\"https:\/\/www.novaconcursos.com.br\/apostila\/tj-mg-prep-oficial-jud-classe-d?q=TJMG\"><\/a><\/li>\n\n\n\n<li><strong>Confira<\/strong>: <a href=\"https:\/\/www.novaconcursos.com.br\/apostila\/tj-mg-prep-oficial-judiciario-comissario-infancia-juventude\">Apostila TJ-MG 2023 \u2013 Oficial Judici\u00e1rio \u2013 Classe D \u2013 Comiss\u00e1rio da Inf\u00e2ncia e da Juventude<\/a><a href=\"https:\/\/www.novaconcursos.com.br\/apostila\/tj-mg-prep-oficial-jud-classe-d-comissario-infancia-juventude?q=TJMG\"><\/a><\/li>\n<\/ul><p><a href=\"https:\/\/www.novaconcursos.com.br\/curso-online\/curso-tj-mg-oficial-judiciario-comissario-infancia-juventude?q=TJMG\"><\/a><\/p>\n\n\n\n<p><\/p>\n\n\n\n<p>De acordo com a Assessoria de Imprensa do \u00f3rg\u00e3o, o edital <strong>est\u00e1 em elabora\u00e7\u00e3o<\/strong>. Sendo assim, ele pode sair nas pr\u00f3ximas semanas.<\/p>\n\n\n\n<p>Vale destacar que recentemente a\u00a0<a href=\"https:\/\/www.msconcursos.com.br\/\" target=\"_blank\" rel=\"noreferrer noopener\">MS Concursos<\/a>\u00a0foi escolhida e contratada como\u00a0<strong>banca organizadora.<\/strong> Sendo assim, nada mais impede o edital de sair.<\/p>\n\n\n\n<p>Outras quatro bancas enviaram propostas, mas n\u00e3o passaram. Foram a Funda\u00e7\u00e3o Get\u00falio Vargas (FGV), Instituto Access, Instituto Brasileiro de Forma\u00e7\u00e3o e Capacita\u00e7\u00e3o (IBFC) e Instituto AOCP.<\/p>\n\n\n\n<p>Inicialmente, a estimativa do tribunal era abrir a sele\u00e7\u00e3o <strong>ainda no primeiro semestre<\/strong>, mas os tr\u00e2mites atrasaram. Ent\u00e3o, ele deve sair at\u00e9 dezembro.<\/p>\n\n\n\n<h2 class=\"wp-block-heading\" id=\"quais-cargos-sero-ofertados-no-concurso-tjmg\">Quais cargos ser\u00e3o ofertados no concurso TJMG?<\/h2>\n\n\n\n<p>Anteriormente, o Juiz auxiliar da Presid\u00eancia,\u00a0Thiago Colnago Cabral, informou que seriam ofertadas<strong> vagas para o n\u00edvel m\u00e9dio<\/strong>\u00a0no concurso do Tribunal de Justi\u00e7a de\u00a0<a href=\"https:\/\/www.novaconcursos.com.br\/portal\/concursos-abertos\/mg\/\">Minas Gerais<\/a>.<\/p>\n\n\n\n<p><em>\u201cAinda no \u00e2mbito da administra\u00e7\u00e3o dos recursos humanos da institui\u00e7\u00e3o, em setembro \u00faltimo, encontrava-se tamb\u00e9m em fase de finaliza\u00e7\u00e3o um termo de refer\u00eancia para abertura de processo licitat\u00f3rio para contrata\u00e7\u00e3o de empresa que ir\u00e1 operacionalizar o concurso destinado a prover vagas de servidores efetivos, para cargos de n\u00edvel m\u00e9dio\u201d,<\/em>\u00a0informou.<\/p>\n\n\n\n<p>Ademais, o cargo contemplado, segundo a\u00a0<strong>previs\u00e3o<\/strong>, ser\u00e1 de Oficial, especialidades de Oficial Judici\u00e1rio e Comiss\u00e1rio da Inf\u00e2ncia e da Juventude. Veja:<\/p>\n\n\n\n<ul class=\"wp-block-list\"><li>Oficial Judici\u00e1rio \u2013 107 vagas<\/li>\n\n\n\n<li>Comiss\u00e1rio da Inf\u00e2ncia e da Juventude \u2013 9 vagas<\/li>\n<\/ul><p><\/p>\n\n\n\n<p>Portanto, ambos cargos t\u00eam sal\u00e1rios iniciais de\u00a0<strong>R$3.264,98<\/strong>. Posteriormente, os contratados ainda ter\u00e3o direito a benef\u00edcios e gratifica\u00e7\u00f5es. Assim, confira:<\/p>\n\n\n\n<ul class=\"wp-block-list\"><li>Aux\u00edlio\n<ul class=\"wp-block-list\"><li>creche: R$950<em>;<\/em><\/li>\n\n\n\n<li>refei\u00e7\u00e3o: R$1.500<em>;<\/em><\/li>\n\n\n\n<li>transporte: R$220<em>;<\/em><\/li>\n\n\n\n<li>sa\u00fade: R$300, R$375\u00a0e R$450, a depender\u00a0da faixa et\u00e1ria<em>.<\/em><\/li>\n<\/ul><\/li>\n<\/ul><p><\/p>\n\n\n\n<p>Vale destacar que os valores acima j\u00e1 contam com o\u00a0<strong>reajuste<\/strong>\u00a0recente do \u00f3rg\u00e3o. Os percentuais de aumento\u00a0variaram de 7,31% e 16,76%.<\/p>\n\n\n\n<p>Ademais, os\u00a0<strong>novos valores\u00a0<\/strong>j\u00e1 come\u00e7aram, inclusive, a ser pagos na folha de 1\u00ba de mar\u00e7o de 2023!<\/p>\n\n\n\n<h3 class=\"wp-block-heading\">Atribui\u00e7\u00f5es<\/h3>\n\n\n\n<ul class=\"wp-block-list\"><li><strong>Oficial Judici\u00e1rio \u2013 Comiss\u00e3o da Inf\u00e2ncia e da Juventude<\/strong>\n<ul class=\"wp-block-list\"><li>Auxiliar no preparo de processos, promover medidas preliminares de instru\u00e7\u00e3o relativas a crian\u00e7as e adolescentes, determinadas pelo juiz;<\/li>\n\n\n\n<li>Lavrar auto de infra\u00e7\u00e3o, quando constatar viola\u00e7\u00e3o das normas de prote\u00e7\u00e3o \u00e0 crian\u00e7a e ao adolescente que tipifiquem infra\u00e7\u00f5es administrativas;<\/li>\n\n\n\n<li>Fiscalizar a execu\u00e7\u00e3o das normas de assist\u00eancia e prote\u00e7\u00e3o que digam respeito \u00e0 crian\u00e7a e ao adolescente;<\/li>\n\n\n\n<li>Cumprir determina\u00e7\u00e3o judicial, com o fim de esclarecer fatos ou circunst\u00e2ncias que possam comprometer a seguran\u00e7a f\u00edsica e moral de crian\u00e7as e adolescentes;<\/li>\n\n\n\n<li>Auxiliar a cria\u00e7\u00e3o e manuten\u00e7\u00e3o de cadastro contendo informa\u00e7\u00f5es sobre crian\u00e7as e adolescentes sob regime de acolhimento familiar e institucional;<\/li>\n\n\n\n<li>Substituir a chefia no seu impedimento ou afastamento, quando indicado pelo superior hier\u00e1rquico;<\/li>\n\n\n\n<li>Participar de comiss\u00f5es e grupos de trabalho, quando designado;<\/li>\n\n\n\n<li>Executar outras atividades identificadas pelo superior hier\u00e1rquico, relacionadas com a atividade-fim, inclusive no que concerne ao processo judicial eletr\u00f4nico, em suas variadas formas.<\/li>\n<\/ul><\/li>\n\n\n\n<li><strong>Oficial Judici\u00e1rio \u2013 Oficial Judici\u00e1rio<\/strong>\n<ul class=\"wp-block-list\"><li>Executar atividades de suporte nas \u00e1reas judici\u00e1ria e administrativa na Secretaria do Tribunal de Justi\u00e7a ou na Justi\u00e7a de Primeira Inst\u00e2ncia;<\/li>\n\n\n\n<li>Registrar, reunir e avaliar informa\u00e7\u00f5es relativas a processos judiciais e procedimentos administrativos;<\/li>\n\n\n\n<li>Auxiliar o magistrado nas audi\u00eancias ou sess\u00f5es de julgamento;<\/li>\n\n\n\n<li>Redigir e digitar mat\u00e9ria relacionada a sua \u00e1rea de atua\u00e7\u00e3o;<\/li>\n\n\n\n<li>Realizar atos para subsidiar a movimenta\u00e7\u00e3o do processo e demais servi\u00e7os administrativos;<\/li>\n\n\n\n<li>Redigir e digitar mat\u00e9ria relacionada a sua \u00e1rea de atua\u00e7\u00e3o;<\/li>\n\n\n\n<li>Substituir a chefia no seu impedimento ou afastamento, quando indicado pelo superior hier\u00e1rquico;<\/li>\n\n\n\n<li>Participar de comiss\u00f5es e grupos de trabalho;<\/li>\n\n\n\n<li>Executar outras atividades identificadas pelo superior hier\u00e1rquico, relacionadas com a atividade fim, inclusive no que concerne ao processo judicial eletr\u00f4nico em suas variadas formas.<\/li>\n<\/ul><\/li>\n<\/ul><p><\/p>\n\n\n\n<h3 class=\"wp-block-heading\">Provas<\/h3>\n\n\n\n<p>Posteriormente, os candidatos ser\u00e3o submetidos a provas objetivas, compostas de<strong>\u00a080 quest\u00f5es\u00a0<\/strong>de m\u00faltipla escolha.<\/p>\n\n\n\n<p>Assim, cada quest\u00e3o vai ter cinco alternativas, mas apenas uma resposta correta, acerca das seguintes disciplinas:<\/p>\n\n\n\n<ul class=\"wp-block-list\"><li>L\u00edngua Portuguesa: 25 quest\u00f5es<\/li>\n\n\n\n<li>No\u00e7\u00f5es de Direito: 25 quest\u00f5es<\/li>\n\n\n\n<li>No\u00e7\u00f5es de Inform\u00e1tica: 5 quest\u00f5es<\/li>\n\n\n\n<li>Conhecimentos Espec\u00edficos: 20 quest\u00f5es<\/li>\n\n\n\n<li>Racioc\u00ednio L\u00f3gico: 5 quest\u00f5es<\/li>\n<\/ul><p><\/p>\n\n\n\n<p>Veja o <strong>conte\u00fado program\u00e1tico<\/strong> completo,\u00a0<a href=\"https:\/\/www.novaconcursos.com.br\/portal\/noticias\/ja-esta-definido-o-conteudo-programatico-do-concurso-tjmg-para-oficial\/\">clicando aqui!<\/a><\/p>\n\n\n\n<p>Al\u00e9m disso, as provas ter\u00e3o dura\u00e7\u00e3o m\u00e1xima de 4h30 e ser\u00e3o <strong>aplicadas nas cidades<\/strong> de Belo Horizonte, Betim, Contagem, Diamantina, Governador Valadares, Juiz de Fora, Montes Claros, Uberl\u00e2ndia e Varginha.<\/p>\n\n\n\n<p><\/p>","protected":false},"excerpt":{"rendered":"<p>Com a\u00a0banca\u00a0definida, o edital do\u00a0concurso TJMG\u00a0(Tribunal de Justi\u00e7a de Minas Gerais), com vagas para\u00a0Oficial\u00a0Judici\u00e1rio, est\u00e1 mais pr\u00f3ximo. Quando ele ser\u00e1 publicado? Veja! Estude para o concurso dos seus sonhos com o\u00a0M\u00e9todo\u00a0que j\u00e1 ajudou na\u00a0aprova\u00e7\u00e3o de mais de 70 mil alunos.\u00a0Clique aqui\u00a0\u00a0e saiba mais! Concurso TJMG: quando sai o edital? Ao que tudo indica, muito em [&hellip;]<\/p>\n","protected":false},"author":54671,"featured_media":163629,"comment_status":"closed","ping_status":"closed","sticky":false,"template":"","format":"standard","meta":{"_acf_changed":false,"footnotes":"","_wp_rev_ctl_limit":""},"categories":[228],"tags":[],"class_list":["post-199013","post","type-post","status-publish","format-standard","has-post-thumbnail","hentry","category-noticias"],"acf":[],"_links":{"self":[{"href":"https:\/\/www.novaconcursos.com.br\/portal\/wp-json\/wp\/v2\/posts\/199013","targetHints":{"allow":["GET"]}}],"collection":[{"href":"https:\/\/www.novaconcursos.com.br\/portal\/wp-json\/wp\/v2\/posts"}],"about":[{"href":"https:\/\/www.novaconcursos.com.br\/portal\/wp-json\/wp\/v2\/types\/post"}],"author":[{"embeddable":true,"href":"https:\/\/www.novaconcursos.com.br\/portal\/wp-json\/wp\/v2\/users\/54671"}],"replies":[{"embeddable":true,"href":"https:\/\/www.novaconcursos.com.br\/portal\/wp-json\/wp\/v2\/comments?post=199013"}],"version-history":[{"count":7,"href":"https:\/\/www.novaconcursos.com.br\/portal\/wp-json\/wp\/v2\/posts\/199013\/revisions"}],"predecessor-version":[{"id":243424,"href":"https:\/\/www.novaconcursos.com.br\/portal\/wp-json\/wp\/v2\/posts\/199013\/revisions\/243424"}],"wp:featuredmedia":[{"embeddable":true,"href":"https:\/\/www.novaconcursos.com.br\/portal\/wp-json\/wp\/v2\/media\/163629"}],"wp:attachment":[{"href":"https:\/\/www.novaconcursos.com.br\/portal\/wp-json\/wp\/v2\/media?parent=199013"}],"wp:term":[{"taxonomy":"category","embeddable":true,"href":"https:\/\/www.novaconcursos.com.br\/portal\/wp-json\/wp\/v2\/categories?post=199013"},{"taxonomy":"post_tag","embeddable":true,"href":"https:\/\/www.novaconcursos.com.br\/portal\/wp-json\/wp\/v2\/tags?post=199013"}],"curies":[{"name":"wp","href":"https:\/\/api.w.org\/{rel}","templated":true}]}}