{"id":199060,"date":"2023-07-10T12:01:36","date_gmt":"2023-07-10T15:01:36","guid":{"rendered":"https:\/\/www.novaconcursos.com.br\/portal\/?p=199060"},"modified":"2025-03-10T17:15:08","modified_gmt":"2025-03-10T20:15:08","slug":"concurso-ufpe-saiu-o-edital-para-tecnico-administrativo","status":"publish","type":"post","link":"https:\/\/www.novaconcursos.com.br\/portal\/noticias\/concurso-ufpe-saiu-o-edital-para-tecnico-administrativo\/","title":{"rendered":"Concurso UFPE 2023: Saiu o edital. 113 vagas para T\u00e9cnico-Administrativo!"},"content":{"rendered":"<p>Boa not\u00edcia, concurseiros! Foi publicado o edital do <a href=\"https:\/\/www.novaconcursos.com.br\/portal\/concursos\/concurso-ufpe\/\">concurso UFPE<\/a> (Universidade Federal de Pernambuco), com a oferta de <strong>113 vagas em diversos cargos<\/strong>. Veja como se inscrever e os detalhes da sele\u00e7\u00e3o!<\/p>\n\n\n\n<h2 class=\"wp-block-heading\" id=\"resumo-do-edital\">Resumo do Edital<\/h2>\n\n\n\n<ul class=\"wp-block-list\"><li>Vagas: 113<\/li>\n\n\n\n<li>Cargos: diversos<\/li>\n\n\n\n<li>Escolaridade: n\u00edveis m\u00e9dio e superior<\/li>\n\n\n\n<li>Sal\u00e1rio: at\u00e9 R$ 4.556,92<\/li>\n\n\n\n<li>Per\u00edodo de inscri\u00e7\u00e3o: 25\/07 \u00e0 18\/08\/2023<\/li>\n\n\n\n<li>Taxa de inscri\u00e7\u00e3o: R$ 100,00 (n\u00edvel D) e R$ 150,00 (n\u00edvel E)<\/li>\n\n\n\n<li>Prova: 22 e 29 de outubro de 2023<\/li>\n\n\n\n<li>Banca: FADE\/UFPE<\/li>\n<\/ul><p><\/p>\n\n\n\n<h2 class=\"wp-block-heading\" id=\"concurso-ufpe-como-realizar-inscrio\">Concurso UFPE: como realizar inscri\u00e7\u00e3o?<\/h2>\n\n\n\n<p>Portanto, os interessados em uma das vagas do concurso da Universidade Federal de <a href=\"https:\/\/www.novaconcursos.com.br\/portal\/concursos-previstos\/pe\/\">Pernambuco<\/a> devem <strong>se atentar aos prazos<\/strong> e informa\u00e7\u00f5es.<\/p>\n\n\n\n<p>Isso porque as inscri\u00e7\u00f5es come\u00e7am no dia <strong>25 de julho<\/strong> e o prazo se estender\u00e1 at\u00e9 o dia <strong>14 de agosto<\/strong>. Elas devem ser feitas no site da banca, <a href=\"https:\/\/www.fadeconcursos.org.br\/concursoufpe2023\/\" target=\"_blank\" rel=\"noreferrer noopener\">FADE\/UFPE<\/a>.<\/p>\n\n\n\n<p>Al\u00e9m disso, ser\u00e1 preciso pagar uma taxa de inscri\u00e7\u00e3o no valor de <strong>R$ 100<\/strong> para o n\u00edvel m\u00e9dio e <strong>R$ 150<\/strong> o n\u00edvel superior. Assim, o boleto deve ser pago at\u00e9 15 de agosto.<\/p>\n\n\n\n<h3 class=\"wp-block-heading\">Isen\u00e7\u00e3o da taxa<\/h3>\n\n\n\n<p>Entretanto, <strong>entre 25 e 28 de julho, <\/strong>ser\u00e1 poss\u00edvel solicitar a isen\u00e7\u00e3o da taxa. Conforme estabelece a legisla\u00e7\u00e3o, o edital prev\u00ea gratuidade para pessoas que:<\/p>\n\n\n\n<ul class=\"wp-block-list\"><li>fazem parte de fam\u00edlia inscrita no Cadastro \u00danico para Programas Sociais (Cad\u00danico), do governo federal;<\/li>\n\n\n\n<li>s\u00e3o doadoras de medula \u00f3ssea em entidades reconhecidas pelo Minist\u00e9rio da Sa\u00fade.<\/li>\n<\/ul><p><\/p>\n\n\n\n<p>Em caso de d\u00favidas, os candidatos poder\u00e3o obter mais informa\u00e7\u00f5es com a comiss\u00e3o organizadora, por meio do telefone (81) 2126 8171, al\u00e9m do e-mail\u00a0ufpe2023@fadeconcursos.org.br.<\/p>\n\n\n\n<h2 class=\"wp-block-heading\" id=\"quais-as-vagas-cargos-e-salrios-do-concurso-ufpe\">Quais as vagas, cargos e sal\u00e1rios do concurso UFPE?<\/h2>\n\n\n\n<p>Portanto, o concurso da Universidade Federal de <a href=\"https:\/\/www.novaconcursos.com.br\/portal\/concursos-abertos\/pe\/\">Pernambuco<\/a> est\u00e1 ofertando <strong>113 vagas<\/strong> para servidores t\u00e9cnico-administrativos.<\/p>\n\n\n\n<p>S\u00e3o oportunidades, no entanto, para diversas carreiras que exigem o n\u00edvel superior e m\u00e9dio como escolaridade. Veja a <strong>distribui\u00e7\u00e3o<\/strong>:<\/p>\n\n\n\n<ul class=\"wp-block-list\"><li>N\u00edvel m\u00e9dio (classe D)\n<ul class=\"wp-block-list\"><li>Assistente em Administra\u00e7\u00e3o: 70 vagas;<\/li>\n\n\n\n<li>T\u00e9cnico em Contabilidade: 20 vagas;<\/li>\n\n\n\n<li>T\u00e9cnico em Tecnologia da Informa\u00e7\u00e3o\/\u00e1rea: Sistemas: 13 vagas;<\/li>\n\n\n\n<li>T\u00e9cnico em Enfermagem: 2 vagas; e<\/li>\n\n\n\n<li>T\u00e9cnico em Farm\u00e1cia: 1 vaga.<\/li>\n<\/ul><\/li>\n\n\n\n<li>N\u00edvel superior (n\u00edvel E)\n<ul class=\"wp-block-list\"><li>Administrador: 2 vagas;<\/li>\n\n\n\n<li>Engenheiro El\u00e9trico: 1 vaga;<\/li>\n\n\n\n<li>Analista em Tecnologia da Informa\u00e7\u00e3o\/\u00e1rea: Sistemas: 3 vagas;<\/li>\n\n\n\n<li>Produtor Cultural 1 vaga.<\/li>\n<\/ul><\/li>\n<\/ul><p><\/p>\n\n\n\n<p>Posteriormente, os aprovados ganhar\u00e3o sal\u00e1rios de <strong>R$ 2.667,19<\/strong> (N\u00edvel D) e <strong>R$ 4.556,92<\/strong> (N\u00edvel E). Al\u00e9m disso, o servidor ainda recebe aux\u00edlio alimenta\u00e7\u00e3o de <strong>R$ 658,00.<\/strong><\/p>\n\n\n\n<h3 class=\"wp-block-heading\">Requisitos<\/h3>\n\n\n\n<ul class=\"wp-block-list\"><li><strong>Assistente em Administra\u00e7\u00e3o<\/strong>\n<ul class=\"wp-block-list\"><li>M\u00e9dio profissionalizante ou m\u00e9dio completo<\/li>\n\n\n\n<li>Experi\u00eancia comprovada de 12 meses na \u00e1rea<\/li>\n<\/ul><\/li>\n\n\n\n<li><strong>T\u00e9cnico em Contabilidade<\/strong>\n<ul class=\"wp-block-list\"><li>M\u00e9dio profissionalizante<\/li>\n\n\n\n<li>M\u00e9dio completo com curso t\u00e9cnico em Contabilidade<\/li>\n\n\n\n<li>Registro no conselho competente<\/li>\n<\/ul><\/li>\n\n\n\n<li><strong>T\u00e9cnico em Tecnologia da Informa\u00e7\u00e3o\/\u00e1rea: Sistemas<\/strong>\n<ul class=\"wp-block-list\"><li>Ensino M\u00e9dio Completo com Curso T\u00e9cnico em Sistemas Computacionais, Inform\u00e1tica ou Manuten\u00e7\u00e3o e Suporte em Inform\u00e1tica ou Ensino M\u00e9dio Profissionalizante na \u00e1rea ou Curso T\u00e9cnico em Eletr\u00f4nica com \u00eanfase em Sistemas<\/li>\n<\/ul><\/li>\n\n\n\n<li><strong>T\u00e9cnico em Enfermagem<\/strong>\n<ul class=\"wp-block-list\"><li>M\u00e9dio profissionalizante e\/ou m\u00e9dio completo<\/li>\n\n\n\n<li>Curso t\u00e9cnico de Enfermagem<\/li>\n\n\n\n<li>Registro no conselho competente<\/li>\n<\/ul><\/li>\n\n\n\n<li><strong>T\u00e9cnico em Farm\u00e1cia<\/strong>\n<ul class=\"wp-block-list\"><li>M\u00e9dio profissionalizante<\/li>\n\n\n\n<li>M\u00e9dio completo com curso t\u00e9cnico em Farm\u00e1cia<\/li>\n<\/ul><\/li>\n\n\n\n<li><strong>Administrador<\/strong>\n<ul class=\"wp-block-list\"><li>N\u00edvel superior em Administra\u00e7\u00e3o<\/li>\n\n\n\n<li>Registro no conselho competente<\/li>\n<\/ul><\/li>\n\n\n\n<li><strong>Engenheiro El\u00e9trico<\/strong>\n<ul class=\"wp-block-list\"><li>Curso superior de Engenharia El\u00e9trica<\/li>\n\n\n\n<li>Registro no conselho competente<\/li>\n<\/ul><\/li>\n\n\n\n<li><strong>Analista em Tecnologia da Informa\u00e7\u00e3o\/\u00e1rea: Sistemas<\/strong>\n<ul class=\"wp-block-list\"><li>Curso Superior em Ci\u00eancia da Computa\u00e7\u00e3o, Sistemas de Informa\u00e7\u00e3o, Engenharia da Computa\u00e7\u00e3o ou Engenharia El\u00e9trica com \u00eanfase em Computa\u00e7\u00e3o, ou Curso Superior de Bacharelado na \u00e1rea de Tecnologia da Informa\u00e7\u00e3o<\/li>\n<\/ul><\/li>\n\n\n\n<li><strong>Produtor Cultural<\/strong>\n<ul class=\"wp-block-list\"><li>Curso Superior em Comunica\u00e7\u00e3o Social.<\/li>\n<\/ul><\/li>\n<\/ul><p><\/p>\n\n\n\n<h2 class=\"wp-block-heading\" id=\"como-e-quando-sero-as-provas-do-concurso-ufpe\">Como e quando ser\u00e3o as provas do concurso UFPE?<\/h2>\n\n\n\n<p>Posteriormente, os inscritos na sele\u00e7\u00e3o passar\u00e3o por <strong>provas objetivas<\/strong> ter\u00e1 aplica\u00e7\u00e3o em duas datas de outubro, dependendo do n\u00edvel.<\/p>\n\n\n\n<p>Assim, no dia <strong>22 de outubro<\/strong> haver\u00e1 aplica\u00e7\u00e3o apenas para assistente em administra\u00e7\u00e3o e <strong>dia 29<\/strong> para os concorrentes aos demais cargos. <\/p>\n\n\n\n<p>Sendo assim, a avalia\u00e7\u00e3o ter\u00e1<strong> 60 quest\u00f5es (n\u00edvel m\u00e9dio) e 80 (n\u00edvel superior) de m\u00faltipla escolha<\/strong>, sendo que cada quest\u00e3o contar\u00e1 com 5 alternativas (A, B, C, D e E) e apenas uma \u00fanica reposta correta.<\/p>\n\n\n\n<p>Ademais, as provas ser\u00e3o aplicadas na regi\u00e3o metropolitana de Recife\/PE. Assim, ser\u00e3o exigidos conhecimentos nas seguintes \u00e1reas:<\/p>\n\n\n\n<ul class=\"wp-block-list\"><li><strong>N\u00edvel m\u00e9dio<\/strong>\n<ul class=\"wp-block-list\"><li>L\u00edngua Portuguesa \u2013 20 quest\u00f5es;<\/li>\n\n\n\n<li>Racioc\u00ednio L\u00f3gico \u2013 5 quest\u00f5es;<\/li>\n\n\n\n<li>Legisla\u00e7\u00e3o Aplicada ao Servidor 10 quest\u00f5es; e<\/li>\n\n\n\n<li>Conhecimentos Espec\u00edficos \u2013 25 quest\u00f5es.<\/li>\n<\/ul><\/li>\n\n\n\n<li><strong>N\u00edvel superior<\/strong>\n<ul class=\"wp-block-list\"><li>L\u00edngua Portuguesa \u2013 20 quest\u00f5es;<\/li>\n\n\n\n<li>Racioc\u00ednio L\u00f3gico \u2013 5 quest\u00f5es;<\/li>\n\n\n\n<li>Legisla\u00e7\u00e3o Aplicada ao Servidor 10 quest\u00f5es; e<\/li>\n\n\n\n<li>Conhecimentos Espec\u00edficos \u2013 45 quest\u00f5es.<\/li>\n<\/ul><\/li>\n<\/ul><p><\/p>\n\n\n\n<p>Por fim, a sele\u00e7\u00e3o ter\u00e1 validade um ano, a contar da homologa\u00e7\u00e3o do resultado final. Entretanto, ela pode ser prorrogada, posteriormente, por igual per\u00edodo.<\/p>\n\n\n\n<p><a href=\"https:\/\/www.novaconcursos.com.br\/livro\/600-questoes-comentadas-lingua-portuguesa-isabella-ramiro?q=portugues\"><\/a><\/p>","protected":false},"excerpt":{"rendered":"<p>Boa not\u00edcia, concurseiros! Foi publicado o edital do concurso UFPE (Universidade Federal de Pernambuco), com a oferta de 113 vagas em diversos cargos. Veja como se inscrever e os detalhes da sele\u00e7\u00e3o! Resumo do Edital Concurso UFPE: como realizar inscri\u00e7\u00e3o? Portanto, os interessados em uma das vagas do concurso da Universidade Federal de Pernambuco devem [&hellip;]<\/p>\n","protected":false},"author":54671,"featured_media":199061,"comment_status":"closed","ping_status":"closed","sticky":false,"template":"","format":"standard","meta":{"_acf_changed":false,"footnotes":"","_wp_rev_ctl_limit":""},"categories":[228],"tags":[],"class_list":["post-199060","post","type-post","status-publish","format-standard","has-post-thumbnail","hentry","category-noticias"],"acf":[],"_links":{"self":[{"href":"https:\/\/www.novaconcursos.com.br\/portal\/wp-json\/wp\/v2\/posts\/199060","targetHints":{"allow":["GET"]}}],"collection":[{"href":"https:\/\/www.novaconcursos.com.br\/portal\/wp-json\/wp\/v2\/posts"}],"about":[{"href":"https:\/\/www.novaconcursos.com.br\/portal\/wp-json\/wp\/v2\/types\/post"}],"author":[{"embeddable":true,"href":"https:\/\/www.novaconcursos.com.br\/portal\/wp-json\/wp\/v2\/users\/54671"}],"replies":[{"embeddable":true,"href":"https:\/\/www.novaconcursos.com.br\/portal\/wp-json\/wp\/v2\/comments?post=199060"}],"version-history":[{"count":14,"href":"https:\/\/www.novaconcursos.com.br\/portal\/wp-json\/wp\/v2\/posts\/199060\/revisions"}],"predecessor-version":[{"id":274809,"href":"https:\/\/www.novaconcursos.com.br\/portal\/wp-json\/wp\/v2\/posts\/199060\/revisions\/274809"}],"wp:featuredmedia":[{"embeddable":true,"href":"https:\/\/www.novaconcursos.com.br\/portal\/wp-json\/wp\/v2\/media\/199061"}],"wp:attachment":[{"href":"https:\/\/www.novaconcursos.com.br\/portal\/wp-json\/wp\/v2\/media?parent=199060"}],"wp:term":[{"taxonomy":"category","embeddable":true,"href":"https:\/\/www.novaconcursos.com.br\/portal\/wp-json\/wp\/v2\/categories?post=199060"},{"taxonomy":"post_tag","embeddable":true,"href":"https:\/\/www.novaconcursos.com.br\/portal\/wp-json\/wp\/v2\/tags?post=199060"}],"curies":[{"name":"wp","href":"https:\/\/api.w.org\/{rel}","templated":true}]}}