{"id":199088,"date":"2023-07-10T12:57:16","date_gmt":"2023-07-10T15:57:16","guid":{"rendered":"https:\/\/www.novaconcursos.com.br\/portal\/?p=199088"},"modified":"2024-11-13T17:07:32","modified_gmt":"2024-11-13T20:07:32","slug":"concurso-bbts-confira-a-demanda-de-inscritos-por-cargo","status":"publish","type":"post","link":"https:\/\/www.novaconcursos.com.br\/portal\/noticias\/concurso-bbts-confira-a-demanda-de-inscritos-por-cargo\/","title":{"rendered":"Concurso BBTS: Confira a demanda de inscritos por cargo!"},"content":{"rendered":"<p>Adiadas, as provas do\u00a0concurso BBTS\u00a0(BB Tecnologia e Servi\u00e7os) acontecer\u00e3o no dia <strong>6 de agosto<\/strong>. As inscri\u00e7\u00f5es est\u00e3o encerradas; veja demanda por cargo. S\u00e3o <strong>138 vagas!<\/strong><\/p>\n\n\n\n<ul class=\"wp-block-list\"><li><strong>Confira:<\/strong> <a href=\"https:\/\/www.novaconcursos.com.br\/curso-online\/curso-banco-brasil-bbts-tecnico-administrativo\">Curso Banco do Brasil BBTS \u2013 T\u00e9cnico Administrativo<\/a><\/li>\n\n\n\n<li><strong>Confira: <\/strong><a href=\"https:\/\/www.novaconcursos.com.br\/livro-impresso\/questoes-comentadas-fgv\">Livro de Quest\u00f5es Comentadas FGV<\/a><a href=\"https:\/\/www.novaconcursos.com.br\/livro-impresso\/questoes-comentadas-fgv?q=FGV\"><\/a><a href=\"https:\/\/www.novaconcursos.com.br\/curso-online\/curso-banco-brasil-bbts-tecnico-administrativo?q=banco%20do%20brasil\"><\/a><\/li>\n<\/ul><p><\/p>\n\n\n\n<p>Estude para o concurso dos seus sonhos com o\u00a0<strong>M\u00e9todo<\/strong>\u00a0que j\u00e1 ajudou na\u00a0<strong>aprova\u00e7\u00e3o de mais de 70 mil alunos.<\/strong>\u00a0<a href=\"https:\/\/aprovacao.novaconcursos.com.br\/assinatura\" target=\"_blank\" rel=\"noreferrer noopener\">Clique aqui<\/a>\u00a0e saiba mais!<\/p>\n\n\n\n<h2 class=\"wp-block-heading\" id=\"concurso-bbts-qual-a-demanda-de-candidatos-por-cargo\">Concurso BBTS: qual a demanda de candidatos por cargo?<\/h2>\n\n\n\n<p>Portanto, as <strong>inscri\u00e7\u00f5es <\/strong>do <a href=\"https:\/\/www.novaconcursos.com.br\/portal\/concursos-previstos\/nacional\">concurso <\/a>BB Tecnologia e Servi\u00e7os foram encerradas; agora, foi divulgada a lista de candidato inscrito por vaga.<\/p>\n\n\n\n<p>Segundo a banca organizadora, a Funda\u00e7\u00e3o Get\u00falio Vargas (FGV), o certame <strong>registrou 25.140<\/strong> inscri\u00e7\u00f5es. Sendo assim, a sele\u00e7\u00e3o ser\u00e1 bem concorrida. <\/p>\n\n\n\n<p>Ademais, o cargo que registrou o maior n\u00famero de inscritos foi o de <strong>T\u00e9cnico <\/strong>\u2013 <strong>Perfil Interno<\/strong>, com 9.737 inscri\u00e7\u00f5es; depois aparece o <strong>T\u00e9cnico <\/strong>\u2013 <strong>Perfil Atendimento,<\/strong> com 7.255 inscri\u00e7\u00f5es homologadas. <\/p>\n\n\n\n<p><a href=\"https:\/\/conhecimento.fgv.br\/sites\/default\/files\/concursos\/423-bbts_demanda_por_vaga.pdf\" target=\"_blank\" rel=\"noreferrer noopener\">Veja o documento completo clicando aqui<\/a>. Confira ainda abaixo, a tabela de demanda completa:<\/p>\n\n\n\n<figure class=\"wp-block-image size-full\"><a href=\"https:\/\/www.novaconcursos.com.br\/portal\/wp-content\/uploads\/2023\/07\/demanda.jpg\"><img decoding=\"async\" width=\"820\" height=\"376\" src=\"https:\/\/www.novaconcursos.com.br\/portal\/wp-content\/uploads\/2023\/07\/demanda.jpg\" alt=\"\" class=\"wp-image-199101\" loading=\"lazy\" title=\"\" srcset=\"https:\/\/www.novaconcursos.com.br\/portal\/wp-content\/uploads\/2023\/07\/demanda-300x138.jpg 300w, https:\/\/www.novaconcursos.com.br\/portal\/wp-content\/uploads\/2023\/07\/demanda.jpg 820w\" sizes=\"auto, (max-width: 480px) 100vw, (max-width: 768px) 100vw, (max-width: 1200px) 70vw, 768px\"><\/a><figcaption><\/figcaption><\/figure><h2 class=\"wp-block-heading\" id=\"como-e-quando-sero-as-provas-do-concurso-bbts\">Como e quando ser\u00e3o as provas do concurso BBTS?<\/h2>\n\n\n\n<p>Previstas anteriormente para 25 de junho, as provas\u00a0<strong>ser\u00e3o aplicadas dia 6 de agosto de 2023<\/strong>\u00a0das 8h \u00e0s 12h30, segundo o hor\u00e1rio oficial de Bras\u00edlia (DF).<\/p>\n\n\n\n<p>A prova objetiva consistir\u00e1 em\u00a0<strong>70 quest\u00f5es<\/strong>\u00a0de m\u00faltipla escolha, com cinco alternativas cada e apenas uma resposta correta, acerca das seguintes disciplinas:<\/p>\n\n\n\n<ul class=\"wp-block-list\"><li><strong>Analista \u2013 Perfil Tecnol\u00f3gico<\/strong>\n<ul class=\"wp-block-list\"><li>Conhecimentos b\u00e1sicos:\n<ul class=\"wp-block-list\"><li>L\u00edngua Portuguesa;<\/li>\n\n\n\n<li>Racioc\u00ednio L\u00f3gico-Matem\u00e1tico;<\/li>\n\n\n\n<li>Matem\u00e1tica;<\/li>\n\n\n\n<li>No\u00e7\u00f5es de Estat\u00edstica;<\/li>\n\n\n\n<li>Conhecimentos Gerais;<\/li>\n<\/ul><\/li>\n\n\n\n<li>Conhecimentos espec\u00edficos:\n<ul class=\"wp-block-list\"><li>L\u00edngua Inglesa;<\/li>\n\n\n\n<li>Ci\u00eancia de Dados;<\/li>\n\n\n\n<li>Desenvolvimento de Sistemas;<\/li>\n\n\n\n<li>Banco de Dados;<\/li>\n\n\n\n<li>Infraestrutura Tecnol\u00f3gica;<\/li>\n\n\n\n<li>Seguran\u00e7a da Informa\u00e7\u00e3o.<\/li>\n<\/ul><\/li>\n<\/ul><\/li>\n\n\n\n<li><strong>Analista \u2013 Perfil Interno<\/strong>\n<ul class=\"wp-block-list\"><li>Conhecimentos b\u00e1sicos:\n<ul class=\"wp-block-list\"><li>L\u00edngua Portuguesa;<\/li>\n\n\n\n<li>Racioc\u00ednio L\u00f3gico-Matem\u00e1tico;<\/li>\n\n\n\n<li>Matem\u00e1tica;<\/li>\n\n\n\n<li>No\u00e7\u00f5es de Estat\u00edstica;<\/li>\n\n\n\n<li>Conhecimentos Gerais;<\/li>\n<\/ul><\/li>\n\n\n\n<li>Conhecimentos espec\u00edficos:\n<ul class=\"wp-block-list\"><li>Administra\u00e7\u00e3o e Pol\u00edticas P\u00fablicas;<\/li>\n\n\n\n<li>Administra\u00e7\u00e3o Financeira e Or\u00e7ament\u00e1ria;<\/li>\n\n\n\n<li>No\u00e7\u00f5es de Economia;<\/li>\n\n\n\n<li>Gest\u00e3o Governamental;<\/li>\n\n\n\n<li>Controle e Gest\u00e3o;<\/li>\n\n\n\n<li>Auditoria Governamental.<\/li>\n<\/ul><\/li>\n<\/ul><\/li>\n\n\n\n<li><strong>T\u00e9cnico \u2013 Perfil Atendimento<\/strong>\n<ul class=\"wp-block-list\"><li>Conhecimentos b\u00e1sicos:\n<ul class=\"wp-block-list\"><li>L\u00edngua Portuguesa;<\/li>\n\n\n\n<li>Racioc\u00ednio L\u00f3gico-Matem\u00e1tico;<\/li>\n\n\n\n<li>Conhecimentos Gerais;<\/li>\n<\/ul><\/li>\n\n\n\n<li>Conhecimentos espec\u00edficos;\n<ul class=\"wp-block-list\"><li>No\u00e7\u00f5es b\u00e1sicas de Eletricidade e Eletr\u00f4nica;<\/li>\n\n\n\n<li>Manuten\u00e7\u00e3o de Computadores;<\/li>\n\n\n\n<li>Arquitetura de Computadores;<\/li>\n\n\n\n<li>Equipamentos de Automa\u00e7\u00e3o Banc\u00e1ria;<\/li>\n\n\n\n<li>Normas Regulamentadoras.<\/li>\n<\/ul><\/li>\n<\/ul><\/li>\n\n\n\n<li><strong>T\u00e9cnico \u2013 Perfil Interno<\/strong>\n<ul class=\"wp-block-list\"><li>Conhecimentos b\u00e1sicos:\n<ul class=\"wp-block-list\"><li>L\u00edngua Portuguesa;<\/li>\n\n\n\n<li>Racioc\u00ednio L\u00f3gico-Matem\u00e1tico;<\/li>\n\n\n\n<li>Conhecimentos Gerais;<\/li>\n<\/ul><\/li>\n\n\n\n<li>Conhecimentos espec\u00edficos:\n<ul class=\"wp-block-list\"><li>Inform\u00e1tica B\u00e1sica;<\/li>\n\n\n\n<li>No\u00e7\u00f5es de Administra\u00e7\u00e3o;<\/li>\n\n\n\n<li>No\u00e7\u00f5es de Arquivologia;<\/li>\n\n\n\n<li>Manuten\u00e7\u00e3o e Arquitetura de Computadores;<\/li>\n\n\n\n<li>Normas Regulamentadoras.<\/li>\n<\/ul><\/li>\n<\/ul><\/li>\n<\/ul><p><\/p>\n\n\n\n<p>J\u00e1 a<strong>\u00a0prova discursiva<\/strong>\u00a0consistir\u00e1 na elabora\u00e7\u00e3o de uma reda\u00e7\u00e3o a ser escrita em g\u00eanero dissertativo-argumentativo, com n\u00famero m\u00ednimo de 15 (quinze) e m\u00e1ximo de 20 linhas.<\/p>\n\n\n\n<p>Essa etapa valer\u00e1 30 pontos e somente ser\u00e3o\u00a0<strong>corrigidas as reda\u00e7\u00f5es<\/strong>\u00a0dos aprovados na prova objetiva.<\/p>\n\n\n\n<h2 class=\"wp-block-heading\" id=\"concurso-bbts-quais-as-vagas-cargos-e-salrios\">Concurso BBTS: quais as vagas, cargos e sal\u00e1rios?<\/h2>\n\n\n\n<p>Portanto, de acordo com o edital, ser\u00e3o ofertadas\u00a0<strong>138 vagas<\/strong>\u00a0no <a href=\"https:\/\/www.novaconcursos.com.br\/portal\/concursos-abertos\/nacional\">concurso <\/a>BB Tecnologia e Servi\u00e7os, distribu\u00eddas entre as seguintes carreiras:<\/p>\n\n\n\n<ul class=\"wp-block-list\"><li><strong>N\u00edvel M\u00e9dio<\/strong>\n<ul class=\"wp-block-list\"><li>T\u00e9cnico Perfil Atendimento: 75 vagas imediatas + CR<\/li>\n\n\n\n<li>T\u00e9cnico Perfil Interno: 22 vagas imediatas + CR<\/li>\n<\/ul><\/li>\n\n\n\n<li><strong>N\u00edvel Superior<\/strong>\n<ul class=\"wp-block-list\"><li>Analista Perfil Tecnol\u00f3gico: 35 vagas + CR<\/li>\n\n\n\n<li>Analista Perfil Interno: 6 vagas + CR<\/li>\n<\/ul><\/li>\n<\/ul><p><\/p>\n\n\n\n<p>Posteriormente, os aprovados ser\u00e3o remunerados com <strong>sal\u00e1rios iniciais<\/strong> de R$ 2.184,73 para T\u00e9cnico e R$ 4.369,45 para Analista. Al\u00e9m disso, h\u00e1 ainda os\u00a0<strong>benef\u00edcios:<\/strong><\/p>\n\n\n\n<ul class=\"wp-block-list\"><li>Aux\u00edlio-alimenta\u00e7\u00e3o e\/ou refei\u00e7\u00e3o no valor total mensal de R$ 807,25<\/li>\n\n\n\n<li>Cesta Alimenta\u00e7\u00e3o: R$ 267,97<\/li>\n\n\n\n<li>13\u00aa cesta refei\u00e7\u00e3o, no valor de R$ 807,25<\/li>\n\n\n\n<li>Vale Cultura<\/li>\n\n\n\n<li>Aux\u00edlio-creche, no valor m\u00e1ximo mensal de R$ 327,72 para cada filho com at\u00e9 12 meses de vida<\/li>\n\n\n\n<li>Aux\u00edlio escola, no valor m\u00e1ximo mensal de R$ 811,37 cada filho portador de defici\u00eancia<\/li>\n\n\n\n<li>Plano de Sa\u00fade com participa\u00e7\u00e3o no valor de 50% para o empregado e 50% para a Empresa<\/li>\n\n\n\n<li>Plano de Previd\u00eancia Complementar onde a Empresa efetua a contribui\u00e7\u00e3o correspondente a 100% da contribui\u00e7\u00e3o do empregado participante<\/li>\n\n\n\n<li>Vale-transporte<\/li>\n\n\n\n<li>Aux\u00edlio\n<ul class=\"wp-block-list\"><li>Medicamento<\/li>\n\n\n\n<li>Funeral<\/li>\n\n\n\n<li>Material \u00d3tico<\/li>\n\n\n\n<li>Odontol\u00f3gico<\/li>\n<\/ul><\/li>\n\n\n\n<li>Programa de Tutoria<\/li>\n\n\n\n<li>Seguro de Vida<\/li>\n\n\n\n<li>Licen\u00e7a\n<ul class=\"wp-block-list\"><li>Luto<\/li>\n\n\n\n<li>Maternidade Cidad\u00e3 onde a licen\u00e7a maternidade passa de 120 para 180 dias<\/li>\n\n\n\n<li>Paternidade Cidad\u00e3 onde a licen\u00e7a paternidade passa de 5 para 20 dias.<\/li>\n<\/ul><\/li>\n<\/ul>","protected":false},"excerpt":{"rendered":"<p>Adiadas, as provas do\u00a0concurso BBTS\u00a0(BB Tecnologia e Servi\u00e7os) acontecer\u00e3o no dia 6 de agosto. As inscri\u00e7\u00f5es est\u00e3o encerradas; veja demanda por cargo. S\u00e3o 138 vagas! Estude para o concurso dos seus sonhos com o\u00a0M\u00e9todo\u00a0que j\u00e1 ajudou na\u00a0aprova\u00e7\u00e3o de mais de 70 mil alunos.\u00a0Clique aqui\u00a0e saiba mais! Concurso BBTS: qual a demanda de candidatos por cargo? [&hellip;]<\/p>\n","protected":false},"author":54671,"featured_media":172278,"comment_status":"closed","ping_status":"closed","sticky":false,"template":"","format":"standard","meta":{"_acf_changed":false,"footnotes":"","_wp_rev_ctl_limit":""},"categories":[228],"tags":[],"class_list":["post-199088","post","type-post","status-publish","format-standard","has-post-thumbnail","hentry","category-noticias"],"acf":[],"_links":{"self":[{"href":"https:\/\/www.novaconcursos.com.br\/portal\/wp-json\/wp\/v2\/posts\/199088","targetHints":{"allow":["GET"]}}],"collection":[{"href":"https:\/\/www.novaconcursos.com.br\/portal\/wp-json\/wp\/v2\/posts"}],"about":[{"href":"https:\/\/www.novaconcursos.com.br\/portal\/wp-json\/wp\/v2\/types\/post"}],"author":[{"embeddable":true,"href":"https:\/\/www.novaconcursos.com.br\/portal\/wp-json\/wp\/v2\/users\/54671"}],"replies":[{"embeddable":true,"href":"https:\/\/www.novaconcursos.com.br\/portal\/wp-json\/wp\/v2\/comments?post=199088"}],"version-history":[{"count":9,"href":"https:\/\/www.novaconcursos.com.br\/portal\/wp-json\/wp\/v2\/posts\/199088\/revisions"}],"predecessor-version":[{"id":261010,"href":"https:\/\/www.novaconcursos.com.br\/portal\/wp-json\/wp\/v2\/posts\/199088\/revisions\/261010"}],"wp:featuredmedia":[{"embeddable":true,"href":"https:\/\/www.novaconcursos.com.br\/portal\/wp-json\/wp\/v2\/media\/172278"}],"wp:attachment":[{"href":"https:\/\/www.novaconcursos.com.br\/portal\/wp-json\/wp\/v2\/media?parent=199088"}],"wp:term":[{"taxonomy":"category","embeddable":true,"href":"https:\/\/www.novaconcursos.com.br\/portal\/wp-json\/wp\/v2\/categories?post=199088"},{"taxonomy":"post_tag","embeddable":true,"href":"https:\/\/www.novaconcursos.com.br\/portal\/wp-json\/wp\/v2\/tags?post=199088"}],"curies":[{"name":"wp","href":"https:\/\/api.w.org\/{rel}","templated":true}]}}