{"id":199260,"date":"2023-07-11T13:01:06","date_gmt":"2023-07-11T16:01:06","guid":{"rendered":"https:\/\/www.novaconcursos.com.br\/portal\/?p=199260"},"modified":"2023-07-11T13:01:07","modified_gmt":"2023-07-11T16:01:07","slug":"concurso-dpe-sp-avanca-pl-que-pede-a-criacao-de-vagas","status":"publish","type":"post","link":"https:\/\/www.novaconcursos.com.br\/portal\/noticias\/concurso-dpe-sp-avanca-pl-que-pede-a-criacao-de-vagas\/","title":{"rendered":"Concurso DPE SP: Avan\u00e7a PL que pede a cria\u00e7\u00e3o de 492 vagas!"},"content":{"rendered":"<p>O primeiro <a href=\"https:\/\/www.novaconcursos.com.br\/portal\/concursos\/concurso-dpe-sp\/\">concurso DPE SP<\/a> (Defensoria P\u00fablica do Estado de S\u00e3o Paulo) para <strong>Analistas <\/strong>deve cobrar n\u00edvel superior, com inicial de <strong>R$ 7,5 mil. <\/strong>O PL que cria a carreira avan\u00e7ou; veja detalhes!<\/p>\n\n\n\n<ul class=\"wp-block-list\"><li><strong>Confira: <\/strong><a href=\"https:\/\/www.novaconcursos.com.br\/eventos\/guia-definitivo-plano-de-estudos-passo-a-passo-v2\/\">Plano de estudos \u2013 passo a passo<\/a><\/li>\n<\/ul><p><\/p>\n\n\n\n<p>Estude para o concurso dos seus sonhos com o\u00a0<strong>M\u00e9todo<\/strong>\u00a0que j\u00e1 ajudou na\u00a0<strong>aprova\u00e7\u00e3o de mais de 70 mil alunos.<\/strong>\u00a0<a href=\"https:\/\/aprovacao.novaconcursos.com.br\/assinatura\" target=\"_blank\" rel=\"noreferrer noopener\">Clique aqui<\/a>\u00a0e saiba mais!<\/p>\n\n\n\n<h2 class=\"wp-block-heading\" id=\"concurso-dpe-sp-entenda-o-projeto-de-lei-que-pede-mais-cargo\">Concurso DPE SP: entenda o projeto de lei que pede mais cargos<\/h2>\n\n\n\n<p>Portanto, o projeto de lei complementar 55\/2022, que pede a <strong>cria\u00e7\u00e3o <\/strong>da a carreira de Analista de Defensoria, <strong>avan\u00e7ou<\/strong>.<\/p>\n\n\n\n<p>Isso faz com que um <strong>novo concurso <\/strong>para Defensoria P\u00fablica do <a href=\"https:\/\/www.novaconcursos.com.br\/portal\/concursos-previstos\/sp\/\">Estado de S\u00e3o Paulo<\/a> possa ser publicado, uma vez que criado, o cargo deve ser preenchido por novo edital.<\/p>\n\n\n\n<p>Sendo assim, a proposta teve <strong>parecer favor\u00e1vel,<\/strong> no \u00faltimo dia 5 de junho, do deputado Alex Madureira (PL), relator da proposta na Comiss\u00e3o de Finan\u00e7as, Or\u00e7amento e Planejamento.<\/p>\n\n\n\n<p>Com isso, agora o projeto est\u00e1 em an\u00e1lise pelo demais membros do grupo e <strong>depois deve ir \u00e0 plen\u00e1rio<\/strong> para vota\u00e7\u00e3o dos deputados na Assembleia Legislativa.<\/p>\n\n\n\n<p>Vale destacar ainda que a proposta <strong>j\u00e1 havia sido aprovada<\/strong> pela Comiss\u00e3o de Constitui\u00e7\u00e3o e Justi\u00e7a em fevereiro.<\/p>\n\n\n\n<h3 class=\"wp-block-heading\">Quantas vagas ser\u00e3o criadas?<\/h3>\n\n\n\n<p>Assim, o projeto est\u00e1 pedindo a<strong> cria\u00e7\u00e3o de 492 vagas <\/strong>na Defensoria do <a href=\"https:\/\/www.novaconcursos.com.br\/portal\/concursos-abertos\/sp\/\">Estado de S\u00e3o Paulo<\/a><strong>,<\/strong> sendo 412 para a nova carreira de Analista e 80 para Assistente T\u00e9cnico de Defensoria P\u00fablica. <\/p>\n\n\n\n<p>Lembrando que a proposta prev\u00ea a exig\u00eancia de <strong>n\u00edvel superior<\/strong> para a carreira de Analista, com sal\u00e1rios iniciais de at\u00e9 <strong>R$ 7,5 mil<\/strong>. A jornada de trabalho \u00e9 de 40 horas semanais.<\/p>\n\n\n\n<p>Al\u00e9m disso, a proposta tramita em <strong>car\u00e1ter de urg\u00eancia<\/strong>, uma vez encaminhada em novembro de 2022 pelo defensor p\u00fablico-geral, Florisvaldo Antonio Florentino J\u00fanior.<\/p>\n\n\n\n<p>Vale ressaltar que n\u00e3o h\u00e1 confirma\u00e7\u00e3o que o primeiro concurso lan\u00e7ado pelo \u00f3rg\u00e3o tenha as 412 vagas de Analista. Ent\u00e3o, uma an\u00e1lise or\u00e7ament\u00e1ria vai decidir isso!<\/p>\n\n\n\n<p><em>\u201cA Defensoria P\u00fablica do Estado possui recursos em seu or\u00e7amento para arcar com as despesas provenientes deste projeto de lei\u201d<\/em>, diz o defensor.<\/p>\n\n\n\n<p><em>\u201cPor tais raz\u00f5es e fundamentos, envio a presente proposta \u00e0 Assembleia Legislativa do Estado, medida essa que integra um conjunto de a\u00e7\u00f5es voltadas ao aperfei\u00e7oamento cont\u00ednuo da pol\u00edtica de presta\u00e7\u00e3o de assist\u00eancia jur\u00eddica aos hipossuficientes do Estado\u201d<\/em>, completa.<\/p>\n\n\n\n<h3 class=\"wp-block-heading\">Atribui\u00e7\u00f5es do Analista<\/h3>\n\n\n\n<ul class=\"wp-block-list\"><li>I \u2013 prestar aux\u00edlio t\u00e9cnico-jur\u00eddico \u00e0s atividades processuais e extraprocessuais da Defensoria P\u00fablica;<\/li>\n\n\n\n<li>II \u2013 auxiliar no atendimento ao p\u00fablico, prestando orienta\u00e7\u00f5es relativas \u00e0 coleta de documentos e ao andamento de processos administrativos e judiciais;<\/li>\n\n\n\n<li>III \u2013 auxiliar nas atividades de concilia\u00e7\u00e3o, media\u00e7\u00e3o e demais instrumentos de resolu\u00e7\u00e3o extrajudicial de conflitos utilizados pela Defensoria P\u00fablica;<\/li>\n\n\n\n<li>IV \u2013 elaborar minutas de manifesta\u00e7\u00f5es pr\u00f3prias dos \u00f3rg\u00e3os de execu\u00e7\u00e3o, especialmente em demandas repetitivas, al\u00e9m de outros trabalhos de natureza jur\u00eddica atinentes a feitos judiciais ou procedimentos administrativos que guardem pertin\u00eancia com as atribui\u00e7\u00f5es institucionais da Defensoria P\u00fablica;<\/li>\n\n\n\n<li>V \u2013 acompanhar o andamento de processos e procedimentos administrativos, prestando informa\u00e7\u00f5es ao membro da Defensoria P\u00fablica;<\/li>\n\n\n\n<li>VI \u2013 acessar e inserir dados em sistemas informatizados;<\/li>\n\n\n\n<li>VII \u2013 realizar, mediante determina\u00e7\u00e3o superior, contatos com pessoas e organismos p\u00fablicos ou privados para atender \u00e0s necessidades de trabalho;<\/li>\n\n\n\n<li>VIII \u2013 cumprir dilig\u00eancias necess\u00e1rias \u00e0 presta\u00e7\u00e3o da assist\u00eancia jur\u00eddica integral e gratuita determinadas pelo membro da Defensoria P\u00fablica;<\/li>\n\n\n\n<li>IX \u2013 executar demais tarefas correlatas a seu cargo.<\/li>\n<\/ul><p><\/p>\n\n\n\n<p><\/p>","protected":false},"excerpt":{"rendered":"<p>O primeiro concurso DPE SP (Defensoria P\u00fablica do Estado de S\u00e3o Paulo) para Analistas deve cobrar n\u00edvel superior, com inicial de R$ 7,5 mil. O PL que cria a carreira avan\u00e7ou; veja detalhes! Estude para o concurso dos seus sonhos com o\u00a0M\u00e9todo\u00a0que j\u00e1 ajudou na\u00a0aprova\u00e7\u00e3o de mais de 70 mil alunos.\u00a0Clique aqui\u00a0e saiba mais! Concurso [&hellip;]<\/p>\n","protected":false},"author":54671,"featured_media":172329,"comment_status":"closed","ping_status":"closed","sticky":false,"template":"","format":"standard","meta":{"_acf_changed":false,"footnotes":"","_wp_rev_ctl_limit":""},"categories":[228],"tags":[],"class_list":["post-199260","post","type-post","status-publish","format-standard","has-post-thumbnail","hentry","category-noticias"],"acf":[],"_links":{"self":[{"href":"https:\/\/www.novaconcursos.com.br\/portal\/wp-json\/wp\/v2\/posts\/199260","targetHints":{"allow":["GET"]}}],"collection":[{"href":"https:\/\/www.novaconcursos.com.br\/portal\/wp-json\/wp\/v2\/posts"}],"about":[{"href":"https:\/\/www.novaconcursos.com.br\/portal\/wp-json\/wp\/v2\/types\/post"}],"author":[{"embeddable":true,"href":"https:\/\/www.novaconcursos.com.br\/portal\/wp-json\/wp\/v2\/users\/54671"}],"replies":[{"embeddable":true,"href":"https:\/\/www.novaconcursos.com.br\/portal\/wp-json\/wp\/v2\/comments?post=199260"}],"version-history":[{"count":6,"href":"https:\/\/www.novaconcursos.com.br\/portal\/wp-json\/wp\/v2\/posts\/199260\/revisions"}],"predecessor-version":[{"id":199272,"href":"https:\/\/www.novaconcursos.com.br\/portal\/wp-json\/wp\/v2\/posts\/199260\/revisions\/199272"}],"wp:featuredmedia":[{"embeddable":true,"href":"https:\/\/www.novaconcursos.com.br\/portal\/wp-json\/wp\/v2\/media\/172329"}],"wp:attachment":[{"href":"https:\/\/www.novaconcursos.com.br\/portal\/wp-json\/wp\/v2\/media?parent=199260"}],"wp:term":[{"taxonomy":"category","embeddable":true,"href":"https:\/\/www.novaconcursos.com.br\/portal\/wp-json\/wp\/v2\/categories?post=199260"},{"taxonomy":"post_tag","embeddable":true,"href":"https:\/\/www.novaconcursos.com.br\/portal\/wp-json\/wp\/v2\/tags?post=199260"}],"curies":[{"name":"wp","href":"https:\/\/api.w.org\/{rel}","templated":true}]}}