{"id":19978,"date":"2015-04-01T10:17:49","date_gmt":"2015-04-01T13:17:49","guid":{"rendered":"http:\/\/www.novaconcursos.com.br\/portal\/?p=15706"},"modified":"2021-01-28T15:00:02","modified_gmt":"2021-01-28T18:00:02","slug":"analise-de-edital-cref-13a-regiao-2015","status":"publish","type":"post","link":"https:\/\/www.novaconcursos.com.br\/portal\/noticias\/analise-de-edital-cref-13a-regiao-2015\/","title":{"rendered":"An\u00e1lise de edital: CREF 13\u00aa Regi\u00e3o 2015"},"content":{"rendered":"<p><a href=\"https:\/\/www.novaconcursos.com.br\/portal\/wp-content\/uploads\/2015\/04\/CREF-BA-e-SE.jpg\"><img decoding=\"async\" class=\"size-medium wp-image-15693 alignleft\" alt=\"Cute pupils smiling at camera with PE teacher at the elementary school\" src=\"https:\/\/www.novaconcursos.com.br\/portal\/wp-content\/uploads\/2015\/04\/CREF-BA-e-SE-300x165.jpg\" width=\"300\" height=\"165\" loading=\"lazy\" title=\"\"><\/a>O\u00a0Conselho Regional de Educa\u00e7\u00e3o F\u00edsica 13\u00aa Regi\u00e3o (CREF 13 BA\/SE)\u00a0lan\u00e7ou edital para concurso p\u00fablico e a Nova Concursos destrincha os principais pontos deste edital!<\/p>\n<p>\u00a0<\/p>\n<p><strong>Vagas:<\/strong> s\u00e3o 9 vagas para in\u00edcio imediato e 300 para cadastro de reserva para os cargos\u00a0de Assistente Administrativo (n\u00edvel m\u00e9dio) e para Agente de Orienta\u00e7\u00e3o e Fiscaliza\u00e7\u00e3o, Contador e Secret\u00e1ria (n\u00edvel superior). As oportunidades s\u00e3o para as cidades de Salvador e Aracaju.<\/p>\n<p>\u00a0<\/p>\n<p><strong>Sal\u00e1rios:<\/strong>\u00a0a remunera\u00e7\u00e3o varia de \u00a0R$ 1.200,00 a R$ 2.600,00, mais benef\u00edcios.<\/p>\n<p>\u00a0<\/p>\n<p><strong>Inscri\u00e7\u00f5es:<\/strong> os interessados podem fazer as inscri\u00e7\u00f5es pelo site da Quadrix, banca organizadora do certame, at\u00e9 o dia 04 de maio de 2015. As taxas variam de R$ 40,00 a R$ 55,00, dependendo do cargo pretendido.<\/p>\n<p>\u00a0<\/p>\n<p><strong>Prova:<\/strong> as provas objetivas ser\u00e3o aplicadas nas cidades de Salvador e Aracaju, no dia 17 de maio de 2015, no per\u00edodo da tarde.<\/p>\n<p>\u00a0<\/p>\n<p><strong>Compre os produtos da Nova<\/strong><\/p>\n<p>Compre as<b>\u00a0Apostilas<\/b>\u00a0para o seu\u00a0<b>Concurso P\u00fablico<\/b>\u00a0direto com a Editora Nova e parcele no cart\u00e3o de cr\u00e9dito em at\u00e9 6 x sem juros!<\/p>\n<p>Acompanhe a\u00a0<a title=\"Site Nova Concursos\" href=\"https:\/\/www.novaconcursos.com.br\/\" target=\"_blank\" rel=\"noopener noreferrer\"><strong>Nova Concursos<\/strong><\/a>\u00a0tamb\u00e9m nas\u00a0<strong>redes sociais<\/strong>!<\/p>\n<p><a title=\"Facebook Oficial Nova Concursos\" href=\"https:\/\/www.facebook.com\/NOVAConcursosOficial\" target=\"_blank\" rel=\"noopener noreferrer\"><img decoding=\"async\" alt=\"facebook_logo_detail\" src=\"https:\/\/www.novaconcursos.com.br\/portal\/wp-content\/uploads\/2015\/04\/facebook_logo_detail189.gif\" width=\"50\" height=\"50\" loading=\"lazy\" title=\"\"><\/a>\u00a0<a title=\"G+ Nova Concursos\" href=\"https:\/\/plus.google.com\/u\/1\/115146550907593514602\" target=\"_blank\" rel=\"noopener noreferrer\"><img decoding=\"async\" alt=\"gplus\" src=\"https:\/\/www.novaconcursos.com.br\/portal\/wp-content\/uploads\/2015\/04\/gplus89.png\" width=\"50\" height=\"50\" loading=\"lazy\" title=\"\"><\/a>\u00a0<a title=\"Youtube Nova Concursos\" href=\"https:\/\/www.youtube.com\/channel\/UCYEz3vPWPP-oNtkKb4DxoAg?feature=watch\" target=\"_blank\" rel=\"noopener noreferrer\"><img decoding=\"async\" alt=\"youtube-logo\" src=\"https:\/\/www.novaconcursos.com.br\/portal\/wp-content\/uploads\/2015\/04\/youtube-logo89.png\" width=\"50\" height=\"50\" loading=\"lazy\" title=\"\"><\/a><\/p>\n<p>\u00a0<\/p>\n<hr><div>\n<div style=\"width: 310px; margin-left: 5px;\">\n<p><b>Apostila para esse concurso<\/b><\/p>\n<div style=\"float: left;\"><a href=\"https:\/\/www.novaconcursos.com.br\/apostila-concurso\/cref-conselho-regional-de-educacao-fisica\" target=\"_blank\" rel=\"noopener noreferrer\"><img decoding=\"async\" style=\"background-color: blue;\" alt=\"Apostila CREF 13\u00aa Regi\u00e3o (BA\/SE)\" src=\"https:\/\/www.novaconcursos.com.br\/portal\/wp-content\/uploads\/2015\/04\/cref-13-regio-assistente-adm1.jpg\" loading=\"lazy\" title=\"\"><\/a><\/div>\n<div>\n<div style=\"width: 170px; height: 170px; float: right; margin-right: 10px; margin-left: 10px;\"><a href=\"https:\/\/www.novaconcursos.com.br\/apostila-concurso\/cref-conselho-regional-de-educacao-fisica\" target=\"_blank\" rel=\"noopener noreferrer\"><b>Apostila concurso<br>\nCREF 13\u00aa Regi\u00e3o (BA\/SE)<\/b><\/a>\n<div>\n<div>Por <span style=\"font-size: 18px; color: #006b3e; font-weight: bold;\">R$ 49,90<\/span>ou <span style=\"font-size: 14px; color: #00aa08; font-weight: bold;\">5x<\/span> de <span style=\"font-size: 14px; color: #00aa08; font-weight: bold;\">R$ 9,98<\/span>sem juros no cart\u00e3o<\/div>\n<p><a href=\"https:\/\/www.novaconcursos.com.br\/apostila-concurso\/cref-conselho-regional-de-educacao-fisica\" target=\"_blank\" rel=\"noopener noreferrer\"><img decoding=\"async\" alt=\"\" src=\"https:\/\/www.novaconcursos.com.br\/portal\/wp-content\/uploads\/2015\/04\/botao83.jpg\" loading=\"lazy\" title=\"\"><\/a><\/p>\n<\/div>\n<\/div>\n<\/div>\n<\/div>\n<\/div>","protected":false},"excerpt":{"rendered":"<p>O\u00a0Conselho Regional de Educa\u00e7\u00e3o F\u00edsica 13\u00aa Regi\u00e3o (CREF 13 BA\/SE)\u00a0lan\u00e7ou edital para concurso p\u00fablico e a Nova Concursos destrincha os principais pontos deste edital! \u00a0 Vagas: s\u00e3o 9 vagas para in\u00edcio imediato e 300 para cadastro de reserva para os cargos\u00a0de Assistente Administrativo (n\u00edvel m\u00e9dio) e para Agente de Orienta\u00e7\u00e3o e Fiscaliza\u00e7\u00e3o, Contador e Secret\u00e1ria [&hellip;]<\/p>\n","protected":false},"author":16,"featured_media":15709,"comment_status":"closed","ping_status":"closed","sticky":false,"template":"","format":"standard","meta":{"_acf_changed":false,"footnotes":"","_wp_rev_ctl_limit":""},"categories":[228],"tags":[12493,12494,12495,12496,12497,12498,12499,12500,12501,12832,12833,12586,12587,12588,12589,12590,12591,12592,12593,12594,12595,12596,12597,12598,12599],"class_list":["post-19978","post","type-post","status-publish","format-standard","has-post-thumbnail","hentry","category-noticias","tag-analise-de-edital-conselho-regional-de-educacao-fisica-13a-regiao","tag-analise-de-edital-cref-13a-regiao-2015","tag-apostila-concurso-cref-13a-regiao-2015","tag-apostila-cref-13-regiao","tag-apostila-cref-13a-regiao","tag-apostila-cref-13a-regiao-2015","tag-concurso-conselho-regional-de-educacao-fisica","tag-concurso-cref-13a-regiao","tag-concurso-cref-13a-regiao-2015","tag-concurso-cref-bahia","tag-concurso-cref-sergipe","tag-conselho-regional-de-educacao-fisica","tag-conteudo-programatico-conselho-regional-de-educacao-fisica-13a-regiao","tag-cref-13a-regiao","tag-cref-13a-regiao-2015","tag-cref-ba","tag-cref-bahia","tag-cref-bahia-e-sergipe","tag-cref-se","tag-cref-sergipe","tag-edital-conselho-regional-de-educacao-fisica-13a-regiao","tag-o-que-cai-na-prova-conselho-regional-de-educacao-fisica-13a-regiao","tag-o-que-cai-na-prova-cref-13a-regiao","tag-saiu-o-edital-conselho-regional-de-educacao-fisica-13a-regiao","tag-saiu-o-edital-cref-13a-regiao"],"acf":[],"_links":{"self":[{"href":"https:\/\/www.novaconcursos.com.br\/portal\/wp-json\/wp\/v2\/posts\/19978","targetHints":{"allow":["GET"]}}],"collection":[{"href":"https:\/\/www.novaconcursos.com.br\/portal\/wp-json\/wp\/v2\/posts"}],"about":[{"href":"https:\/\/www.novaconcursos.com.br\/portal\/wp-json\/wp\/v2\/types\/post"}],"author":[{"embeddable":true,"href":"https:\/\/www.novaconcursos.com.br\/portal\/wp-json\/wp\/v2\/users\/16"}],"replies":[{"embeddable":true,"href":"https:\/\/www.novaconcursos.com.br\/portal\/wp-json\/wp\/v2\/comments?post=19978"}],"version-history":[{"count":2,"href":"https:\/\/www.novaconcursos.com.br\/portal\/wp-json\/wp\/v2\/posts\/19978\/revisions"}],"predecessor-version":[{"id":112991,"href":"https:\/\/www.novaconcursos.com.br\/portal\/wp-json\/wp\/v2\/posts\/19978\/revisions\/112991"}],"wp:featuredmedia":[{"embeddable":true,"href":"https:\/\/www.novaconcursos.com.br\/portal\/wp-json\/wp\/v2\/media\/15709"}],"wp:attachment":[{"href":"https:\/\/www.novaconcursos.com.br\/portal\/wp-json\/wp\/v2\/media?parent=19978"}],"wp:term":[{"taxonomy":"category","embeddable":true,"href":"https:\/\/www.novaconcursos.com.br\/portal\/wp-json\/wp\/v2\/categories?post=19978"},{"taxonomy":"post_tag","embeddable":true,"href":"https:\/\/www.novaconcursos.com.br\/portal\/wp-json\/wp\/v2\/tags?post=19978"}],"curies":[{"name":"wp","href":"https:\/\/api.w.org\/{rel}","templated":true}]}}