{"id":200030,"date":"2023-07-19T19:50:09","date_gmt":"2023-07-19T22:50:09","guid":{"rendered":"https:\/\/www.novaconcursos.com.br\/portal\/?p=200030"},"modified":"2023-07-19T19:50:12","modified_gmt":"2023-07-19T22:50:12","slug":"concurso-funai-projeto-basico-traz-detalhes-da-prova-objetiva-confira","status":"publish","type":"post","link":"https:\/\/www.novaconcursos.com.br\/portal\/noticias\/concurso-funai-projeto-basico-traz-detalhes-da-prova-objetiva-confira\/","title":{"rendered":"Concurso Funai: Projeto b\u00e1sico traz detalhes da prova objetiva. Confira!"},"content":{"rendered":"<p>O\u00a0<a href=\"https:\/\/www.novaconcursos.com.br\/portal\/concursos\/concurso-funai\/\">concurso Funai<\/a>\u00a0est\u00e1 autorizado para preenchimento de <strong>mais de 500 vagas <\/strong>para cargos de n\u00edveis m\u00e9dio e superior. Veja o que ser\u00e1 cobrado na prova objetiva e inicie a prepara\u00e7\u00e3o!<\/p>\n\n\n\n<ul class=\"wp-block-list\"><li><strong>Confira:\u00a0<\/strong><a href=\"https:\/\/www.novaconcursos.com.br\/livro\/1000-questoes-gabaritadas-conteudos-basicos-concursos\">Apostila B\u00e1sico para Concursos<\/a><\/li>\n\n\n\n<li><strong>Confira:\u00a0<\/strong><a href=\"https:\/\/www.novaconcursos.com.br\/livro\/1000-questoes-gabaritadas-conteudos-basicos-concursos\">Livro 1.000 Quest\u00f5es Gabaritadas de Conte\u00fados B\u00e1sicos para Concursos<\/a><\/li>\n<\/ul><p><\/p>\n\n\n\n<p>Estude para o concurso dos seus sonhos com o\u00a0<strong>M\u00e9todo<\/strong>\u00a0que j\u00e1 ajudou na\u00a0<strong>aprova\u00e7\u00e3o de mais de 70 mil alunos<\/strong>.\u00a0<a href=\"https:\/\/www.novaconcursos.com.br\/eventos\/assinatura\" target=\"_blank\" rel=\"noreferrer noopener\">Clique aqui<\/a>\u00a0e saiba mais!<\/p>\n\n\n\n<h2 class=\"wp-block-heading\" id=\"concurso-funai-edital-j-est-publicado-quando-sai\">Concurso Funai: Edital j\u00e1 est\u00e1 publicado? Quando sai?<\/h2>\n\n\n\n<p>\u00c9 a d\u00favida de muitos concurseiros interessados no <a href=\"https:\/\/www.novaconcursos.com.br\/portal\/concursos-previstos\/nacional\">concurso <\/a>da Funda\u00e7\u00e3o Nacional dos Povos Ind\u00edgenas. Mas, o edital ainda n\u00e3o est\u00e1 publicado.<\/p>\n\n\n\n<p>A boa not\u00edcia \u00e9 que os <strong>tr\u00e2mites<\/strong> da sele\u00e7\u00e3o est\u00e3o <strong>caminhando<\/strong>! No momento, o processo de escolha da banca organizadora est\u00e1 em andamento.<\/p>\n\n\n\n<p>Sendo assim, ap\u00f3s a escolha da organizadora, o <strong>edital se tornar\u00e1 iminente<\/strong> e poder\u00e1 ser publicado. A previs\u00e3o aponta para o segundo semestre deste ano.<\/p>\n\n\n\n<p>Lembrando que o aval foi dado para a sele\u00e7\u00e3o no dia 5 de maio. Assim, s\u00e3o <strong>180 dias<\/strong> para que o edital possa sair, ou seja, at\u00e9 <strong>29 de outubro.<\/strong><\/p>\n\n\n\n<h3 class=\"wp-block-heading\">Qual ser\u00e1 a banca?<\/h3>\n\n\n\n<p>Ao todo, <strong>17 bancas <\/strong>foram convidadas para a organiza\u00e7\u00e3o e devem enviar as propostas. Veja, abaixo, a lista das empresas que est\u00e3o na \u2018briga\u2019:<\/p>\n\n\n\n<ul class=\"wp-block-list\"><li>Instituto Avalia;<\/li>\n\n\n\n<li>Cebraspe;<\/li>\n\n\n\n<li>Funda\u00e7\u00e3o Cesgranrio;<\/li>\n\n\n\n<li>Funda\u00e7\u00e3o Carlos Chagas (FCC);<\/li>\n\n\n\n<li>Funda\u00e7\u00e3o Getulio Vargas (FGV);<\/li>\n\n\n\n<li>Instituto Americano de Desenvolvimento (Iades);<\/li>\n\n\n\n<li>Instituto Brasileiro de Forma\u00e7\u00e3o e Capacita\u00e7\u00e3o (IBFC);<\/li>\n\n\n\n<li>Instituto de Desenvolvimento e Capacita\u00e7\u00e3o (IDCAP);<\/li>\n\n\n\n<li>Consulplan;<\/li>\n\n\n\n<li>Fepese;<\/li>\n\n\n\n<li>Quadrix;<\/li>\n\n\n\n<li>Legalle;<\/li>\n\n\n\n<li>Funda\u00e7\u00e3o Vunesp;<\/li>\n\n\n\n<li>Funda\u00e7\u00e3o La Salle;<\/li>\n\n\n\n<li>Instituto de Desenvolvimento Educacional, Cultural e Assistencial Nacional (Idecan);<\/li>\n\n\n\n<li>Fundatec; e<\/li>\n\n\n\n<li>Instituto AOCP.<\/li>\n<\/ul><p><\/p>\n\n\n\n<h2 class=\"wp-block-heading\" id=\"projeto-bsico-divulgado-e-revela-informaes-do-edital-da-funa\">Projeto b\u00e1sico \u00e9 divulgado e revela informa\u00e7\u00f5es do edital da Funai<\/h2>\n\n\n\n<p>Portanto, o projeto b\u00e1sico do concurso j\u00e1 foi divulgado e detalhou informa\u00e7\u00f5es importantes da sele\u00e7\u00e3o, como os <strong>cargos <\/strong>e sobre as <strong>provas<\/strong>.<\/p>\n\n\n\n<p><a href=\"https:\/\/www.novaconcursos.com.br\/portal\/noticias\/concurso-funai-mais-633-vagas-solicitadas\/\">\u00d3rg\u00e3o pediu autoriza\u00e7\u00e3o de mais 633 vagas para n\u00edvel m\u00e9dio!<\/a><\/p>\n\n\n\n<h3 class=\"wp-block-heading\">Vagas e sal\u00e1rios<\/h3>\n\n\n\n<p>Portanto, a oferta ser\u00e1 de<strong>\u00a0502 vagas<\/strong>, sendo 152 para n\u00edvel m\u00e9dio e 350 para n\u00edvel superior. Confira os cargos e os sal\u00e1rios:<\/p>\n\n\n\n<ul class=\"wp-block-list\"><li><strong>N\u00edvel m\u00e9dio:<\/strong>\n<ul class=\"wp-block-list\"><li>Agente em Indigenismo: 152 vagas<\/li>\n\n\n\n<li><strong>Remunera\u00e7\u00e3o:\u00a0<\/strong>R$5.349,07<\/li>\n<\/ul><\/li>\n\n\n\n<li><strong>N\u00edvel superior:<\/strong>\n<ul class=\"wp-block-list\"><li>Administrador: 26 vagas<\/li>\n\n\n\n<li>Antrop\u00f3logo: 19 vagas<\/li>\n\n\n\n<li>Arquiteto: 1 vaga<\/li>\n\n\n\n<li>Arquivista: 1 vaga<\/li>\n\n\n\n<li>Assistente Social: 21 vagas<\/li>\n\n\n\n<li>Bibliotec\u00e1rio: 6 vagas<\/li>\n\n\n\n<li>Contador: 12 vagas<\/li>\n\n\n\n<li>Economista: 24 vagas<\/li>\n\n\n\n<li>Engenheiro: 20 vagas<\/li>\n\n\n\n<li>Engenheiro\n<ul class=\"wp-block-list\"><li>Agr\u00f4nomo: 31 vagas<\/li>\n\n\n\n<li>Florestal: 2 vagas<\/li>\n<\/ul><\/li>\n\n\n\n<li>Estat\u00edstico: 1 vaga<\/li>\n\n\n\n<li>Ge\u00f3grafo: 4 vagas<\/li>\n\n\n\n<li>Indigenista Especializado: 152 vagas<\/li>\n\n\n\n<li>Psic\u00f3logo: 6 vagas<\/li>\n\n\n\n<li>Soci\u00f3logo: 12 vagas<\/li>\n\n\n\n<li>T\u00e9cnico em Assuntos Educacionais: 2 vagas<\/li>\n\n\n\n<li>T\u00e9cnico em Comunica\u00e7\u00e3o Social: 10 vagas<\/li>\n\n\n\n<li><strong>Remunera\u00e7\u00e3o:\u00a0<\/strong>R$6.420,87<\/li>\n<\/ul><\/li>\n<\/ul><p><\/p>\n\n\n\n<p>Al\u00e9m disso, o projeto b\u00e1sico informa ainda que ser\u00e1 formado um <strong>cadastro de reserva<\/strong>, que poder\u00e1 se utilizar durante a validade do edital.<\/p>\n\n\n\n<p><a href=\"https:\/\/www.novaconcursos.com.br\/portal\/noticias\/processo-seletivo-funai-saiu-edital-para-estagio\/\">Processo Seletivo Funai 2023: Saiu o edital com vagas para est\u00e1gio!<\/a><\/p>\n\n\n\n<h3 class=\"wp-block-heading\">Provas objetivas e discursivas<\/h3>\n\n\n\n<p>Assim, os inscritos no <a href=\"https:\/\/www.novaconcursos.com.br\/portal\/concursos-abertos\/nacional\">concurso <\/a>passar\u00e3o por <strong>provas objetivas<\/strong> para todos os cargos. J\u00e1 a<strong> prova discursiva<\/strong>, apenas para o n\u00edvel superior.<\/p>\n\n\n\n<p>Ademais, ambas avalia\u00e7\u00f5es ocorrer\u00e3o nas capitais dos <strong>26 estados brasileiros e no Distrito Federal.<\/strong> A data ainda \u00e9 desconhecida; haver\u00e1 confirma\u00e7\u00e3o no edital.<\/p>\n\n\n\n<p>Al\u00e9m das capitais, ter\u00e1 prova em Tabatinga e S\u00e3o Gabriel da Cachoeira, no Amazonas; Imperatriz, no Maranh\u00e3o; Dourados, em Mato Grosso do Sul; Sinop, em Mato Grosso; Altamira e Santar\u00e9m, no Par\u00e1; Vilhena, em Rond\u00f4nia.<\/p>\n\n\n\n<p>Para os cargos de n\u00edvel m\u00e9dio, ser\u00e3o entre <strong>60 e 80 quest\u00f5es<\/strong> de m\u00faltipla escolha ou de <strong>120 a 140 quest\u00f5es <\/strong>se no modelo certo ou errado.<\/p>\n\n\n\n<p>Enquanto isso, para os cargos de n\u00edvel superior, ser\u00e3o entre <strong>60 e 80 quest\u00f5es <\/strong>de m\u00faltipla escolha ou<strong> 110 a 140 <\/strong>no modelo certo ou errado.<\/p>\n\n\n\n<p>Por fim, a prova discursiva para n\u00edvel superior ter\u00e1 perguntas de Conhecimentos Espec\u00edficos do bloco program\u00e1tico.\u00a0Tudo depender\u00e1 da banca contratada!<\/p>\n\n\n\n<p><a href=\"https:\/\/www.novaconcursos.com.br\/portal\/noticias\/concurso-funai-2023-confira-possivel-data-para-aplicacao-das-provas\/\">Confira uma poss\u00edvel data para aplica\u00e7\u00e3o das provas!<\/a><\/p>","protected":false},"excerpt":{"rendered":"<p>O\u00a0concurso Funai\u00a0est\u00e1 autorizado para preenchimento de mais de 500 vagas para cargos de n\u00edveis m\u00e9dio e superior. Veja o que ser\u00e1 cobrado na prova objetiva e inicie a prepara\u00e7\u00e3o! Estude para o concurso dos seus sonhos com o\u00a0M\u00e9todo\u00a0que j\u00e1 ajudou na\u00a0aprova\u00e7\u00e3o de mais de 70 mil alunos.\u00a0Clique aqui\u00a0e saiba mais! Concurso Funai: Edital j\u00e1 est\u00e1 [&hellip;]<\/p>\n","protected":false},"author":54671,"featured_media":159422,"comment_status":"closed","ping_status":"closed","sticky":false,"template":"","format":"standard","meta":{"_acf_changed":false,"footnotes":"","_wp_rev_ctl_limit":""},"categories":[228],"tags":[],"class_list":["post-200030","post","type-post","status-publish","format-standard","has-post-thumbnail","hentry","category-noticias"],"acf":[],"_links":{"self":[{"href":"https:\/\/www.novaconcursos.com.br\/portal\/wp-json\/wp\/v2\/posts\/200030","targetHints":{"allow":["GET"]}}],"collection":[{"href":"https:\/\/www.novaconcursos.com.br\/portal\/wp-json\/wp\/v2\/posts"}],"about":[{"href":"https:\/\/www.novaconcursos.com.br\/portal\/wp-json\/wp\/v2\/types\/post"}],"author":[{"embeddable":true,"href":"https:\/\/www.novaconcursos.com.br\/portal\/wp-json\/wp\/v2\/users\/54671"}],"replies":[{"embeddable":true,"href":"https:\/\/www.novaconcursos.com.br\/portal\/wp-json\/wp\/v2\/comments?post=200030"}],"version-history":[{"count":6,"href":"https:\/\/www.novaconcursos.com.br\/portal\/wp-json\/wp\/v2\/posts\/200030\/revisions"}],"predecessor-version":[{"id":200036,"href":"https:\/\/www.novaconcursos.com.br\/portal\/wp-json\/wp\/v2\/posts\/200030\/revisions\/200036"}],"wp:featuredmedia":[{"embeddable":true,"href":"https:\/\/www.novaconcursos.com.br\/portal\/wp-json\/wp\/v2\/media\/159422"}],"wp:attachment":[{"href":"https:\/\/www.novaconcursos.com.br\/portal\/wp-json\/wp\/v2\/media?parent=200030"}],"wp:term":[{"taxonomy":"category","embeddable":true,"href":"https:\/\/www.novaconcursos.com.br\/portal\/wp-json\/wp\/v2\/categories?post=200030"},{"taxonomy":"post_tag","embeddable":true,"href":"https:\/\/www.novaconcursos.com.br\/portal\/wp-json\/wp\/v2\/tags?post=200030"}],"curies":[{"name":"wp","href":"https:\/\/api.w.org\/{rel}","templated":true}]}}