{"id":20006,"date":"2015-04-08T15:41:05","date_gmt":"2015-04-08T18:41:05","guid":{"rendered":"http:\/\/www.novaconcursos.com.br\/portal\/?p=15878"},"modified":"2021-01-28T17:15:43","modified_gmt":"2021-01-28T20:15:43","slug":"o-que-cai-na-prova-inmet-2015","status":"publish","type":"post","link":"https:\/\/www.novaconcursos.com.br\/portal\/artigos\/o-que-cai-na-prova-inmet-2015\/","title":{"rendered":"O que cai na prova: INMET 2015"},"content":{"rendered":"<p><a href=\"https:\/\/www.novaconcursos.com.br\/portal\/wp-content\/uploads\/2015\/04\/inmet-logo1.png\"><img decoding=\"async\" class=\"size-full wp-image-14986 alignright\" alt=\"inmet-logo\" src=\"https:\/\/www.novaconcursos.com.br\/portal\/wp-content\/uploads\/2015\/04\/inmet-logo1.png\" width=\"240\" height=\"180\" loading=\"lazy\" title=\"\"><\/a>O Instituto Nacional de Meteorologia (Inmet), ligado ao Minist\u00e9rio da Agricultura, Pecu\u00e1ria e Abastecimento (Mapa) lan\u00e7ou edital para concurso p\u00fablico que visa preencher 242 vagas. Para conferir mais informa\u00e7\u00f5es do edital, <a href=\"https:\/\/www.novaconcursos.com.br\/portal\/noticias\/novos-editais\/analise-de-edital-inmet-2015\/\">clique aqui e veja a An\u00e1lise de Edital<\/a>.<\/p>\n<p>\u00a0<\/p>\n<p><strong>Conte\u00fado Program\u00e1tico<\/strong><br><em><strong>L\u00edngua Portuguesa:<\/strong><\/em> Compreens\u00e3o e interpreta\u00e7\u00e3o de textos; denota\u00e7\u00e3o e conota\u00e7\u00e3o; figuras; coes\u00e3o e coer\u00eancia; tipologia textual; significa\u00e7\u00e3o das palavras; emprego das classes de palavras; sintaxe da ora\u00e7\u00e3o e do per\u00edodo; pontua\u00e7\u00e3o; concord\u00e2ncia verbal e nominal; reg\u00eancia verbal e nominal; estudo da crase; sem\u00e2ntica e estil\u00edstica. Fonologia: conceito, encontros voc\u00e1licos, d\u00edgrafos, divis\u00e3o sil\u00e1bica, pros\u00f3dia-acentua\u00e7\u00e3o e ortografia; Morfologia: estrutura e forma\u00e7\u00e3o das palavras, classes de palavras; Sintaxe: termos da ora\u00e7\u00e3o, per\u00edodo composto, conceito e classifica\u00e7\u00e3o das ora\u00e7\u00f5es, concord\u00e2ncia verbal e nominal, reg\u00eancia verbal e nominal, crase e pontua\u00e7\u00e3o.<\/p>\n<p><em><strong>Racioc\u00ednio L\u00f3gico:<\/strong> <\/em>Princ\u00edpio da Regress\u00e3o ou Revers\u00e3o. L\u00f3gica Dedutiva, Argumentativa e Quantitativa. L\u00f3gica matem\u00e1tica qualitativa, Sequ\u00eancias L\u00f3gicas envolvendo N\u00fameros, Letras e Figuras. Geometria b\u00e1sica. \u00c1lgebra b\u00e1sica e sistemas lineares. Calend\u00e1rios. Numera\u00e7\u00e3o. Raz\u00f5es Especiais. An\u00e1lise Combinat\u00f3ria e Probabilidade. Progress\u00f5es Aritm\u00e9tica e Geom\u00e9trica. Conjuntos; as rela\u00e7\u00f5es de pertin\u00eancia, inclus\u00e3o e igualdade; opera\u00e7\u00f5es entre conjuntos, uni\u00e3o, interse\u00e7\u00e3o e diferen\u00e7a. Compara\u00e7\u00f5es.<\/p>\n<p><em><strong>Ingl\u00eas:<\/strong> <\/em>Gram\u00e1tica e uso; Compreens\u00e3o de texto, vocabul\u00e1rio, composi\u00e7\u00e3o, fon\u00e9tica, artigo, substantivo, adjetivo, pronome, verbo, adv\u00e9rbio, preposi\u00e7\u00e3o, conjun\u00e7\u00e3o, forma\u00e7\u00e3o de palavras, ordem das palavras, fun\u00e7\u00f5es da linguagem.<\/p>\n<p><em><strong>Inform\u00e1tica:<\/strong><\/em> Conceitos b\u00e1sicos do hardware e perif\u00e9ricos de um microcomputador. Navegadores de internet (browsers), incluindo Internet Explorer, Firefox, Chrome, Safari. Ferramentas e aplica\u00e7\u00f5es de inform\u00e1tica. Procedimento para a realiza\u00e7\u00e3o de c\u00f3pia de seguran\u00e7a (backup). Microsoft Office (Word, Excel e Powerpoint). Conceitos de organiza\u00e7\u00e3o de arquivos e m\u00e9todos de acesso. No\u00e7\u00f5es de Inform\u00e1tica: Sistemas operacionais Windows e Linux. Conceitos e tecnologias relacionados \u00e0 Internet e a Correio Eletr\u00f4nico. Conceitos b\u00e1sicos de seguran\u00e7a da informa\u00e7\u00e3o. Conceitos de transmiss\u00e3o de dados. Amea- \u00e7as digitais (v\u00edrus de computador, cavalo de tr\u00f3ia, adware, spyware, backdoors, keylogger, worms, etc).<\/p>\n<p><em><strong>Conhecimentos Gerais:<\/strong><\/em> Dom\u00ednio de t\u00f3picos relevantes de diversas \u00e1reas, tais como: pol\u00edtica, economia, sociedade, educa\u00e7\u00e3o, tecnologia, energia, rela\u00e7\u00f5es internacionais, desenvolvimento sustent\u00e1vel, seguran\u00e7a, artes e literatura e suas vincula\u00e7\u00f5es hist\u00f3ricas, a n\u00edvel regional, nacional e internacional. Lei Federal n\u00ba 8.027, de 12 de abril de 1990, e Decreto Federal n\u00ba 1.171, de 22 de junho de 1994 \u2013 C\u00f3digo de \u00c9tica dos Servidores P\u00fablicos.<\/p>\n<p><em><strong>Conhecimentos espec\u00edficos:<\/strong> <\/em>de acordo com o cargo escolhido.<\/p>\n<p>\u00a0<\/p>\n<p><strong>Compre os produtos da Nova<\/strong><\/p>\n<p>Compre as<b>\u00a0Apostilas<\/b>\u00a0para o seu\u00a0<b>Concurso P\u00fablico<\/b>\u00a0direto com a Editora Nova e parcele no cart\u00e3o de cr\u00e9dito em at\u00e9 6 x sem juros!<\/p>\n<p>Acompanhe a\u00a0<a title=\"Site Nova Concursos\" href=\"https:\/\/www.novaconcursos.com.br\/\" target=\"_blank\" rel=\"noopener noreferrer\"><strong>Nova Concursos<\/strong><\/a>\u00a0tamb\u00e9m nas\u00a0<strong>redes sociais<\/strong>!<\/p>\n<p><a title=\"Facebook Oficial Nova Concursos\" href=\"https:\/\/www.facebook.com\/NOVAConcursosOficial\" target=\"_blank\" rel=\"noopener noreferrer\"><img decoding=\"async\" alt=\"facebook_logo_detail\" src=\"https:\/\/www.novaconcursos.com.br\/portal\/wp-content\/uploads\/2015\/04\/facebook_logo_detail165.gif\" width=\"50\" height=\"50\" loading=\"lazy\" title=\"\"><\/a>\u00a0<a title=\"G+ Nova Concursos\" href=\"https:\/\/plus.google.com\/u\/1\/115146550907593514602\" target=\"_blank\" rel=\"noopener noreferrer\"><img decoding=\"async\" alt=\"gplus\" src=\"https:\/\/www.novaconcursos.com.br\/portal\/wp-content\/uploads\/2015\/04\/gplus65.png\" width=\"50\" height=\"50\" loading=\"lazy\" title=\"\"><\/a>\u00a0<a title=\"Youtube Nova Concursos\" href=\"https:\/\/www.youtube.com\/channel\/UCYEz3vPWPP-oNtkKb4DxoAg?feature=watch\" target=\"_blank\" rel=\"noopener noreferrer\"><img decoding=\"async\" alt=\"youtube-logo\" src=\"https:\/\/www.novaconcursos.com.br\/portal\/wp-content\/uploads\/2015\/04\/youtube-logo65.png\" width=\"50\" height=\"50\" loading=\"lazy\" title=\"\"><\/a><\/p>\n<p>\u00a0<\/p>\n<hr><div>\n<div style=\"width: 310px; margin-left: 5px;\">\n<p><b>Apostila para esse concurso<\/b><\/p>\n<div style=\"float: left;\"><a href=\"https:\/\/www.novaconcursos.com.br\/apostila-concurso\/inmet-instituto-nacional-de-meteorologia\" target=\"_blank\" rel=\"noopener noreferrer\"><img decoding=\"async\" style=\"background-color: blue;\" alt=\"Apostila Instituto Nacional de Meteorologia (INMET-MAPA)\" src=\"https:\/\/www.novaconcursos.com.br\/portal\/wp-content\/uploads\/2015\/04\/inmet-mapa-assistente-tecnico-adm1.jpg\" loading=\"lazy\" title=\"\"><\/a><\/div>\n<div>\n<div style=\"width: 170px; height: 170px; float: right; margin-right: 10px; margin-left: 10px;\"><a href=\"https:\/\/www.novaconcursos.com.br\/apostila-concurso\/inmet-instituto-nacional-de-meteorologia\" target=\"_blank\" rel=\"noopener noreferrer\"><b>Apostila concurso<br>\nInstituto Nacional de Meteorologia (INMET-MAPA)<\/b><\/a>\n<div>\n<div>Por <span style=\"font-size: 18px; color: #006b3e; font-weight: bold;\">R$ 59,90<\/span>ou <span style=\"font-size: 14px; color: #00aa08; font-weight: bold;\">6x<\/span> de <span style=\"font-size: 14px; color: #00aa08; font-weight: bold;\">R$ 9,98<\/span>sem juros no cart\u00e3o<\/div>\n<p><a href=\"https:\/\/www.novaconcursos.com.br\/apostila-concurso\/inmet-instituto-nacional-de-meteorologia\" target=\"_blank\" rel=\"noopener noreferrer\"><img decoding=\"async\" alt=\"\" src=\"https:\/\/www.novaconcursos.com.br\/portal\/wp-content\/uploads\/2015\/04\/botao59.jpg\" loading=\"lazy\" title=\"\"><\/a><\/p>\n<\/div>\n<\/div>\n<\/div>\n<\/div>\n<\/div>\n<p>\u00a0<\/p>","protected":false},"excerpt":{"rendered":"<p>O Instituto Nacional de Meteorologia (Inmet), ligado ao Minist\u00e9rio da Agricultura, Pecu\u00e1ria e Abastecimento (Mapa) lan\u00e7ou edital para concurso p\u00fablico que visa preencher 242 vagas. Para conferir mais informa\u00e7\u00f5es do edital, clique aqui e veja a An\u00e1lise de Edital. \u00a0 Conte\u00fado Program\u00e1ticoL\u00edngua Portuguesa: Compreens\u00e3o e interpreta\u00e7\u00e3o de textos; denota\u00e7\u00e3o e conota\u00e7\u00e3o; figuras; coes\u00e3o e coer\u00eancia; [&hellip;]<\/p>\n","protected":false},"author":16,"featured_media":19759,"comment_status":"closed","ping_status":"closed","sticky":false,"template":"","format":"standard","meta":{"_acf_changed":false,"footnotes":"","_wp_rev_ctl_limit":""},"categories":[33508],"tags":[12617,12618,12619,12620,12621,12622,12623,8460,12624,574,4941,196,12625,12626,12627,12628,12857,4568,1687,4569,1688,12641,12858,12859,109,4570,4571,4572,2326,12860,12650,12861,12862,1689,1690,4953,1691,4573,1692,8467,4211,1693,12629,12630,4954,4955,4956,4957,4958,8472,12631,12632,12633,12634,4959,4960],"class_list":["post-20006","post","type-post","status-publish","format-standard","has-post-thumbnail","hentry","category-artigos","tag-analise-de-edital-inmet-2015","tag-analise-de-edital-instituto-nacional-de-meteorologia","tag-analise-de-edital-mapa","tag-analise-de-edital-ministerio-da-agricultura","tag-apostila-do-inmet","tag-apostila-inmet","tag-apostila-inmet-2015","tag-apostila-mapa","tag-apostila-mapa-2015","tag-apostila-para-concurso","tag-cargo-publico-meteorologista","tag-cargos-publicos-2","tag-concurso-aberto-inmet","tag-concurso-aberto-instituto-nacional-de-meteorologia","tag-concurso-aberto-mapa","tag-concurso-aberto-ministerio-da-agricultura","tag-concurso-do-inmet","tag-concurso-inmet","tag-concurso-inmet-2014","tag-concurso-inmet-2015","tag-concurso-instituto-nacional-de-meteorologia","tag-concurso-mapa","tag-concurso-mapa-2015","tag-concurso-ministerio-da-agricultura-pecuaria-e-abastecimento","tag-concurso-previsto","tag-concurso-previsto-do-inmet","tag-concurso-previsto-inmet","tag-concurso-previsto-inmet-2015","tag-concurso-publico","tag-conteudo-programatico-inmet","tag-conteudo-programatico-mapa","tag-edital-inmet-2015","tag-edital-mapa-2015","tag-escolha-da-organizadora","tag-escolha-da-organizadora-instituto-nacional-de-meteorologia","tag-funcoes-do-tecnologista","tag-inmet","tag-inmet-concurso-previsto","tag-instituto-nacional-de-meteorologia","tag-mapa","tag-ministerio-da-agricultura-pecuaria-e-abastecimento","tag-nova-concurso","tag-o-que-cai-na-prova-inmet-2015","tag-o-que-cai-na-prova-mapa-2015","tag-o-que-faz-um-tecnologista","tag-o-que-faz-um-tecnologista-do-inmet","tag-o-que-faz-tecnologista","tag-o-que-faz-tecnologista-do-inmet","tag-oq-faz-tecnologista","tag-pecuaria-e-abastecimento","tag-prova-inmet","tag-prova-mapa","tag-saiu-o-edital-instituto-nacional-de-meteorologia","tag-saiu-o-edital-mapa-2015","tag-tecnologista","tag-tecnologista-inmet"],"acf":[],"_links":{"self":[{"href":"https:\/\/www.novaconcursos.com.br\/portal\/wp-json\/wp\/v2\/posts\/20006","targetHints":{"allow":["GET"]}}],"collection":[{"href":"https:\/\/www.novaconcursos.com.br\/portal\/wp-json\/wp\/v2\/posts"}],"about":[{"href":"https:\/\/www.novaconcursos.com.br\/portal\/wp-json\/wp\/v2\/types\/post"}],"author":[{"embeddable":true,"href":"https:\/\/www.novaconcursos.com.br\/portal\/wp-json\/wp\/v2\/users\/16"}],"replies":[{"embeddable":true,"href":"https:\/\/www.novaconcursos.com.br\/portal\/wp-json\/wp\/v2\/comments?post=20006"}],"version-history":[{"count":2,"href":"https:\/\/www.novaconcursos.com.br\/portal\/wp-json\/wp\/v2\/posts\/20006\/revisions"}],"predecessor-version":[{"id":117476,"href":"https:\/\/www.novaconcursos.com.br\/portal\/wp-json\/wp\/v2\/posts\/20006\/revisions\/117476"}],"wp:featuredmedia":[{"embeddable":true,"href":"https:\/\/www.novaconcursos.com.br\/portal\/wp-json\/wp\/v2\/media\/19759"}],"wp:attachment":[{"href":"https:\/\/www.novaconcursos.com.br\/portal\/wp-json\/wp\/v2\/media?parent=20006"}],"wp:term":[{"taxonomy":"category","embeddable":true,"href":"https:\/\/www.novaconcursos.com.br\/portal\/wp-json\/wp\/v2\/categories?post=20006"},{"taxonomy":"post_tag","embeddable":true,"href":"https:\/\/www.novaconcursos.com.br\/portal\/wp-json\/wp\/v2\/tags?post=20006"}],"curies":[{"name":"wp","href":"https:\/\/api.w.org\/{rel}","templated":true}]}}