{"id":200384,"date":"2023-07-24T13:11:39","date_gmt":"2023-07-24T16:11:39","guid":{"rendered":"https:\/\/www.novaconcursos.com.br\/portal\/?p=200384"},"modified":"2023-07-24T13:11:42","modified_gmt":"2023-07-24T16:11:42","slug":"concurso-seduc-ce-saiu-edital-para-professor","status":"publish","type":"post","link":"https:\/\/www.novaconcursos.com.br\/portal\/noticias\/concurso-seduc-ce-saiu-edital-para-professor\/","title":{"rendered":"Concurso Seduc CE: Saiu o edital para professor. R$ 6 mil!"},"content":{"rendered":"<p>Boa not\u00edcia, concurseiros! Saiu o edital do <a href=\"https:\/\/www.novaconcursos.com.br\/portal\/concursos\/concurso-seduc-ce\/\">concurso Seduc CE<\/a> com oferta de <strong>341 vagas<\/strong> de Professor e sal\u00e1rios iniciais de at\u00e9 R$ 6,1 mil. Confira!<\/p>\n\n\n\n<p><strong>Resumo do Edital<\/strong><\/p>\n\n\n\n<ul class=\"wp-block-list\"><li>Vagas: 341<\/li>\n\n\n\n<li>Cargo: Professor<\/li>\n\n\n\n<li>Escolaridade: N\u00edvel Superior<\/li>\n\n\n\n<li>Banca: CEV\/UECE<\/li>\n\n\n\n<li>Sal\u00e1rio: R$ 6.147,69 + aux\u00edlio alimenta\u00e7\u00e3o<\/li>\n\n\n\n<li>Per\u00edodo de inscri\u00e7\u00f5es: 03\/09\/2023 at\u00e9 02\/10\/2023<\/li>\n\n\n\n<li>Taxa: R$ 120,00<\/li>\n\n\n\n<li>Prova: ainda n\u00e3o foi definida<\/li>\n\n\n\n<li><a href=\"https:\/\/www.novaconcursos.com.br\/portal\/wp-content\/uploads\/2023\/07\/concurso-sejus-es-edita-publicado-2023-5.pdf\" target=\"_blank\" rel=\"noreferrer noopener\">Edital<\/a><\/li>\n<\/ul><p><\/p>\n\n\n\n<ul class=\"wp-block-list\"><li><strong>Confira:<\/strong> <a href=\"https:\/\/www.novaconcursos.com.br\/livro\/600-questoes-comentadas-lingua-portuguesa-isabella-ramiro?q=portugues\">Livro 600 Quest\u00f5es Comentadas L\u00edngua Portuguesa<\/a><\/li>\n\n\n\n<li><strong>Confira: <\/strong><a href=\"https:\/\/www.novaconcursos.com.br\/curso-online\/curso-lingua-portuguesa-prof-ariane-budke?q=portugues\">Curso de L\u00edngua Portuguesa \u2013 Prof\u00aa. Ariane Budke<\/a><\/li>\n<\/ul><p><\/p>\n\n\n\n<p>Estude para o concurso dos seus sonhos com o\u00a0<strong>M\u00e9todo\u00a0<\/strong>que j\u00e1 ajudou na\u00a0<strong>aprova\u00e7\u00e3o de mais de 70 mil alunos!<\/strong>\u00a0<a href=\"https:\/\/aprovacao.novaconcursos.com.br\/assinatura?promo_creative=Clique+aqui&amp;promo_name=noticia&amp;promo_id=%2Fportal&amp;promo_position=corpo-texto\" target=\"_blank\" rel=\"noreferrer noopener\">Clique aqui<\/a>\u00a0e saiba mais!<\/p>\n\n\n\n<h2 class=\"wp-block-heading\" id=\"como-se-inscrever-no-concurso-seduc-ce\">Como se inscrever no concurso Seduc CE?<\/h2>\n\n\n\n<p>Para se inscrever \u00e9 necess\u00e1rio acessar o site da <a href=\"https:\/\/www.cev.uece.br\/\" target=\"_blank\" rel=\"noreferrer noopener\">Universidade Estadual do Cear\u00e1<\/a> (CEV\/Uece), entre os dias <strong>3 de setembro e 2 de outubro de 2023, <\/strong>preencher o formul\u00e1rio com os dados solicitados e efetuar o pagamento da taxa de inscri\u00e7\u00e3o no valor de R$ 120,00 para que a candidatura seja homologada.<\/p>\n\n\n\n<p>Haver\u00e1 <strong>isen\u00e7\u00e3o da taxa<\/strong> para os candidatos que se enquadrarem nas seguintes condi\u00e7\u00f5es:<\/p>\n\n\n\n<ul class=\"wp-block-list\"><li>Doador de sangue no Estado do Cear\u00e1;<\/li>\n\n\n\n<li>Aluno que estuda ou concluiu seus estudos em Entidade de Ensino P\u00fablico;<\/li>\n\n\n\n<li>Pessoa com Defici\u00eancia (PcD);<\/li>\n\n\n\n<li>Pessoa cuja fam\u00edlia perceba renda de at\u00e9 2 (dois) sal\u00e1rios-m\u00ednimos; <\/li>\n\n\n\n<li>Pessoa hipossuficiente.<\/li>\n<\/ul><p><\/p>\n\n\n\n<h2 class=\"wp-block-heading\" id=\"vagas-cargos-e-salrios\">Vagas, cargos e sal\u00e1rios<\/h2>\n\n\n\n<p>Ao todo, s\u00e3o ofertadas <strong>341 vagas, <\/strong>sendo 200 vagas imediatas e 141 vagas para forma\u00e7\u00e3o de um cadastro reserva para Professor do Ensino Fundamental e M\u00e9dio em escolas de 14 etnias ind\u00edgenas, s\u00e3o elas Anac\u00e9, Gavi\u00e3o, Jenipapo-Kanind\u00e9, Kalaba\u00e7a, Kanind\u00e9, Kariri, Pitaguary, Potyguara, Tabajara, Tapeba, Tapuya Kariri, Tubiba Tapuya, Tupinamb\u00e1 e Trememb\u00e9.<\/p>\n\n\n\n<p>A carreira oferece <strong>remunera\u00e7\u00e3o inicial<\/strong> de R$ 6.147,69 e aux\u00edlio alimenta\u00e7\u00e3o de R$ 15,87 por dia \u00fatil trabalhado, para jornadas de trabalho de 40 horas semanais.<\/p>\n\n\n\n<h2 class=\"wp-block-heading\" id=\"quais-os-requisitos-para-participar-do-concurso\">Quais os requisitos para participar do concurso?<\/h2>\n\n\n\n<p>Para participar do concurso, \u00e9 necess\u00e1rio preencher os seguintes requisitos:<\/p>\n\n\n\n<ul class=\"wp-block-list\"><li>Ser brasileiro nato ou naturalizado, ou cidad\u00e3o portugu\u00eas que tenha adquirido a igualdade de direitos e obriga\u00e7\u00f5es civis e o gozo dos direitos pol\u00edticos;<\/li>\n\n\n\n<li>Estar quite com as obriga\u00e7\u00f5es eleitorais;<\/li>\n\n\n\n<li>Estar quite com as obriga\u00e7\u00f5es militares, para os candidatos do sexo masculino;<\/li>\n\n\n\n<li>Encontrar-se em pleno gozo de seus direitos pol\u00edticos e civis;<\/li>\n\n\n\n<li>N\u00e3o ter sofrido, no exerc\u00edcio de fun\u00e7\u00e3o p\u00fablica, penalidade incompat\u00edvel com nova investidura em cargo p\u00fablico;<\/li>\n\n\n\n<li>Apresentar diploma, devidamente registrado, de conclus\u00e3o de curso de n\u00edvel superior<\/li>\n\n\n\n<li>Possuir aptid\u00e3o f\u00edsica e mental compat\u00edvel com o exerc\u00edcio oficial das atribui\u00e7\u00f5es do cargo de Professor, comprovada em inspe\u00e7\u00e3o m\u00e9dica realizada pela Per\u00edcia M\u00e9dica Oficial do Estado do Cear\u00e1;<\/li>\n\n\n\n<li>Ter idade m\u00ednima de 18 (dezoito) anos na data da posse no cargo;<\/li>\n\n\n\n<li>Apresentar declara\u00e7\u00e3o negativa de antecedentes criminais (estadual e federal);<\/li>\n\n\n\n<li>N\u00e3o acumular cargos, empregos ou fun\u00e7\u00f5es p\u00fablicas, salvo nos casos constitucionalmente admitidos;<\/li>\n\n\n\n<li>Apresentar declara\u00e7\u00e3o de bens;<\/li>\n\n\n\n<li>N\u00e3o ter sido punido em processo disciplinar, mediante decis\u00e3o da qual n\u00e3o caiba recurso no \u00e2mbito administrativo, por ato lesivo ao patrim\u00f4nio p\u00fablico, em qualquer esfera de governo;<\/li>\n\n\n\n<li>O candidato nomeado tem o dever de manter resid\u00eancia na comunidade ind\u00edgena onde est\u00e1 localizada a unidade escolar para a qual foi aprovado.<\/li>\n<\/ul><p><\/p>\n\n\n\n<h2 class=\"wp-block-heading\" id=\"como-o-trabalho-do-professor-da-seduc-ce\">Como \u00e9 o trabalho do Professor da Seduc CE?<\/h2>\n\n\n\n<p>Cabe ao candidato aprovado, a realiza\u00e7\u00e3o das seguintes atividades:<\/p>\n\n\n\n<ul class=\"wp-block-list\"><li>Participar da elabora\u00e7\u00e3o da proposta pedag\u00f3gica do estabelecimento de ensino; <\/li>\n\n\n\n<li>Elaborar e cumprir plano de trabalho, segundo a proposta pedag\u00f3gica do estabelecimento de ensino; <\/li>\n\n\n\n<li>Zelar pela aprendizagem dos alunos; estabelecer estrat\u00e9gias de recupera\u00e7\u00e3o para os alunos de menor rendimento; <\/li>\n\n\n\n<li>Ministrar os dias letivos e horas-aula estabelecidos, al\u00e9m de participar integralmente dos per\u00edodos dedicados ao planejamento, \u00e0 avalia\u00e7\u00e3o e ao desenvolvimento profissional; <\/li>\n\n\n\n<li>Colaborar com as atividades de articula\u00e7\u00e3o da escola com as fam\u00edlias e a comunidade.<\/li>\n<\/ul><p><\/p>\n\n\n\n<h2 class=\"wp-block-heading\" id=\"como-sero-as-provas-do-concurso-seduc-ce\">Como ser\u00e3o as provas do concurso Seduc CE?<\/h2>\n\n\n\n<p>Os candidatos ser\u00e3o avaliados por meio de<strong> tr\u00eas etapas, <\/strong>s\u00e3o elas:<\/p>\n\n\n\n<ul class=\"wp-block-list\"><li>Prova Objetiva, de car\u00e1ter eliminat\u00f3rio e classificat\u00f3rio;<\/li>\n\n\n\n<li>Prova Pr\u00e1tica, de car\u00e1ter eliminat\u00f3rio e classificat\u00f3rio;<\/li>\n\n\n\n<li>Avalia\u00e7\u00e3o de T\u00edtulos, de car\u00e1ter classificat\u00f3rio.<\/li>\n<\/ul><p><\/p>\n\n\n\n<p>A prova objetiva consistir\u00e1 em<strong> 50 quest\u00f5es<\/strong> de m\u00faltipla escolha, com quatro alternativas cada, sendo apenas uma resposta considerada correta, acerca das seguintes disciplinas:<\/p>\n\n\n\n<ul class=\"wp-block-list\"><li>L\u00edngua Portuguesa; <\/li>\n\n\n\n<li>Educa\u00e7\u00e3o Brasileira;<\/li>\n\n\n\n<li>Educa\u00e7\u00e3o Escolar Ind\u00edgena;<\/li>\n\n\n\n<li> Conhecimentos Espec\u00edficos.<\/li>\n<\/ul><p><\/p>\n\n\n\n<p>J\u00e1 a<strong> prova pr\u00e1tica<\/strong> consistir\u00e1 em uma avalia\u00e7\u00e3o pr\u00e1tica com tr\u00eas examinadores, sendo um professor da \u00e1rea de op\u00e7\u00e3o do candidato, um especialista em tem\u00e1tica ind\u00edgena e uma pessoa com qualifica\u00e7\u00e3o de lideran\u00e7a ind\u00edgena.<\/p>\n\n\n\n<p>Posteriormente, os classificados ter\u00e3o seus t\u00edtulos analisados de acordo com a seguinte tabela:<\/p>\n\n\n\n<figure class=\"wp-block-image size-full\"><a href=\"https:\/\/www.novaconcursos.com.br\/portal\/wp-content\/uploads\/2023\/07\/image-11.png\"><img decoding=\"async\" width=\"923\" height=\"142\" src=\"https:\/\/www.novaconcursos.com.br\/portal\/wp-content\/uploads\/2023\/07\/image-11.png\" alt=\"\" class=\"wp-image-200385\" loading=\"lazy\" title=\"\" srcset=\"https:\/\/www.novaconcursos.com.br\/portal\/wp-content\/uploads\/2023\/07\/image-11-300x46.png 300w, https:\/\/www.novaconcursos.com.br\/portal\/wp-content\/uploads\/2023\/07\/image-11.png 923w\" sizes=\"auto, (max-width: 480px) 100vw, (max-width: 768px) 100vw, (max-width: 1200px) 70vw, 768px\"><\/a><figcaption><\/figcaption><\/figure><p><\/p>\n\n\n\n<p>Ap\u00f3s homologada, a sele\u00e7\u00e3o permanecer\u00e1 v\u00e1lida pelo <strong>prazo de dois anos, <\/strong>que poder\u00e1 ser prorrogado uma \u00fanica vez, por igual per\u00edodo.<\/p>","protected":false},"excerpt":{"rendered":"<p>Boa not\u00edcia, concurseiros! Saiu o edital do concurso Seduc CE com oferta de 341 vagas de Professor e sal\u00e1rios iniciais de at\u00e9 R$ 6,1 mil. Confira! Resumo do Edital Estude para o concurso dos seus sonhos com o\u00a0M\u00e9todo\u00a0que j\u00e1 ajudou na\u00a0aprova\u00e7\u00e3o de mais de 70 mil alunos!\u00a0Clique aqui\u00a0e saiba mais! Como se inscrever no concurso [&hellip;]<\/p>\n","protected":false},"author":54679,"featured_media":161392,"comment_status":"closed","ping_status":"closed","sticky":false,"template":"","format":"standard","meta":{"_acf_changed":false,"footnotes":"","_wp_rev_ctl_limit":""},"categories":[228],"tags":[],"class_list":["post-200384","post","type-post","status-publish","format-standard","has-post-thumbnail","hentry","category-noticias"],"acf":[],"_links":{"self":[{"href":"https:\/\/www.novaconcursos.com.br\/portal\/wp-json\/wp\/v2\/posts\/200384","targetHints":{"allow":["GET"]}}],"collection":[{"href":"https:\/\/www.novaconcursos.com.br\/portal\/wp-json\/wp\/v2\/posts"}],"about":[{"href":"https:\/\/www.novaconcursos.com.br\/portal\/wp-json\/wp\/v2\/types\/post"}],"author":[{"embeddable":true,"href":"https:\/\/www.novaconcursos.com.br\/portal\/wp-json\/wp\/v2\/users\/54679"}],"replies":[{"embeddable":true,"href":"https:\/\/www.novaconcursos.com.br\/portal\/wp-json\/wp\/v2\/comments?post=200384"}],"version-history":[{"count":10,"href":"https:\/\/www.novaconcursos.com.br\/portal\/wp-json\/wp\/v2\/posts\/200384\/revisions"}],"predecessor-version":[{"id":200398,"href":"https:\/\/www.novaconcursos.com.br\/portal\/wp-json\/wp\/v2\/posts\/200384\/revisions\/200398"}],"wp:featuredmedia":[{"embeddable":true,"href":"https:\/\/www.novaconcursos.com.br\/portal\/wp-json\/wp\/v2\/media\/161392"}],"wp:attachment":[{"href":"https:\/\/www.novaconcursos.com.br\/portal\/wp-json\/wp\/v2\/media?parent=200384"}],"wp:term":[{"taxonomy":"category","embeddable":true,"href":"https:\/\/www.novaconcursos.com.br\/portal\/wp-json\/wp\/v2\/categories?post=200384"},{"taxonomy":"post_tag","embeddable":true,"href":"https:\/\/www.novaconcursos.com.br\/portal\/wp-json\/wp\/v2\/tags?post=200384"}],"curies":[{"name":"wp","href":"https:\/\/api.w.org\/{rel}","templated":true}]}}