{"id":200610,"date":"2023-07-25T17:24:08","date_gmt":"2023-07-25T20:24:08","guid":{"rendered":"https:\/\/www.novaconcursos.com.br\/portal\/?p=200610"},"modified":"2023-07-25T17:24:13","modified_gmt":"2023-07-25T20:24:13","slug":"concurso-correios-mgi-nao-descarta-importancia-do-orgao","status":"publish","type":"post","link":"https:\/\/www.novaconcursos.com.br\/portal\/noticias\/concurso-correios-mgi-nao-descarta-importancia-do-orgao\/","title":{"rendered":"Concurso Correios: MGI n\u00e3o descarta autoriza\u00e7\u00e3o e ressalta a import\u00e2ncia do \u00f3rg\u00e3o!"},"content":{"rendered":"<p>Ap\u00f3s a n\u00e3o privatiza\u00e7\u00e3o, um novo\u00a0<a href=\"https:\/\/www.novaconcursos.com.br\/portal\/concursos\/concurso-correios\/\">concurso Correios<\/a><strong> entrou no radar\u00a0<\/strong>do \u00f3rg\u00e3o. Nesta semana, o\u00a0<strong>MGI <\/strong>afirmou que<strong> n\u00e3o descarta o aval <\/strong>de um novo edital; veja!<\/p>\n\n\n\n<ul class=\"wp-block-list\"><li><strong>Confira: <\/strong><a href=\"https:\/\/www.novaconcursos.com.br\/apostila\/correios-prep-agente-correios\">Apostila CORREIOS 2023 \u2013 Agente dos Correios<\/a><\/li>\n\n\n\n<li><strong>Confira:<\/strong> <a href=\"https:\/\/www.novaconcursos.com.br\/eventos\/guia-definitivo-plano-de-estudos-passo-a-passo-v2\/\">Plano de estudos \u2013 passo a passo (Gr\u00e1tis)<\/a><\/li>\n<\/ul><p><\/p>\n\n\n\n<p>Estude para o concurso dos seus sonhos com o\u00a0<strong>M\u00e9todo<\/strong>\u00a0que j\u00e1 ajudou na\u00a0<strong>aprova\u00e7\u00e3o de mais de 70 mil alunos.<\/strong>\u00a0<a href=\"https:\/\/aprovacao.novaconcursos.com.br\/assinatura\" target=\"_blank\" rel=\"noreferrer noopener\">Clique aqui<\/a>\u00a0e saiba mais!<\/p>\n\n\n\n<h2 class=\"wp-block-heading\" id=\"concurso-correios-haver-novo-edital-quando\">Concurso Correios: haver\u00e1 novo edital? quando?<\/h2>\n\n\n\n<p>\u00c9 o que os concurseiros aguardam descobrir! Mas, ainda <strong>n\u00e3o h\u00e1 essa informa\u00e7\u00e3o.<\/strong> Certo \u00e9 que os Correios acreditam que um aval possa ser dado em 2023.<\/p>\n\n\n\n<p>Um ind\u00edcio positivo para isso \u00e9 que os Correios <strong>n\u00e3o ser\u00e3o mais privatizados<\/strong>; com isso, uma nova sele\u00e7\u00e3o entrou no radar do \u00f3rg\u00e3o.<\/p>\n\n\n\n<p>Nesta semana, o Minist\u00e9rio da Gest\u00e3o e Inova\u00e7\u00e3o em Servi\u00e7os P\u00fablicos informou que a Empresa Brasileira de Correios e Tel\u00e9grafos (ECT) tem uma importante <strong>fun\u00e7\u00e3o social e log\u00edstica eficiente. <\/strong><\/p>\n\n\n\n<p>Assim, a sua retirada do programa de privatiza\u00e7\u00f5es teve como miss\u00e3o assegurar a universaliza\u00e7\u00e3o do servi\u00e7o postal a pre\u00e7os acess\u00edveis para a popula\u00e7\u00e3o brasileira.<\/p>\n\n\n\n<p><em>\u201cOs Correios s\u00e3o uma empresa fundamental para a integra\u00e7\u00e3o do pa\u00eds, presente em todos os munic\u00edpios brasileiros, sendo, em muitos desses munic\u00edpios que n\u00e3o possuem ag\u00eancias banc\u00e1rias, a \u00fanica institui\u00e7\u00e3o a atender moradores e neg\u00f3cios locais\u201d<\/em>, disse o MGI.<\/p>\n\n\n\n<p>Sendo assim, o <strong>MGI n\u00e3o descarta o aval para um novo concurso<\/strong>. Lembrando que o aval tem que ser dado pela ministra chefe da pasta, Esther Dweck.<\/p>\n\n\n\n<p>Desde que assumiu a pasta, quando o presidente Lula retornou com o Minist\u00e9rio, Esther vem autorizando <strong>diversas sele\u00e7\u00f5es <\/strong>pelo pa\u00eds. <\/p>\n\n\n\n<h3 class=\"wp-block-heading\">Vac\u00e2ncias est\u00e3o aumentando<\/h3>\n\n\n\n<p>Outro <strong>forte ind\u00edcio<\/strong> de novo <a href=\"https:\/\/www.novaconcursos.com.br\/portal\/concursos-previstos\/nacional\">concurso<\/a> para os Correios \u00e9 que o n\u00famero de vac\u00e2ncias no \u00f3rg\u00e3o est\u00e1 cada vez maior, o que vem preocupando autoridades.<\/p>\n\n\n\n<p>Assim, o quadro da estatal conta com<strong> 86.700 empregados<\/strong>\u00a0em atividade, mas possui um quantitativo m\u00e1ximo de 94.490; ou seja, <strong>7.790 cargos est\u00e3o vagos<\/strong>. <\/p>\n\n\n\n<blockquote class=\"wp-block-quote is-layout-flow wp-block-quote-is-layout-flow\">\n<p><em>\u201cA ministra da Gest\u00e3o Esther Dweck j\u00e1 declarou publicamente que novos concursos v\u00e3o ser avaliados durante os pr\u00f3ximos anos, levando em conta a dota\u00e7\u00e3o or\u00e7ament\u00e1ria a ser aprovada pelo Congresso Nacional\u201d,<\/em> disse o MGI\u00a0nesta semana.<\/p>\n\n\n\n<h2 class=\"wp-block-heading\" id=\"quais-cargos-e-atribuies-dos-correios\">Quais cargos e atribui\u00e7\u00f5es dos Correios?<\/h2>\n\n\n\n<p>Portanto, mesmo que ainda n\u00e3o haja nada concreto, \u00e9 importante destacar que a\u00a0<strong>previs\u00e3o\u00a0<\/strong>aponta para os seguintes\u00a0<strong>cargos\u00a0<\/strong>ofertados:<\/p>\n\n\n\n<ul class=\"wp-block-list\"><li><strong>Agente de Correios (n\u00edvel m\u00e9dio):<\/strong>\n<ul class=\"wp-block-list\"><li>Carteiro;<\/li>\n\n\n\n<li>Operador de Triagem e Transbordo;<\/li>\n\n\n\n<li>Atendente Comercial e Suporte.<\/li>\n<\/ul><\/li>\n\n\n\n<li><strong>Analista de Correios (n\u00edvel superior):<\/strong>\n<ul class=\"wp-block-list\"><li>Administrador;<\/li>\n\n\n\n<li>Advogado;<\/li>\n\n\n\n<li>Analista de sistemas;<\/li>\n\n\n\n<li>Arquiteto;<\/li>\n\n\n\n<li>Assistente social;<\/li>\n\n\n\n<li>Bibliotec\u00e1rio;<\/li>\n\n\n\n<li>Contador;<\/li>\n\n\n\n<li>Economista;<\/li>\n\n\n\n<li>Engenheiro;<\/li>\n\n\n\n<li>Estat\u00edstico;<\/li>\n\n\n\n<li>Muse\u00f3logo;<\/li>\n\n\n\n<li>Pedagogo;<\/li>\n\n\n\n<li>Psic\u00f3logo; e<\/li>\n\n\n\n<li>T\u00e9cnico em Comunica\u00e7\u00e3o Social.<\/li>\n<\/ul><\/li>\n<\/ul><p><\/p>\n\n\n\n<p>Assim, s\u00e3o atribui\u00e7\u00f5es das carreiras de\u00a0<strong>n\u00edvel m\u00e9dio<\/strong>, executar as atribui\u00e7\u00f5es pertinentes aos servi\u00e7os das \u00e1reas Operacional, Comercial e de Suporte.<\/p>\n\n\n\n<p>Enquanto isso, no\u00a0<strong>n\u00edvel superior<\/strong>, a principal miss\u00e3o \u00e9 de aplicar conhecimentos t\u00e9cnicos de sua especialidade, visando \u00e0 otimiza\u00e7\u00e3o dos resultados e aprimoramento dos padr\u00f5es de trabalho de sua \u00e1rea.<\/p>\n\n\n\n<p>Ademais, vale destacar ainda que o concurso tamb\u00e9m pode oferecer vagas para\u00a0<strong>cargos espec\u00edficos\u00a0<\/strong>dos Correios, como:<\/p>\n\n\n\n<ul class=\"wp-block-list\"><li>auxiliar de enfermagem do trabalho;<\/li>\n\n\n\n<li>t\u00e9cnico de seguran\u00e7a do trabalho;<\/li>\n\n\n\n<li>analista de sa\u00fade;<\/li>\n\n\n\n<li>enfermeiro do trabalho;<\/li>\n\n\n\n<li>engenheiro de seguran\u00e7a do trabalho;<\/li>\n\n\n\n<li>m\u00e9dico do trabalho.<\/li>\n<\/ul><p><\/p>\n<\/blockquote>\n\n\n\n<h2 class=\"wp-block-heading\" id=\"quais-os-salrios-e-benefcios-ofertados-pelos-correios\">Quais os sal\u00e1rios e benef\u00edcios ofertados pelos Correios?<\/h2>\n\n\n\n<p>Segundo a Findect, os sal\u00e1rios iniciais oferecidos pelos Correios s\u00e3o de\u00a0<strong>R$ 2.179,25<\/strong>, para o n\u00edvel m\u00e9dio e\u00a0<strong>R$ 6.333,54<\/strong>\u00a0para o n\u00edvel superior. Al\u00e9m disso, h\u00e1 os seguintes benef\u00edcios:<\/p>\n\n\n\n<ul class=\"wp-block-list\"><li>vale-cesta de R$ 295,77 e<\/li>\n\n\n\n<li>vale-refei\u00e7\u00e3o\/alimenta\u00e7\u00e3o\n<ul class=\"wp-block-list\"><li>R$ 1.039,50 (para quem trabalha cinco dias na semana) ou de<\/li>\n\n\n\n<li>R$ 1.228,50 (para quem trabalha seis dias na semana).<\/li>\n<\/ul><\/li>\n\n\n\n<li>vale-transporte <\/li>\n\n\n\n<li>plano de sa\u00fade<\/li>\n<\/ul><p><\/p>\n\n\n\n<p><a href=\"https:\/\/www.novaconcursos.com.br\/portal\/artigos\/o-que-cai-na-prova-do-concurso-correios-e-como-se-preparar\/\">O que cai na prova do concurso Correios e como se preparar?<\/a><\/p>\n\n\n\n<h2 class=\"wp-block-heading\" id=\"ministra-quer-dobrar-nmero-de-vagas-autorizadas-em-concursos\">Ministra quer dobrar n\u00famero de vagas autorizadas em concursos pelo pa\u00eds<\/h2>\n\n\n\n<p>Portanto, o governo pode abrir mais\u00a0<strong>10 mil vagas<\/strong>\u00a0em\u00a0<a href=\"https:\/\/www.novaconcursos.com.br\/portal\/concursos-abertos\/nacional\">concursos\u00a0<\/a>federais ainda em 2023 e tenta antecipar parte do cronograma de 2024 para este ano.<\/p>\n\n\n\n<p>Assim, a informa\u00e7\u00e3o foi dada pela ministra da Gest\u00e3o e da Inova\u00e7\u00e3o em Servi\u00e7os P\u00fablicos, Esther Dweck, em\u00a0<strong>entrevista\u00a0<\/strong>\u00e0 Folha de S\u00e3o Paulo neste dia 24 de julho.<\/p>\n\n\n\n<p>Sendo assim, \u00e9 importante destacar que o governo j\u00e1 autorizou mais de 8 mil vagas em 2023; a<a href=\"https:\/\/www.novaconcursos.com.br\/portal\/noticias\/concursos-publicos-federais-ministra-esther-anuncia-autorizacao\/\">\u00a0primeira leva, em junho<\/a>, teve\u00a0<strong>4.436 vagas\u00a0<\/strong>distribu\u00eddas entre\u00a0<strong>20 minist\u00e9rios<\/strong>.<\/p>\n\n\n\n<p>Depois, em\u00a0<strong>julho<\/strong>,\u00a0<a href=\"https:\/\/www.novaconcursos.com.br\/portal\/noticias\/concursos-federais-ministra-autoriza-mais-vagas\/\">Esther Dweck\u00a0anunciou o aval\u00a0da segunda leva<\/a>, para abertura de mais<strong>\u00a02.480 vagas<\/strong>\u00a0em diversos \u00f3rg\u00e3os.<\/p>\n\n\n\n<p>Mas, antes disso, nos primeiros meses do ano, o governo j\u00e1 tinha autorizado\u00a0<strong>1.464 vagas efetivas\u00a0<\/strong>para diferentes \u00f3rg\u00e3os.\u00a0<\/p>\n\n\n\n<p><a href=\"https:\/\/www.novaconcursos.com.br\/portal\/noticias\/concursos-federais-mais-10-mil-vagas-podem-ser-autorizadas-este-ano\/\">Concursos Federais: Mais 10 mil vagas podem sair este ano? Entenda!<\/a><\/p>\n\n\n\n<p>Para a decis\u00e3o de abertura de novas vagas, o governo afirma que levou em considera\u00e7\u00e3o\u00a0<strong>alguns crit\u00e9rios,<\/strong>\u00a0como:<\/p>\n\n\n\n<ul class=\"wp-block-list\"><li>Tempo desde o \u00faltimo edital de concurso p\u00fablico<\/li>\n\n\n\n<li>Propor\u00e7\u00e3o entre o n\u00famero de vagas e o n\u00famero de cargos aprovados no \u00f3rg\u00e3o<\/li>\n\n\n\n<li>Propor\u00e7\u00e3o de aposentadorias, nos pr\u00f3ximos 5 anos, em rela\u00e7\u00e3o ao total de vagas ocupadas<\/li>\n\n\n\n<li>Perdas identificadas com base na ocupa\u00e7\u00e3o m\u00e1xima<\/li>\n\n\n\n<li>An\u00e1lise da estrutura do \u00f3rg\u00e3o, se houve mudan\u00e7a relevante, ou amplia\u00e7\u00e3o de atribui\u00e7\u00f5es<\/li>\n\n\n\n<li>N\u00edvel de impacto imediato dos servi\u00e7os para a popula\u00e7\u00e3o<\/li>\n\n\n\n<li>Import\u00e2ncia do \u00f3rg\u00e3o para as pol\u00edticas priorit\u00e1rias do governo, com a vis\u00e3o de futuro<\/li>\n<\/ul>","protected":false},"excerpt":{"rendered":"<p>Ap\u00f3s a n\u00e3o privatiza\u00e7\u00e3o, um novo\u00a0concurso Correios entrou no radar\u00a0do \u00f3rg\u00e3o. Nesta semana, o\u00a0MGI afirmou que n\u00e3o descarta o aval de um novo edital; veja! Estude para o concurso dos seus sonhos com o\u00a0M\u00e9todo\u00a0que j\u00e1 ajudou na\u00a0aprova\u00e7\u00e3o de mais de 70 mil alunos.\u00a0Clique aqui\u00a0e saiba mais! Concurso Correios: haver\u00e1 novo edital? quando? \u00c9 o que [&hellip;]<\/p>\n","protected":false},"author":54671,"featured_media":163847,"comment_status":"closed","ping_status":"closed","sticky":false,"template":"","format":"standard","meta":{"_acf_changed":false,"footnotes":"","_wp_rev_ctl_limit":""},"categories":[228],"tags":[],"class_list":["post-200610","post","type-post","status-publish","format-standard","has-post-thumbnail","hentry","category-noticias"],"acf":[],"_links":{"self":[{"href":"https:\/\/www.novaconcursos.com.br\/portal\/wp-json\/wp\/v2\/posts\/200610","targetHints":{"allow":["GET"]}}],"collection":[{"href":"https:\/\/www.novaconcursos.com.br\/portal\/wp-json\/wp\/v2\/posts"}],"about":[{"href":"https:\/\/www.novaconcursos.com.br\/portal\/wp-json\/wp\/v2\/types\/post"}],"author":[{"embeddable":true,"href":"https:\/\/www.novaconcursos.com.br\/portal\/wp-json\/wp\/v2\/users\/54671"}],"replies":[{"embeddable":true,"href":"https:\/\/www.novaconcursos.com.br\/portal\/wp-json\/wp\/v2\/comments?post=200610"}],"version-history":[{"count":4,"href":"https:\/\/www.novaconcursos.com.br\/portal\/wp-json\/wp\/v2\/posts\/200610\/revisions"}],"predecessor-version":[{"id":200619,"href":"https:\/\/www.novaconcursos.com.br\/portal\/wp-json\/wp\/v2\/posts\/200610\/revisions\/200619"}],"wp:featuredmedia":[{"embeddable":true,"href":"https:\/\/www.novaconcursos.com.br\/portal\/wp-json\/wp\/v2\/media\/163847"}],"wp:attachment":[{"href":"https:\/\/www.novaconcursos.com.br\/portal\/wp-json\/wp\/v2\/media?parent=200610"}],"wp:term":[{"taxonomy":"category","embeddable":true,"href":"https:\/\/www.novaconcursos.com.br\/portal\/wp-json\/wp\/v2\/categories?post=200610"},{"taxonomy":"post_tag","embeddable":true,"href":"https:\/\/www.novaconcursos.com.br\/portal\/wp-json\/wp\/v2\/tags?post=200610"}],"curies":[{"name":"wp","href":"https:\/\/api.w.org\/{rel}","templated":true}]}}