{"id":200874,"date":"2023-07-28T09:53:22","date_gmt":"2023-07-28T12:53:22","guid":{"rendered":"https:\/\/www.novaconcursos.com.br\/portal\/?p=200874"},"modified":"2023-07-28T12:23:37","modified_gmt":"2023-07-28T15:23:37","slug":"concurso-dataprev-saiu-edital-2487-vagas","status":"publish","type":"post","link":"https:\/\/www.novaconcursos.com.br\/portal\/noticias\/concurso-dataprev-saiu-edital-2487-vagas\/","title":{"rendered":"Concurso Dataprev: Saiu o edital. 2.487 vagas!"},"content":{"rendered":"<p>Saiu o edital do concurso Dataprev (Empresa de Tecnologia e Informa\u00e7\u00e3o da Previd\u00eancia) para o preenchimento de <strong>2.487 oportunidades, <\/strong>com sal\u00e1rios de at\u00e9 R$ 8,7 mil. Confira!<\/p>\n\n\n\n<p><strong>Resumo do Edital<\/strong><\/p>\n\n\n\n<ul class=\"wp-block-list\"><li>Vagas: 2.487<\/li>\n\n\n\n<li>Cargo: Diversos<\/li>\n\n\n\n<li>Escolaridade: N\u00edvel T\u00e9cnico e Superior<\/li>\n\n\n\n<li>Banca: Cebraspe<\/li>\n\n\n\n<li>Sal\u00e1rio: at\u00e9 R$ 8.747,61<\/li>\n\n\n\n<li>Per\u00edodo de inscri\u00e7\u00f5es: 31\/07\/2023 at\u00e9 18\/08\/2023<\/li>\n\n\n\n<li>Taxa: R$ 80,00 at\u00e9 R$ 100,00<\/li>\n\n\n\n<li>Prova: 01\/10\/2023<\/li>\n\n\n\n<li><a href=\"https:\/\/cdn.cebraspe.org.br\/concursos\/dataprev_23\/arquivos\/ED_1_2023_DATAPREV_ABERTURA.PDF\" target=\"_blank\" rel=\"noreferrer noopener\">Edital<\/a><\/li>\n<\/ul><p><\/p>\n\n\n\n<ul class=\"wp-block-list\"><li><strong>Confira:<\/strong> <a href=\"https:\/\/www.novaconcursos.com.br\/livro\/1000-questoes-gabaritadas-cebraspe?q=cebra\">Livro 1.000 Quest\u00f5es Gabaritadas da Cebraspe<\/a><\/li>\n<\/ul><p><\/p>\n\n\n\n<p>Estude para o concurso dos seus sonhos com o<strong>\u00a0M\u00e9todo<\/strong>\u00a0que j\u00e1 ajudou na\u00a0<strong>aprova\u00e7\u00e3o de mais de 70 mil candidatos!<\/strong>\u00a0<a href=\"https:\/\/aprovacao.novaconcursos.com.br\/assinatura?promo_creative=Clique+aqui&amp;promo_name=noticia&amp;promo_id=%2Fportal%2Fnoticias%2Fconcurso-pm-pb-saiu-edital-900-vagas-para-soldado&amp;promo_position=corpo-texto\" target=\"_blank\" rel=\"noreferrer noopener\">Clique aqui<\/a>\u00a0e saiba mais!<\/p>\n\n\n\n<h2 class=\"wp-block-heading\" id=\"como-se-inscrever-no-concurso-dataprev\">Como se inscrever no concurso Dataprev?<\/h2>\n\n\n\n<p>As inscri\u00e7\u00f5es devem ser realizadas pela internet, no site do <a href=\"https:\/\/www.cebraspe.org.br\/concursos\/dataprev_23\" target=\"_blank\" rel=\"noreferrer noopener\">Cebraspe,<\/a> banca organizadora, entre os dias  <strong>31 de julho e 18 de agosto de 2023, <\/strong>devendo o candidato preencher o formul\u00e1rio com os dados solicitados e efetuar o pagamento da taxa de inscri\u00e7\u00e3o para que a candidatura seja homologada. <\/p>\n\n\n\n<p>O <strong>valor da taxa<\/strong> varia de acordo com o n\u00edvel de escolaridade do cargo pretendido. Dessa forma:<\/p>\n\n\n\n<ul class=\"wp-block-list\"><li>N\u00edvel T\u00e9cnico: R$ 80,00<\/li>\n\n\n\n<li>N\u00edvel Superior: R$ 100,00<\/li>\n<\/ul><p><\/p>\n\n\n\n<p>Haver\u00e1<strong> isen\u00e7\u00e3o da taxa<\/strong> para candidatos inscritos no Cad\u00danico e doadores de e medula \u00f3ssea em entidades reconhecidas pelo Minist\u00e9rio da Sa\u00fade. <\/p>\n\n\n\n<p>O pedido dever\u00e1 ser realizado mediante requerimento, no site da banca.<\/p>\n\n\n\n<h2 class=\"wp-block-heading\" id=\"vagas-cargos-e-salrios\">Vagas, cargos e sal\u00e1rios<\/h2>\n\n\n\n<p>O concurso Empresa de Tecnologia e Informa\u00e7\u00e3o da Previd\u00eancia est\u00e1 ofertando 2.487 vagas, sendo 222 vagas imediatas e 2.265 oportunidades de cadastro reserva. Conhe\u00e7a quais especialidades foram contempladas:<\/p>\n\n\n\n<p><strong>N\u00edvel Superior<\/strong><\/p>\n\n\n\n<ul class=\"wp-block-list\"><li>Analista de Processamento;<\/li>\n\n\n\n<li>Analista de Tecnologia da Informa\u00e7\u00e3o:\n<ul class=\"wp-block-list\"><li>Advocacia;<\/li>\n\n\n\n<li>An\u00e1lise de Neg\u00f3cios;<\/li>\n\n\n\n<li>Arquitetura e Engenharia Tecnol\u00f3gica;<\/li>\n\n\n\n<li>Comunica\u00e7\u00e3o Social;<\/li>\n\n\n\n<li>Contabilidade;<\/li>\n\n\n\n<li>Desenvolvimento de Software;<\/li>\n\n\n\n<li>Engenharia Civil;<\/li>\n\n\n\n<li>Engenharia El\u00e9trica;<\/li>\n\n\n\n<li>Engenharia Mec\u00e2nica;<\/li>\n\n\n\n<li>Engenheiro de Dados;<\/li>\n\n\n\n<li>Estrat\u00e9gia e Governan\u00e7a;<\/li>\n\n\n\n<li>Gest\u00e3o de Pessoas;<\/li>\n\n\n\n<li>Gest\u00e3o de Servi\u00e7os de TIC;<\/li>\n\n\n\n<li>Gest\u00e3o Econ\u00f4mico-Financeira;<\/li>\n\n\n\n<li>Infraestrutura e Opera\u00e7\u00f5es (Facilities);<\/li>\n\n\n\n<li>Intelig\u00eancia da Informa\u00e7\u00e3o;<\/li>\n\n\n\n<li>Log\u00edstica, Aquisi\u00e7\u00f5es e Contratos;<\/li>\n\n\n\n<li>Seguran\u00e7a Cibern\u00e9tica;<\/li>\n\n\n\n<li>Seguran\u00e7a da Informa\u00e7\u00e3o e Prote\u00e7\u00e3o de Dados;<\/li>\n\n\n\n<li>Sustenta\u00e7\u00e3o Tecnol\u00f3gica;<\/li>\n<\/ul><\/li>\n\n\n\n<li>Engenheiro de Seguran\u00e7a do Trabalho;<\/li>\n\n\n\n<li>M\u00e9dico do Trabalho.<\/li>\n<\/ul><p><\/p>\n\n\n\n<p><strong>N\u00edvel T\u00e9cnico<\/strong><\/p>\n\n\n\n<ul class=\"wp-block-list\"><li>Auxiliar de Enfermagem do Trabalho;<\/li>\n\n\n\n<li>T\u00e9cnico de Seguran\u00e7a do Trabalho.<\/li>\n<\/ul><p><\/p>\n\n\n\n<p>Os classificados ser\u00e3o remunerados com <strong>sal\u00e1rios iniciais <\/strong>nos seguintes valores:<\/p>\n\n\n\n<ul class=\"wp-block-list\"><li>Analista de Processamento: R$ 7.887,35;<\/li>\n\n\n\n<li>N\u00edvel Superior: R$ 8.747,61; <\/li>\n\n\n\n<li>N\u00edvel T\u00e9cnico: R$ 3.713,12.<\/li>\n<\/ul><p><\/p>\n\n\n\n<p>Al\u00e9m do sal\u00e1rio, os servidores far\u00e3o jus aos seguintes benef\u00edcios:<\/p>\n\n\n\n<ul class=\"wp-block-list\"><li>Aux\u00edlio-alimenta\u00e7\u00e3o de R$1.111,20, a ser pago em forma de cr\u00e9dito em cart\u00e3o eletr\u00f4nico com a devida participa\u00e7\u00e3o percentual dos trabalhadores no custo, de acordo com o n\u00edvel salarial previsto no acordo coletivo de trabalho;<\/li>\n\n\n\n<li>Reembolso pr\u00e9-escolar ou escolar de at\u00e9 R$1.513,03;<\/li>\n\n\n\n<li>Aux\u00edlio tratamento especializado (filhos com defici\u00eancia) de at\u00e9 R$1.230;<\/li>\n\n\n\n<li>Assist\u00eancia \u00e0 sa\u00fade;<\/li>\n\n\n\n<li>Previd\u00eancia complementar;<\/li>\n\n\n\n<li>Participa\u00e7\u00e3o nos lucros e resultados;<\/li>\n\n\n\n<li>Gratifica\u00e7\u00e3o Vari\u00e1vel por Resultado (GVR).<\/li>\n<\/ul><p><\/p>\n\n\n\n<h2 class=\"wp-block-heading\" id=\"o-que-precisa-para-participar-do-concurso\">O que precisa para participar do concurso?<\/h2>\n\n\n\n<p>Para participar do concurso, \u00e9 necess\u00e1rio preencher os seguintes <strong>requisitos b\u00e1sicos:<\/strong><\/p>\n\n\n\n<ul class=\"wp-block-list\"><li>Ter a nacionalidade brasileira ou portuguesa e, no caso de nacionalidade portuguesa, estar amparado pelo Estatuto de Igualdade entre Brasileiros e Portugueses;<\/li>\n\n\n\n<li>Estar em gozo dos direitos pol\u00edticos;<\/li>\n\n\n\n<li>Estar quite com as obriga\u00e7\u00f5es militares, em caso de candidato do sexo masculino;<\/li>\n\n\n\n<li>Estar quite com as obriga\u00e7\u00f5es eleitorais;<\/li>\n\n\n\n<li>Ter idade m\u00ednima de 18 anos completos na data da contrata\u00e7\u00e3o;<\/li>\n\n\n\n<li>Ter aptid\u00e3o f\u00edsica e mental para o exerc\u00edcio das atribui\u00e7\u00f5es do cargo\/perfil;<\/li>\n\n\n\n<li>N\u00e3o registrar antecedentes criminais que impliquem perda ou \u00f3bice para assumir cargo ou emprego p\u00fablico, oriundos de senten\u00e7a transitada em julgado ou demonstrar o cumprimento integral das penas que tenham sido cominadas;<\/li>\n\n\n\n<li>N\u00e3o ter sofrido, no exerc\u00edcio da fun\u00e7\u00e3o p\u00fablica, penalidade incompat\u00edvel com nova investidura em cargo\/emprego p\u00fablico;<\/li>\n\n\n\n<li>N\u00e3o se encontrar acumulando cargo, emprego ou fun\u00e7\u00e3o p\u00fablica em desconformidade com as hip\u00f3teses de acumula\u00e7\u00e3o l\u00edcitas previstas em lei e na Constitui\u00e7\u00e3o Federal.<\/li>\n<\/ul><p><\/p>\n\n\n\n<p>Al\u00e9m desses requisitos b\u00e1sicos, \u00e9 necess\u00e1rio ter diploma de <strong>n\u00edvel superior de forma\u00e7\u00e3o<\/strong> na \u00e1rea desejada para os cargos de Analista de Tecnologia da Informa\u00e7\u00e3o, Analista de Processamento, Engenheiro de Seguran\u00e7a do Trabalho e M\u00e9dico do Trabalho.<\/p>\n\n\n\n<p>J\u00e1 a carreira de Auxiliar de Enfermagem do Trabalho exige certificado de <strong>curso t\u00e9cnico <\/strong>de n\u00edvel m\u00e9dio em Enfermagem do Trabalho, reconhecido pelo MEC, enquanto a carreira de T\u00e9cnico de Seguran\u00e7a do Trabalho, exige curso t\u00e9cnico de n\u00edvel m\u00e9dio em Seguran\u00e7a do Trabalho, reconhecido pelo MEC.<\/p>\n\n\n\n<h2 class=\"wp-block-heading\" id=\"como-sero-as-provas-do-concurso-dataprev\">Como ser\u00e3o as provas do concurso Dataprev?<\/h2>\n\n\n\n<p>A sele\u00e7\u00e3o dos candidatos ser\u00e1 realizada somente por meio de provas objetivas que ser\u00e3o aplicadas no dia <strong>1\u00ba de outubro de 2023<\/strong> nas cidades de Bras\u00edlia\/DF, Florian\u00f3polis\/SC, Fortaleza\/CE, Jo\u00e3o Pessoa\/PB, Natal\/RN, Rio de Janeiro\/RJ e S\u00e3o Paulo\/SP, nos seguintes turnos:<\/p>\n\n\n\n<ul class=\"wp-block-list\"><li>Manh\u00e3: N\u00edvel Superior;<\/li>\n\n\n\n<li>Tarde: N\u00edvel T\u00e9cnico.<\/li>\n<\/ul><p><\/p>\n\n\n\n<p>A prova consistir\u00e1 em<strong> 120 quest\u00f5es<\/strong> do tipo \u201ccerto\u201d ou \u201cerrado\u201d, onde cada erro cometido anula um acerto, ou seja se o candidato acertar 60 quest\u00f5es e errar 60 quest\u00f5es, sua pontua\u00e7\u00e3o ser\u00e1 0. Veja a estrutura:<\/p>\n\n\n\n<ul class=\"wp-block-list\"><li>L\u00edngua Portuguesa: 20 quest\u00f5es;<\/li>\n\n\n\n<li>L\u00edngua Inglesa: 10 quest\u00f5es;<\/li>\n\n\n\n<li>Racioc\u00ednio L\u00f3gico: 5 quest\u00f5es;<\/li>\n\n\n\n<li>Atualidades: 5 quest\u00f5es;<\/li>\n\n\n\n<li>Legisla\u00e7\u00e3o acerca de Seguran\u00e7a de Informa\u00e7\u00f5es e Prote\u00e7\u00e3o de Dados: 10 quest\u00f5es; <\/li>\n\n\n\n<li>T\u00f3picos de conhecimentos espec\u00edficos: 70 quest\u00f5es.<\/li>\n<\/ul><p><\/p>\n\n\n\n<p>Para ser aprovado, ser\u00e1 necess\u00e1rio obter mais de 10 pontos em conhecimentos b\u00e1sicos, mais de 21 pontos em conhecimentos espec\u00edficos e mais de 36 pontos no conjunto das provas.<\/p>\n\n\n\n<p>A partir da data de publica\u00e7\u00e3o da <strong>homologa\u00e7\u00e3o do concurso Dataprev, <\/strong>come\u00e7a a contar o prazo de validade de um ano, podendo ser prorrogado uma \u00fanica vez, por igual per\u00edodo.<\/p>\n\n\n\n<p>Nesse tempo, o \u00f3rg\u00e3o pode convocar os aprovados no<strong> cadastro reserva.<\/strong><\/p>\n\n\n\n<h2 class=\"wp-block-heading\" id=\"estude-para-o-concurso-dataprev\">Estude para o concurso Dataprev!<\/h2>\n\n\n\n<p>Se voc\u00ea tem interesse na aprova\u00e7\u00e3o nesse concurso, n\u00e3o perca tempo! Confira nossos materiais e fa\u00e7a parte dos mais de\u00a0<strong>70 mil aprovados Nova!<\/strong><\/p>\n\n\n\n<ul class=\"wp-block-list\"><li><strong>Adquira: <\/strong><a href=\"https:\/\/www.novaconcursos.com.br\/curso-online\/curso-dataprev-auxiliar-de-enfermagem-do-trabalho?q=dataprev\">Curso Dataprev \u2013 Auxiliar de Enfermagem do Trabalho<\/a><\/li>\n\n\n\n<li><strong>Adquira: <\/strong><a href=\"https:\/\/www.novaconcursos.com.br\/curso-online\/curso-dataprev-comum-a-todos-os-cargos?q=data\">Curso Dataprev \u2013 Comum a Todos os Cargos<\/a><\/li>\n<\/ul><p><\/p>\n\n\n\n<p>Para mais dicas, confira a an\u00e1lise completa do edital no nosso canal do Youtube!<\/p>\n\n\n\n<figure class=\"wp-block-embed is-type-video is-provider-youtube wp-block-embed-youtube wp-embed-aspect-16-9 wp-has-aspect-ratio\"><div class=\"wp-block-embed__wrapper\">\n<iframe loading=\"lazy\" title=\"Edital Publicado Concurso DATAPREV: 222 vagas e iniciais de R$ 8,7 mil\" width=\"500\" height=\"281\" src=\"https:\/\/www.youtube.com\/embed\/TwnEYdHJz8g?feature=oembed\" frameborder=\"0\" allow=\"accelerometer; autoplay; clipboard-write; encrypted-media; gyroscope; picture-in-picture; web-share\" referrerpolicy=\"strict-origin-when-cross-origin\" allowfullscreen><\/iframe>\n<\/div><\/figure>","protected":false},"excerpt":{"rendered":"<p>Saiu o edital do concurso Dataprev (Empresa de Tecnologia e Informa\u00e7\u00e3o da Previd\u00eancia) para o preenchimento de 2.487 oportunidades, com sal\u00e1rios de at\u00e9 R$ 8,7 mil. Confira! Resumo do Edital Estude para o concurso dos seus sonhos com o\u00a0M\u00e9todo\u00a0que j\u00e1 ajudou na\u00a0aprova\u00e7\u00e3o de mais de 70 mil candidatos!\u00a0Clique aqui\u00a0e saiba mais! Como se inscrever no [&hellip;]<\/p>\n","protected":false},"author":54679,"featured_media":198914,"comment_status":"closed","ping_status":"closed","sticky":false,"template":"","format":"standard","meta":{"_acf_changed":false,"footnotes":"","_wp_rev_ctl_limit":""},"categories":[228],"tags":[],"class_list":["post-200874","post","type-post","status-publish","format-standard","has-post-thumbnail","hentry","category-noticias"],"acf":[],"_links":{"self":[{"href":"https:\/\/www.novaconcursos.com.br\/portal\/wp-json\/wp\/v2\/posts\/200874","targetHints":{"allow":["GET"]}}],"collection":[{"href":"https:\/\/www.novaconcursos.com.br\/portal\/wp-json\/wp\/v2\/posts"}],"about":[{"href":"https:\/\/www.novaconcursos.com.br\/portal\/wp-json\/wp\/v2\/types\/post"}],"author":[{"embeddable":true,"href":"https:\/\/www.novaconcursos.com.br\/portal\/wp-json\/wp\/v2\/users\/54679"}],"replies":[{"embeddable":true,"href":"https:\/\/www.novaconcursos.com.br\/portal\/wp-json\/wp\/v2\/comments?post=200874"}],"version-history":[{"count":7,"href":"https:\/\/www.novaconcursos.com.br\/portal\/wp-json\/wp\/v2\/posts\/200874\/revisions"}],"predecessor-version":[{"id":200922,"href":"https:\/\/www.novaconcursos.com.br\/portal\/wp-json\/wp\/v2\/posts\/200874\/revisions\/200922"}],"wp:featuredmedia":[{"embeddable":true,"href":"https:\/\/www.novaconcursos.com.br\/portal\/wp-json\/wp\/v2\/media\/198914"}],"wp:attachment":[{"href":"https:\/\/www.novaconcursos.com.br\/portal\/wp-json\/wp\/v2\/media?parent=200874"}],"wp:term":[{"taxonomy":"category","embeddable":true,"href":"https:\/\/www.novaconcursos.com.br\/portal\/wp-json\/wp\/v2\/categories?post=200874"},{"taxonomy":"post_tag","embeddable":true,"href":"https:\/\/www.novaconcursos.com.br\/portal\/wp-json\/wp\/v2\/tags?post=200874"}],"curies":[{"name":"wp","href":"https:\/\/api.w.org\/{rel}","templated":true}]}}