{"id":20134,"date":"2015-05-18T11:38:01","date_gmt":"2015-05-18T14:38:01","guid":{"rendered":"http:\/\/www.novaconcursos.com.br\/portal\/?p=16892"},"modified":"2021-01-28T14:58:28","modified_gmt":"2021-01-28T17:58:28","slug":"analise-de-edital-enem-2015","status":"publish","type":"post","link":"https:\/\/www.novaconcursos.com.br\/portal\/noticias\/analise-de-edital-enem-2015\/","title":{"rendered":"An\u00e1lise de edital: Enem 2015"},"content":{"rendered":"<p><a href=\"https:\/\/www.novaconcursos.com.br\/apostila-concurso\/enem\" target=\"_blank\" rel=\"noopener noreferrer\"><img decoding=\"async\" class=\" size-full wp-image-36700 alignright\" src=\"https:\/\/www.novaconcursos.com.br\/portal\/wp-content\/uploads\/2014\/05\/enem-250X250.jpg\" alt=\"enem-250X250\" width=\"250\" height=\"250\" loading=\"lazy\" title=\"\" srcset=\"https:\/\/www.novaconcursos.com.br\/portal\/wp-content\/uploads\/2014\/05\/enem-250X250-55x55.jpg 55w, https:\/\/www.novaconcursos.com.br\/portal\/wp-content\/uploads\/2014\/05\/enem-250X250-105x105.jpg 105w, https:\/\/www.novaconcursos.com.br\/portal\/wp-content\/uploads\/2014\/05\/enem-250X250-150x150.jpg 150w, https:\/\/www.novaconcursos.com.br\/portal\/wp-content\/uploads\/2014\/05\/enem-250X250.jpg 250w\" sizes=\"auto, (max-width: 480px) 100vw, (max-width: 768px) 100vw, (max-width: 1200px) 70vw, 768px\"><\/a>O Minist\u00e9rio da Educa\u00e7\u00e3o acaba de lan\u00e7ar o edital do Enem (Exame Nacional do Ensino M\u00e9dio) no \u2018Di\u00e1rio Oficial da uni\u00e3o\u2019. Confira abaixo as principais informa\u00e7\u00f5es!<\/p>\n<p><strong>Inscri\u00e7\u00f5es:<\/strong> os estudantes tem do dia 25 de maio, a partir das 10h, at\u00e9 5 de junho para se inscrever. A taxa \u00e9 de R$ 63 e pode ser pagar at\u00e9 10 de junho, \u00e0s 21h59.<\/p>\n<p><strong>Isen\u00e7\u00e3o da taxa:<\/strong> os estudantes de escolas p\u00fablicas e que est\u00e3o no \u00faltimo ano do ensino m\u00e9dio est\u00e3o isentos. Al\u00e9m deles, os candidatos que comprovarem car\u00eancia, segundo as regras do edital, tamb\u00e9m podem se isentar da taxa.<\/p>\n<p><strong>Cart\u00e3o de inscri\u00e7\u00e3o:<\/strong> neste ano, os estudantes ter\u00e3o que baixar e consultar o cart\u00e3o de inscri\u00e7\u00f5es, j\u00e1 que o MEC deixar\u00e1 de imprimi-los e envi\u00e1-los pelos Correios.<\/p>\n<p><strong>Provas:<\/strong> as provas ser\u00e3o aplicadas nos dias 24 e 25 de outubro. No s\u00e1bado (primeiro dia), os estudantes ir\u00e3o fazer os testes de ci\u00eancias humanas e ci\u00eancias da natureza e ter\u00e3o 4 horas e meia de dura\u00e7\u00e3o. No domingo (segundo e \u00faltimo dia), a prova ter\u00e1 dura\u00e7\u00e3o de 5 horas e meia e as disciplinas ser\u00e3o linguagens, matem\u00e1tica e reda\u00e7\u00e3o.<\/p>\n<p><strong>Hor\u00e1rio:<\/strong> os port\u00f5es ser\u00e3o fechados \u00e0s 13h (hor\u00e1rio oficial de Bras\u00edlia), mas as provas s\u00f3 ser\u00e3o aplicadas 30 minutos depois.<\/p>\n<p><strong>Seguran\u00e7a:<\/strong> n\u00e3o ser\u00e1 poss\u00edvel utilizar o mesmo e-mail para fazer m\u00e3os de uma inscri\u00e7\u00e3o. O detector de metal ser\u00e1 usado os locais de prova.<\/p>\n<p><strong>Participantes:<\/strong> a estimativa \u00e9 de mais de 9 milh\u00f5es de inscritos. Em 2014 foram 8,7 milh\u00f5es.<\/p>\n<div><a href=\"https:\/\/www.novaconcursos.com.br\/apostila-concurso\/enem\" target=\"_blank\" rel=\"noopener noreferrer\"><img decoding=\"async\" class=\" size-full wp-image-36701 aligncenter\" src=\"https:\/\/www.novaconcursos.com.br\/portal\/wp-content\/uploads\/2014\/05\/enem-590x73.jpg\" alt=\"enem-590x73\" width=\"590\" height=\"72\" loading=\"lazy\" title=\"\" srcset=\"https:\/\/www.novaconcursos.com.br\/portal\/wp-content\/uploads\/2014\/05\/enem-590x73-300x37.jpg 300w, https:\/\/www.novaconcursos.com.br\/portal\/wp-content\/uploads\/2014\/05\/enem-590x73.jpg 590w\" sizes=\"auto, (max-width: 480px) 100vw, (max-width: 768px) 100vw, (max-width: 1200px) 70vw, 768px\"><\/a><\/div>","protected":false},"excerpt":{"rendered":"<p>O Minist\u00e9rio da Educa\u00e7\u00e3o acaba de lan\u00e7ar o edital do Enem (Exame Nacional do Ensino M\u00e9dio) no \u2018Di\u00e1rio Oficial da uni\u00e3o\u2019. Confira abaixo as principais informa\u00e7\u00f5es! Inscri\u00e7\u00f5es: os estudantes tem do dia 25 de maio, a partir das 10h, at\u00e9 5 de junho para se inscrever. A taxa \u00e9 de R$ 63 e pode ser [&hellip;]<\/p>\n","protected":false},"author":16,"featured_media":21834,"comment_status":"closed","ping_status":"closed","sticky":false,"template":"","format":"standard","meta":{"_acf_changed":false,"footnotes":"","_wp_rev_ctl_limit":""},"categories":[228],"tags":[13441,4901,4902,4280,4903,4904,4372,4373,4281,4375,4282,4283,4905,4906,4376,4377,4378,13442,13443,1211,4284,4285,4286,4287,4288,4289,4290,4380,4381,4382,4383,4384,4291,4292,4385,13444,13445,4293],"class_list":["post-20134","post","type-post","status-publish","format-standard","has-post-thumbnail","hentry","category-noticias","tag-analise-de-edital-enem-2015","tag-apostila-concurso-enem","tag-apostila-concurso-enem-2015","tag-apostila-enem-2014","tag-apostila-enem-2015","tag-apostila-vestibular-enem","tag-ciencias-da-natureza-e-suas-tecnologias","tag-ciencias-humanas-e-suas-tecnologias","tag-como-estudar-enem-2014","tag-como-estudar-pro-enem","tag-como-se-inscrever","tag-como-se-inscrever-para-o-enem-2015","tag-concurso-enem","tag-concurso-enem-2015","tag-dicas-de-redacao-do-enem","tag-dicas-enem","tag-dicas-para-o-enem","tag-edital-enem","tag-edital-enem-2015","tag-enem","tag-enem-exame-nacional-do-ensino-medio","tag-enem-exame-nacional-do-ensino-medio-2014","tag-enem-2014","tag-enem-2015","tag-exame-nacional-do-ensino-medio","tag-exame-nacional-do-ensino-medio-2014","tag-inscricoes-enem-2015","tag-linguagens-codigos-e-suas-tecnologias","tag-matematica-e-suas-tecnologias","tag-materias-do-enem","tag-materias-do-enem-2015","tag-materias-enem","tag-o-que-cai-no-exame-nacional-do-ensino-medio","tag-passo-a-passo-da-inscricao-do-enem-2015","tag-redacao-do-enem","tag-saiu-o-edital-enem","tag-saiu-o-edital-enem-2015","tag-vestibular-enem"],"acf":[],"_links":{"self":[{"href":"https:\/\/www.novaconcursos.com.br\/portal\/wp-json\/wp\/v2\/posts\/20134","targetHints":{"allow":["GET"]}}],"collection":[{"href":"https:\/\/www.novaconcursos.com.br\/portal\/wp-json\/wp\/v2\/posts"}],"about":[{"href":"https:\/\/www.novaconcursos.com.br\/portal\/wp-json\/wp\/v2\/types\/post"}],"author":[{"embeddable":true,"href":"https:\/\/www.novaconcursos.com.br\/portal\/wp-json\/wp\/v2\/users\/16"}],"replies":[{"embeddable":true,"href":"https:\/\/www.novaconcursos.com.br\/portal\/wp-json\/wp\/v2\/comments?post=20134"}],"version-history":[{"count":9,"href":"https:\/\/www.novaconcursos.com.br\/portal\/wp-json\/wp\/v2\/posts\/20134\/revisions"}],"predecessor-version":[{"id":112953,"href":"https:\/\/www.novaconcursos.com.br\/portal\/wp-json\/wp\/v2\/posts\/20134\/revisions\/112953"}],"wp:featuredmedia":[{"embeddable":true,"href":"https:\/\/www.novaconcursos.com.br\/portal\/wp-json\/wp\/v2\/media\/21834"}],"wp:attachment":[{"href":"https:\/\/www.novaconcursos.com.br\/portal\/wp-json\/wp\/v2\/media?parent=20134"}],"wp:term":[{"taxonomy":"category","embeddable":true,"href":"https:\/\/www.novaconcursos.com.br\/portal\/wp-json\/wp\/v2\/categories?post=20134"},{"taxonomy":"post_tag","embeddable":true,"href":"https:\/\/www.novaconcursos.com.br\/portal\/wp-json\/wp\/v2\/tags?post=20134"}],"curies":[{"name":"wp","href":"https:\/\/api.w.org\/{rel}","templated":true}]}}