{"id":201361,"date":"2023-08-02T09:12:52","date_gmt":"2023-08-02T12:12:52","guid":{"rendered":"https:\/\/www.novaconcursos.com.br\/portal\/?p=201361"},"modified":"2023-08-02T09:12:55","modified_gmt":"2023-08-02T12:12:55","slug":"concurso-see-sp-convocacao-para-prova-saiba-quais-locais","status":"publish","type":"post","link":"https:\/\/www.novaconcursos.com.br\/portal\/noticias\/concurso-see-sp-convocacao-para-prova-saiba-quais-locais\/","title":{"rendered":"Concurso SEE SP: Convoca\u00e7\u00e3o para a prova. Saiba quais s\u00e3o os locais!"},"content":{"rendered":"<p>A prova objetiva do <a href=\"https:\/\/www.novaconcursos.com.br\/portal\/concursos\/concurso-see-sp\/\">concurso SEE SP<\/a> ser\u00e1 aplicada no pr\u00f3ximo domingo, 6 de agosto, e os candidatos j\u00e1 podem conferir os locais de prova no site da Funda\u00e7\u00e3o Vunesp.<\/p>\n\n\n\n<p>A consulta pode ser realizada individualmente no site da banca, basta inserir o CPF ou e-mail utilizado no ato de inscri\u00e7\u00e3o.<\/p>\n\n\n\n<p>Entretanto, tamb\u00e9m \u00e9 poss\u00edvel realizar a consulta no edital de convoca\u00e7\u00e3o. Os locais est\u00e3o por ordem alfab\u00e9tica. Confira!<\/p>\n\n\n\n<p><strong>Edital de Convoca\u00e7\u00e3o<\/strong><\/p>\n\n\n\n<ul class=\"wp-block-list\"><li><a href=\"https:\/\/documento.vunesp.com.br\/documento\/stream\/NDUxMDE1Ng%3d%3d\" target=\"_blank\" rel=\"noreferrer noopener\">A a B<\/a><\/li>\n\n\n\n<li><a href=\"https:\/\/documento.vunesp.com.br\/documento\/stream\/NDUxMDExOA%3d%3d\" target=\"_blank\" rel=\"noreferrer noopener\">C a F<\/a><\/li>\n\n\n\n<li><a href=\"https:\/\/documento.vunesp.com.br\/documento\/stream\/NDUxMDExMA%3d%3d\" target=\"_blank\" rel=\"noreferrer noopener\">G a K<\/a><\/li>\n\n\n\n<li><a href=\"https:\/\/documento.vunesp.com.br\/documento\/stream\/NDUxMDA2Nw%3d%3d\" target=\"_blank\" rel=\"noreferrer noopener\">L a M<\/a><\/li>\n\n\n\n<li><a href=\"https:\/\/documento.vunesp.com.br\/documento\/stream\/NDUwODcwOA%3d%3d\" target=\"_blank\" rel=\"noreferrer noopener\">N a Z<\/a><\/li>\n<\/ul><p><\/p>\n\n\n\n<ul class=\"wp-block-list\"><li><strong>Confira:\u00a0<\/strong><a href=\"https:\/\/www.novaconcursos.com.br\/curso-online\/curso-trt-12-regiao-tecnico-judiciario-area-administrativa?promo_creative=Curso+Online+TRT+12%C2%AA+Regi%C3%A3o+%26%238211%3B+T%C3%A9cnico+Judici%C3%A1rio+%E2%80%93+%C3%81rea+Administrativa&amp;promo_name=noticia&amp;promo_id=%2Fportal&amp;promo_position=corpo-texto\">Curso Online TRT 12\u00aa Regi\u00e3o \u2013 T\u00e9cnico Judici\u00e1rio \u2013 \u00c1rea Administrativa<\/a><\/li>\n<\/ul><p><\/p>\n\n\n\n<figure class=\"wp-block-image\"><a href=\"https:\/\/www.novaconcursos.com.br\/eventos\/a-maior-onda-de-concursos-dos-ultimos-10-anos-blog\/?promo_creative=&amp;promo_name=noticia&amp;promo_id=%2Fportal&amp;promo_position=corpo-texto\"><img decoding=\"async\" width=\"910\" height=\"170\" src=\"https:\/\/www.novaconcursos.com.br\/portal\/wp-content\/uploads\/2023\/07\/a-maior-onda-de-concursos-historia-nova-concursos-1.png\" alt=\"\" class=\"wp-image-201013\" loading=\"lazy\" title=\"\" srcset=\"https:\/\/www.novaconcursos.com.br\/portal\/wp-content\/uploads\/2023\/07\/a-maior-onda-de-concursos-historia-nova-concursos-1-300x56.png 300w, https:\/\/www.novaconcursos.com.br\/portal\/wp-content\/uploads\/2023\/07\/a-maior-onda-de-concursos-historia-nova-concursos-1.png 910w\" sizes=\"auto, (max-width: 480px) 100vw, (max-width: 768px) 100vw, (max-width: 1200px) 70vw, 768px\"><\/a><\/figure><p><\/p>\n\n\n\n<h2 class=\"wp-block-heading\" id=\"como-sero-as-provas-do-concurso-see-sp\">Como ser\u00e3o as provas do concurso SEE SP?<\/h2>\n\n\n\n<p>As provas objetivas e discursivas ser\u00e3o aplicadas dia<strong>\u00a06 de agosto de 2023<\/strong>, em dois turnos:<\/p>\n\n\n\n<ul class=\"wp-block-list\"><li><strong>Manh\u00e3:\u00a0<\/strong>Arte, Biologia, Hist\u00f3ria, Educa\u00e7\u00e3o F\u00edsica, L\u00edngua Portuguesa, Matem\u00e1tica e Filosofia.<\/li>\n\n\n\n<li><strong>Tarde:<\/strong>\u00a0Ci\u00eancias, F\u00edsica, Geografia, Ingl\u00eas, Qu\u00edmica, Sociologia e Educa\u00e7\u00e3o Especial.<\/li>\n<\/ul><p><\/p>\n\n\n\n<p>Com dura\u00e7\u00e3o de quatro horas, a prova objetiva consistir\u00e1 em 30 quest\u00f5es de m\u00faltipla escolha, sendo 10 de conhecimentos gerais, did\u00e1ticos e pedag\u00f3gicos e 20 de conhecimentos espec\u00edficos.<\/p>\n\n\n\n<p>J\u00e1 a<strong>\u00a0prova discursiva\u00a0<\/strong>consistir\u00e1 em duas quest\u00f5es relacionadas a\u00a0temas do curr\u00edculo paulista, metodologia e estrutura de ensino.<\/p>\n\n\n\n<p>Lembrando que as provas ser\u00e3o aplicadas em diversas cidades, s\u00e3o elas:<\/p>\n\n\n\n<ul class=\"wp-block-list\"><li>S\u00e3o Paulo<\/li>\n\n\n\n<li>Guarulhos<\/li>\n\n\n\n<li>Campinas<\/li>\n\n\n\n<li>Caieiras<\/li>\n\n\n\n<li>Carapicu\u00edba<\/li>\n\n\n\n<li>Diadema<\/li>\n\n\n\n<li>Itapecerica da Serra<\/li>\n\n\n\n<li>Itapevi<\/li>\n\n\n\n<li>Itaquaquecetuba<\/li>\n\n\n\n<li>Mau\u00e1<\/li>\n\n\n\n<li>Mogi das Cruzes<\/li>\n\n\n\n<li>Osasco<\/li>\n\n\n\n<li>Santo Andr\u00e9<\/li>\n\n\n\n<li>S\u00e3o Bernardo do Campo<\/li>\n\n\n\n<li>Suzano<\/li>\n\n\n\n<li>Tabo\u00e3o da Serra<\/li>\n\n\n\n<li>Adamantina<\/li>\n\n\n\n<li>Americana<\/li>\n\n\n\n<li>Andradina<\/li>\n\n\n\n<li>Apia\u00ed<\/li>\n\n\n\n<li>Ara\u00e7atuba<\/li>\n\n\n\n<li>Araraquara<\/li>\n\n\n\n<li>Assis<\/li>\n\n\n\n<li>Avar\u00e9<\/li>\n\n\n\n<li>Barretos<\/li>\n\n\n\n<li>Bauru<\/li>\n\n\n\n<li>Birigui<\/li>\n\n\n\n<li>Botucatu<\/li>\n\n\n\n<li>Bragan\u00e7a Paulista<\/li>\n\n\n\n<li>Capivari<\/li>\n\n\n\n<li>Caraguatatuba<\/li>\n\n\n\n<li>Catanduva<\/li>\n\n\n\n<li>Fernand\u00f3polis<\/li>\n\n\n\n<li>Franca<\/li>\n\n\n\n<li>Guaratinguet\u00e1<\/li>\n\n\n\n<li>Itapetininga<\/li>\n\n\n\n<li>Itapeva<\/li>\n\n\n\n<li>Itarar\u00e9<\/li>\n\n\n\n<li>Itu<\/li>\n\n\n\n<li>Jaboticabal<\/li>\n\n\n\n<li>Jacare\u00ed<\/li>\n\n\n\n<li>Jales<\/li>\n\n\n\n<li>Ja\u00fa<\/li>\n\n\n\n<li>Jos\u00e9 Bonif\u00e1cio<\/li>\n\n\n\n<li>Jundia\u00ed<\/li>\n\n\n\n<li>Limeira<\/li>\n\n\n\n<li>Lins<\/li>\n\n\n\n<li>Mar\u00edlia<\/li>\n\n\n\n<li>Miracatu<\/li>\n\n\n\n<li>Mirante de Paranapanema<\/li>\n\n\n\n<li>Mogi Mirim<\/li>\n\n\n\n<li>Ourinhos<\/li>\n\n\n\n<li>Pen\u00e1polis<\/li>\n\n\n\n<li>Pindamonhangaba<\/li>\n\n\n\n<li>Piracicaba<\/li>\n\n\n\n<li>Piraju<\/li>\n\n\n\n<li>Pirassununga<\/li>\n\n\n\n<li>Presidente Prudente<\/li>\n\n\n\n<li>Registro<\/li>\n\n\n\n<li>Ribeir\u00e3o Preto<\/li>\n\n\n\n<li>Santo Anast\u00e1cio<\/li>\n\n\n\n<li>Santos<\/li>\n\n\n\n<li>S\u00e3o Carlos<\/li>\n\n\n\n<li>S\u00e3o Jo\u00e3o da Boa Vista<\/li>\n\n\n\n<li>S\u00e3o Joaquim da Barra<\/li>\n\n\n\n<li>S\u00e3o Jos\u00e9 do Rio Preto<\/li>\n\n\n\n<li>S\u00e3o Jos\u00e9 dos Campos<\/li>\n\n\n\n<li>S\u00e3o Roque<\/li>\n\n\n\n<li>S\u00e3o Vicente<\/li>\n\n\n\n<li>Sert\u00e3ozinho<\/li>\n\n\n\n<li>Sorocaba<\/li>\n\n\n\n<li>Sumar\u00e9<\/li>\n\n\n\n<li>Taquaritinga<\/li>\n\n\n\n<li>Taubat\u00e9<\/li>\n\n\n\n<li>Tup\u00e3<\/li>\n\n\n\n<li>Votorantim<\/li>\n\n\n\n<li>Votuporanga<\/li>\n<\/ul><p><\/p>\n\n\n\n<h2 class=\"wp-block-heading\" id=\"\"><\/h2>\n\n\n\n<p>Conforme consta no edital, o <strong>gabarito oficial preliminar <\/strong>ser\u00e1 divulgado no dia 10 de agosto e o per\u00edodo para interposi\u00e7\u00e3o de recursos ficar\u00e1 aberto nos dias 10, 11 e 14 de agosto.<\/p>\n\n\n\n<p>Os classificados ainda realizar\u00e3o outras <strong>duas etapas,<\/strong> s\u00e3o elas:<\/p>\n\n\n\n<ul class=\"wp-block-list\"><li>Prova T\u00e9cnica (em formato de v\u00eddeo-aula);<\/li>\n\n\n\n<li>Avalia\u00e7\u00e3o de T\u00edtulos.<\/li>\n<\/ul><p><\/p>\n\n\n\n<p>Na prova pr\u00e1tica ser\u00e1 necess\u00e1rio simular uma\u00a0<strong>aula gravada em v\u00eddeo<\/strong>, com dura\u00e7\u00e3o de cinco a sete minutos, sendo permitida a utiliza\u00e7\u00e3o de diferentes recursos de m\u00eddia, desde que o candidato apare\u00e7a na imagem durante toda a grava\u00e7\u00e3o.<\/p>\n\n\n\n<p>J\u00e1 na <strong>avalia\u00e7\u00e3o de t\u00edtulos, <\/strong>ser\u00e3o atribu\u00eddos pontos ao candidato, de acordo com o n\u00edvel de experi\u00eancia e especializa\u00e7\u00e3o.<\/p>\n\n\n\n<h2 class=\"wp-block-heading\" id=\"vagas-cargos-e-salrios\">Vagas, cargos e sal\u00e1rios<\/h2>\n\n\n\n<p>O concurso Secret\u00e1ria de Educa\u00e7\u00e3o do Estado de S\u00e3o Paulo \u00e9 o primeiro certame para efetivos em nova anos e est\u00e1 ofertando 15 mil vagas para professores distribu\u00eddas entre 77 munic\u00edpios do estado de SP,\u00a0sendo:<\/p>\n\n\n\n<ul class=\"wp-block-list\"><li><strong>Jornada 40h:\u00a0<\/strong>10.742 vagas<\/li>\n\n\n\n<li><strong>Jornada 25h:\u00a0<\/strong>4.258 vagas.<\/li>\n<\/ul><p><\/p>\n\n\n\n<p>As oportunidades est\u00e3o distribu\u00eddas entre as disciplinas de Biologia, Ci\u00eancias, Educa\u00e7\u00e3o Art\u00edstica (Artes), Educa\u00e7\u00e3o F\u00edsica, Filosofia, F\u00edsica, Geografia, Hist\u00f3ria, L\u00edngua Estrangeira\/Ingl\u00eas, L\u00edngua Portuguesa, Matem\u00e1tica, Qu\u00edmica e Sociologia.<\/p>\n\n\n\n<p>Posteriormente, os candidatos habilitados far\u00e3o jus a\u00a0<strong>remunera\u00e7\u00f5es iniciais<\/strong>\u00a0nos seguintes valores:<\/p>\n\n\n\n<ul class=\"wp-block-list\"><li>Jornada 40h:<strong>\u00a0R$ 3.125,00<\/strong><\/li>\n\n\n\n<li>Jornada 25h:\u00a0<strong>R$ 5.000,00<\/strong><\/li>\n<\/ul><p><\/p>\n\n\n\n<p>Lembrando que para investidura nos cargos \u00e9 necess\u00e1rio possuir<strong>\u00a0n\u00edvel superior de Licenciatura Plena\u00a0<\/strong>na respectiva \u00e1rea de interesse.<\/p>\n\n\n\n<p>Ap\u00f3s homologada, a sele\u00e7\u00e3o ter\u00e1\u00a0<strong>prazo de validade de dois anos<\/strong>, podendo ser prorrogada, uma \u00fanica vez, por igual per\u00edodo. Lembrando que a SEE SP pode utilizar esse tempo para convocar os candidatos aprovados conforme a necessidade de novos professores.<\/p>\n\n\n\n<p>Confira todos os detalhes do edital,\u00a0<a href=\"https:\/\/documento.vunesp.com.br\/documento\/stream\/MzUwMjk1NA%3d%3d\" target=\"_blank\" rel=\"noreferrer noopener\">clicando aqui!<\/a><\/p>","protected":false},"excerpt":{"rendered":"<p>A prova objetiva do concurso SEE SP ser\u00e1 aplicada no pr\u00f3ximo domingo, 6 de agosto, e os candidatos j\u00e1 podem conferir os locais de prova no site da Funda\u00e7\u00e3o Vunesp. A consulta pode ser realizada individualmente no site da banca, basta inserir o CPF ou e-mail utilizado no ato de inscri\u00e7\u00e3o. Entretanto, tamb\u00e9m \u00e9 poss\u00edvel [&hellip;]<\/p>\n","protected":false},"author":54679,"featured_media":168997,"comment_status":"closed","ping_status":"closed","sticky":false,"template":"","format":"standard","meta":{"_acf_changed":false,"footnotes":"","_wp_rev_ctl_limit":""},"categories":[228],"tags":[],"class_list":["post-201361","post","type-post","status-publish","format-standard","has-post-thumbnail","hentry","category-noticias"],"acf":[],"_links":{"self":[{"href":"https:\/\/www.novaconcursos.com.br\/portal\/wp-json\/wp\/v2\/posts\/201361","targetHints":{"allow":["GET"]}}],"collection":[{"href":"https:\/\/www.novaconcursos.com.br\/portal\/wp-json\/wp\/v2\/posts"}],"about":[{"href":"https:\/\/www.novaconcursos.com.br\/portal\/wp-json\/wp\/v2\/types\/post"}],"author":[{"embeddable":true,"href":"https:\/\/www.novaconcursos.com.br\/portal\/wp-json\/wp\/v2\/users\/54679"}],"replies":[{"embeddable":true,"href":"https:\/\/www.novaconcursos.com.br\/portal\/wp-json\/wp\/v2\/comments?post=201361"}],"version-history":[{"count":7,"href":"https:\/\/www.novaconcursos.com.br\/portal\/wp-json\/wp\/v2\/posts\/201361\/revisions"}],"predecessor-version":[{"id":201368,"href":"https:\/\/www.novaconcursos.com.br\/portal\/wp-json\/wp\/v2\/posts\/201361\/revisions\/201368"}],"wp:featuredmedia":[{"embeddable":true,"href":"https:\/\/www.novaconcursos.com.br\/portal\/wp-json\/wp\/v2\/media\/168997"}],"wp:attachment":[{"href":"https:\/\/www.novaconcursos.com.br\/portal\/wp-json\/wp\/v2\/media?parent=201361"}],"wp:term":[{"taxonomy":"category","embeddable":true,"href":"https:\/\/www.novaconcursos.com.br\/portal\/wp-json\/wp\/v2\/categories?post=201361"},{"taxonomy":"post_tag","embeddable":true,"href":"https:\/\/www.novaconcursos.com.br\/portal\/wp-json\/wp\/v2\/tags?post=201361"}],"curies":[{"name":"wp","href":"https:\/\/api.w.org\/{rel}","templated":true}]}}