{"id":201405,"date":"2023-08-02T12:02:34","date_gmt":"2023-08-02T15:02:34","guid":{"rendered":"https:\/\/www.novaconcursos.com.br\/portal\/?p=201405"},"modified":"2023-08-02T12:02:37","modified_gmt":"2023-08-02T15:02:37","slug":"concurso-prefeitura-de-fortaleza-2-mil-vagas","status":"publish","type":"post","link":"https:\/\/www.novaconcursos.com.br\/portal\/noticias\/concurso-prefeitura-de-fortaleza-2-mil-vagas\/","title":{"rendered":"Concurso Prefeitura de Fortaleza: Anunciado edital para sa\u00fade com 2 mil vagas!"},"content":{"rendered":"<p>O prefeito de Fortaleza, Jos\u00e9 Sarto, confirmou a realiza\u00e7\u00e3o do <a href=\"https:\/\/www.novaconcursos.com.br\/portal\/concursos-abertos\/\">concurso Prefeitura de Fortaleza<\/a> com mais de<strong> 2 mil vagas para \u00e1rea da Sa\u00fade<\/strong> ainda esse ano! <\/p>\n\n\n\n<p>A confirma\u00e7\u00e3o ocorreu na reabertura dos trabalhos da C\u00e2mara Municipal de Fortaleza, nesta ter\u00e7a-feira, (01\/08), em discurso para o Jornal O Povo.<\/p>\n\n\n\n<p>De acordo com ele, esse ser\u00e1 o <strong>maior concurso da hist\u00f3ria <\/strong>para \u00e1rea da Sa\u00fade e s\u00e3o esperadas oportunidades de n\u00edvel m\u00e9dio e superior em diversas especialidades.<\/p>\n\n\n\n<p>O prefeito tamb\u00e9m confirmou o concurso AMC (Autarquia Municipal de Tr\u00e2nsito e Cidadania) e o concurso Iplanfor (Instituto de Planejamento de Fortaleza). <\/p>\n\n\n\n<p>Se voc\u00ea tem interesse em alguma dessas oportunidades, fica comigo nessa p\u00e1gina para saber quais foram as \u00faltimas movimenta\u00e7\u00f5es do concurso Prefeitura de Fortaleza! <\/p>\n\n\n\n<ul class=\"wp-block-list\"><li><strong>Confira: <\/strong><a href=\"https:\/\/www.novaconcursos.com.br\/apostila\/concursos-prefeituras?q=APOSTILA%20PREFEITURA\">Apostila Concursos de Prefeituras<\/a><\/li>\n\n\n\n<li><strong>Confira: <\/strong><a href=\"https:\/\/www.novaconcursos.com.br\/eventos\/guia-definitivo-plano-de-estudos-passo-a-passo-v2\/\">Guia Definitivo \u2013 Plano de Estudos Passo a Passo \u2013 GR\u00c1TIS<\/a><\/li>\n<\/ul><p><\/p>\n\n\n\n<figure class=\"wp-block-image\"><a href=\"https:\/\/www.novaconcursos.com.br\/eventos\/a-maior-onda-de-concursos-dos-ultimos-10-anos-blog\/?promo_creative=&amp;promo_name=noticia&amp;promo_id=%2Fportal&amp;promo_position=corpo-texto\"><img decoding=\"async\" width=\"910\" height=\"170\" src=\"https:\/\/www.novaconcursos.com.br\/portal\/wp-content\/uploads\/2023\/07\/a-maior-onda-de-concursos-historia-nova-concursos-1.png\" alt=\"\" class=\"wp-image-201013\" loading=\"lazy\" title=\"\" srcset=\"https:\/\/www.novaconcursos.com.br\/portal\/wp-content\/uploads\/2023\/07\/a-maior-onda-de-concursos-historia-nova-concursos-1-300x56.png 300w, https:\/\/www.novaconcursos.com.br\/portal\/wp-content\/uploads\/2023\/07\/a-maior-onda-de-concursos-historia-nova-concursos-1.png 910w\" sizes=\"auto, (max-width: 480px) 100vw, (max-width: 768px) 100vw, (max-width: 1200px) 70vw, 768px\"><\/a><\/figure><p><\/p>\n\n\n\n<h2 class=\"wp-block-heading\" id=\"concurso-amc-fortaleza\">Concurso AMC Fortaleza<\/h2>\n\n\n\n<p>O concurso AMC Fortaleza j\u00e1 tem banca definida para o provimento de <strong>128 vagas de Agente de Tr\u00e2nsito, <\/strong>que exige o n\u00edvel m\u00e9dio de forma\u00e7\u00e3o e Carteira Nacional de Habilita\u00e7\u00e3o na categoria \u201cB\u201d.<\/p>\n\n\n\n<p>A sele\u00e7\u00e3o se dar\u00e1 mediante a aplica\u00e7\u00e3o de quatro etapas, s\u00e3o elas:<\/p>\n\n\n\n<ul class=\"wp-block-list\"><li>Prova Objetiva,\u00a0de car\u00e1ter eliminat\u00f3rio e classificat\u00f3rio;<\/li>\n\n\n\n<li>valia\u00e7\u00e3o Psicol\u00f3gica, de car\u00e1ter eliminat\u00f3rio;<\/li>\n\n\n\n<li>Prova de Capacidade F\u00edsica, de car\u00e1ter eliminat\u00f3rio;<\/li>\n\n\n\n<li>Curso de Forma\u00e7\u00e3o Profissional, de\u00a0car\u00e1ter eliminat\u00f3rio e classificat\u00f3rio.<\/li>\n<\/ul><p><\/p>\n\n\n\n<p>A expectativa \u00e9 edital no m\u00eas de agosto.<\/p>\n\n\n\n<p><em>\u201cNossa prioridade \u00e9 lan\u00e7ar nos pr\u00f3ximos 30 dias\u201d,<\/em> garantiu Sarto, em transmiss\u00e3o ao vivo nas redes sociais.<\/p>\n\n\n\n<p><\/p>\n\n\n\n<ul class=\"wp-block-list\"><li><strong>Saiba mais: <\/strong><a href=\"https:\/\/www.novaconcursos.com.br\/portal\/noticias\/concurso-amc-fortaleza-edital-ate-agosto\/\">Concurso AMC Fortaleza: Edital at\u00e9 12 de agosto?<\/a><\/li>\n<\/ul><p><\/p>\n\n\n\n<h2 class=\"wp-block-heading\" id=\"concurso-iplanfor\">Concurso Iplanfor<\/h2>\n\n\n\n<p>O\u00a0concurso iplanfor\u00a0deve ser realizado em breve, uma vez que foi criada e sancionada a Lei Complementar N\u00ba 0361, que regulamenta o\u00a0primeiro concurso p\u00fablico\u00a0do \u00f3rg\u00e3o.<\/p>\n\n\n\n<p>Ser\u00e3o ofertadas 60 vagas de\u00a0<strong>Analista de Planejamento e Inova\u00e7\u00e3o Urbana<\/strong>. A carreira exige n\u00edvel superior e oferece\u00a0<strong>sal\u00e1rio inicial\u00a0<\/strong>no valor de R$ 6.933,13.<\/p>\n\n\n\n<p>Al\u00e9m do sal\u00e1rio, o servidor faz jus a\u00a0<strong>Gratifica\u00e7\u00e3o de Desempenho por Atividade de Pol\u00edtica Urbana\u00a0<\/strong>(GDPU) de at\u00e9 40% sobre a primeira refer\u00eancia da terceira classe, e ao\u00a0<strong>Incentivo Qualifica\u00e7\u00e3o<\/strong>, onde uma porcentagem incide sobre o vencimento-base. <\/p>\n\n\n\n<p>A jornada de trabalho \u00e9 de\u00a0<strong>40 horas semanais.<\/strong><\/p>\n\n\n\n<p>O certame j\u00e1 conta com comiss\u00e3o de planejamento formada. Dessa forma, resta apenas a defini\u00e7\u00e3o da banca organizadora e assinatura do contrato para que o edital possa ser publicado.<\/p>\n\n\n\n<ul class=\"wp-block-list\"><li><strong>Confira: <\/strong><a href=\"https:\/\/www.novaconcursos.com.br\/mapa-mental\/sus-sistema-unico-de-saude-pdf?q=LEI%208080\">Mapas Mentais SUS \u2013 Sistema \u00danico de Sa\u00fade (Lei 8.142\/1990 e Lei 8.080\/1990) (PDF) <\/a><\/li>\n<\/ul><p><\/p>\n\n\n\n<h2 class=\"wp-block-heading\" id=\"concursos-previstos-prefeitura-de-fortaleza-\">Concursos previstos Prefeitura de Fortaleza <\/h2>\n\n\n\n<p>A Prefeitura de Fortaleza tem outros concursos previstos para cargos de\u00a0<strong>n\u00edvel m\u00e9dio e superior<\/strong>, s\u00e3o eles:<\/p>\n\n\n\n<ul class=\"wp-block-list\"><li>Autarquia Municipal de Tr\u00e2nsito e Cidadania (AMC)<\/li>\n\n\n\n<li>Secretaria Municipal da Sa\u00fade (SMS)<\/li>\n\n\n\n<li>Instituto de Planejamento de Fortaleza (Iplanfor)<\/li>\n\n\n\n<li>Secretaria Municipal das Finan\u00e7as (Sefin)<\/li>\n\n\n\n<li>Procuradoria Geral do Munic\u00edpio (PGM)<\/li>\n\n\n\n<li>Secretaria Municipal da Gest\u00e3o Regional (Seger)<\/li>\n\n\n\n<li>Secretaria Municipal do Urbanismo e Meio Ambiente (Seuma)<\/li>\n\n\n\n<li>Secretaria Municipal do Desenvolvimento Habitacional (Habitafor)<\/li>\n\n\n\n<li>Secretaria Municipal de Infraestrutura (Seinf)<\/li>\n\n\n\n<li>Autarquia de Regula\u00e7\u00e3o, Fiscaliza\u00e7\u00e3o e Controle dos Servi\u00e7os P\u00fablicos de Saneamento Ambiental (ACFor)<\/li>\n\n\n\n<li>Autarquia de Urbanismo e Paisagismo de Fortaleza (Urbfor)<\/li>\n\n\n\n<li>Instituto Dr. Jos\u00e9 Frota (IJF)<\/li>\n\n\n\n<li>Controladoria e Ouvidoria Geral do Munic\u00edpio<\/li>\n\n\n\n<li>Secretaria Municipal de Governo (Segov)<\/li>\n<\/ul><p><\/p>\n\n\n\n<p>De acordo com a autarquia, os concursos est\u00e3o em estudo e devem ser lan\u00e7ados no segundo semestre. Al\u00e9m disso, cada \u00f3rg\u00e3o ter\u00e1 seu pr\u00f3prio cronograma.<\/p>","protected":false},"excerpt":{"rendered":"<p>O prefeito de Fortaleza, Jos\u00e9 Sarto, confirmou a realiza\u00e7\u00e3o do concurso Prefeitura de Fortaleza com mais de 2 mil vagas para \u00e1rea da Sa\u00fade ainda esse ano! A confirma\u00e7\u00e3o ocorreu na reabertura dos trabalhos da C\u00e2mara Municipal de Fortaleza, nesta ter\u00e7a-feira, (01\/08), em discurso para o Jornal O Povo. De acordo com ele, esse ser\u00e1 [&hellip;]<\/p>\n","protected":false},"author":54679,"featured_media":161320,"comment_status":"closed","ping_status":"closed","sticky":false,"template":"","format":"standard","meta":{"_acf_changed":false,"footnotes":"","_wp_rev_ctl_limit":""},"categories":[228],"tags":[],"class_list":["post-201405","post","type-post","status-publish","format-standard","has-post-thumbnail","hentry","category-noticias"],"acf":[],"_links":{"self":[{"href":"https:\/\/www.novaconcursos.com.br\/portal\/wp-json\/wp\/v2\/posts\/201405","targetHints":{"allow":["GET"]}}],"collection":[{"href":"https:\/\/www.novaconcursos.com.br\/portal\/wp-json\/wp\/v2\/posts"}],"about":[{"href":"https:\/\/www.novaconcursos.com.br\/portal\/wp-json\/wp\/v2\/types\/post"}],"author":[{"embeddable":true,"href":"https:\/\/www.novaconcursos.com.br\/portal\/wp-json\/wp\/v2\/users\/54679"}],"replies":[{"embeddable":true,"href":"https:\/\/www.novaconcursos.com.br\/portal\/wp-json\/wp\/v2\/comments?post=201405"}],"version-history":[{"count":4,"href":"https:\/\/www.novaconcursos.com.br\/portal\/wp-json\/wp\/v2\/posts\/201405\/revisions"}],"predecessor-version":[{"id":201419,"href":"https:\/\/www.novaconcursos.com.br\/portal\/wp-json\/wp\/v2\/posts\/201405\/revisions\/201419"}],"wp:featuredmedia":[{"embeddable":true,"href":"https:\/\/www.novaconcursos.com.br\/portal\/wp-json\/wp\/v2\/media\/161320"}],"wp:attachment":[{"href":"https:\/\/www.novaconcursos.com.br\/portal\/wp-json\/wp\/v2\/media?parent=201405"}],"wp:term":[{"taxonomy":"category","embeddable":true,"href":"https:\/\/www.novaconcursos.com.br\/portal\/wp-json\/wp\/v2\/categories?post=201405"},{"taxonomy":"post_tag","embeddable":true,"href":"https:\/\/www.novaconcursos.com.br\/portal\/wp-json\/wp\/v2\/tags?post=201405"}],"curies":[{"name":"wp","href":"https:\/\/api.w.org\/{rel}","templated":true}]}}