{"id":201559,"date":"2023-08-03T14:48:46","date_gmt":"2023-08-03T17:48:46","guid":{"rendered":"https:\/\/www.novaconcursos.com.br\/portal\/?p=201559"},"modified":"2025-02-28T15:24:09","modified_gmt":"2025-02-28T18:24:09","slug":"concurso-tse-unificado-selecao-sera-pauta-de-reuniao-nos-proximos-dias","status":"publish","type":"post","link":"https:\/\/www.novaconcursos.com.br\/portal\/noticias\/concurso-tse-unificado-selecao-sera-pauta-de-reuniao-nos-proximos-dias\/","title":{"rendered":"Concurso TSE Unificado: Sele\u00e7\u00e3o ser\u00e1 pauta de reuni\u00e3o nos pr\u00f3ximos dias!"},"content":{"rendered":"<p>O\u00a0<a href=\"https:\/\/www.novaconcursos.com.br\/portal\/concursos\/concurso-tse\/\">Concurso TSE Unificado<\/a>\u00a0tem edital previsto para agosto de 2023; mas, o <strong>prazo ser\u00e1 cumprido<\/strong>? Nos pr\u00f3ximos dias, uma reuni\u00e3o tratar\u00e1 sobre a sele\u00e7\u00e3o; veja!<\/p>\n\n\n\n<p><\/p>\n\n\n\n<ul class=\"wp-block-list\"><li><strong>Confira: <\/strong><a href=\"https:\/\/www.novaconcursos.com.br\/curso-online\/curso-tre-unificado-tecnico-judiciario\">Curso TSE-UNIFICADO \u2013 T\u00e9cnico Judici\u00e1rio<\/a><\/li>\n<\/ul><p><\/p>\n\n\n\n<figure class=\"wp-block-image size-full\"><a href=\"https:\/\/www.novaconcursos.com.br\/eventos\/a-maior-onda-de-concursos-dos-ultimos-10-anos-blog\/\" target=\"_blank\" rel=\"noreferrer noopener\"><img decoding=\"async\" width=\"910\" height=\"170\" src=\"https:\/\/www.novaconcursos.com.br\/portal\/wp-content\/uploads\/2023\/07\/a-maior-onda-de-concursos-historia-nova-concursos-3.png\" alt=\"\" class=\"wp-image-201164\" loading=\"lazy\" title=\"\" srcset=\"https:\/\/www.novaconcursos.com.br\/portal\/wp-content\/uploads\/2023\/07\/a-maior-onda-de-concursos-historia-nova-concursos-3-300x56.png 300w, https:\/\/www.novaconcursos.com.br\/portal\/wp-content\/uploads\/2023\/07\/a-maior-onda-de-concursos-historia-nova-concursos-3.png 910w\" sizes=\"auto, (max-width: 480px) 100vw, (max-width: 768px) 100vw, (max-width: 1200px) 70vw, 768px\"><\/a><figcaption><\/figcaption><\/figure><h2 class=\"wp-block-heading\" id=\"editais-do-concurso-tse-saem-em-2023-ou-no\">Editais do concurso TSE saem em 2023 ou n\u00e3o?<\/h2>\n\n\n\n<p>Esta d\u00favida vem acontecendo desde que o edital foi anunciado, ainda no come\u00e7o do ano. Certo \u00e9 que o Tribunal Superior Eleitoral segue\u00a0<strong>preparando\u00a0<\/strong>um novo\u00a0<a href=\"https:\/\/www.novaconcursos.com.br\/portal\/concursos-previstos\/nacional\">concurso<\/a>\u00a0unificado da Justi\u00e7a Eleitoral.<\/p>\n\n\n\n<ul class=\"wp-block-list\"><li><strong>Confira:<\/strong> <a href=\"https:\/\/www.novaconcursos.com.br\/eventos\/guia-definitivo-plano-de-estudos-passo-a-passo-v2\/\">Guia plano de estudos \u2013 passo a passo<\/a><\/li>\n<\/ul><p><\/p>\n\n\n\n<p>Entretanto, n\u00e3o h\u00e1 ainda nenhum prazo para que ele possa ser publicado, isso porque antes ele tinha sido anunciado para agosto, mas <strong>deve atrasar.<\/strong><\/p>\n\n\n\n<p>Na pr\u00f3xima semana, a sele\u00e7\u00e3o ser\u00e1 tratada durante o 82\u00ba Col\u00e9gio de Presidentes dos Tribunais Regionais Eleitorais\u00a0(Coptrel), que acontece de 17 a 19 de agosto, no Esp\u00edrito Santo.\u00a0<\/p>\n\n\n\n<p>Vale destacar que a pauta do 82\u00ba Coptrel ainda vai se <strong>finalizar<\/strong>, mas j\u00e1 \u00e9 certo que o concurso ser\u00e1 um dos principais assuntos. <\/p>\n\n\n\n<p>Recentemente surgiram informa\u00e7\u00f5es nas redes sociais de que o tribunal teria\u00a0<strong>desistido de realizar<\/strong>\u00a0o concurso unificado, por n\u00e3o encontrar tempo h\u00e1bil para aplica\u00e7\u00e3o de provas em 2023.<\/p>\n\n\n\n<p><a href=\"https:\/\/www.novaconcursos.com.br\/portal\/noticias\/concurso-tse-unificado-edital-no-segundo-semestre-entenda\/\">Edital no segundo semestre ou s\u00f3 em 2024? Entenda!<\/a><\/p>\n\n\n\n<p>Segundo as informa\u00e7\u00f5es, que rodaram no dia 27 de julho, bancas teriam alegado dificuldades na oferta de pr\u00e9dios para a aplica\u00e7\u00e3o das avalia\u00e7\u00f5es nas capitais.\u00a0Mas, o\u00a0<strong>TSE desmentiu<\/strong>!<\/p>\n\n\n\n<blockquote class=\"wp-block-quote is-layout-flow wp-block-quote-is-layout-flow\">\n<p><em>\u201cA informa\u00e7\u00e3o n\u00e3o procede. O setor respons\u00e1vel nos informou que n\u00e3o h\u00e1, no momento, quaisquer novidades sobre a realiza\u00e7\u00e3o do concurso. Reiteramos que as atualiza\u00e7\u00f5es sobre o certame vir\u00e3o com a publica\u00e7\u00e3o da respectiva resolu\u00e7\u00e3o que trata do tema, que ser\u00e1 amplamente divulgada nos canais de comunica\u00e7\u00e3o do Tribunal\u201d,<\/em>\u00a0informou, em nota oficial.<\/p>\n<\/blockquote>\n\n\n\n<p><a href=\"https:\/\/www.novaconcursos.com.br\/portal\/noticias\/concurso-tse-unificado-2023-presidentes-pedem-cronograma\/\">Presidentes do TRE\u2019s pedem cronograma da sele\u00e7\u00e3o!<\/a><\/p>\n\n\n\n<h3 class=\"wp-block-heading\">Primeira reuni\u00e3o repercute\u00a0<\/h3>\n\n\n\n<p>Na \u00faltima quarta-feira (26\/08), a Fenajufe esteve reunida com Rui Moreira, diretor-geral do Tribunal Superior Eleitoral e tamb\u00e9m tratou sobre o concurso. <\/p>\n\n\n\n<p>Assim, os dirigentes expuseram <strong>preocupa\u00e7\u00e3o <\/strong>com a demora do edital unificado e com o preenchimento dos cargos vagos a tempo para as elei\u00e7\u00f5es municipais de 2024.<\/p>\n\n\n\n<blockquote class=\"wp-block-quote is-layout-flow wp-block-quote-is-layout-flow\">\n<p><em>\u201cA categoria tem acompanhado a pauta h\u00e1 meses e cobra uma posi\u00e7\u00e3o definitiva. Al\u00e9m disso, mencionaram not\u00edcia que circulou em alguns estados de que o concurso n\u00e3o seria mais realizado centralizadamente<\/em>\u201c, disse a Fenajufe.<\/p>\n\n\n\n<p>Por isso, a Fenajufe informou que o TSE espera a conclus\u00e3o de uma consulta t\u00e9cnica a empresas, para formalizar uma <strong>decis\u00e3o administrativa,<\/strong> nos pr\u00f3ximos 15 dias.<\/p>\n<\/blockquote>\n\n\n\n<h2 class=\"wp-block-heading\" id=\"concurso-tse-quais-as-vantagens-do-edital-unificado\">Concurso TSE: quais as vantagens do edital unificado?<\/h2>\n\n\n\n<p>Lembrando que o concurso unificado funciona com um \u00fanico edital publicado com vagas para o TSE e para os Tribunais Regionais Eleitorais que manifestem interesse em preencher cargos vagos.<\/p>\n\n\n\n<p>Mas, haver\u00e3o duas carreiras contempladas, ent\u00e3o, dois editais da maneira descrita acima: um para\u00a0<strong>t\u00e9cnico judici\u00e1rio\u00a0<\/strong>e outro para\u00a0<strong>analista judici\u00e1rio<\/strong>.\u00a0Confira porque o edital unificado seria v\u00e1lido:<\/p>\n\n\n\n<ul class=\"wp-block-list\"><li><strong>Concorr\u00eancia dividida: c<\/strong>om um \u00fanico edital, os candidatos n\u00e3o podem tentar a prova para outros estados. Menor concorr\u00eancia.<\/li>\n\n\n\n<li><strong>Conte\u00fado e n\u00edvel de prova padronizados:\u00a0<\/strong>todos os candidatos ser\u00e3o submetidos ao mesmo conte\u00fado e ao mesmo n\u00edvel de dificuldade nas provas.<\/li>\n\n\n\n<li><strong>Evita conflitos de datas:<\/strong>\u00a0risco menor com o TSE respons\u00e1vel pela organiza\u00e7\u00e3o do concurso<\/li>\n\n\n\n<li><strong>Banca \u00fanica:<\/strong>\u00a0a contrata\u00e7\u00e3o de uma \u00fanica banca organizadora permite um foco mais direcionado no perfil da banca.<\/li>\n\n\n\n<li><strong>Previs\u00e3o de edital mais r\u00e1pida:<\/strong>\u00a0a divulga\u00e7\u00e3o de um edital abrangente pelo TSE para todos os estados pode agilizar o processo.<\/li>\n<\/ul><p><\/p>\n\n\n\n<p>E quais as desvantagens? Veja abaixo:<\/p>\n\n\n\n<ul class=\"wp-block-list\"><li><strong>Menos editais publicados:<\/strong>\u00a0a consolida\u00e7\u00e3o das vagas em um \u00fanico edital resulta em menos oportunidades.<\/li>\n\n\n\n<li><strong>Menos provas aplicadas: c<\/strong>om apenas uma prova, o candidato tem somente uma chance de passar na sele\u00e7\u00e3o<\/li>\n\n\n\n<li><strong>Limita\u00e7\u00e3o na diversidade de bancas: c<\/strong>aso o candidato tenha dificuldades com o perfil da banca escolhida pelo TSE, n\u00e3o h\u00e1 outras alternativas.<\/li>\n<\/ul><p><\/p>\n\n\n\n<h2 class=\"wp-block-heading\" id=\"quantos-tribunais-participaro-do-concurso-tse-unificado\">Quantos tribunais participar\u00e3o do concurso TSE unificado?<\/h2>\n\n\n\n<p>De acordo com a secret\u00e1ria de Gest\u00e3o de Pessoas do tribunal, Thayanne Fonseca, ao todo\u00a025 Tribunais Regionais Eleitorais (TREs) manifestaram interesse\u00a0em participar do novo\u00a0<a href=\"https:\/\/www.novaconcursos.com.br\/portal\/concursos-abertos\/nacional\">concurso<\/a>.\u00a0<\/p>\n\n\n\n<p>Um deles \u00e9 o\u00a0<strong>TRE do Rio de Janeiro,<\/strong>\u00a0mas que disse\u00a0n\u00e3o tem certeza sobre sua participa\u00e7\u00e3o, pois conta com sele\u00e7\u00e3o v\u00e1lida at\u00e9 este ano, podendo ter novas nomea\u00e7\u00f5es em breve.\u00a0<\/p>\n\n\n\n<p><em>\u201cJustamente pela validade do atual concurso do Tribunal Regional Eleitoral do Rio de Janeiro (TRE RJ), cuja vig\u00eancia vai at\u00e9 novembro deste ano, ainda n\u00e3o est\u00e1 confirmada a nossa participa\u00e7\u00e3o no certame da Justi\u00e7a Eleitoral\u201d<\/em>, disse o \u00f3rg\u00e3o.<\/p>\n\n\n\n<p><a href=\"https:\/\/www.novaconcursos.com.br\/portal\/noticias\/concurso-tse-unificado-tre-ce-solicita-vagas-para-policia-judiciaria-eleitoral\/\">TRE CE solicita vagas para Pol\u00edcia Judici\u00e1ria Eleitoral!<\/a><\/p>\n\n\n\n<h3 class=\"wp-block-heading\">Requisitos e sal\u00e1rios<\/h3>\n\n\n\n<p>Lembrando que o n\u00famero de vagas ainda n\u00e3o est\u00e1 confirmado, mas ambos os cargos citados acima t\u00eam como requisito, no momento, o\u00a0<strong>n\u00edvel superior completo<\/strong>. Veja os sal\u00e1rios:<\/p>\n\n\n\n<ul class=\"wp-block-list\"><li><strong>T\u00e9cnicos judici\u00e1rios:<\/strong>\u00a0R$8.046,86, sendo R$3.352,86, de vencimento b\u00e1sico e R$4.694 de Gratifica\u00e7\u00e3o por Atividade Jur\u00eddica (GAJ);\u00a0<\/li>\n\n\n\n<li><strong>Analistas judici\u00e1rios:<\/strong>\u00a0R$13.202,64, sendo R$5.501,1 de vencimento b\u00e1sico e R$7.701,54 de Gratifica\u00e7\u00e3o por Atividade Jur\u00eddica (GAJ).\u00a0<\/li>\n<\/ul><p><\/p>\n\n\n\n<p>Al\u00e9m disso, j\u00e1 est\u00e1 confirmado que, al\u00e9m das vagas imediatas, tamb\u00e9m dever\u00e3o se formar\u00a0<strong>cadastros reserva<\/strong>, para utiliza\u00e7\u00e3o durante a validade do certame.<\/p>\n\n\n\n<p><a href=\"https:\/\/www.novaconcursos.com.br\/portal\/artigos\/concurso-tse-unificado-provas-anteriores-para-praticar\/\">Concurso TSE Unificado: Provas anteriores para praticar!<\/a><\/p>","protected":false},"excerpt":{"rendered":"<p>O\u00a0Concurso TSE Unificado\u00a0tem edital previsto para agosto de 2023; mas, o prazo ser\u00e1 cumprido? Nos pr\u00f3ximos dias, uma reuni\u00e3o tratar\u00e1 sobre a sele\u00e7\u00e3o; veja! Editais do concurso TSE saem em 2023 ou n\u00e3o? Esta d\u00favida vem acontecendo desde que o edital foi anunciado, ainda no come\u00e7o do ano. Certo \u00e9 que o Tribunal Superior Eleitoral [&hellip;]<\/p>\n","protected":false},"author":54671,"featured_media":158763,"comment_status":"closed","ping_status":"closed","sticky":false,"template":"","format":"standard","meta":{"_acf_changed":false,"footnotes":"","_wp_rev_ctl_limit":""},"categories":[228],"tags":[],"class_list":["post-201559","post","type-post","status-publish","format-standard","has-post-thumbnail","hentry","category-noticias"],"acf":[],"_links":{"self":[{"href":"https:\/\/www.novaconcursos.com.br\/portal\/wp-json\/wp\/v2\/posts\/201559","targetHints":{"allow":["GET"]}}],"collection":[{"href":"https:\/\/www.novaconcursos.com.br\/portal\/wp-json\/wp\/v2\/posts"}],"about":[{"href":"https:\/\/www.novaconcursos.com.br\/portal\/wp-json\/wp\/v2\/types\/post"}],"author":[{"embeddable":true,"href":"https:\/\/www.novaconcursos.com.br\/portal\/wp-json\/wp\/v2\/users\/54671"}],"replies":[{"embeddable":true,"href":"https:\/\/www.novaconcursos.com.br\/portal\/wp-json\/wp\/v2\/comments?post=201559"}],"version-history":[{"count":8,"href":"https:\/\/www.novaconcursos.com.br\/portal\/wp-json\/wp\/v2\/posts\/201559\/revisions"}],"predecessor-version":[{"id":273787,"href":"https:\/\/www.novaconcursos.com.br\/portal\/wp-json\/wp\/v2\/posts\/201559\/revisions\/273787"}],"wp:featuredmedia":[{"embeddable":true,"href":"https:\/\/www.novaconcursos.com.br\/portal\/wp-json\/wp\/v2\/media\/158763"}],"wp:attachment":[{"href":"https:\/\/www.novaconcursos.com.br\/portal\/wp-json\/wp\/v2\/media?parent=201559"}],"wp:term":[{"taxonomy":"category","embeddable":true,"href":"https:\/\/www.novaconcursos.com.br\/portal\/wp-json\/wp\/v2\/categories?post=201559"},{"taxonomy":"post_tag","embeddable":true,"href":"https:\/\/www.novaconcursos.com.br\/portal\/wp-json\/wp\/v2\/tags?post=201559"}],"curies":[{"name":"wp","href":"https:\/\/api.w.org\/{rel}","templated":true}]}}