{"id":202165,"date":"2023-08-10T17:11:43","date_gmt":"2023-08-10T20:11:43","guid":{"rendered":"https:\/\/www.novaconcursos.com.br\/portal\/?p=202165"},"modified":"2023-08-10T17:11:46","modified_gmt":"2023-08-10T20:11:46","slug":"concurso-pm-sp-oficial-divulgado-os-locais-de-prova-confira","status":"publish","type":"post","link":"https:\/\/www.novaconcursos.com.br\/portal\/noticias\/concurso-pm-sp-oficial-divulgado-os-locais-de-prova-confira\/","title":{"rendered":"Concurso PM SP Oficial: Divulgado os locais de prova. Confira!"},"content":{"rendered":"<p>J\u00e1 conferiu seu local de prova do\u00a0<a href=\"https:\/\/www.novaconcursos.com.br\/portal\/concursos\/concurso-pm-sp\/\">concurso da PM SP<\/a>\u00a0(Pol\u00edcia Militar de S\u00e3o Paulo), concurseiro? S\u00e3o 200 vagas para\u00a0<strong>Aluno Oficial<\/strong>. As provas acontecem dia <strong>20 de agosto\u00a0<\/strong>de 2023.<\/p>\n\n\n\n<ul class=\"wp-block-list\"><li><strong>Confira: <\/strong><a href=\"https:\/\/www.novaconcursos.com.br\/livro\/1000-questoes-gabaritadas-pm-sp-cfo\">Caderno 1.000 Quest\u00f5es Gabaritadas PM-SP \u2013 CFO \u2013 Aluno Oficial<\/a><\/li>\n\n\n\n<li><strong>Confira:<\/strong> <a href=\"https:\/\/www.novaconcursos.com.br\/livro\/1000-questoes-gabaritadas-vunesp\">Livro 1.000 Quest\u00f5es Gabaritadas da Vunesp<\/a><\/li>\n<\/ul><p><\/p>\n\n\n\n<p>Estude para o concurso dos seus sonhos com o\u00a0<strong>M\u00e9todo<\/strong>\u00a0que j\u00e1 ajudou na\u00a0<strong>aprova\u00e7\u00e3o de mais de 70 mil alunos.<\/strong>\u00a0<a href=\"https:\/\/aprovacao.novaconcursos.com.br\/assinatura\" target=\"_blank\" rel=\"noreferrer noopener\">Clique aqui<\/a>\u00a0e saiba mais!<\/p>\n\n\n\n<h2 class=\"wp-block-heading\" id=\"quando-acontecem-as-provas-do-concurso-pm-sp-oficial\">Quando acontecem as provas do concurso PM SP Oficial?<\/h2>\n\n\n\n<p>Portanto, as provas objetivas do concurso da Pol\u00edcia Militar de <a href=\"https:\/\/www.novaconcursos.com.br\/portal\/concursos-previstos\/sp\/\">S\u00e3o Paulo<\/a> ser\u00e3o aplicadas no pr\u00f3ximo dia <strong>20 de agosto\u00a0<\/strong>de 2023.<\/p>\n\n\n\n<p>Por isso, os locais de aplica\u00e7\u00e3o da avalia\u00e7\u00e3o est\u00e3o publicadas! <a href=\"https:\/\/documento.vunesp.com.br\/documento\/stream\/NDcwMDQ0MQ%3d%3d\" target=\"_blank\" rel=\"noreferrer noopener\">Confira os locais de prova, clicando aqui!<\/a><\/p>\n\n\n\n<p>De acordo com informa\u00e7\u00f5es preliminares, foram registradas <strong>14.878 candidatos inscritos<\/strong>! Haver\u00e1 aplica\u00e7\u00e3o em 11 cidades.<\/p>\n\n\n\n<p>Assim, os exames\u00a0<strong>acontecer\u00e3o\u00a0<\/strong>em Ara\u00e7atuba, Bauru, Campinas, Piracicaba, Presidente Prudente, Ribeir\u00e3o Preto, Santos, S\u00e3o Jos\u00e9 do Rio Preto, S\u00e3o Jos\u00e9 dos Campos, S\u00e3o Paulo e Sorocaba.<\/p>\n\n\n\n<h3 class=\"wp-block-heading\">O que estudar?<\/h3>\n\n\n\n<p>Ent\u00e3o, a prova ter\u00e1\u00a0<strong>80 quest\u00f5es\u00a0<\/strong>de m\u00faltipla escolha, al\u00e9m de uma reda\u00e7\u00e3o com at\u00e9 30 linhas. Assim, confira as disciplinas da objetiva:<\/p>\n\n\n\n<ul class=\"wp-block-list\"><li>l\u00edngua portuguesa;<\/li>\n\n\n\n<li>l\u00edngua inglesa ou espanhola;<\/li>\n\n\n\n<li>matem\u00e1tica;<\/li>\n\n\n\n<li>f\u00edsica;<\/li>\n\n\n\n<li>qu\u00edmica;<\/li>\n\n\n\n<li>biologia;<\/li>\n\n\n\n<li>hist\u00f3ria;<\/li>\n\n\n\n<li>filosofia;<\/li>\n\n\n\n<li>sociologia;<\/li>\n\n\n\n<li>geografia;<\/li>\n\n\n\n<li>inform\u00e1tica;<\/li>\n\n\n\n<li>administra\u00e7\u00e3o p\u00fablica.<\/li>\n<\/ul><p><\/p>\n\n\n\n<p>Al\u00e9m disso, as<strong>\u00a0demais fases<\/strong>\u00a0do concurso incluem: exames de aptid\u00e3o f\u00edsica; exames de sa\u00fade; exames psicol\u00f3gicos; avalia\u00e7\u00e3o da conduta social, da reputa\u00e7\u00e3o e da idoneidade; an\u00e1lise de documentos.<\/p>\n\n\n\n<p>Por fim, em caso de d\u00favidas, os candidatos podem obter mais\u00a0<strong>informa\u00e7\u00f5es\u00a0<\/strong>com a banca <a href=\"https:\/\/www.vunesp.com.br\/PMES2301\" target=\"_blank\" rel=\"noreferrer noopener\">Vunesp<\/a> por meio do telefone (11) 3874-6300, em dias \u00fateis, das 8h \u00e0s 18h.<\/p>\n\n\n\n<h2 class=\"wp-block-heading\" id=\"quais-as-vagas-cargos-e-salrios-do-concurso-pm-sp-barro-bran\">Quais as vagas, cargos e sal\u00e1rios do concurso PM SP \u2013 Barro Branco?<\/h2>\n\n\n\n<p>Sendo assim, o concurso da Pol\u00edcia Militar de\u00a0<a href=\"https:\/\/www.novaconcursos.com.br\/portal\/concursos-abertos\/sp\/\">S\u00e3o Paulo<\/a>\u00a0oferta<strong>\u00a0200 vagas<\/strong>\u00a0para os cargos de Aluno-Oficial PM, com remunera\u00e7\u00e3o inicial de\u00a0<strong>R$ 3.815.<\/strong><\/p>\n\n\n\n<p>Vale destacar que esse valor \u00e9 durante o per\u00edodo de estudos (<strong>tr\u00eas anos letivos<\/strong>). Os aprovados cursar\u00e3o bacharelado em ci\u00eancias policiais de seguran\u00e7a e ordem p\u00fablica.<\/p>\n\n\n\n<p>Ap\u00f3s a formatura e a conclus\u00e3o do est\u00e1gio probat\u00f3rio, j\u00e1 no posto de Segundo-Tenente, os vencimentos s\u00e3o acima de\u00a0<strong>R$ 8.253,80 + benef\u00edcios como R$ 785,64 de insalubridade (esse valor j\u00e1 \u00e9 com o reajuste aprovado na Alesp)<\/strong>. Veja:<\/p>\n\n\n\n<figure class=\"wp-block-image\"><a href=\"https:\/\/www.novaconcursos.com.br\/portal\/wp-content\/uploads\/2023\/05\/valores.jpg\"><img decoding=\"async\" width=\"976\" height=\"504\" src=\"https:\/\/www.novaconcursos.com.br\/portal\/wp-content\/uploads\/2023\/05\/valores.jpg\" alt=\"\" class=\"wp-image-195030\" loading=\"lazy\" title=\"\" srcset=\"https:\/\/www.novaconcursos.com.br\/portal\/wp-content\/uploads\/2023\/05\/valores-300x155.jpg 300w, https:\/\/www.novaconcursos.com.br\/portal\/wp-content\/uploads\/2023\/05\/valores.jpg 976w\" sizes=\"auto, (max-width: 480px) 100vw, (max-width: 768px) 100vw, (max-width: 1200px) 70vw, 768px\"><\/a><\/figure><p>Ademais, segundo o edital, as oportunidades s\u00e3o para estudar na\u00a0<strong>Academia do Barro Branco,\u00a0<\/strong>localizada na capital paulista.\u00a0<\/p>\n\n\n\n<p>Entretanto, o candidato deve ter\u00a0<strong>idade\u00a0<\/strong>m\u00ednima de 17 anos e m\u00e1xima de 30, exceto para o candidato pertencente aos quadros da PM\/SP.<\/p>\n\n\n\n<p>Al\u00e9m disso, a<strong>\u00a0altura m\u00ednima<\/strong>\u00a0cobrada \u00e9 de 1m55 para mulheres e de 1m60 para homens.\u00a0Ainda h\u00e1 mais requisitos b\u00e1sicos descritos no edital.<\/p>\n\n\n\n<h2 class=\"wp-block-heading\" id=\"nova-concursos-prepara-reviso-do-concurso-pm-sp\">NOVA CONCURSOS prepara revis\u00e3o do concurso PM SP<\/h2>\n\n\n\n<p>FIQUE ATENTO, concurseiro! A NOVA CONCURSOS preparando uma semana de revis\u00e3o, com v\u00eddeoaulas ao vivo, no seu canal do Youtube. E \u00e9 a partir de segunda-feira (14\/08\/2023)!<\/p>\n\n\n\n<p><strong>Se inscreva em nosso canal (<a href=\"https:\/\/www.youtube.com\/user\/GrupoNovaConcursos\" target=\"_blank\" rel=\"noreferrer noopener\">CLIQUE AQUI<\/a>)<\/strong> <strong>para ser avisado quando a aula come\u00e7ar<\/strong> e n\u00e3o perca essa oportunidade! <\/p>\n\n\n\n<p>Ainda, confira o raio x avan\u00e7ado e plano de estudos de quando o edital foi publicado:<\/p>\n\n\n\n<figure class=\"wp-block-embed is-type-video is-provider-youtube wp-block-embed-youtube wp-embed-aspect-16-9 wp-has-aspect-ratio\"><div class=\"wp-block-embed__wrapper\">\n<iframe loading=\"lazy\" title=\"Concurso PM-SP (Aluno-Oficial) - Raio-X + Plano de Estudos p\u00f3s-edital!\" width=\"500\" height=\"281\" src=\"https:\/\/www.youtube.com\/embed\/04BdkkceoaU?start=328&amp;feature=oembed\" frameborder=\"0\" allow=\"accelerometer; autoplay; clipboard-write; encrypted-media; gyroscope; picture-in-picture; web-share\" referrerpolicy=\"strict-origin-when-cross-origin\" allowfullscreen><\/iframe>\n<\/div><\/figure>","protected":false},"excerpt":{"rendered":"<p>J\u00e1 conferiu seu local de prova do\u00a0concurso da PM SP\u00a0(Pol\u00edcia Militar de S\u00e3o Paulo), concurseiro? S\u00e3o 200 vagas para\u00a0Aluno Oficial. As provas acontecem dia 20 de agosto\u00a0de 2023. Estude para o concurso dos seus sonhos com o\u00a0M\u00e9todo\u00a0que j\u00e1 ajudou na\u00a0aprova\u00e7\u00e3o de mais de 70 mil alunos.\u00a0Clique aqui\u00a0e saiba mais! Quando acontecem as provas do concurso [&hellip;]<\/p>\n","protected":false},"author":54671,"featured_media":158005,"comment_status":"closed","ping_status":"closed","sticky":false,"template":"","format":"standard","meta":{"_acf_changed":false,"footnotes":"","_wp_rev_ctl_limit":""},"categories":[228],"tags":[],"class_list":["post-202165","post","type-post","status-publish","format-standard","has-post-thumbnail","hentry","category-noticias"],"acf":[],"_links":{"self":[{"href":"https:\/\/www.novaconcursos.com.br\/portal\/wp-json\/wp\/v2\/posts\/202165","targetHints":{"allow":["GET"]}}],"collection":[{"href":"https:\/\/www.novaconcursos.com.br\/portal\/wp-json\/wp\/v2\/posts"}],"about":[{"href":"https:\/\/www.novaconcursos.com.br\/portal\/wp-json\/wp\/v2\/types\/post"}],"author":[{"embeddable":true,"href":"https:\/\/www.novaconcursos.com.br\/portal\/wp-json\/wp\/v2\/users\/54671"}],"replies":[{"embeddable":true,"href":"https:\/\/www.novaconcursos.com.br\/portal\/wp-json\/wp\/v2\/comments?post=202165"}],"version-history":[{"count":4,"href":"https:\/\/www.novaconcursos.com.br\/portal\/wp-json\/wp\/v2\/posts\/202165\/revisions"}],"predecessor-version":[{"id":202173,"href":"https:\/\/www.novaconcursos.com.br\/portal\/wp-json\/wp\/v2\/posts\/202165\/revisions\/202173"}],"wp:featuredmedia":[{"embeddable":true,"href":"https:\/\/www.novaconcursos.com.br\/portal\/wp-json\/wp\/v2\/media\/158005"}],"wp:attachment":[{"href":"https:\/\/www.novaconcursos.com.br\/portal\/wp-json\/wp\/v2\/media?parent=202165"}],"wp:term":[{"taxonomy":"category","embeddable":true,"href":"https:\/\/www.novaconcursos.com.br\/portal\/wp-json\/wp\/v2\/categories?post=202165"},{"taxonomy":"post_tag","embeddable":true,"href":"https:\/\/www.novaconcursos.com.br\/portal\/wp-json\/wp\/v2\/tags?post=202165"}],"curies":[{"name":"wp","href":"https:\/\/api.w.org\/{rel}","templated":true}]}}