{"id":202227,"date":"2023-08-11T11:21:30","date_gmt":"2023-08-11T14:21:30","guid":{"rendered":"https:\/\/www.novaconcursos.com.br\/portal\/?p=202227"},"modified":"2023-08-11T11:21:32","modified_gmt":"2023-08-11T14:21:32","slug":"concurso-mec-edital-retificado-mudanca-no-conteudo-programatico","status":"publish","type":"post","link":"https:\/\/www.novaconcursos.com.br\/portal\/noticias\/concurso-mec-edital-retificado-mudanca-no-conteudo-programatico\/","title":{"rendered":"Concurso MEC: Edital retificado. Mudan\u00e7a no conte\u00fado program\u00e1tico!"},"content":{"rendered":"<p>Mal foi publicado e o edital do <a href=\"https:\/\/www.novaconcursos.com.br\/portal\/concursos-abertos\/?zQTJLgCpvaz7zpKIzncHKpCpV806Fhhjll1_irVhthoC7OYQAvD_BwE\">concurso MEC<\/a>\u00a0(Minist\u00e9rio da Educa\u00e7\u00e3o)\u00a0j\u00e1 sofreu a primeira retifica\u00e7\u00e3o. A sele\u00e7\u00e3o oferta 220 vagas para o cargo de T\u00e9cnico em Assuntos Educacionais; veja!<\/p>\n\n\n\n<ul class=\"wp-block-list\"><li><strong>Confira:<\/strong> <a href=\"https:\/\/www.novaconcursos.com.br\/curso-online\/curso-mec-tecnico-em-assuntos-educacionais\">Curso MEC \u2013 T\u00e9cnico em Assuntos Educacionais<\/a><\/li>\n\n\n\n<li><strong>Confira: <\/strong><a href=\"https:\/\/www.novaconcursos.com.br\/apostila\/mec-tecnico-assuntos-educacionais\">Apostila MEC 2023 \u2013 T\u00e9cnico em Assuntos Educacionais<\/a><\/li>\n<\/ul><p><\/p>\n\n\n\n<p>Estude para o concurso dos seus sonhos com o\u00a0<strong>M\u00e9todo<\/strong>\u00a0que j\u00e1 ajudou na\u00a0<strong>aprova\u00e7\u00e3o de mais de 70 mil alunos.<\/strong>\u00a0<a href=\"https:\/\/aprovacao.novaconcursos.com.br\/assinatura\" target=\"_blank\" rel=\"noreferrer noopener\">Clique aqui<\/a>\u00a0e saiba mais!<\/p>\n\n\n\n<h2 class=\"wp-block-heading\" id=\"concurso-mec-o-que-foi-alterado\">Concurso MEC: o que foi alterado?<\/h2>\n\n\n\n<p>Portanto, os interessados em uma das vagas do\u00a0<a href=\"https:\/\/www.novaconcursos.com.br\/portal\/concursos-previstos\/nacional\">concurso\u00a0<\/a>do Minist\u00e9rio da Educa\u00e7\u00e3o, devem se atentar \u00e0s mudan\u00e7as no edital.<\/p>\n\n\n\n<p>O documento, publicado neste dia 10 de agosto, j\u00e1 teve a primeira retifica\u00e7\u00e3o. A mudan\u00e7a, ent\u00e3o, \u00e9 no <strong>conte\u00fado program\u00e1tico<\/strong> das provas.<\/p>\n\n\n\n<p>Assim, a altera\u00e7\u00e3o incide na parte de conhecimentos espec\u00edficos e tamb\u00e9m nas mat\u00e9rias de \u201cLegisla\u00e7\u00e3o Educacional\u201d. Veja detalhes:<\/p>\n\n\n\n<figure class=\"wp-block-image size-full\"><a href=\"https:\/\/www.novaconcursos.com.br\/portal\/wp-content\/uploads\/2023\/08\/cats.jpg\"><img decoding=\"async\" width=\"909\" height=\"615\" src=\"https:\/\/www.novaconcursos.com.br\/portal\/wp-content\/uploads\/2023\/08\/cats.jpg\" alt=\"\" class=\"wp-image-202229\" loading=\"lazy\" title=\"\" srcset=\"https:\/\/www.novaconcursos.com.br\/portal\/wp-content\/uploads\/2023\/08\/cats-300x203.jpg 300w, https:\/\/www.novaconcursos.com.br\/portal\/wp-content\/uploads\/2023\/08\/cats.jpg 909w\" sizes=\"auto, (max-width: 480px) 100vw, (max-width: 768px) 100vw, (max-width: 1200px) 70vw, 768px\"><\/a><figcaption><\/figcaption><\/figure><p><a href=\"https:\/\/cdn.cebraspe.org.br\/concursos\/MEC_23\/arquivos\/ED_2_MEC_23_RET.PDF\" target=\"_blank\" rel=\"noreferrer noopener\">Veja o documento completo, com a retifica\u00e7\u00e3o, clicando aqui!<\/a><\/p>\n\n\n\n<h2 class=\"wp-block-heading\" id=\"como-se-inscrever-no-concurso-mec\">Como se inscrever no concurso MEC?<\/h2>\n\n\n\n<p>Sendo assim, as inscri\u00e7\u00f5es come\u00e7aram no dia\u00a0<strong>9 de agosto<\/strong> e o prazo ficar\u00e1 aberto at\u00e9 as 18h do dia\u00a0<strong>28 de agosto,<\/strong> pelo site da banca organizadora, o\u00a0<a href=\"https:\/\/www.cebraspe.org.br\/concursos\/MEC_23\" target=\"_blank\" rel=\"noopener\">Cebraspe<\/a>. <\/p>\n\n\n\n<p>Depois, deve quitar a taxa de R$80, por meio do Guia de Recolhimento da Uni\u00e3o (GRU). Sendo assim, o boleto da taxa de inscri\u00e7\u00e3o deve ser pago at\u00e9\u00a0<strong>11 de setembro<\/strong>. <\/p>\n\n\n\n<p>Mas, durante todo o prazo de inscri\u00e7\u00e3o, ser\u00e1 poss\u00edvel solicitar a isen\u00e7\u00e3o, os candidatos inscritos no Cad\u00danico e doadores de medula \u00f3ssea em entidades reconhecidas pelo Minist\u00e9rio da Sa\u00fade.<\/p>\n\n\n\n<h2 class=\"wp-block-heading\" id=\"quais-as-vagas-cargos-e-salrios-do-concurso-mec\">Quais as vagas, cargos e sal\u00e1rios do concurso MEC?<\/h2>\n\n\n\n<p>Posteriormente, o edital est\u00e1 ofertando\u00a0<strong>220 vagas<\/strong>\u00a0para o cargo de T\u00e9cnico em Assuntos Educacionais, que est\u00e3o distribu\u00eddas da seguinte maneira:<\/p>\n\n\n\n<ul class=\"wp-block-list\"><li>165 vagas de ampla concorr\u00eancia<\/li>\n\n\n\n<li>11 vagas para candidatos com defici\u00eancia (PCD)<\/li>\n\n\n\n<li>44 vagas para candidatos negros<\/li>\n<\/ul><p><\/p>\n\n\n\n<p>Lembrando que o requisito \u00e9 o\u00a0<strong>n\u00edvel superior em qualquer \u00e1rea de forma\u00e7\u00e3o<\/strong>. Conforme o edital, o aprovado ter\u00e1 uma remunera\u00e7\u00e3o inicial de R$ 6.255,90<\/p>\n\n\n\n<p>Assim, esse valor \u00e9 composto pelo\u00a0vencimento b\u00e1sico de R$ 2.419,90, acrescido de Gratifica\u00e7\u00e3o de Desempenho do Plano Geral de Cargos do Poder Executivo \u2013 CDPGPE de R$ 3.836,00.<\/p>\n\n\n\n<p>No entanto, somado aos\u00a0<strong>benef\u00edcios<\/strong>\u00a0como aux\u00edlio-alimenta\u00e7\u00e3o de R$ 658,00 pago aos servidores federais, o sal\u00e1rio pode chegar at\u00e9 R$\u00a0<strong>6.913,90.\u00a0<\/strong><\/p>\n\n\n\n<h3 class=\"wp-block-heading\">Atribui\u00e7\u00f5es<\/h3>\n\n\n\n<ul class=\"wp-block-list\"><li>Planeja, orienta e coordena atividades de ensino, por meio de trabalhos pedag\u00f3gicos;<\/li>\n\n\n\n<li>Visa solucionar problemas de ordem educacional, de administra\u00e7\u00e3o e gest\u00e3o escolar; e<\/li>\n\n\n\n<li>Assessora atividades de ensino, pesquisa e extens\u00e3o, entre outras atribui\u00e7\u00f5es.<\/li>\n<\/ul><p><\/p>\n\n\n\n<h2 class=\"wp-block-heading\" id=\"como-e-quando-sero-as-provas-do-concurso-mec\">Como e quando ser\u00e3o as provas do concurso MEC?<\/h2>\n\n\n\n<p>Os inscritos no\u00a0<a href=\"https:\/\/www.novaconcursos.com.br\/portal\/concursos-abertos\/nacional\">concurso\u00a0<\/a>do Minist\u00e9rio da Educa\u00e7\u00e3o, ent\u00e3o, ser\u00e3o avaliados por meio de uma prova objetiva, aplicada no dia\u00a0<strong>8 de outubro.<\/strong><\/p>\n\n\n\n<p>Al\u00e9m disso, uma prova discursiva acontecer\u00e1 no mesmo dia. Lembrando que todas as etapas de sele\u00e7\u00e3o acontecer\u00e3o em\u00a0<strong>Bras\u00edlia<\/strong>, no Distrito Federal.<\/p>\n\n\n\n<p>Ademais, a objetiva, contar\u00e1 com\u00a0<strong>120 quest\u00f5es<\/strong>, sendo 50 de Conhecimentos B\u00e1sicos e 70 de Conhecimentos Espec\u00edficos. Veja as disciplinas:<\/p>\n\n\n\n<ul class=\"wp-block-list\"><li>Conhecimentos b\u00e1sicos\n<ul class=\"wp-block-list\"><li>L\u00cdNGUA PORTUGUESA<\/li>\n\n\n\n<li>LEGISLA\u00c7\u00c3O E \u00c9TICA NA ADMINISTRA\u00c7\u00c3O P\u00daBLICA<\/li>\n\n\n\n<li>NO\u00c7\u00d5ES DE DIREITO CONSTITUCIONAL<\/li>\n\n\n\n<li>NO\u00c7\u00d5ES DE ADMINISTRA\u00c7\u00c3O P\u00daBLICA<\/li>\n\n\n\n<li>ATUALIDADES<\/li>\n<\/ul><\/li>\n\n\n\n<li>Conhecimentos espec\u00edficos\n<ul class=\"wp-block-list\"><li>POL\u00cdTICAS P\u00daBLICAS<\/li>\n\n\n\n<li>LEGISLA\u00c7\u00c3O EDUCACIONAL<\/li>\n\n\n\n<li>FUNDAMENTOS DA EDUCA\u00c7\u00c3O<\/li>\n<\/ul><\/li>\n<\/ul><p><\/p>\n\n\n\n<p>O conte\u00fado program\u00e1tico pode se conferir no edital. Por outro lado, a avalia\u00e7\u00e3o discursiva consistir\u00e1 na\u00a0<strong>reda\u00e7\u00e3o\u00a0<\/strong>de texto dissertativo, que precisar\u00e1 ter at\u00e9 30 linhas.<\/p>\n\n\n\n<p>Ambas avalia\u00e7\u00f5es acontecer\u00e3o no mesmo turno, com dura\u00e7\u00e3o de 4 horas e 30 minutos, em car\u00e1ter eliminat\u00f3rio e classificat\u00f3rio.<\/p>\n\n\n\n<p>Por fim, o prazo de validade do certame contar\u00e1 por dois anos, a partir da homologa\u00e7\u00e3o do resultado final e podendo se prorrogar uma vez, por igual per\u00edodo.<\/p>","protected":false},"excerpt":{"rendered":"<p>Mal foi publicado e o edital do concurso MEC\u00a0(Minist\u00e9rio da Educa\u00e7\u00e3o)\u00a0j\u00e1 sofreu a primeira retifica\u00e7\u00e3o. A sele\u00e7\u00e3o oferta 220 vagas para o cargo de T\u00e9cnico em Assuntos Educacionais; veja! Estude para o concurso dos seus sonhos com o\u00a0M\u00e9todo\u00a0que j\u00e1 ajudou na\u00a0aprova\u00e7\u00e3o de mais de 70 mil alunos.\u00a0Clique aqui\u00a0e saiba mais! Concurso MEC: o que foi [&hellip;]<\/p>\n","protected":false},"author":54671,"featured_media":198950,"comment_status":"closed","ping_status":"closed","sticky":false,"template":"","format":"standard","meta":{"_acf_changed":false,"footnotes":"","_wp_rev_ctl_limit":""},"categories":[228],"tags":[],"class_list":["post-202227","post","type-post","status-publish","format-standard","has-post-thumbnail","hentry","category-noticias"],"acf":[],"_links":{"self":[{"href":"https:\/\/www.novaconcursos.com.br\/portal\/wp-json\/wp\/v2\/posts\/202227","targetHints":{"allow":["GET"]}}],"collection":[{"href":"https:\/\/www.novaconcursos.com.br\/portal\/wp-json\/wp\/v2\/posts"}],"about":[{"href":"https:\/\/www.novaconcursos.com.br\/portal\/wp-json\/wp\/v2\/types\/post"}],"author":[{"embeddable":true,"href":"https:\/\/www.novaconcursos.com.br\/portal\/wp-json\/wp\/v2\/users\/54671"}],"replies":[{"embeddable":true,"href":"https:\/\/www.novaconcursos.com.br\/portal\/wp-json\/wp\/v2\/comments?post=202227"}],"version-history":[{"count":3,"href":"https:\/\/www.novaconcursos.com.br\/portal\/wp-json\/wp\/v2\/posts\/202227\/revisions"}],"predecessor-version":[{"id":202232,"href":"https:\/\/www.novaconcursos.com.br\/portal\/wp-json\/wp\/v2\/posts\/202227\/revisions\/202232"}],"wp:featuredmedia":[{"embeddable":true,"href":"https:\/\/www.novaconcursos.com.br\/portal\/wp-json\/wp\/v2\/media\/198950"}],"wp:attachment":[{"href":"https:\/\/www.novaconcursos.com.br\/portal\/wp-json\/wp\/v2\/media?parent=202227"}],"wp:term":[{"taxonomy":"category","embeddable":true,"href":"https:\/\/www.novaconcursos.com.br\/portal\/wp-json\/wp\/v2\/categories?post=202227"},{"taxonomy":"post_tag","embeddable":true,"href":"https:\/\/www.novaconcursos.com.br\/portal\/wp-json\/wp\/v2\/tags?post=202227"}],"curies":[{"name":"wp","href":"https:\/\/api.w.org\/{rel}","templated":true}]}}