{"id":202445,"date":"2023-08-15T10:03:12","date_gmt":"2023-08-15T13:03:12","guid":{"rendered":"https:\/\/www.novaconcursos.com.br\/portal\/?p=202445"},"modified":"2023-08-15T10:03:15","modified_gmt":"2023-08-15T13:03:15","slug":"concurso-prefeitura-de-sao-paulo-saiu-o-edital-sp-regula-150-vagas","status":"publish","type":"post","link":"https:\/\/www.novaconcursos.com.br\/portal\/noticias\/concurso-prefeitura-de-sao-paulo-saiu-o-edital-sp-regula-150-vagas\/","title":{"rendered":"Concurso Prefeitura de S\u00e3o Paulo. Saiu o edital SP Regula. 150 vagas!"},"content":{"rendered":"<p>Ter\u00e7ou com \u00f3tima not\u00edcia, concurseiros! Saiu o edital do concurso\u00a0<a href=\"https:\/\/www.novaconcursos.com.br\/portal\/concursos\/concurso-prefeitura-de-sao-paulo-sp\/\">Prefeitura de S\u00e3o Paulo<\/a>,\u00a0<strong>para a SP Regula<\/strong>, com a oferta de 150 vagas de n\u00edvel m\u00e9dio e superior. Os sal\u00e1rios chegam a R$ 8 mil; veja como se inscrever!<\/p>\n\n\n\n<h2 class=\"wp-block-heading\" id=\"resumo-do-edital\">Resumo do Edital<\/h2>\n\n\n\n<p>Vagas: 150<br>Escolaridade: n\u00edveis m\u00e9dio e superior<br>Sal\u00e1rio: R$ 8 mil + gratifica\u00e7\u00f5es<br>Per\u00edodo de inscri\u00e7\u00e3o: de 22\/08\/2023 a 20\/09\/2023<br>Taxa de inscri\u00e7\u00e3o: R$ 67 \/ R$ 98 \/ R$ 118<br>Provas: 29\/10\/2023 e 19\/11\/2023<br>Banca:\u00a0<a href=\"https:\/\/www.vunesp.com.br\/SPRE2301\" target=\"_blank\" rel=\"noreferrer noopener\">Vunesp<\/a><br><a href=\"https:\/\/documento.vunesp.com.br\/documento\/stream\/NDcwNTgyMA%3d%3d\" target=\"_blank\" rel=\"noreferrer noopener\">Baixe o edital aqui<\/a><\/p>\n\n\n\n<p><\/p>\n\n\n\n<ul class=\"wp-block-list\"><li><strong>Confira: <\/strong><a href=\"https:\/\/www.novaconcursos.com.br\/livro\/1000-questoes-gabaritadas-vunesp\">Livro 1.000 Quest\u00f5es Gabaritadas da Vunesp<\/a><\/li>\n\n\n\n<li><strong>Confira: <\/strong><a href=\"https:\/\/www.novaconcursos.com.br\/curso-online\/redacao-vunesp\">Reda\u00e7\u00e3o para VUNESP<\/a><\/li>\n<\/ul><p><\/p>\n\n\n\n<p>Estude para o concurso dos seus sonhos com o\u00a0<strong>M\u00e9todo<\/strong>\u00a0que j\u00e1 ajudou na\u00a0<strong>aprova\u00e7\u00e3o de mais de 70 mil alunos.<\/strong>\u00a0<a href=\"https:\/\/aprovacao.novaconcursos.com.br\/assinatura\" target=\"_blank\" rel=\"noreferrer noopener\">Clique aqui<\/a>\u00a0e saiba mais!<\/p>\n\n\n\n<h2 class=\"wp-block-heading\" id=\"concurso-sp-regula-como-realizar-inscrio\">Concurso SP Regula: como realizar inscri\u00e7\u00e3o?<\/h2>\n\n\n\n<p>Portanto, os interessados em uma das vagas do concurso da prefeitura de\u00a0<a href=\"https:\/\/www.novaconcursos.com.br\/portal\/concursos-previstos\/sp\/\">S\u00e3o Paulo<\/a>\u00a0devem se atentar aos prazos!<\/p>\n\n\n\n<p>Isso porque as inscri\u00e7\u00f5es para o edital da SP Regula v\u00e3o abrir no dia<strong> 29 de agosto <\/strong>e se encerrar no dia <strong>19 de setembro <\/strong>de 2023.<\/p>\n\n\n\n<p>Assim, as inscri\u00e7\u00f5es devem ser realizadas por meio do site da banca organizadora, a <a href=\"https:\/\/www.vunesp.com.br\/SPRE2301\" target=\"_blank\" rel=\"noreferrer noopener\">Vunesp<\/a>. Al\u00e9m disso, \u00e9 preciso pagar uma taxa, que varia de acordo com o cargo:<\/p>\n\n\n\n<ul class=\"wp-block-list\"><li>T\u00e9cnico: R$ 57,00<\/li>\n\n\n\n<li>Analista: R$ 98,00<\/li>\n\n\n\n<li>Fiscal: R$ 118,00<\/li>\n<\/ul><p><\/p>\n\n\n\n<h3 class=\"wp-block-heading\">Isen\u00e7\u00e3o das taxas<\/h3>\n\n\n\n<p>Entretanto, poder\u00e1 pedir a isen\u00e7\u00e3o da taxa o candidato que possuir renda familiar \u201cper capita\u201d igual ou inferior ao menor piso salarial vigente em SP, institu\u00eddo pela Lei Estadual n\u00ba 12.640\/2007, revalorizada pela lei vigente.<\/p>\n\n\n\n<p>Portanto, o prazo para isen\u00e7\u00e3o ficar\u00e1 aberto durante o per\u00edodo das 10h de <strong>22 de agosto<\/strong> \u00e0s 23h59min de <strong>23 <\/strong>do mesmo m\u00eas.<\/p>\n\n\n\n<h2 class=\"wp-block-heading\" id=\"concurso-sp-regula-vagas-cargos-e-salrios\">Concurso SP Regula: vagas, cargos e sal\u00e1rios<\/h2>\n\n\n\n<p>Posteriormente, o concurso da prefeitura de\u00a0<a href=\"https:\/\/www.novaconcursos.com.br\/portal\/concursos-abertos\/sp\/\">S\u00e3o Paulo<\/a> est\u00e1 ofertando um total de 150 vagas de n\u00edveis m\u00e9dio e superior. Veja a distribui\u00e7\u00e3o:<\/p>\n\n\n\n<ul class=\"wp-block-list\"><li><strong>N\u00edvel m\u00e9dio<\/strong>\n<ul class=\"wp-block-list\"><li>T\u00e9cnico em Fiscaliza\u00e7\u00e3o de Servi\u00e7os P\u00fablicos: 36 vagas ampla \/\/ 2 vagas PcD \/\/ 10 vagas para negros<\/li>\n<\/ul><\/li>\n\n\n\n<li><strong>N\u00edvel superior<\/strong>\n<ul class=\"wp-block-list\"><li>Analista de Regula\u00e7\u00e3o de Servi\u00e7os P\u00fablicos\n<ul class=\"wp-block-list\"><li>\u00c1rea I \u2013 Administrativo: 6 vagas ampla \/\/ 1 vaga negros<\/li>\n\n\n\n<li>\u00c1rea II \u2013 Tecnologia da Informa\u00e7\u00e3o: 1 vaga ampla;<\/li>\n\n\n\n<li>\u00c1rea III \u2013 Direito: 9 vagas ampla \/\/ 1 vaga PcD \/\/ 2 vagas negros<\/li>\n\n\n\n<li>\u00c1rea IV \u2013 Meio Ambiente: 5 vagas ampla \/\/ 1 vaga negros<\/li>\n\n\n\n<li>\u00c1rea V \u2013 Infraestrutura: 7 vagas ampla \/\/ 1 vaga PcD \/\/ 2 vagas negros<\/li>\n\n\n\n<li>\u00c1rea VI \u2013 Econ\u00f4mico-Financeira: 7 vagas ampla \/\/ 2 vagas negros; e<\/li>\n<\/ul><\/li>\n\n\n\n<li>Fiscal de Servi\u00e7os P\u00fablicos: 43 ampla \/\/ 3 PcD \/\/ 11 vagas negros.<\/li>\n<\/ul><\/li>\n<\/ul><p><\/p>\n\n\n\n<p>Para T\u00e9cnico, o sal\u00e1rio inicial \u00e9 de <strong>R$ 2,8 mil,<\/strong> enquanto o Analista ganha <strong>R$ 8,5 mil<\/strong>. Por fim, o Fiscal tem remunera\u00e7\u00e3o inicial de <strong>R$ 5,6 mil.<\/strong><\/p>\n\n\n\n<h2 class=\"wp-block-heading\" id=\"como-e-quando-sero-as-provas-do-concurso-sp-regula\">Como e quando ser\u00e3o as provas do concurso SP Regula?<\/h2>\n\n\n\n<p>Ent\u00e3o, os inscritos no concurso ser\u00e3o avaliados por meio de provas <strong>objetivas e discursivas<\/strong>, para todos os cargos, al\u00e9m de uma avalia\u00e7\u00e3o de t\u00edtulos, para o n\u00edvel superior.<\/p>\n\n\n\n<p>Em car\u00e1ter eliminat\u00f3rio e classificat\u00f3rio, a<strong> prova objetiva ser\u00e1 composta por quest\u00f5es de m\u00faltipla escolha<\/strong>, com cinco alternativas, sendo apenas uma correta.<\/p>\n\n\n\n<p>Sua aplica\u00e7\u00e3o acontecer\u00e1 no dia 29 de outubro, para Fiscal, e no dia 19 de novembro para T\u00e9cnico e Analista. Veja as disciplinas:<\/p>\n\n\n\n<h3 class=\"wp-block-heading\">T\u00e9cnico<\/h3>\n\n\n\n<ul class=\"wp-block-list\"><li>\u00a0L\u00edngua Portuguesa<\/li>\n\n\n\n<li>Matem\u00e1tica e Racioc\u00ednio<\/li>\n\n\n\n<li>No\u00e7\u00f5es de Inform\u00e1tica<\/li>\n\n\n\n<li>\u00a0Administra\u00e7\u00e3o P\u00fablica<\/li>\n\n\n\n<li>Legisla\u00e7\u00e3o Municipal Espec\u00edfica<\/li>\n<\/ul><p><\/p>\n\n\n\n<h3 class=\"wp-block-heading\">Analista<\/h3>\n\n\n\n<ul class=\"wp-block-list\"><li><strong>\u00c1rea I Administrativo<\/strong>\n<ul class=\"wp-block-list\"><li>L\u00edngua Portuguesa<\/li>\n\n\n\n<li>Matem\u00e1tica e Racioc\u00ednio<\/li>\n\n\n\n<li>No\u00e7\u00f5es de Inform\u00e1tica<\/li>\n\n\n\n<li>Administra\u00e7\u00e3o Financeira Or\u00e7ament\u00e1ria do Setor P\u00fablico<\/li>\n\n\n\n<li>Legisla\u00e7\u00e3o Municipal Espec\u00edfica<\/li>\n\n\n\n<li>No\u00e7\u00f5es de Direito Constitucional<\/li>\n\n\n\n<li>No\u00e7\u00f5es de Direito Administrativo<\/li>\n\n\n\n<li>Teoria da Administra\u00e7\u00e3o<\/li>\n<\/ul><\/li>\n\n\n\n<li><strong>\u00c1rea II \u2013 Tecnologia da Informa\u00e7\u00e3o<\/strong>\n<ul class=\"wp-block-list\"><li>L\u00edngua Portuguesa<\/li>\n\n\n\n<li>Administra\u00e7\u00e3o P\u00fablica<\/li>\n\n\n\n<li>Administra\u00e7\u00e3o Financeira Or\u00e7ament\u00e1ria do Setor P\u00fablico<\/li>\n\n\n\n<li>Legisla\u00e7\u00e3o Municipal Espec\u00edfica<\/li>\n\n\n\n<li>Sistemas e Linguagem de Programa\u00e7\u00e3o<\/li>\n\n\n\n<li>Gest\u00e3o de Informa\u00e7\u00f5es<\/li>\n\n\n\n<li>Engenharia de Software<\/li>\n\n\n\n<li>Gest\u00e3o da Tec. da Informa\u00e7\u00e3o e Governan\u00e7a de Dados<\/li>\n<\/ul><\/li>\n\n\n\n<li><strong>\u00c1rea III \u2013 Direito<\/strong>\n<ul class=\"wp-block-list\"><li>L\u00edngua Portuguesa<\/li>\n\n\n\n<li>No\u00e7\u00f5es de Inform\u00e1tica<\/li>\n\n\n\n<li>Administra\u00e7\u00e3o Financeira Or\u00e7ament\u00e1ria do Setor P\u00fablico<\/li>\n\n\n\n<li>Legisla\u00e7\u00e3o Municipal Espec\u00edfica<\/li>\n\n\n\n<li>Direito Constitucional<\/li>\n\n\n\n<li>Direito Administrativo<\/li>\n\n\n\n<li>Direito Econ\u00f4mico e Comercial<\/li>\n\n\n\n<li>Direito Civil e Empresarial<\/li>\n\n\n\n<li>Direito do Trabalho<\/li>\n<\/ul><\/li>\n\n\n\n<li><strong>\u00c1rea IV \u2013 Meio Ambiente<\/strong>\n<ul class=\"wp-block-list\"><li>L\u00edngua Portuguesa<\/li>\n\n\n\n<li>No\u00e7\u00f5es de Inform\u00e1tica<\/li>\n\n\n\n<li>Administra\u00e7\u00e3o P\u00fablica<\/li>\n\n\n\n<li>Legisla\u00e7\u00e3o Ambiental<\/li>\n\n\n\n<li>Aspectos T\u00e9cnicos do Saneamento Ambiental<\/li>\n\n\n\n<li>Normas T\u00e9cnicas Sanit\u00e1rias<\/li>\n\n\n\n<li>No\u00e7\u00f5es de Engenharia Ambiental<\/li>\n\n\n\n<li>Legisla\u00e7\u00e3o Municipal Espec\u00edfica<\/li>\n<\/ul><\/li>\n\n\n\n<li><strong>\u00c1rea V \u2013 Infraestrutura<\/strong>\n<ul class=\"wp-block-list\"><li>L\u00edngua Portuguesa<\/li>\n\n\n\n<li>No\u00e7\u00f5es de Inform\u00e1tica<\/li>\n\n\n\n<li>Administra\u00e7\u00e3o P\u00fablica<\/li>\n\n\n\n<li>Legisla\u00e7\u00e3o Municipal Espec\u00edfica<\/li>\n\n\n\n<li>Planejamento e Or\u00e7amenta\u00e7\u00e3o de Obras<\/li>\n\n\n\n<li>No\u00e7\u00f5es de Urbanismo<\/li>\n\n\n\n<li>Normas de Prote\u00e7\u00e3o ao Patrim\u00f4nio Hist\u00f3rico<\/li>\n<\/ul><\/li>\n\n\n\n<li><strong>\u00c1rea VI \u2013 Econ\u00f4mico-financeira<\/strong>\n<ul class=\"wp-block-list\"><li>L\u00edngua Portuguesa<\/li>\n\n\n\n<li>No\u00e7\u00f5es de Inform\u00e1tica<\/li>\n\n\n\n<li>Administra\u00e7\u00e3o P\u00fablica<\/li>\n\n\n\n<li>Or\u00e7amento e Contabilidade P\u00fablica<\/li>\n\n\n\n<li>Gest\u00e3o Financeira e Cont\u00e1bil<\/li>\n\n\n\n<li>M\u00e9todos de Regula\u00e7\u00e3o Econ\u00f4mica<\/li>\n\n\n\n<li>Macroeconomia com \u00eanf. an. impacto. pol. p\u00fabl.<\/li>\n\n\n\n<li>Auditoria Cont\u00e1bil<\/li>\n\n\n\n<li>Legisla\u00e7\u00e3o Municipal Espec\u00edfica<\/li>\n<\/ul><\/li>\n<\/ul><p><\/p>\n\n\n\n<h3 class=\"wp-block-heading\">Fiscal<\/h3>\n\n\n\n<ul class=\"wp-block-list\"><li>L\u00edngua Portuguesa<\/li>\n\n\n\n<li>Matem\u00e1tica e Racioc\u00ednio<\/li>\n\n\n\n<li>No\u00e7\u00f5es de Inform\u00e1tica<\/li>\n\n\n\n<li>Administra\u00e7\u00e3o Financeira Or\u00e7ament\u00e1ria do Setor P\u00fablico<\/li>\n\n\n\n<li>Legisla\u00e7\u00e3o Municipal Espec\u00edfica<\/li>\n\n\n\n<li>No\u00e7\u00f5es de Direito Adm. \u00eanfase em Concess\u00f5es e Contr. Adm.<\/li>\n\n\n\n<li>No\u00e7\u00f5es de Planejamento e Or\u00e7amento de Obras e Projetos.<\/li>\n<\/ul><p><\/p>\n\n\n\n<h3 class=\"wp-block-heading\">Dissertativa<\/h3>\n\n\n\n<p>Por outro lado, as provas dissertativas, tamb\u00e9m em car\u00e1ter eliminat\u00f3rio e classificat\u00f3rio, se aplicar\u00e1 na modalidade de <strong>reda\u00e7\u00e3o <\/strong>(cargo de t\u00e9cnico) ou um <strong>estudo de caso<\/strong> (cargos de fiscal e analista).<\/p>","protected":false},"excerpt":{"rendered":"<p>Ter\u00e7ou com \u00f3tima not\u00edcia, concurseiros! Saiu o edital do concurso\u00a0Prefeitura de S\u00e3o Paulo,\u00a0para a SP Regula, com a oferta de 150 vagas de n\u00edvel m\u00e9dio e superior. Os sal\u00e1rios chegam a R$ 8 mil; veja como se inscrever! Resumo do Edital Vagas: 150Escolaridade: n\u00edveis m\u00e9dio e superiorSal\u00e1rio: R$ 8 mil + gratifica\u00e7\u00f5esPer\u00edodo de inscri\u00e7\u00e3o: de [&hellip;]<\/p>\n","protected":false},"author":54671,"featured_media":183525,"comment_status":"closed","ping_status":"closed","sticky":false,"template":"","format":"standard","meta":{"_acf_changed":false,"footnotes":"","_wp_rev_ctl_limit":""},"categories":[228],"tags":[],"class_list":["post-202445","post","type-post","status-publish","format-standard","has-post-thumbnail","hentry","category-noticias"],"acf":[],"_links":{"self":[{"href":"https:\/\/www.novaconcursos.com.br\/portal\/wp-json\/wp\/v2\/posts\/202445","targetHints":{"allow":["GET"]}}],"collection":[{"href":"https:\/\/www.novaconcursos.com.br\/portal\/wp-json\/wp\/v2\/posts"}],"about":[{"href":"https:\/\/www.novaconcursos.com.br\/portal\/wp-json\/wp\/v2\/types\/post"}],"author":[{"embeddable":true,"href":"https:\/\/www.novaconcursos.com.br\/portal\/wp-json\/wp\/v2\/users\/54671"}],"replies":[{"embeddable":true,"href":"https:\/\/www.novaconcursos.com.br\/portal\/wp-json\/wp\/v2\/comments?post=202445"}],"version-history":[{"count":4,"href":"https:\/\/www.novaconcursos.com.br\/portal\/wp-json\/wp\/v2\/posts\/202445\/revisions"}],"predecessor-version":[{"id":202451,"href":"https:\/\/www.novaconcursos.com.br\/portal\/wp-json\/wp\/v2\/posts\/202445\/revisions\/202451"}],"wp:featuredmedia":[{"embeddable":true,"href":"https:\/\/www.novaconcursos.com.br\/portal\/wp-json\/wp\/v2\/media\/183525"}],"wp:attachment":[{"href":"https:\/\/www.novaconcursos.com.br\/portal\/wp-json\/wp\/v2\/media?parent=202445"}],"wp:term":[{"taxonomy":"category","embeddable":true,"href":"https:\/\/www.novaconcursos.com.br\/portal\/wp-json\/wp\/v2\/categories?post=202445"},{"taxonomy":"post_tag","embeddable":true,"href":"https:\/\/www.novaconcursos.com.br\/portal\/wp-json\/wp\/v2\/tags?post=202445"}],"curies":[{"name":"wp","href":"https:\/\/api.w.org\/{rel}","templated":true}]}}