{"id":202597,"date":"2023-08-15T19:17:35","date_gmt":"2023-08-15T22:17:35","guid":{"rendered":"https:\/\/www.novaconcursos.com.br\/portal\/?p=202597"},"modified":"2023-08-15T19:17:38","modified_gmt":"2023-08-15T22:17:38","slug":"concurso-policia-penal-go-quando-sera-publicado-o-proximo-edital","status":"publish","type":"post","link":"https:\/\/www.novaconcursos.com.br\/portal\/noticias\/concurso-policia-penal-go-quando-sera-publicado-o-proximo-edital\/","title":{"rendered":"Concurso Pol\u00edcia Penal GO: Quando ser\u00e1 publicado o pr\u00f3ximo edital?"},"content":{"rendered":"<p>Aguardando desde o come\u00e7o do ano, o edital do\u00a0<a href=\"https:\/\/www.novaconcursos.com.br\/portal\/concursos\/concurso-policia-penal-go\/\">concurso Pol\u00edcia Penal GO<\/a> pode sair ainda em 2023. Mas, ainda \u00e9 esperada autoriza\u00e7\u00e3o; entenda! S\u00e3o\u00a0<strong>726 cargos vagos\u00a0<\/strong>na corpora\u00e7\u00e3o!<\/p>\n\n\n\n<ul class=\"wp-block-list\"><li><strong>Confira:<\/strong> <a href=\"https:\/\/www.novaconcursos.com.br\/apostila\/policia-penal-go-prep-agente-seguranca-prisional\">Apostila Pol\u00edcia Penal GO 2023 \u2013 Agente de Seguran\u00e7a Prisional<\/a><\/li>\n\n\n\n<li><strong>Confira: <\/strong><a href=\"https:\/\/www.novaconcursos.com.br\/curso-online\/curso-policia-penal-goias-agente-seguranca-prisional\">Curso Pol\u00edcia Penal de Goi\u00e1s \u2013 Agente de Seguran\u00e7a Prisional<\/a><\/li>\n<\/ul><p><\/p>\n\n\n\n<p>Estude para o concurso dos seus sonhos com o\u00a0<strong>M\u00e9todo<\/strong>\u00a0que j\u00e1 ajudou na\u00a0<strong>aprova\u00e7\u00e3o de mais de 70 mil alunos.<\/strong>\u00a0<a href=\"https:\/\/aprovacao.novaconcursos.com.br\/assinatura\" target=\"_blank\" rel=\"noreferrer noopener\">Clique aqui<\/a>\u00a0e saiba mais!<\/p>\n\n\n\n<h2 class=\"wp-block-heading\" id=\"quando-sai-o-edital-do-concurso-polcia-penal-go\">Quando sai o edital do concurso Pol\u00edcia Penal GO?<\/h2>\n\n\n\n<p>Ainda n\u00e3o se h\u00e1 informa\u00e7\u00f5es concretas de que o concurso da Pol\u00edcia Penal de <a href=\"https:\/\/www.novaconcursos.com.br\/portal\/concursos-previstos\/go\/\">Goi\u00e1s <\/a>ser\u00e1 publicado ainda <strong>em 2023<\/strong>. Ele \u00e9 esperado, mas, nada \u00e9 certo!<\/p>\n\n\n\n<ul class=\"wp-block-list\"><li><strong>Confira: <\/strong><a href=\"https:\/\/www.novaconcursos.com.br\/eventos\/guia-definitivo-plano-de-estudos-passo-a-passo-v2\/\">Guia plano de estudos \u2013 passo a passo (Gr\u00e1tis)<\/a><\/li>\n<\/ul><p><\/p>\n\n\n\n<p>De acordo com uma entrevista cedida pelo diretor-geral da Pol\u00edcia Penal de Goi\u00e1s, Josimar Pires, <strong>726 cargos est\u00e3o vagos\u00a0<\/strong>na corpora\u00e7\u00e3o.<\/p>\n\n\n\n<p>Com isso, o edital \u00e9 mais que aguardado. Al\u00e9m disso, ele disse esperar que este seja o n\u00famero de vagas imediatas ofertadas no pr\u00f3ximo edital.<\/p>\n\n\n\n<p>Josimar lembrou que a institui\u00e7\u00e3o possui cerca de 1.900 policiais penais de carreira e<strong>\u00a01.600 cargos tempor\u00e1rios<\/strong>\u00a0(Vigilantes Penitenci\u00e1rios Tempor\u00e1rios).<\/p>\n\n\n\n<p>Depois, ele citou que a inten\u00e7\u00e3o \u00e9 que o edital destine at\u00e9<strong>\u00a020% das vaga<\/strong>s para candidatas do sexo feminino. Lembrando que, atualmente, a reserva \u00e9 de 10%.<\/p>\n\n\n\n<p>Posteriormente, ele informou que segue acreditando que o edital possa estar publicado ainda em 2023, mas \u00e9 preciso aguardar os tr\u00e2mites necess\u00e1rios.<\/p>\n\n\n\n<blockquote class=\"wp-block-quote is-layout-flow wp-block-quote-is-layout-flow\">\n<p><em>\u201cNosso objetivo \u00e9 que tenhamos, ainda nesse ano, o edital da Pol\u00edcia Penal\u201d,<\/em> afirmou o dirigente.<\/p>\n\n\n\n<h2 class=\"wp-block-heading\" id=\"concurso-polcia-penal-go-tem-comisso-formada\">Concurso Pol\u00edcia Penal GO tem comiss\u00e3o formada!<\/h2>\n\n\n\n<p>Em 2022, foi formada uma comiss\u00e3o de planejamento, para elaborar o projeto b\u00e1sico do concurso e definir uma banca organizadora, respons\u00e1vel pela publica\u00e7\u00e3o do edital.\u00a0<\/p>\n\n\n\n<p>De acordo com o diretor-geral, j\u00e1 foram\u00a0<strong>iniciados os tramites para contrata\u00e7\u00e3o da banca.<\/strong>\u00a0A previs\u00e3o \u00e9 que o lan\u00e7amento do edital aconte\u00e7a\u00a0<strong>ainda esse ano.<\/strong><\/p>\n\n\n\n<p>Agora, no dia 4 de agosto de 2023, uma\u00a0<strong>decis\u00e3o judicial<\/strong>\u00a0estabeleceu o prazo de\u00a0<strong>30 dias\u00a0<\/strong>para que o estado apresente um<strong>\u00a0cronograma<\/strong>\u00a0previsto para o certame. Este prazo termina em 1\u00b0 de setembro.<\/p>\n\n\n\n<p>Lembrando que no estado, a carga de trabalho de um Policial Penal \u00e9 de escala de <strong>24 horas<\/strong> (1 dia) de trabalho para <strong>72 horas <\/strong>(3 dias) de descanso.<\/p>\n\n\n\n<h2 class=\"wp-block-heading\" id=\"como-sero-as-etapas-avaliativas-do-concurso\">Como ser\u00e3o as etapas avaliativas do concurso?<\/h2>\n\n\n\n<p>O diretor-geral de Administra\u00e7\u00e3o Penitenci\u00e1ria, Josimar Pires tamb\u00e9m trouxe detalhes acerca das etapas avaliativas do <a href=\"https:\/\/www.novaconcursos.com.br\/portal\/concursos-abertos\/go\/\">concurso<\/a>.<\/p>\n\n\n\n<p>Ele informou que o conte\u00fado program\u00e1tico das provas ser\u00e1 parecido com as \u00faltimas edi\u00e7\u00f5es do certame. O<strong>\u00a0diferencial ser\u00e1 a disciplina de Inform\u00e1tica,<\/strong>\u00a0que nesse concurso ser\u00e1 essencial.<\/p>\n\n\n\n<p>Al\u00e9m disso, o\u00a0<strong>Teste de Aptid\u00e3o F\u00edsica (TAF) ser\u00e1 mais exigente\u00a0<\/strong>e semelhante as demais for\u00e7as policiais.<\/p>\n\n\n\n<h2 class=\"wp-block-heading\" id=\"o-que-precisa-para-participar-do-concurso\">O que precisa para participar do concurso?<\/h2>\n\n\n\n<p>Para participar do concurso, \u00e9 necess\u00e1rio preencher os seguintes requisitos:<\/p>\n\n\n\n<ul class=\"wp-block-list\"><li>Ter nacionalidade brasileira ou portuguesa, e, em caso de nacionalidade portuguesa, estar amparado pelo Estatuto de Igualdade entre Brasileiros e Portugueses;<\/li>\n\n\n\n<li>Possuir n\u00edvel superior de forma\u00e7\u00e3o;<\/li>\n\n\n\n<li>Ter idade m\u00ednima de 18 anos completos, na data da posse;<\/li>\n\n\n\n<li>Possuir, em plena validade, carteira de identidade civil, de acordo com a legisla\u00e7\u00e3o vigente;<\/li>\n\n\n\n<li>Estar em dia com as obriga\u00e7\u00f5es eleitorais e em pleno gozo dos direitos pol\u00edticos;<\/li>\n\n\n\n<li>Apresentar certificado de reservista ou de dispensa de incorpora\u00e7\u00e3o, em caso de candidato do sexo masculino;<\/li>\n\n\n\n<li>Ter aptid\u00e3o f\u00edsica e mental para o exerc\u00edcio das atribui\u00e7\u00f5es correspondentes ao cargo, mediante inspe\u00e7\u00e3o de Junta M\u00e9dica Oficial do Estado de Goi\u00e1s;<\/li>\n\n\n\n<li>Apresentar prova de quita\u00e7\u00e3o com a Fazenda P\u00fablica;<\/li>\n<\/ul><\/blockquote>\n\n\n\n<p><\/p>\n\n\n\n<p>Confira todos os detalhes do \u00faltimo edital, ??\u00a0<a href=\"https:\/\/dhg1h5j42swfq.cloudfront.net\/2019\/07\/24081805\/Edital-Agente-Penitenci%C3%A1rio-GO-20191.pdf\" target=\"_blank\" rel=\"noreferrer noopener\">clicando aqui!<\/a>\u00a0<\/p>","protected":false},"excerpt":{"rendered":"<p>Aguardando desde o come\u00e7o do ano, o edital do\u00a0concurso Pol\u00edcia Penal GO pode sair ainda em 2023. Mas, ainda \u00e9 esperada autoriza\u00e7\u00e3o; entenda! S\u00e3o\u00a0726 cargos vagos\u00a0na corpora\u00e7\u00e3o! Estude para o concurso dos seus sonhos com o\u00a0M\u00e9todo\u00a0que j\u00e1 ajudou na\u00a0aprova\u00e7\u00e3o de mais de 70 mil alunos.\u00a0Clique aqui\u00a0e saiba mais! Quando sai o edital do concurso Pol\u00edcia [&hellip;]<\/p>\n","protected":false},"author":54671,"featured_media":182390,"comment_status":"closed","ping_status":"closed","sticky":false,"template":"","format":"standard","meta":{"_acf_changed":false,"footnotes":"","_wp_rev_ctl_limit":""},"categories":[228],"tags":[],"class_list":["post-202597","post","type-post","status-publish","format-standard","has-post-thumbnail","hentry","category-noticias"],"acf":[],"_links":{"self":[{"href":"https:\/\/www.novaconcursos.com.br\/portal\/wp-json\/wp\/v2\/posts\/202597","targetHints":{"allow":["GET"]}}],"collection":[{"href":"https:\/\/www.novaconcursos.com.br\/portal\/wp-json\/wp\/v2\/posts"}],"about":[{"href":"https:\/\/www.novaconcursos.com.br\/portal\/wp-json\/wp\/v2\/types\/post"}],"author":[{"embeddable":true,"href":"https:\/\/www.novaconcursos.com.br\/portal\/wp-json\/wp\/v2\/users\/54671"}],"replies":[{"embeddable":true,"href":"https:\/\/www.novaconcursos.com.br\/portal\/wp-json\/wp\/v2\/comments?post=202597"}],"version-history":[{"count":6,"href":"https:\/\/www.novaconcursos.com.br\/portal\/wp-json\/wp\/v2\/posts\/202597\/revisions"}],"predecessor-version":[{"id":202603,"href":"https:\/\/www.novaconcursos.com.br\/portal\/wp-json\/wp\/v2\/posts\/202597\/revisions\/202603"}],"wp:featuredmedia":[{"embeddable":true,"href":"https:\/\/www.novaconcursos.com.br\/portal\/wp-json\/wp\/v2\/media\/182390"}],"wp:attachment":[{"href":"https:\/\/www.novaconcursos.com.br\/portal\/wp-json\/wp\/v2\/media?parent=202597"}],"wp:term":[{"taxonomy":"category","embeddable":true,"href":"https:\/\/www.novaconcursos.com.br\/portal\/wp-json\/wp\/v2\/categories?post=202597"},{"taxonomy":"post_tag","embeddable":true,"href":"https:\/\/www.novaconcursos.com.br\/portal\/wp-json\/wp\/v2\/tags?post=202597"}],"curies":[{"name":"wp","href":"https:\/\/api.w.org\/{rel}","templated":true}]}}