{"id":202870,"date":"2023-08-18T14:39:23","date_gmt":"2023-08-18T17:39:23","guid":{"rendered":"https:\/\/www.novaconcursos.com.br\/portal\/?p=202870"},"modified":"2025-03-07T13:27:17","modified_gmt":"2025-03-07T16:27:17","slug":"concurso-ebserh-definicao-da-banca-organizadora-deve-sair-nos-proximos-dias","status":"publish","type":"post","link":"https:\/\/www.novaconcursos.com.br\/portal\/noticias\/concurso-ebserh-definicao-da-banca-organizadora-deve-sair-nos-proximos-dias\/","title":{"rendered":"Concurso EBSERH: Defini\u00e7\u00e3o da banca organizadora deve sair nos pr\u00f3ximos dias!"},"content":{"rendered":"<p>Em breve conheceremos a banca organizadora do\u00a0<a href=\"https:\/\/www.novaconcursos.com.br\/portal\/concursos\/concurso-ebserh\/\">concurso Ebserh<\/a>, que contar\u00e1 com\u00a0<strong>681 vagas.<\/strong> O edital \u00e9 previsto para este segundo semestre de 2023; veja!<\/p>\n\n\n\n<ul class=\"wp-block-list\"><li><strong>Confira: <\/strong><a href=\"https:\/\/www.novaconcursos.com.br\/eventos\/guia-definitivo-plano-de-estudos-passo-a-passo-v2\/\">Guia plano de estudos \u2013 passo a passo (Gr\u00e1tis)<\/a><\/li>\n\n\n\n<li><strong>Confira: <\/strong><a href=\"https:\/\/www.novaconcursos.com.br\/apostila\/ebserh-analista-administrativo-administracao\">Apostila EBSERH 2023 \u2013 Analista Administrativo \u2013 Administra\u00e7\u00e3o<\/a><\/li>\n<\/ul><p><\/p>\n\n\n\n<p>Estude para o concurso dos seus sonhos com o\u00a0<strong>M\u00e9todo<\/strong>\u00a0que j\u00e1 ajudou na\u00a0<strong>aprova\u00e7\u00e3o de mais de 70 mil alunos.<\/strong>\u00a0<a href=\"https:\/\/aprovacao.novaconcursos.com.br\/assinatura\" target=\"_blank\" rel=\"noreferrer noopener\">Clique aqui<\/a>\u00a0e saiba mais!<\/p>\n\n\n\n<h2 class=\"wp-block-heading\" id=\"concurso-ebserh-quando-sai-o-edital\">Concurso Ebserh: quando sai o edital?<\/h2>\n\n\n\n<p>Portanto, em breve ser\u00e1 publicado um\u00a0<strong>novo edital<\/strong>\u00a0para o\u00a0<a href=\"https:\/\/www.novaconcursos.com.br\/portal\/concursos-abertos\/nacional\">concurso\u00a0<\/a>para a Empresa Brasileira de Servi\u00e7os Hospitalares.<\/p>\n\n\n\n<ul class=\"wp-block-list\"><li><strong>Confira: <\/strong><a href=\"https:\/\/www.novaconcursos.com.br\/curso-online\/curso-ebserh-analista-administrativo-administracao\">Curso EBSERH \u2013 Analista Administrativo \u2013 Administra\u00e7\u00e3o<\/a><\/li>\n<\/ul><p><\/p>\n\n\n\n<p>Entretanto, ainda n\u00e3o h\u00e1 uma data definida, certo \u00e9 que ele dever\u00e1 ser publicado ainda neste<strong> segundo semestre <\/strong>de 2023.<\/p>\n\n\n\n<p>Os tr\u00e2mites continuam avan\u00e7ando e no momento, uma <strong>banca<\/strong> organizadora est\u00e1 sendo escolhida. O nome, ent\u00e3o, da empresa deve ser anunciado nas pr\u00f3ximas semanas.<\/p>\n\n\n\n<p>Isso porque o aviso de chamamento p\u00fablico foi publicado no Di\u00e1rio Oficial da Uni\u00e3o desta sexta-feira, 18 de agosto. <\/p>\n\n\n\n<p>Lembrando que o documento serve para comunicar as institui\u00e7\u00f5es que tiverem interesse em organizar a sele\u00e7\u00e3o a respeito do prazo para envio de <strong>propostas<\/strong>.<\/p>\n\n\n\n<p>Portanto, as propostas poder\u00e3o ser enviadas at\u00e9 o dia <strong>22 de agosto<\/strong>. Ap\u00f3s essa data, mais alguns dias ser\u00e3o usados para o fechamento de contrato e o nome ser\u00e1 anunciado.<\/p>\n\n\n\n<figure class=\"wp-block-image size-full\"><a href=\"https:\/\/www.novaconcursos.com.br\/portal\/wp-content\/uploads\/2023\/08\/Captura-de-tela-2023-08-18-072957.webp\"><img decoding=\"async\" width=\"738\" height=\"328\" src=\"https:\/\/www.novaconcursos.com.br\/portal\/wp-content\/uploads\/2023\/08\/Captura-de-tela-2023-08-18-072957.webp\" alt=\"\" class=\"wp-image-202873\" loading=\"lazy\" title=\"\" srcset=\"https:\/\/www.novaconcursos.com.br\/portal\/wp-content\/uploads\/2023\/08\/Captura-de-tela-2023-08-18-072957-300x133.webp 300w, https:\/\/www.novaconcursos.com.br\/portal\/wp-content\/uploads\/2023\/08\/Captura-de-tela-2023-08-18-072957.webp 738w\" sizes=\"auto, (max-width: 480px) 100vw, (max-width: 768px) 100vw, (max-width: 1200px) 70vw, 768px\"><\/a><figcaption><\/figcaption><\/figure><h2 class=\"wp-block-heading\" id=\"previso-de-vagas-e-cargos-do-concurso-ebserh\">Previs\u00e3o de vagas e cargos do concurso Ebserh<\/h2>\n\n\n\n<p>Portanto, enquanto n\u00e3o sai o edital do\u00a0<a href=\"https:\/\/www.novaconcursos.com.br\/portal\/concursos-previstos\/nacional\">concurso<\/a> para a Empresa Brasileira de Servi\u00e7os Hospitalares, informa\u00e7\u00f5es importantes est\u00e3o <strong>reveladas\u00a0<\/strong>pelo projeto b\u00e1sico.<\/p>\n\n\n\n<p>Assim, de acordo com o documento, o concurso contar\u00e1 com, aproximadamente,\u00a0<strong>681 vagas<\/strong>. Entretanto, os cargos n\u00e3o est\u00e3o revelados!<\/p>\n\n\n\n<p>As oportunidades estar\u00e3o distribu\u00eddas cargos de\u00a0<strong>n\u00edvel m\u00e9dio\/t\u00e9cnico<\/strong>, para as \u00e1reas Assistencial e Administrativa, e de<strong>\u00a0n\u00edvel superior<\/strong>, nas \u00e1reas Assistencial, Administrativa e M\u00e9dica. Veja:<\/p>\n\n\n\n<ul class=\"wp-block-list\"><li><strong>\u00e1rea M\u00e9dica<\/strong>, com 551 vagas para 69 cargos\/especialidades;<\/li>\n\n\n\n<li><strong>\u00e1rea Assistencial<\/strong>, com 96 vagas para 39 cargos\/especialidades; e<\/li>\n\n\n\n<li><strong>\u00e1rea Administrativa<\/strong>, com 34 vagas para 14 cargos\/especialidades.<\/li>\n<\/ul><p><\/p>\n\n\n\n<p>Al\u00e9m disso, \u00e9 importante destacar que as vagas ir\u00e3o abranger\u00a0<strong>39 unidades da rede Ebserh<\/strong>, al\u00e9m da sede da empresa.<\/p>\n\n\n\n<h3 class=\"wp-block-heading\">Sal\u00e1rios e benef\u00edcios<\/h3>\n\n\n\n<p>Sendo assim, de acordo com o\u00a0<strong>plano de cargos e sal\u00e1rios<\/strong>, o \u00f3rg\u00e3o possui a seguinte estrutura de cargos:<\/p>\n\n\n\n<ul class=\"wp-block-list\"><li>M\u00e9dico e Enfermeiro \u2013 CME<\/li>\n\n\n\n<li>N\u00edvel Superior \u2013 S (diversas especialidades)<\/li>\n\n\n\n<li>N\u00edvel T\u00e9cnico \u2013 T (diversas especialidades)<\/li>\n\n\n\n<li>N\u00edvel M\u00e9dio \u2013 M (composta pelo cargo de Assistente)<\/li>\n<\/ul><p><\/p>\n\n\n\n<p>Portanto, oferece as seguintes<strong>\u00a0remunera\u00e7\u00f5es iniciais:<\/strong><\/p>\n\n\n\n<ul class=\"wp-block-list\"><li>N\u00edvel T\u00e9cnico\n<ul class=\"wp-block-list\"><li>24h semanais: R$ 2.502,87;<\/li>\n\n\n\n<li>36h semanais: R$ 3.754,29;<\/li>\n\n\n\n<li>40h semanais: R$ 4.171,99.<\/li>\n<\/ul><\/li>\n\n\n\n<li>N\u00edvel Superior\n<ul class=\"wp-block-list\"><li>Enfermeiro \u2013 36h semanais: R$ 7.715,96;<\/li>\n\n\n\n<li>M\u00e9dico \u2013 24h semanais: R$ 9.973,13;<\/li>\n\n\n\n<li>40h semanais (diversas especialidades): iniciais que podem chegar a R$ 19.614,63;<\/li>\n\n\n\n<li>30h semanais (diversas especialidades): iniciais que podem chegar a R$ 10.564,32;<\/li>\n\n\n\n<li>Jornalista \u2013 25h semanais: R$ 4.541,26.<\/li>\n<\/ul><\/li>\n<\/ul><p><\/p>\n\n\n\n<p>Entretanto, al\u00e9m do sal\u00e1rio inicial, os servidores ainda fazem jus aos seguintes\u00a0<strong>benef\u00edcios:<\/strong><\/p>\n\n\n\n<ul class=\"wp-block-list\"><li>Aux\u00edlio alimenta\u00e7\u00e3o: R$ 563,16<\/li>\n\n\n\n<li>Aux\u00edlio pr\u00e9-escolar: R$ 183,72<\/li>\n\n\n\n<li>Aux\u00edlio a pessoa com defici\u00eancia (para colaborador cujo filho ou dependente seja pessoa com defici\u00eancia): R$ 207,48<\/li>\n\n\n\n<li>Assist\u00eancia m\u00e9dica e odontol\u00f3gica<\/li>\n<\/ul><p><\/p>\n\n\n\n<h3 class=\"wp-block-heading\">Avalia\u00e7\u00e3o dos inscritos<\/h3>\n\n\n\n<p>Por fim, os inscritos no concurso precisam saber que passar\u00e3o por meio de\u00a0<strong>uma prova objetiva e uma avalia\u00e7\u00e3o de t\u00edtulos.<\/strong><\/p>\n\n\n\n<p>Assim, esta segunda etapa avalia a experi\u00eancia profissional do candidato. Ainda n\u00e3o est\u00e3o divulgadas, entretanto, as\u00a0<strong>disciplinas das provas<\/strong>\u00a0objetivas.<\/p>\n\n\n\n<p>Mas, no \u00faltimo concurso, realizado em 2022 com vagas em CR para o\u00a0<strong>Hospital Universit\u00e1rio da Universidade Federal do Amap\u00e1<\/strong>, as quest\u00f5es foram de:<\/p>\n\n\n\n<ul class=\"wp-block-list\"><li>L\u00edngua Portuguesa;<\/li>\n\n\n\n<li>Racioc\u00ednio L\u00f3gico;<\/li>\n\n\n\n<li>No\u00e7\u00f5es de Inform\u00e1tica;<\/li>\n\n\n\n<li>Hist\u00f3ria e Geografia do Amap\u00e1;<\/li>\n\n\n\n<li>Legisla\u00e7\u00e3o Geral;<\/li>\n\n\n\n<li>Legisla\u00e7\u00e3o Espec\u00edfica \u2013 EBSERSH.<\/li>\n<\/ul><p><\/p>\n\n\n\n<p>Por fim, tamb\u00e9m aconteceu um concurso em 2019, para o\u00a0<strong>Hospital de Uberl\u00e2ndia-MG<\/strong>, com\u00a0<strong>vagas\u00a0<\/strong>de n\u00edvel m\u00e9dio, t\u00e9cnico e superior. Na \u00e9poca, as disciplinas foram de:<\/p>\n\n\n\n<ul class=\"wp-block-list\"><li>Portugu\u00eas;<\/li>\n\n\n\n<li>Racioc\u00ednio L\u00f3gico (exceto para m\u00e9dicos);<\/li>\n\n\n\n<li>No\u00e7\u00f5es de Inform\u00e1tica (apenas para a \u00e1rea Administrativa);<\/li>\n\n\n\n<li>Legisla\u00e7\u00e3o do SUS;<\/li>\n\n\n\n<li>Legisla\u00e7\u00e3o da Ebserh;<\/li>\n\n\n\n<li>Conhecimentos Espec\u00edficos.<\/li>\n<\/ul>","protected":false},"excerpt":{"rendered":"<p>Em breve conheceremos a banca organizadora do\u00a0concurso Ebserh, que contar\u00e1 com\u00a0681 vagas. O edital \u00e9 previsto para este segundo semestre de 2023; veja! Estude para o concurso dos seus sonhos com o\u00a0M\u00e9todo\u00a0que j\u00e1 ajudou na\u00a0aprova\u00e7\u00e3o de mais de 70 mil alunos.\u00a0Clique aqui\u00a0e saiba mais! Concurso Ebserh: quando sai o edital? Portanto, em breve ser\u00e1 publicado [&hellip;]<\/p>\n","protected":false},"author":54671,"featured_media":155975,"comment_status":"closed","ping_status":"closed","sticky":false,"template":"","format":"standard","meta":{"_acf_changed":false,"footnotes":"","_wp_rev_ctl_limit":""},"categories":[228],"tags":[],"class_list":["post-202870","post","type-post","status-publish","format-standard","has-post-thumbnail","hentry","category-noticias"],"acf":[],"_links":{"self":[{"href":"https:\/\/www.novaconcursos.com.br\/portal\/wp-json\/wp\/v2\/posts\/202870","targetHints":{"allow":["GET"]}}],"collection":[{"href":"https:\/\/www.novaconcursos.com.br\/portal\/wp-json\/wp\/v2\/posts"}],"about":[{"href":"https:\/\/www.novaconcursos.com.br\/portal\/wp-json\/wp\/v2\/types\/post"}],"author":[{"embeddable":true,"href":"https:\/\/www.novaconcursos.com.br\/portal\/wp-json\/wp\/v2\/users\/54671"}],"replies":[{"embeddable":true,"href":"https:\/\/www.novaconcursos.com.br\/portal\/wp-json\/wp\/v2\/comments?post=202870"}],"version-history":[{"count":5,"href":"https:\/\/www.novaconcursos.com.br\/portal\/wp-json\/wp\/v2\/posts\/202870\/revisions"}],"predecessor-version":[{"id":274453,"href":"https:\/\/www.novaconcursos.com.br\/portal\/wp-json\/wp\/v2\/posts\/202870\/revisions\/274453"}],"wp:featuredmedia":[{"embeddable":true,"href":"https:\/\/www.novaconcursos.com.br\/portal\/wp-json\/wp\/v2\/media\/155975"}],"wp:attachment":[{"href":"https:\/\/www.novaconcursos.com.br\/portal\/wp-json\/wp\/v2\/media?parent=202870"}],"wp:term":[{"taxonomy":"category","embeddable":true,"href":"https:\/\/www.novaconcursos.com.br\/portal\/wp-json\/wp\/v2\/categories?post=202870"},{"taxonomy":"post_tag","embeddable":true,"href":"https:\/\/www.novaconcursos.com.br\/portal\/wp-json\/wp\/v2\/tags?post=202870"}],"curies":[{"name":"wp","href":"https:\/\/api.w.org\/{rel}","templated":true}]}}