{"id":203214,"date":"2023-08-24T14:13:30","date_gmt":"2023-08-24T17:13:30","guid":{"rendered":"https:\/\/www.novaconcursos.com.br\/portal\/?p=203214"},"modified":"2023-08-24T14:13:33","modified_gmt":"2023-08-24T17:13:33","slug":"concurso-sedf-banca-definida-edital-iminente-com-vagas-para-temporarios","status":"publish","type":"post","link":"https:\/\/www.novaconcursos.com.br\/portal\/noticias\/concurso-sedf-banca-definida-edital-iminente-com-vagas-para-temporarios\/","title":{"rendered":"Concurso SEDF: Banca definida. Edital iminente com vagas para tempor\u00e1rios!"},"content":{"rendered":"<p>Aten\u00e7\u00e3o concurseiros! Um novo\u00a0<a href=\"https:\/\/www.novaconcursos.com.br\/portal\/concursos\/concurso-sedf\/\">concurso SEDF<\/a>\u00a0(Secretaria de Educa\u00e7\u00e3o do Distrito Federal) ser\u00e1 publicado em\u00a0<strong>breve\u00a0<\/strong>para tempor\u00e1rios. A banca est\u00e1 definida; veja detalhes!<\/p>\n\n\n\n<ul class=\"wp-block-list\"><li><strong>Confira: <\/strong><a href=\"https:\/\/www.novaconcursos.com.br\/apostila\/carreiras-educacionais-professor\">Apostila Carreiras Educacionais \u2013 Professor<\/a><\/li>\n\n\n\n<li><strong>Confira: <\/strong><a href=\"https:\/\/www.novaconcursos.com.br\/apostila\/see-df-professor-educacao-basica-conhecimentos-bas-complementares\">Apostila SEE-DF \u2013 Professor de Educa\u00e7\u00e3o B\u00e1sica (Conhecimentos B\u00e1sicos e Complementares)<\/a><\/li>\n<\/ul><p><\/p>\n\n\n\n<p>Estude para o concurso dos seus sonhos com o\u00a0<strong>M\u00e9todo<\/strong>\u00a0que j\u00e1 ajudou na\u00a0<strong>aprova\u00e7\u00e3o de mais de 70 mil alunos!<\/strong>\u00a0<a href=\"https:\/\/aprovacao.novaconcursos.com.br\/assinatura\">Clique aqui<\/a>\u00a0e saiba mais!<\/p>\n\n\n\n<h2 class=\"wp-block-heading\" id=\"concurso-sedf-quando-sai-o-edital-para-temporrios\">Concurso SEDF: quando sai o edital para tempor\u00e1rios?<\/h2>\n\n\n\n<p>\u00c9 o que os concurseiros querem saber! Certo \u00e9 que um novo edital ser\u00e1 publicado\u00a0<strong>em breve<\/strong>\u00a0para a Secretaria de Educa\u00e7\u00e3o do\u00a0<a href=\"https:\/\/www.novaconcursos.com.br\/portal\/concursos-previstos\/df\/\">Distrito Federal<\/a>.<\/p>\n\n\n\n<ul class=\"wp-block-list\"><li><strong>Confira: <\/strong><a href=\"https:\/\/www.novaconcursos.com.br\/eventos\/guia-definitivo-plano-de-estudos-passo-a-passo-v2\/\">Guia plano de estudos \u2013 passo a passo (Gr\u00e1tis)<\/a><\/li>\n<\/ul><p><\/p>\n\n\n\n<p>Isso porque os tr\u00e2mites seguem avan\u00e7ando; o Instituto Americano de Desenvolvimento (<strong>IADES<\/strong>) foi anunciado neste dia 24 de agosto como banca organizadora.<\/p>\n\n\n\n<p>Sendo assim, o pr\u00f3ximo passo \u00e9 a assinatura de contrato entre as partes e depois o edital se tornar\u00e1 iminente, ou seja, poder\u00e1 sair a <strong>qualquer momento.<\/strong><\/p>\n\n\n\n<p>Ademais, a informa\u00e7\u00e3o da escolha da banca foi divulgada atrav\u00e9s do Di\u00e1rio Oficial do Distrito Federal, por dispensa de licita\u00e7\u00e3o. Veja a publica\u00e7\u00e3o:<\/p>\n\n\n\n<figure class=\"wp-block-image size-full\"><a href=\"https:\/\/www.novaconcursos.com.br\/portal\/wp-content\/uploads\/2023\/08\/image-2023-08-24t074913-284.png\"><img decoding=\"async\" width=\"623\" height=\"260\" src=\"https:\/\/www.novaconcursos.com.br\/portal\/wp-content\/uploads\/2023\/08\/image-2023-08-24t074913-284.png\" alt=\"\" class=\"wp-image-203221\" loading=\"lazy\" title=\"\" srcset=\"https:\/\/www.novaconcursos.com.br\/portal\/wp-content\/uploads\/2023\/08\/image-2023-08-24t074913-284-300x125.png 300w, https:\/\/www.novaconcursos.com.br\/portal\/wp-content\/uploads\/2023\/08\/image-2023-08-24t074913-284.png 623w\" sizes=\"auto, (max-width: 480px) 100vw, (max-width: 768px) 100vw, (max-width: 1200px) 70vw, 768px\"><\/a><figcaption><\/figcaption><\/figure><h3 class=\"wp-block-heading\">Previs\u00e3o de vagas e cargos<\/h3>\n\n\n\n<p>Assim, o certame ofertar\u00e1 <strong>vagas tempor\u00e1rias<\/strong> para Professores Substitutos com atua\u00e7\u00e3o prevista para o ano letivo de 2024, podendo o contrato ser prorrogado para 2025.<\/p>\n\n\n\n<p>Entretanto, o quantitativo ainda n\u00e3o est\u00e1 confirmado, mas j\u00e1 se sabe que 66 \u00e1reas ser\u00e3o contempladas; veja quais:<\/p>\n\n\n\n<ul class=\"wp-block-list\"><li>Administra\u00e7\u00e3o<\/li>\n\n\n\n<li>Arquitetura<\/li>\n\n\n\n<li>Artes<\/li>\n\n\n\n<li>Atividades<\/li>\n\n\n\n<li>Biologia<\/li>\n\n\n\n<li>Biomedicina<\/li>\n\n\n\n<li>Ci\u00eancias Naturais<\/li>\n\n\n\n<li>Constru\u00e7\u00e3o Civil<\/li>\n\n\n\n<li>Contabilidade<\/li>\n\n\n\n<li>Direito<\/li>\n\n\n\n<li>Educa\u00e7\u00e3o F\u00edsica<\/li>\n\n\n\n<li>Eletr\u00f4nica<\/li>\n\n\n\n<li>Eletrot\u00e9cnica<\/li>\n\n\n\n<li>Enfermagem<\/li>\n\n\n\n<li>Farm\u00e1cia<\/li>\n\n\n\n<li>Filosofia<\/li>\n\n\n\n<li>F\u00edsica<\/li>\n\n\n\n<li>Fisioterapia<\/li>\n\n\n\n<li>Gastronomia<\/li>\n\n\n\n<li>Geografia<\/li>\n\n\n\n<li>Hist\u00f3ria<\/li>\n\n\n\n<li>Inform\u00e1tica<\/li>\n\n\n\n<li>LEM\/Alem\u00e3o<\/li>\n\n\n\n<li>LEM\/Espanhol<\/li>\n\n\n\n<li>LEM\/Franc\u00eas<\/li>\n\n\n\n<li>LEM\/Ingl\u00eas<\/li>\n\n\n\n<li>LEM\/Japon\u00eas<\/li>\n\n\n\n<li>LEM\/Libras<\/li>\n\n\n\n<li>L\u00edngua Portuguesa<\/li>\n\n\n\n<li>Matem\u00e1tica<\/li>\n\n\n\n<li>M\u00fasica\/Canto Erudito<\/li>\n\n\n\n<li>M\u00fasica\/Clarineta<\/li>\n\n\n\n<li>M\u00fasica\/Gaita Crom\u00e1tica<\/li>\n\n\n\n<li>M\u00fasica Trombone<\/li>\n\n\n\n<li>M\u00fasica\/Viola de Gamba<\/li>\n\n\n\n<li>M\u00fasica\/Flauta Transversal<\/li>\n\n\n\n<li>M\u00fasica\/Viola<\/li>\n\n\n\n<li>M\u00fasica\/Violino<\/li>\n\n\n\n<li>M\u00fasica\/Acordeon<\/li>\n\n\n\n<li>M\u00fasica\/Cavaquinho<\/li>\n\n\n\n<li>M\u00fasica\/Cravo<\/li>\n\n\n\n<li>M\u00fasica\/Fagote<\/li>\n\n\n\n<li>M\u00fasica\/Piano Correpeti\u00e7\u00e3o<\/li>\n\n\n\n<li>M\u00fasica\/Regente-Maestro\/Coro<\/li>\n\n\n\n<li>M\u00fasica\/Regente-Maestro\/Orquestra Sinf\u00f4nica<\/li>\n\n\n\n<li>M\u00fasica\/Regente-Maestro\/Banda Sinf\u00f4nica<\/li>\n\n\n\n<li>M\u00fasica\/Trompa<\/li>\n\n\n\n<li>M\u00fasica\/Trompete<\/li>\n\n\n\n<li>M\u00fasica\/Viol\u00e3o Erudito<\/li>\n\n\n\n<li>M\u00fasica\/Viol\u00e3o Popular<\/li>\n\n\n\n<li>M\u00fasica\/Violoncelo<\/li>\n\n\n\n<li>M\u00fasica\/Piano Popular<\/li>\n\n\n\n<li>M\u00fasica\/Canto Popular<\/li>\n\n\n\n<li>M\u00fasica\/Componentes Te\u00f3ricos M\u00fasica Erudita<\/li>\n\n\n\n<li>M\u00fasica\/Componentes Te\u00f3ricos M\u00fasica Popular<\/li>\n\n\n\n<li>M\u00fasica\/Processos Fonogr\u00e1ficos<\/li>\n\n\n\n<li>M\u00fasica\/Documenta\u00e7\u00e3o Musical<\/li>\n\n\n\n<li>M\u00fasica\/Produ\u00e7\u00e3o e V\u00eddeo<\/li>\n\n\n\n<li>Nutri\u00e7\u00e3o<\/li>\n\n\n\n<li>Odontologia<\/li>\n\n\n\n<li>Psicologia<\/li>\n\n\n\n<li>Qu\u00edmica<\/li>\n\n\n\n<li>Radiologia<\/li>\n\n\n\n<li>Sociologia<\/li>\n\n\n\n<li>Telecomunica\u00e7\u00f5es.<\/li>\n<\/ul><p><\/p>\n\n\n\n<p>Lembrando que para ingressar nos cargos, \u00e9 necess\u00e1rio possuir licenciatura na \u00e1rea desejada ou bacharelado acrescido de complementa\u00e7\u00e3o pedag\u00f3gica em Programa Especial de Licenciatura (PEL).<\/p>\n\n\n\n<p>Al\u00e9m disso, as remunera\u00e7\u00f5es variam de\u00a0<strong>R$2.214,28 a R$4.228,56<\/strong>, a depender da carga hor\u00e1ria.<\/p>\n\n\n\n<h2 class=\"wp-block-heading\" id=\"vrios-professores-temporrios-esto-atuando-no-df\">V\u00e1rios professores tempor\u00e1rios est\u00e3o atuando no DF<\/h2>\n\n\n\n<p>Vale destacar que somente neste ano de 2023, aproximadamente<strong>\u00a09 mil professores\u00a0<\/strong>est\u00e3o atuando em contrato tempor\u00e1rio no <a href=\"https:\/\/www.novaconcursos.com.br\/portal\/concursos-abertos\/df\/\">Distrito Federal<\/a>. <\/p>\n\n\n\n<p>Ana Paula lembrou tamb\u00e9m\u00a0que cerca de 3 mil docentes ficam fora das salas de aula todos os anos para assumir cargos de diretores, vice-diretores, supervisores e vice-supervisores de ensino das\u00a0<strong>700 unidades educacionais\u00a0<\/strong>existentes no DF.<\/p>\n\n\n\n<p>Al\u00e9m desses, h\u00e1 ainda os professores que se afastam por licen\u00e7a ou f\u00e9rias, ou seja, substitui\u00e7\u00f5es s\u00e3o mais que necess\u00e1rias.<\/p>\n\n\n\n<p>Recentemente, a secret\u00e1ria de Educa\u00e7\u00e3o do DF, H\u00e9lvia Paranagu\u00e1 anunciou a realiza\u00e7\u00e3o de um novo\u00a0<a href=\"https:\/\/www.novaconcursos.com.br\/portal\/concursos-abertos\/df\/\">concurso\u00a0<\/a>SEDF, tendo como objetivo resolver o problema da alta\u00a0<strong>defasagem de professores.<\/strong><\/p>\n\n\n\n<p><em>\u201cDe fato, este \u00faltimo certame vem defasado, porque \u00e9 de 2017. N\u00f3s j\u00e1 vamos convocar esses aprovados e criar outro concurso, porque a demanda s\u00f3 aumenta\u201d<\/em>, informou a secret\u00e1ria.<\/p>","protected":false},"excerpt":{"rendered":"<p>Aten\u00e7\u00e3o concurseiros! Um novo\u00a0concurso SEDF\u00a0(Secretaria de Educa\u00e7\u00e3o do Distrito Federal) ser\u00e1 publicado em\u00a0breve\u00a0para tempor\u00e1rios. A banca est\u00e1 definida; veja detalhes! Estude para o concurso dos seus sonhos com o\u00a0M\u00e9todo\u00a0que j\u00e1 ajudou na\u00a0aprova\u00e7\u00e3o de mais de 70 mil alunos!\u00a0Clique aqui\u00a0e saiba mais! Concurso SEDF: quando sai o edital para tempor\u00e1rios? \u00c9 o que os concurseiros querem [&hellip;]<\/p>\n","protected":false},"author":54671,"featured_media":157383,"comment_status":"closed","ping_status":"closed","sticky":false,"template":"","format":"standard","meta":{"_acf_changed":false,"footnotes":"","_wp_rev_ctl_limit":""},"categories":[228],"tags":[],"class_list":["post-203214","post","type-post","status-publish","format-standard","has-post-thumbnail","hentry","category-noticias"],"acf":[],"_links":{"self":[{"href":"https:\/\/www.novaconcursos.com.br\/portal\/wp-json\/wp\/v2\/posts\/203214","targetHints":{"allow":["GET"]}}],"collection":[{"href":"https:\/\/www.novaconcursos.com.br\/portal\/wp-json\/wp\/v2\/posts"}],"about":[{"href":"https:\/\/www.novaconcursos.com.br\/portal\/wp-json\/wp\/v2\/types\/post"}],"author":[{"embeddable":true,"href":"https:\/\/www.novaconcursos.com.br\/portal\/wp-json\/wp\/v2\/users\/54671"}],"replies":[{"embeddable":true,"href":"https:\/\/www.novaconcursos.com.br\/portal\/wp-json\/wp\/v2\/comments?post=203214"}],"version-history":[{"count":9,"href":"https:\/\/www.novaconcursos.com.br\/portal\/wp-json\/wp\/v2\/posts\/203214\/revisions"}],"predecessor-version":[{"id":300374,"href":"https:\/\/www.novaconcursos.com.br\/portal\/wp-json\/wp\/v2\/posts\/203214\/revisions\/300374"}],"wp:featuredmedia":[{"embeddable":true,"href":"https:\/\/www.novaconcursos.com.br\/portal\/wp-json\/wp\/v2\/media\/157383"}],"wp:attachment":[{"href":"https:\/\/www.novaconcursos.com.br\/portal\/wp-json\/wp\/v2\/media?parent=203214"}],"wp:term":[{"taxonomy":"category","embeddable":true,"href":"https:\/\/www.novaconcursos.com.br\/portal\/wp-json\/wp\/v2\/categories?post=203214"},{"taxonomy":"post_tag","embeddable":true,"href":"https:\/\/www.novaconcursos.com.br\/portal\/wp-json\/wp\/v2\/tags?post=203214"}],"curies":[{"name":"wp","href":"https:\/\/api.w.org\/{rel}","templated":true}]}}