{"id":203238,"date":"2023-08-24T16:19:08","date_gmt":"2023-08-24T19:19:08","guid":{"rendered":"https:\/\/www.novaconcursos.com.br\/portal\/?p=203238"},"modified":"2023-08-24T16:19:12","modified_gmt":"2023-08-24T19:19:12","slug":"concursos-rr-sancionada-lei-que-isenta-taxa-para-vitimas-de-violencia-domestica","status":"publish","type":"post","link":"https:\/\/www.novaconcursos.com.br\/portal\/noticias\/concursos-rr-sancionada-lei-que-isenta-taxa-para-vitimas-de-violencia-domestica\/","title":{"rendered":"Concursos RR: Sancionada lei que isenta taxa para v\u00edtimas de viol\u00eancia dom\u00e9stica!"},"content":{"rendered":"<p>As v\u00edtimas de viol\u00eancia dom\u00e9stica e familiar ter\u00e3o <strong>direito \u00e0 isen\u00e7\u00e3o de taxa<\/strong> de inscri\u00e7\u00e3o em concursos RR e processos seletivos a partir de agora no <a href=\"https:\/\/www.novaconcursos.com.br\/portal\/concursos-abertos\/rr\/\">estado de Roraima<\/a>. Veja detalhes!<\/p>\n\n\n\n<ul class=\"wp-block-list\"><li><strong>Confira:<\/strong>\u00a0<a href=\"https:\/\/www.novaconcursos.com.br\/livro\/questoes-pedagogico-a\">Livro Quest\u00f5es Pedag\u00f3gico<\/a><\/li>\n<\/ul><p><\/p>\n\n\n\n<p>Estude para o concurso dos seus sonhos com o\u00a0<strong>M\u00e9todo<\/strong>\u00a0que j\u00e1 ajudou na\u00a0<strong>aprova\u00e7\u00e3o de mais de 70 mil alunos!<\/strong>\u00a0<a href=\"https:\/\/aprovacao.novaconcursos.com.br\/assinatura\" target=\"_blank\" rel=\"noreferrer noopener\">Clique aqui<\/a>\u00a0e saiba mais!<\/p>\n\n\n\n<h2 class=\"wp-block-heading\" id=\"concursos-rr-entenda-a-lei-sancionada\">Concursos RR: entenda a lei sancionada<\/h2>\n\n\n\n<p>O governador do <a href=\"https:\/\/www.novaconcursos.com.br\/portal\/concursos-previstos\/rr\/\">Estado de Roraima<\/a>, Antonio Denarium, sancionou a Lei n\u00b0 1.852, <a href=\"https:\/\/al.rr.leg.br\/2023\/06\/27\/concursos-e-processos-seletivos-plenario-da-assembleia-legislativa-aprova-pl-que-garante-isencao-de-taxas-a-vitimas-de-violencia-domestica\/\" target=\"_blank\" rel=\"noreferrer noopener\">ap\u00f3s aprova\u00e7\u00e3o por parte da Assembleia Legislativa<\/a> em <strong>junho<\/strong>.<\/p>\n\n\n\n<p>Assim, agora as v\u00edtimas de viol\u00eancia dom\u00e9stica e familiar ter\u00e3o <strong>direito \u00e0 isen\u00e7\u00e3o<\/strong> de taxa de inscri\u00e7\u00e3o em concursos p\u00fablicos e processos seletivos.<\/p>\n\n\n\n<p>Na Assembleia, a mat\u00e9ria teve <strong>17 votos favor\u00e1veis<\/strong>; o texto garante que n\u00e3o apenas as viol\u00eancias f\u00edsica, psicol\u00f3gica e sexual sejam reconhecidas, como tamb\u00e9m a patrimonial, que, em muitos casos, deixam as v\u00edtimas dependentes de seus agressores.<\/p>\n\n\n\n<blockquote class=\"wp-block-quote is-layout-flow wp-block-quote-is-layout-flow\">\n<p><em>\u201cA possibilidade dessas isen\u00e7\u00f5es d\u00e1 autonomia e uma oportunidade para que essas mulheres possam buscar uma independ\u00eancia financeira e suporte ao qual elas almejam, seja atrav\u00e9s de um concurso p\u00fablico ou seletivo\u201d, <\/em>avaliou a Deputada Catarina Guerra (Uni\u00e3o).<\/p>\n\n\n\n<p>O deputado Chico Mozart (PP) parabenizou a colega de Parlamento e relembrou que a Casa Legislativa j\u00e1 havia aprovado um projeto semelhante, que tamb\u00e9m <strong>isenta de taxas<\/strong> as m\u00e3es doadoras de leite materno.<\/p>\n\n\n\n<p><em>\u201cIsso motiva tanto as m\u00e3es que podem doar leite materno quanto essas pessoas que s\u00e3o v\u00edtimas de viol\u00eancia dom\u00e9stica a se manifestar e denunciar maus-tratos para terem esses benef\u00edcios. Parab\u00e9ns, deputada Catarina Guerra\u201d,<\/em> disse Mozart.<\/p>\n\n\n\n<h2 class=\"wp-block-heading\" id=\"h-concursos-rr-trt-11-rr\">Concursos RR: edital segue previsto para o TRT 11<\/h2>\n\n\n\n<p>Ainda em 2023! Sim, este \u00e9 o prazo para a publica\u00e7\u00e3o do edital do concurso do Tribunal Regional do Trabalho da 11\u00aa regi\u00e3o, que abrange o\u00a0<strong><a href=\"https:\/\/www.novaconcursos.com.br\/portal\/concursos-previstos\/am\/\">Amazonas<\/a>\u00a0e Roraima<\/strong>.<\/p>\n\n\n\n<p>Isso porque os tr\u00e2mites est\u00e3o caminhando, rumo a publica\u00e7\u00e3o; a banca organizadora foi definida, sendo a<strong>\u00a0Funda\u00e7\u00e3o Carlos Chagas<\/strong>\u00a0(FCC) a escolhida.<\/p>\n\n\n\n<p>Al\u00e9m disso, o presidente da comiss\u00e3o, o desembargador Jorge \u00c1lvaro Marques Guedes, informou que o \u00f3rg\u00e3o trabalha para\u00a0<strong>aplicar as provas<\/strong>\u00a0ainda em 2023.<\/p>\n\n\n\n<p>Por fim, vale mencionar que a realiza\u00e7\u00e3o de um novo concurso \u00e9 essencial, visto que o \u00f3rg\u00e3o possui no momento\u00a0<strong>196 cargos vagos<\/strong>, sendo: 44 de Analista e 152 de T\u00e9cnico.<\/p>\n\n\n\n<h3 class=\"wp-block-heading\">Como gabaritar a banca FCC?<\/h3>\n\n\n\n<p>A\u00a0<a href=\"https:\/\/www.concursosfcc.com.br\/concursos\/mpepb123\/index.html\" target=\"_blank\" rel=\"noreferrer noopener\">FCC<\/a>\u00a0\u00a0(Funda\u00e7\u00e3o Carlos Chagas) \u00e9 conhecida por entregar uma\u00a0<strong>dificuldade m\u00e9dia\u00a0<\/strong>em suas provas, com literalidade nas perguntas, enunciados curtos, poucas pegadinhas e poucas quest\u00f5es interdisciplinares.<\/p>\n\n\n\n<p>Assim, as quest\u00f5es s\u00e3o de m\u00faltipla escolha, distribu\u00eddas em cinco alternativas, contendo apenas uma \u00fanica resposta correta ou errada.<\/p>\n\n\n\n<p>Por\u00e9m, vale se atentar as disciplinas de\u00a0<strong>jurisprud\u00eancia<\/strong>, que exigem tanto literalidade da lei quanto sua aplica\u00e7\u00e3o em casos pr\u00e1ticos. Logo, costumam desequilibrar at\u00e9 candidatos bem preparados.<\/p>\n\n\n\n<p>Outro ponto para ficar de olho \u00e9 o tempo de prova. A administra\u00e7\u00e3o do tempo \u00e9 um elemento de muita dificuldade na FCC, por isso, \u00e9 importante escolher quais quest\u00f5es resolver primeiro.<\/p>\n\n\n\n<p>Por fim, pratique bastante! A banca costuma manter um padr\u00e3o, logo, a resolu\u00e7\u00e3o das \u00faltimas quest\u00f5es v\u00e3o te ajudar muito a entender o perfil da FCC.<\/p>\n\n\n\n<h2 class=\"wp-block-heading\" id=\"concurso-pm-rr-ter-edital-para-oficiais-at-dezembro\">Concurso PM RR ter\u00e1 edital para Oficiais at\u00e9 dezembro<\/h2>\n\n\n\n<p>J\u00e1 o edital do\u00a0<a href=\"https:\/\/www.novaconcursos.com.br\/portal\/concursos\/concurso-pm-rr\/\">concurso PM RR<\/a>\u00a0(Pol\u00edcia Militar de Roraima) deve sair ainda no segundo semestre. A oferta ser\u00e1 para\u00a0<strong>Oficial Combatente e do quadro da Sa\u00fade<\/strong>.<\/p>\n\n\n\n<p>De acordo com ele o governador j\u00e1 determinou que os preparativos sejam realizados.\u00a0Vale destacar que a\u00a0<strong>comiss\u00e3o\u00a0<\/strong>organizadora foi formada em 2022.<\/p>\n\n\n\n<blockquote class=\"wp-block-quote is-layout-flow wp-block-quote-is-layout-flow\">\n<p><em>\u201cA Pol\u00edcia Militar est\u00e1 precisando sim de oficiais do quadro de combatentes. Temos essa defici\u00eancia, o governador determinou que n\u00f3s come\u00e7\u00e1ssemos estudos para que at\u00e9 o final do ano a gente lance esse concurso para oficial. Aguarde e continue estudando<\/em>\u201d, disse o comandante-geral.<\/p>\n\n\n\n<p>Ainda n\u00e3o h\u00e1 a confirma\u00e7\u00e3o da\u00a0<strong>quantidade\u00a0<\/strong>de vagas que ser\u00e1 ofertada. Mas, j\u00e1 se sabe que ser\u00e3o vagas para o n\u00edvel superior nos\u00a0<strong>cargos\u00a0<\/strong>de\u00a0Oficial Combatente,\u00a0Oficial do Quadro M\u00e9dico e Quadro Complementar.<\/p>\n\n\n\n<p>Ademais, o sal\u00e1rio inicial do aprovado para a carreira de Oficial ser\u00e1 de\u00a0<strong>R$ 8.483,60\u00a0<\/strong>(posto de Cadete \u2013 durante o curso de forma\u00e7\u00e3o), podendo chegar a <strong>R$ 9.210,16.<\/strong><\/p>\n\n\n\n<h2 class=\"wp-block-heading\" id=\"concurso-tj-rr-conhea-os-cargos-e-vagas-que-sero-ofertados\">Concurso TJ RR: Conhe\u00e7a os cargos e vagas que ser\u00e3o ofertados<\/h2>\n\n\n\n<p>O Tribunal de Justi\u00e7a de Roraima deu inicio aos tramites para defini\u00e7\u00e3o da banca organizadora respons\u00e1vel pelo\u00a0<a href=\"https:\/\/www.novaconcursos.com.br\/portal\/concursos\/concurso-tj-rr\/\">concurso TJ RR.<\/a>\u00a0<\/p>\n\n\n\n<p>Inclusive, o projeto b\u00e1sico do edital est\u00e1 pronto e trouxe informa\u00e7\u00f5es sobre as<strong>\u00a0carreiras que ser\u00e3o contempladas<\/strong>\u00a0e etapas avaliativas. <\/p>\n\n\n\n<p>De acordo com ele, ser\u00e3o ofertadas\u00a0<strong>59 vagas imediatas,\u00a0<\/strong>al\u00e9m de oportunidades de cadastro reserva para carreira de \u00a0Analista Judici\u00e1rio e T\u00e9cnico Judici\u00e1rio. Veja a distribui\u00e7\u00e3o:<\/p>\n\n\n\n<p><strong>N\u00edvel Superior<\/strong><\/p>\n\n\n\n<ul class=\"wp-block-list\"><li>Analista Judici\u00e1rio \u2013 39 vagas\n<ul class=\"wp-block-list\"><li>Tecnologia da Informa\u00e7\u00e3o\n<ul class=\"wp-block-list\"><li>Desenvolvimento de Sistemas<\/li>\n\n\n\n<li>Gest\u00e3o, Governan\u00e7a e Sistemas<\/li>\n\n\n\n<li>Ciberseguran\u00e7a<\/li>\n\n\n\n<li>Infraestrutura<\/li>\n\n\n\n<li>Ci\u00eancia de Dados e Analytics<\/li>\n<\/ul><\/li>\n\n\n\n<li>Assist\u00eancia Social<\/li>\n\n\n\n<li>Psicologia<\/li>\n\n\n\n<li>Contabilidade<\/li>\n\n\n\n<li>Estat\u00edstica<\/li>\n\n\n\n<li>Direito<\/li>\n<\/ul><\/li>\n<\/ul><p><strong>N\u00edvel M\u00e9dio<\/strong><\/p>\n\n\n\n<ul class=\"wp-block-list\"><li>T\u00e9cnico Judici\u00e1rio \u2013 20 vagas<\/li>\n<\/ul><p><\/p>\n<\/blockquote>\n\n\n\n<blockquote class=\"wp-block-quote is-layout-flow wp-block-quote-is-layout-flow\">\n<p>Do total de oportunidades, 10% das vagas ser\u00e3o destinadas para pessoas com defici\u00eancia, 20% das vagas ser\u00e3o destinadas para negros e 10% para ind\u00edgenas.<\/p>\n\n\n\n<p>Conforme consta no Portal de Transpar\u00eancia do Tribunal, os<strong>\u00a0sal\u00e1rios iniciais<\/strong>\u00a0dos aprovados \u00e9 o seguinte:<\/p>\n\n\n\n<ul class=\"wp-block-list\"><li>Analista Judici\u00e1rio: R$ 10.099,40 + aux\u00edlio-alimenta\u00e7\u00e3o;<\/li>\n\n\n\n<li>T\u00e9cnico Judici\u00e1rio: R$ 5.302,26 + aux\u00edlio-alimenta\u00e7\u00e3o.<\/li>\n<\/ul><\/blockquote>\n\n\n\n<p><\/p>\n<\/blockquote>\n\n\n\n<p><\/p>\n\n\n\n<p><\/p>","protected":false},"excerpt":{"rendered":"<p>As v\u00edtimas de viol\u00eancia dom\u00e9stica e familiar ter\u00e3o direito \u00e0 isen\u00e7\u00e3o de taxa de inscri\u00e7\u00e3o em concursos RR e processos seletivos a partir de agora no estado de Roraima. Veja detalhes! Estude para o concurso dos seus sonhos com o\u00a0M\u00e9todo\u00a0que j\u00e1 ajudou na\u00a0aprova\u00e7\u00e3o de mais de 70 mil alunos!\u00a0Clique aqui\u00a0e saiba mais! Concursos RR: entenda [&hellip;]<\/p>\n","protected":false},"author":54671,"featured_media":156720,"comment_status":"closed","ping_status":"closed","sticky":false,"template":"","format":"standard","meta":{"_acf_changed":false,"footnotes":"","_wp_rev_ctl_limit":""},"categories":[228],"tags":[],"class_list":["post-203238","post","type-post","status-publish","format-standard","has-post-thumbnail","hentry","category-noticias"],"acf":[],"_links":{"self":[{"href":"https:\/\/www.novaconcursos.com.br\/portal\/wp-json\/wp\/v2\/posts\/203238","targetHints":{"allow":["GET"]}}],"collection":[{"href":"https:\/\/www.novaconcursos.com.br\/portal\/wp-json\/wp\/v2\/posts"}],"about":[{"href":"https:\/\/www.novaconcursos.com.br\/portal\/wp-json\/wp\/v2\/types\/post"}],"author":[{"embeddable":true,"href":"https:\/\/www.novaconcursos.com.br\/portal\/wp-json\/wp\/v2\/users\/54671"}],"replies":[{"embeddable":true,"href":"https:\/\/www.novaconcursos.com.br\/portal\/wp-json\/wp\/v2\/comments?post=203238"}],"version-history":[{"count":7,"href":"https:\/\/www.novaconcursos.com.br\/portal\/wp-json\/wp\/v2\/posts\/203238\/revisions"}],"predecessor-version":[{"id":203250,"href":"https:\/\/www.novaconcursos.com.br\/portal\/wp-json\/wp\/v2\/posts\/203238\/revisions\/203250"}],"wp:featuredmedia":[{"embeddable":true,"href":"https:\/\/www.novaconcursos.com.br\/portal\/wp-json\/wp\/v2\/media\/156720"}],"wp:attachment":[{"href":"https:\/\/www.novaconcursos.com.br\/portal\/wp-json\/wp\/v2\/media?parent=203238"}],"wp:term":[{"taxonomy":"category","embeddable":true,"href":"https:\/\/www.novaconcursos.com.br\/portal\/wp-json\/wp\/v2\/categories?post=203238"},{"taxonomy":"post_tag","embeddable":true,"href":"https:\/\/www.novaconcursos.com.br\/portal\/wp-json\/wp\/v2\/tags?post=203238"}],"curies":[{"name":"wp","href":"https:\/\/api.w.org\/{rel}","templated":true}]}}