{"id":203490,"date":"2023-08-28T16:46:21","date_gmt":"2023-08-28T19:46:21","guid":{"rendered":"https:\/\/www.novaconcursos.com.br\/portal\/?p=203490"},"modified":"2025-12-30T13:47:35","modified_gmt":"2025-12-30T16:47:35","slug":"policia-federal-para-area-administrativa-solicitado","status":"publish","type":"post","link":"https:\/\/www.novaconcursos.com.br\/portal\/noticias\/policia-federal-para-area-administrativa-solicitado\/","title":{"rendered":"Pol\u00edcia Federal: Concursos anuais e para \u00e1rea administrativa solicitado, informa diretor-geral!"},"content":{"rendered":"<p>Com previs\u00e3o de edital com <strong>734 vagas<\/strong> para \u00e1rea administrativa, a <a href=\"https:\/\/www.novaconcursos.com.br\/portal\/concursos\/pf-administrativo\/\">Pol\u00edcia Federal<\/a> poder\u00e1 ter <strong>editais <\/strong>anualmente. Veja o que disse o diretor-geral Andrei Passos!<\/p>\n\n\n\n<ul class=\"wp-block-list\"><li><strong>Confira: <\/strong><a href=\"https:\/\/www.novaconcursos.com.br\/curso-online\/pacote-completo-policia-federal-agente-administrativo\">Curso Completo Pol\u00edcia Federal \u2013 Agente Administrativo<\/a><\/li>\n\n\n\n<li><strong>Confira: <\/strong><a href=\"https:\/\/www.novaconcursos.com.br\/apostila\/pf-prep-agente-adm\">Apostila PF 2023 \u2013 Agente Administrativo<\/a><\/li>\n<\/ul><p><\/p>\n\n\n\n<p>Estude para o concurso dos seus sonhos com o\u00a0<strong>M\u00e9todo<\/strong>\u00a0que j\u00e1 ajudou na\u00a0<strong>aprova\u00e7\u00e3o de mais de 70 mil alunos.<\/strong>\u00a0<a href=\"https:\/\/aprovacao.novaconcursos.com.br\/assinatura\" target=\"_blank\" rel=\"noreferrer noopener\">Clique aqui<\/a>\u00a0e saiba mais!<\/p>\n\n\n\n<h2 class=\"wp-block-heading\" id=\"concurso-polcia-federal-ter-editais-anuais\">Concurso Pol\u00edcia Federal ter\u00e1 editais anuais?<\/h2>\n\n\n\n<p>Portanto, na \u00faltima semana, o diretor-geral da Pol\u00edcia Federal, Andrei Passos, voltou a falar sobre a inten\u00e7\u00e3o de publicar <strong>editais anualmente<\/strong> para a corpora\u00e7\u00e3o.<\/p>\n\n\n\n<ul class=\"wp-block-list\"><li><strong>Confira:<\/strong> <a href=\"https:\/\/www.novaconcursos.com.br\/curso-online\/policia-federal-agente-escrivao\">Curso Agente e Escriv\u00e3o da Pol\u00edcia Federal \u2013 2 em 1<\/a><\/li>\n<\/ul><p><\/p>\n\n\n\n<p>Sua fala foi dada na sexta-feira, 25 de agosto, quando confirmou uma <strong>nova solicita\u00e7\u00e3o <\/strong>para a \u00e1rea administrativa do \u00f3rg\u00e3o. Ali ele citou sobre os editais anuais.<\/p>\n\n\n\n<p><em>\u201cUm pleito nosso \u00e9 que a Pol\u00edcia Federal tenha concursos anuais, concursos peri\u00f3dicos, com menor quantidade de vagas, mas concursos peri\u00f3dicos de maneira que a gente consiga sempre n\u00e3o s\u00f3 repor aqueles quadros que v\u00e3o se aposentando, mas tamb\u00e9m incrementar o nosso efetivo que, hoje, \u00e9 de apenas 15 mil servidores\u201d<\/em>, disse o diretor-geral.<\/p>\n\n\n\n<p>Andrei tamb\u00e9m informou que, ap\u00f3s a homologa\u00e7\u00e3o do edital publicado em 2021, poder\u00e1 propor a realiza\u00e7\u00e3o de um novo <a href=\"https:\/\/www.novaconcursos.com.br\/portal\/concursos-previstos\/nacional\">concurso<\/a>. Lembrando que o prazo termina em\u00a0<strong>15 de setembro de 2023<\/strong>.<\/p>\n\n\n\n<p><em>\u201cEstamos na Academia (de Pol\u00edcia) com um curso de forma\u00e7\u00e3o previsto para encerrar no dia 5 de setembro. S\u00f3 depois do encerramento deste curso \u00e9 que eu posso propor formalmente, e vou propor, a institui\u00e7\u00e3o de novos concursos\u201d,<\/em> disse Andrei Passos Rodrigues.<\/p>\n\n\n\n<p>Em julho de 2023, o ministro da Justi\u00e7a e Seguran\u00e7a P\u00fablica, Fl\u00e1vio Dino, tamb\u00e9m falou sobre o caso, afirmando que j\u00e1 s\u00e3o <strong>3.000 cargos vagos<\/strong>, por isso editais s\u00e3o importantes.<\/p>\n\n\n\n<p>Al\u00e9m disso, no dia 6 de junho, foi dada autoriza\u00e7\u00e3o para nomea\u00e7\u00e3o de mais\u00a0<strong>201 candidatos aprovados<\/strong> no concurso. <a href=\"https:\/\/www.novaconcursos.com.br\/portal\/noticias\/concurso-policia-federal-autorizada-convocacao-201-aprovados\/\">Veja detalhes, clicando aqui<\/a>!<\/p>\n\n\n\n<p><a href=\"https:\/\/www.novaconcursos.com.br\/portal\/noticias\/concurso-pf-e-prf-reajuste-salarial-editais-todos-anos\/\">Concurso PF e PRF: Reajuste salarial e editais todos os anos. Entenda!<\/a><\/p>\n\n\n\n<h2 class=\"wp-block-heading\" id=\"quando-sai-o-concurso-polcia-federal-administrativo\">Quando sai o concurso Pol\u00edcia Federal Administrativo?<\/h2>\n\n\n\n<p>Sendo assim, um novo\u00a0<a href=\"https:\/\/www.novaconcursos.com.br\/portal\/concursos-abertos\/nacional\">concurso\u00a0<\/a>se aproximando para a Pol\u00edcia Federal, na \u00e1rea administrativa. O diretor confirmou que enviou um pedido com <strong>734 vagas<\/strong>.<\/p>\n\n\n\n<p><em>\u201cEu j\u00e1 solicitei ao Minist\u00e9rio da Gest\u00e3o e Inova\u00e7\u00e3o um concurso para servidores administrativos, mais de 700 vagas\u201d<\/em>, disse ele, ainda na entrevista.<\/p>\n\n\n\n<p><a href=\"https:\/\/www.novaconcursos.com.br\/portal\/noticias\/concurso-pf-administrativo-confira-a-nota-de-corte-para-agente-nivel-medio\/\">Concurso PF Administrativo: Confira a nota de corte para Agente, n\u00edvel m\u00e9dio!<\/a><\/p>\n\n\n\n<p>De acordo com o documento, as oportunidades s\u00e3o para o Plano Especial de Cargos da Pol\u00edcia Federal (PECPF), com previs\u00e3o para<strong>\u00a0ingresso dos servidores em 2024\u00a0<\/strong>e est\u00e3o divididas da seguinte maneira:<\/p>\n\n\n\n<ul class=\"wp-block-list\"><li><strong>N\u00edvel M\u00e9dio<\/strong>\n<ul class=\"wp-block-list\"><li>Agente Administrativo: 559 vagas<\/li>\n<\/ul><\/li>\n\n\n\n<li><strong>N\u00edvel Superior<\/strong>\n<ul class=\"wp-block-list\"><li>Administrador: 26 vagas<\/li>\n\n\n\n<li>Arquivista: 9 vagas<\/li>\n\n\n\n<li>Assistente Social: 13 vagas<\/li>\n\n\n\n<li>Bibliotec\u00e1rio: 1 vaga<\/li>\n\n\n\n<li>Contador: 9 vagas<\/li>\n\n\n\n<li>Economista: 3 vagas<\/li>\n\n\n\n<li>Enfermeiro: 3 vagas<\/li>\n\n\n\n<li>Estat\u00edstico: 4 vagas<\/li>\n\n\n\n<li>Farmac\u00eautico: 2 vagas<\/li>\n\n\n\n<li>M\u00e9dico: 70 vagas<\/li>\n\n\n\n<li>Nutricionista: 1 vaga<\/li>\n\n\n\n<li>Odont\u00f3logo (30 horas): 1 vaga<\/li>\n\n\n\n<li>Odont\u00f3logo (40 horas): 11 vagas<\/li>\n\n\n\n<li>Psic\u00f3logo: 6 vagas<\/li>\n\n\n\n<li>T\u00e9cnico em Assuntos Educacionais: 13 vagas<\/li>\n\n\n\n<li>T\u00e9cnico em Comunica\u00e7\u00e3o Social: 3 vagas<\/li>\n<\/ul><\/li>\n<\/ul><p><\/p>\n\n\n\n<h2 class=\"wp-block-heading\" id=\"quais-as-atribuies-do-agente-administrativo-da-pf\">Quais as atribui\u00e7\u00f5es do Agente Administrativo da PF?<\/h2>\n\n\n\n<ul class=\"wp-block-list\"><li>apresenta\u00e7\u00e3o de solu\u00e7\u00e3o para situa\u00e7\u00f5es novas;<\/li>\n\n\n\n<li>contatos com autoridades de m\u00e9dia hierarquia, com t\u00e9cnicos de n\u00edvel superior e\/ou contatos eventuais com autoridades de alta hierarquia;<\/li>\n\n\n\n<li>planejamento em grau auxiliar e pesquisas preliminares realizadas sob supervis\u00e3o indireta, predominantemente t\u00e9cnica, visando \u00e0 implementa\u00e7\u00e3o das leis, regulamentos e normas referentes \u00e0 administra\u00e7\u00e3o geral e espec\u00edfica; supervis\u00e3o dos trabalhos que envolvam a aplica\u00e7\u00e3o das t\u00e9cnicas de pessoal, or\u00e7amento, organiza\u00e7\u00e3o, m\u00e9todos e materiais executados por equipes auxiliares, chefia de secretarias de unidades da mais alta linha divisional da organiza\u00e7\u00e3o.<\/li>\n<\/ul><p><\/p>\n\n\n\n<h2 class=\"wp-block-heading\" id=\"concurso-pf-administrativo-o-que-cai-na-prova\">Concurso PF Administrativo: O que cai na prova?<\/h2>\n\n\n\n<p>Pensando em nossos concurseiros, elaboramos um gr\u00e1fico com as\u00a0<strong>disciplinas\u00a0<\/strong>mais recorrentes nos \u00faltimos editais. Confira\u00a0??<\/p>\n\n\n\n<figure class=\"wp-block-image\"><img decoding=\"async\" width=\"553\" height=\"412\" src=\"https:\/\/www.novaconcursos.com.br\/portal\/wp-content\/uploads\/2022\/08\/grafico-agente-pf.png\" alt=\"\" class=\"wp-image-168904\" loading=\"lazy\" title=\"\" srcset=\"https:\/\/www.novaconcursos.com.br\/portal\/wp-content\/uploads\/2022\/08\/grafico-agente-pf-300x224.png 300w, https:\/\/www.novaconcursos.com.br\/portal\/wp-content\/uploads\/2022\/08\/grafico-agente-pf.png 553w\" sizes=\"auto, (max-width: 480px) 100vw, (max-width: 768px) 100vw, (max-width: 1200px) 70vw, 768px\"><\/figure><p><\/p>\n\n\n\n<p><a href=\"https:\/\/www.novaconcursos.com.br\/portal\/noticias\/concurso-pf-administrativo-tera-mais-uma-etapa-de-selecao\/\">Concurso PF Administrativo: Inclus\u00e3o de mais uma etapa de sele\u00e7\u00e3o? Entenda!<\/a><\/p>\n\n\n\n<h2 class=\"wp-block-heading\" id=\"quais-os-salrios-do-concurso-polcia-federal\">Quais os sal\u00e1rios do concurso Pol\u00edcia Federal?<\/h2>\n\n\n\n<p>De acordo com a Tabela de Remunera\u00e7\u00e3o dos Servidores P\u00fablicos Federais, os sal\u00e1rios inicias dos aprovados \u00e9 o seguinte:<\/p>\n\n\n\n<p><strong>N\u00edvel M\u00e9dio: R$ 4.746,16 (vencimento b\u00e1sico de R$ 2.279,16 + GDATPF de at\u00e9 R$ 2.467,00)<\/strong><\/p>\n\n\n\n<figure class=\"wp-block-image\"><a href=\"https:\/\/www.novaconcursos.com.br\/portal\/wp-content\/uploads\/2023\/05\/nivel-medio.png\"><img decoding=\"async\" width=\"1024\" height=\"474\" src=\"https:\/\/www.novaconcursos.com.br\/portal\/wp-content\/uploads\/2023\/05\/nivel-medio-1024x474.png\" alt=\"\" class=\"wp-image-194798\" loading=\"lazy\" title=\"\" srcset=\"https:\/\/www.novaconcursos.com.br\/portal\/wp-content\/uploads\/2023\/05\/nivel-medio-300x139.png 300w, https:\/\/www.novaconcursos.com.br\/portal\/wp-content\/uploads\/2023\/05\/nivel-medio-1024x474.png 1024w, https:\/\/www.novaconcursos.com.br\/portal\/wp-content\/uploads\/2023\/05\/nivel-medio.png 1075w\" sizes=\"auto, (max-width: 480px) 100vw, (max-width: 768px) 100vw, (max-width: 1200px) 70vw, 768px\"><\/a><\/figure><p><strong>N\u00edvel Superior: R$ 5.776,47 (vencimento b\u00e1sico de R$ 2.402,47) + GDATPF de at\u00e9 R$ 3.374,00)<\/strong><\/p>\n\n\n\n<figure class=\"wp-block-image\"><a href=\"https:\/\/www.novaconcursos.com.br\/portal\/wp-content\/uploads\/2023\/05\/nivel-superior.png\"><img decoding=\"async\" width=\"1024\" height=\"444\" src=\"https:\/\/www.novaconcursos.com.br\/portal\/wp-content\/uploads\/2023\/05\/nivel-superior-1024x444.png\" alt=\"\" class=\"wp-image-194799\" loading=\"lazy\" title=\"\" srcset=\"https:\/\/www.novaconcursos.com.br\/portal\/wp-content\/uploads\/2023\/05\/nivel-superior-300x130.png 300w, https:\/\/www.novaconcursos.com.br\/portal\/wp-content\/uploads\/2023\/05\/nivel-superior-1024x444.png 1024w, https:\/\/www.novaconcursos.com.br\/portal\/wp-content\/uploads\/2023\/05\/nivel-superior.png 1074w\" sizes=\"auto, (max-width: 480px) 100vw, (max-width: 768px) 100vw, (max-width: 1200px) 70vw, 768px\"><\/a><\/figure><p>Entretanto, vale lembrar que o presidente Luiz In\u00e1cio Lula da Silva, sancionou o\u00a0<a href=\"https:\/\/www.novaconcursos.com.br\/portal\/noticias\/concursos-federais-aprovado-reajuste-salarial-de-9-aos-servidores\/\">reajuste salarial de 9%<\/a> aos servidores federais. Dessa forma, \u00e9 poss\u00edvel que os habilitados sejam impactados e o sal\u00e1rio seja ainda maior.<\/p>\n\n\n\n<h2 class=\"wp-block-heading\" id=\"quais-os-requisitos-para-investidura-nos-cargos\">Quais os requisitos para investidura nos cargos?<\/h2>\n\n\n\n<p>De acordo com o \u00faltimo edital, os\u00a0<strong>requisitos b\u00e1sicos\u00a0<\/strong>para ingresso nas carreira, s\u00e3o os seguintes:<\/p>\n\n\n\n<ul class=\"wp-block-list\"><li>Ter a nacionalidade brasileira ou portuguesa e, no caso de nacionalidade portuguesa, estar amparado pelo estatuto de igualdade entre brasileiros e portugueses, com reconhecimento do gozo dos direitos pol\u00edticos, nos termos do \u00a7 1\u00ba do artigo 12 da Constitui\u00e7\u00e3o Federal.<\/li>\n\n\n\n<li>Estar em gozo dos direitos pol\u00edticos.<\/li>\n\n\n\n<li>Ter idade m\u00ednima de dezoito anos completos na data da posse.<\/li>\n\n\n\n<li>Ter aptid\u00e3o f\u00edsica e mental para o exerc\u00edcio das atribui\u00e7\u00f5es do cargo.<\/li>\n\n\n\n<li>Firmar declara\u00e7\u00e3o de n\u00e3o estar cumprindo san\u00e7\u00e3o por inidoneidade, aplicada por qualquer \u00f3rg\u00e3o p\u00fablico e(ou) entidade da esfera federal, estadual e (ou) municipal.<\/li>\n<\/ul><p><\/p>\n\n\n\n<p><a href=\"https:\/\/www.novaconcursos.com.br\/portal\/noticias\/nos-precisamos-fazer-mais-concurso-diz-lula-sobre-ibama-e-policia-federal\/\">\u201cN\u00f3s precisamos fazer mais concurso\u201d, diz Lula sobre IBAMA e Pol\u00edcia Federal!<\/a><\/p>","protected":false},"excerpt":{"rendered":"<p>Com previs\u00e3o de edital com 734 vagas para \u00e1rea administrativa, a Pol\u00edcia Federal poder\u00e1 ter editais anualmente. Veja o que disse o diretor-geral Andrei Passos! Estude para o concurso dos seus sonhos com o\u00a0M\u00e9todo\u00a0que j\u00e1 ajudou na\u00a0aprova\u00e7\u00e3o de mais de 70 mil alunos.\u00a0Clique aqui\u00a0e saiba mais! Concurso Pol\u00edcia Federal ter\u00e1 editais anuais? Portanto, na \u00faltima [&hellip;]<\/p>\n","protected":false},"author":54671,"featured_media":161096,"comment_status":"closed","ping_status":"closed","sticky":false,"template":"","format":"standard","meta":{"_acf_changed":false,"footnotes":"","_wp_rev_ctl_limit":""},"categories":[228],"tags":[],"class_list":["post-203490","post","type-post","status-publish","format-standard","has-post-thumbnail","hentry","category-noticias"],"acf":[],"_links":{"self":[{"href":"https:\/\/www.novaconcursos.com.br\/portal\/wp-json\/wp\/v2\/posts\/203490","targetHints":{"allow":["GET"]}}],"collection":[{"href":"https:\/\/www.novaconcursos.com.br\/portal\/wp-json\/wp\/v2\/posts"}],"about":[{"href":"https:\/\/www.novaconcursos.com.br\/portal\/wp-json\/wp\/v2\/types\/post"}],"author":[{"embeddable":true,"href":"https:\/\/www.novaconcursos.com.br\/portal\/wp-json\/wp\/v2\/users\/54671"}],"replies":[{"embeddable":true,"href":"https:\/\/www.novaconcursos.com.br\/portal\/wp-json\/wp\/v2\/comments?post=203490"}],"version-history":[{"count":5,"href":"https:\/\/www.novaconcursos.com.br\/portal\/wp-json\/wp\/v2\/posts\/203490\/revisions"}],"predecessor-version":[{"id":301710,"href":"https:\/\/www.novaconcursos.com.br\/portal\/wp-json\/wp\/v2\/posts\/203490\/revisions\/301710"}],"wp:featuredmedia":[{"embeddable":true,"href":"https:\/\/www.novaconcursos.com.br\/portal\/wp-json\/wp\/v2\/media\/161096"}],"wp:attachment":[{"href":"https:\/\/www.novaconcursos.com.br\/portal\/wp-json\/wp\/v2\/media?parent=203490"}],"wp:term":[{"taxonomy":"category","embeddable":true,"href":"https:\/\/www.novaconcursos.com.br\/portal\/wp-json\/wp\/v2\/categories?post=203490"},{"taxonomy":"post_tag","embeddable":true,"href":"https:\/\/www.novaconcursos.com.br\/portal\/wp-json\/wp\/v2\/tags?post=203490"}],"curies":[{"name":"wp","href":"https:\/\/api.w.org\/{rel}","templated":true}]}}