{"id":203495,"date":"2023-08-28T17:22:02","date_gmt":"2023-08-28T20:22:02","guid":{"rendered":"https:\/\/www.novaconcursos.com.br\/portal\/?p=203495"},"modified":"2023-08-28T17:22:05","modified_gmt":"2023-08-28T20:22:05","slug":"concursos-federais-entenda-o-que-e-a-selecao-unificada-mais-de-7-mil-vagas","status":"publish","type":"post","link":"https:\/\/www.novaconcursos.com.br\/portal\/noticias\/concursos-federais-entenda-o-que-e-a-selecao-unificada-mais-de-7-mil-vagas\/","title":{"rendered":"Concursos Federais: Entenda o que \u00e9 a sele\u00e7\u00e3o unificada. Mais de 7 mil vagas!"},"content":{"rendered":"<p>Os <a href=\"https:\/\/www.novaconcursos.com.br\/portal\/concursos-previstos\/nacional\">concursos federais<\/a>, em edital unificado para preenchimento de cerca de oito mil vagas em cerca de 50 \u00f3rg\u00e3os do Executivo Federal, est\u00e3o <strong>previstos para fevereiro de 2024<\/strong>. Veja detalhes!<\/p>\n\n\n\n<ul class=\"wp-block-list\"><li><strong>Confira: <\/strong><a href=\"https:\/\/www.novaconcursos.com.br\/apostila\/basico-concurso\">Apostila B\u00e1sico para Concursos 2023<\/a><\/li>\n\n\n\n<li><strong>Confira:<\/strong> <a href=\"https:\/\/www.novaconcursos.com.br\/curso-online\/curso-de-redacao-para-concursos\">Reda\u00e7\u00e3o Nota M\u00e1xima para Concursos<\/a><\/li>\n<\/ul><p><\/p>\n\n\n\n<h2 class=\"wp-block-heading\" id=\"concursos-federais-como-ser-a-seleo-unificada\">Concursos Federais: como ser\u00e1 a sele\u00e7\u00e3o unificada?<\/h2>\n\n\n\n<p>Desde a semana passada rolam informa\u00e7\u00f5es sobre uma poss\u00edvel sele\u00e7\u00e3o unificada dos <a href=\"https:\/\/www.novaconcursos.com.br\/portal\/concursos-abertos\/nacional\">concursos federais<\/a> que est\u00e3o <strong>autorizados<\/strong>.<\/p>\n\n\n\n<p>Isso porque o\u00a0<a href=\"https:\/\/www.gov.br\/gestao\/pt-br\" target=\"_blank\" rel=\"noreferrer noopener\">Minist\u00e9rio da Gest\u00e3o e Inova\u00e7\u00e3o em Servi\u00e7os P\u00fablicos<\/a>\u00a0citou a possibilidade na \u00faltima semana e, inclusive, se <strong>reuniu com os \u00f3rg\u00e3os<\/strong> que possuem aval.<\/p>\n\n\n\n<p>Ap\u00f3s a reuni\u00e3o, detalhes de como \u00e9 a proposta foram reveladas. Al\u00e9m disso, a\u00a0<strong>ideia est\u00e1 avan\u00e7ada<\/strong>\u00a0e j\u00e1 tem prazos para edital e aplica\u00e7\u00e3o da prova.<\/p>\n\n\n\n<p>Na sexta-feira (25\/08), o secret\u00e1rio de Gest\u00e3o de Pessoas do Minist\u00e9rio da Gest\u00e3o, Jos\u00e9 Celso Cardoso Jr., apresentou a <strong>proposta <\/strong>de como ser\u00e1 realizar uma prova \u00fanica para o preenchimento das mais de 7 mil vagas.\u00a0<\/p>\n\n\n\n<p>Primeiro ele citou que a ades\u00e3o dos minist\u00e9rios ao Concurso Nacional Unificado \u00e9 volunt\u00e1ria. O edital deve ser <strong>publicado at\u00e9 dezembro.<\/strong><\/p>\n\n\n\n<p>Ainda, ele confirmou que se os prazos se cumprirem, a realiza\u00e7\u00e3o de prova segue prevista para o dia <strong>25 de fevereiro<\/strong> de 2024. <\/p>\n\n\n\n<p><em>\u201cEste projeto \u00e9 inovador e ousado.\u00a0Com isso,\u00a0criamos\u00a0um crit\u00e9rio de justi\u00e7a de acesso \u00e0s vagas p\u00fablicas como nunca ocorreu antes na hist\u00f3ria do Brasil\u201d<\/em>, afirmou o secret\u00e1rio.<\/p>\n\n\n\n<p>Segundo ele, <em>\u201cestudos especializados indicam que esse formato unificado de provas, em detrimento daqueles que pretendem aferir conhecimentos, desde sa\u00edda, muito especializados, tem sido capaz de selecionar melhor os futuros servidores e servidoras p\u00fablicas, trazendo para o seio do Estado pessoas em geral \u00edntegras e comprometidas com a esfera p\u00fablica e as realiza\u00e7\u00f5es da administra\u00e7\u00e3o\u201d.<\/em><\/p>\n\n\n\n<figure class=\"wp-block-video\"><video controls src=\"https:\/\/www.novaconcursos.com.br\/portal\/wp-content\/uploads\/2023\/08\/WhatsApp_Video_2023-08-25_at_18.52.37.mp4\"><\/video><\/figure><h3 class=\"wp-block-heading\">Quais as vagas?<\/h3>\n\n\n\n<p>Assim, as <strong>7.826 vagas<\/strong> foram agrupadas em blocos tem\u00e1ticos, divididas por \u00e1rea de atua\u00e7\u00e3o governamental. Veja detalhes da divis\u00e3o:<\/p>\n\n\n\n<figure class=\"wp-block-image size-full\"><a href=\"https:\/\/www.novaconcursos.com.br\/portal\/wp-content\/uploads\/2023\/08\/TabelareasVagas.png\"><img decoding=\"async\" width=\"606\" height=\"255\" src=\"https:\/\/www.novaconcursos.com.br\/portal\/wp-content\/uploads\/2023\/08\/TabelareasVagas.png\" alt=\"\" class=\"wp-image-203499\" loading=\"lazy\" title=\"\" srcset=\"https:\/\/www.novaconcursos.com.br\/portal\/wp-content\/uploads\/2023\/08\/TabelareasVagas-300x126.png 300w, https:\/\/www.novaconcursos.com.br\/portal\/wp-content\/uploads\/2023\/08\/TabelareasVagas.png 606w\" sizes=\"auto, (max-width: 480px) 100vw, (max-width: 768px) 100vw, (max-width: 1200px) 70vw, 768px\"><\/a><figcaption><\/figcaption><\/figure><h3 class=\"wp-block-heading\">Como seriam as provas?<\/h3>\n\n\n\n<p>Ent\u00e3o, prevista para 25 de fevereiro de 2024, a prova estaria dividida em dois momentos nesta mesma data: <\/p>\n\n\n\n<ul class=\"wp-block-list\"><li>1\u00ba) Provas objetivas com matriz comum a todos os candidatos; <\/li>\n\n\n\n<li>2\u00ba) Provas espec\u00edficas e dissertativas por blocos tem\u00e1ticos. Os resultados gerais da primeira fase devem se divulgar at\u00e9 o final de abril de 2024 e o in\u00edcio dos cursos de forma\u00e7\u00e3o, entre junho e julho do ano que vem.\u00a0<\/li>\n<\/ul><p><\/p>\n\n\n\n<p>Al\u00e9m disso, a meta \u00e9 realizar a prova em cerca de <strong>180 cidades<\/strong>, simultaneamente, em todo o pa\u00eds. Veja a divis\u00e3o por regi\u00e3o:<\/p>\n\n\n\n<figure class=\"wp-block-image size-full\"><a href=\"https:\/\/www.novaconcursos.com.br\/portal\/wp-content\/uploads\/2023\/08\/TableaRegioMunicpios.png\"><img decoding=\"async\" width=\"609\" height=\"71\" src=\"https:\/\/www.novaconcursos.com.br\/portal\/wp-content\/uploads\/2023\/08\/TableaRegioMunicpios.png\" alt=\"\" class=\"wp-image-203500\" loading=\"lazy\" title=\"\" srcset=\"https:\/\/www.novaconcursos.com.br\/portal\/wp-content\/uploads\/2023\/08\/TableaRegioMunicpios-300x35.png 300w, https:\/\/www.novaconcursos.com.br\/portal\/wp-content\/uploads\/2023\/08\/TableaRegioMunicpios.png 609w\" sizes=\"auto, (max-width: 480px) 100vw, (max-width: 768px) 100vw, (max-width: 1200px) 70vw, 768px\"><\/a><figcaption><\/figcaption><\/figure><h3 class=\"wp-block-heading\">De quem ser\u00e1 a organiza\u00e7\u00e3o?<\/h3>\n\n\n\n<p>O certame ser\u00e1 organizado\u00a0a partir de uma\u00a0Coordena\u00e7\u00e3o\u00a0Geral composta pelo Minist\u00e9rio da Gest\u00e3o e da Inova\u00e7\u00e3o (MGI), o Instituto Nacional de Estudos e Pesquisas Educacionais An\u00edsio Teixeira (INEP), o Instituto de Pesquisa Econ\u00f4mico Aplicada (IPEA), a Escola Nacional de Administra\u00e7\u00e3o P\u00fablica (ENAP)\u00a0e\u00a0a Advocacia Geral da Uni\u00e3o (AGU). <\/p>\n\n\n\n<p>Assim, este arranjo prev\u00ea tamb\u00e9m a participa\u00e7\u00e3o ativa das <strong>comiss\u00f5es setoriais <\/strong>de cada um dos \u00f3rg\u00e3os envolvidos, cujos representantes formariam o Comit\u00ea Consultivo\/Deliberativo.\u00a0<\/p>\n\n\n\n<p>At\u00e9 meados de setembro\u00a0deste ano,\u00a0deve se publicar pelo Minist\u00e9rio da Gest\u00e3o e da Inova\u00e7\u00e3o o ato oficial que ir\u00e1 <strong>definir a estrutura<\/strong> de governan\u00e7a do Concurso federal Unificado.\u00a0<\/p>\n\n\n\n<h2 class=\"wp-block-heading\" id=\"guia-referencial-para-elaborao-de-concursos-pblicos-\">Guia referencial para elabora\u00e7\u00e3o de concursos p\u00fablicos <\/h2>\n\n\n\n<p>Portanto, o documento lan\u00e7ado sistematiza um conjunto de <strong>orienta\u00e7\u00f5es <\/strong>para os \u00f3rg\u00e3os e entidades p\u00fablicas planejarem e executarem os seus processos de sele\u00e7\u00e3o.\u00a0<\/p>\n\n\n\n<p>Ele recebeu o nome de <em>\u201cGuia Referencial para Concursos P\u00fablicos: promo\u00e7\u00e3o do\u00a0ethos\u00a0p\u00fablico, realidade brasileira, inclus\u00e3o, diversidade e direitos humanos\u201d.<\/em><\/p>\n\n\n\n<p><a href=\"https:\/\/repositorio.enap.gov.br\/handle\/1\/7735\" target=\"_blank\" rel=\"noreferrer noopener\">Clique aqui e acesse o Guia na \u00edntegra<\/a><\/p>\n\n\n\n<p>Assim, tem o objetivo de fortalecer capacidades institucionais por meio de processos seletivos que abordem princ\u00edpios e conhecimentos acerca da realidade brasileira, pol\u00edticas p\u00fablicas, desenvolvimento nacional, diversidade e inclus\u00e3o.\u00a0\u00a0<\/p>\n\n\n\n<p>Ent\u00e3o, as orienta\u00e7\u00f5es s\u00e3o para os \u00f3rg\u00e3os envolvidos planejarem e executarem os  processos alinhados aos desafios de enfrentamento \u00e0s desigualdades da sociedade brasileira e ao processo de governan\u00e7a e implementa\u00e7\u00e3o de pol\u00edticas p\u00fablicas.\u00a0<\/p>\n\n\n\n<p>Al\u00e9m das normas, o <strong>documento traz<\/strong> exemplos pr\u00e1ticos, reflex\u00f5es sobre os modelos de provas existentes e propostas de conte\u00fados transversais.\u00a0<\/p>\n\n\n\n<p>Destaca-se que o guia esteve elaborado por meio de <strong>escuta ativa<\/strong> <strong>e colabora\u00e7\u00e3o volunt\u00e1ria<\/strong> com a Casa Civil, os minist\u00e9rios da Igualdade Racial, da Justi\u00e7a e Seguran\u00e7a P\u00fablica, do Planejamento e Or\u00e7amento, dos Povos Ind\u00edgenas, das Mulheres e dos Direitos Humanos.<\/p>\n\n\n\n<p><a href=\"https:\/\/www.novaconcursos.com.br\/portal\/noticias\/concursos-publicos-servidores-federais-vao-deixar-de-bater-o-ponto-entenda\/\">Concursos P\u00fablicos: Servidores federais v\u00e3o deixar de \u201cbater o ponto\u201d. Entenda!<\/a><\/p>\n\n\n\n<h2 class=\"wp-block-heading\" id=\"mais-de-16-mil-vagas-anunciadas-em-concursos-federais\">Mais de 16 mil vagas anunciadas em concursos federais!<\/h2>\n\n\n\n<p>At\u00e9 o momento, o Minist\u00e9rio de Gest\u00e3o e Inova\u00e7\u00e3o em Servi\u00e7os P\u00fablicos anunciou\u00a0<strong>16.661 vagas\u00a0<\/strong>que est\u00e3o distribu\u00eddas em<strong>\u00a044 \u00f3rg\u00e3os federais.\u00a0<\/strong>Confira quais s\u00e3o:<\/p>\n\n\n\n<figure class=\"wp-block-image\"><a href=\"https:\/\/www.novaconcursos.com.br\/portal\/wp-content\/uploads\/2023\/07\/Blue-Monochromatic-and-Modern-Problem-and-Solution-Table-Graph.png\"><img decoding=\"async\" width=\"1024\" height=\"768\" src=\"https:\/\/www.novaconcursos.com.br\/portal\/wp-content\/uploads\/2023\/07\/Blue-Monochromatic-and-Modern-Problem-and-Solution-Table-Graph.png\" alt=\"\" class=\"wp-image-200642\" loading=\"lazy\" title=\"\" srcset=\"https:\/\/www.novaconcursos.com.br\/portal\/wp-content\/uploads\/2023\/07\/Blue-Monochromatic-and-Modern-Problem-and-Solution-Table-Graph-300x225.png 300w, https:\/\/www.novaconcursos.com.br\/portal\/wp-content\/uploads\/2023\/07\/Blue-Monochromatic-and-Modern-Problem-and-Solution-Table-Graph.png 1024w\" sizes=\"auto, (max-width: 480px) 100vw, (max-width: 768px) 100vw, (max-width: 1200px) 70vw, 768px\"><\/a><\/figure><figure class=\"wp-block-image\"><a href=\"https:\/\/www.novaconcursos.com.br\/portal\/wp-content\/uploads\/2023\/07\/Blue-Monochromatic-and-Modern-Problem-and-Solution-Table-Graph-1.png\"><img decoding=\"async\" width=\"1024\" height=\"338\" src=\"https:\/\/www.novaconcursos.com.br\/portal\/wp-content\/uploads\/2023\/07\/Blue-Monochromatic-and-Modern-Problem-and-Solution-Table-Graph-1.png\" alt=\"\" class=\"wp-image-200645\" loading=\"lazy\" title=\"\" srcset=\"https:\/\/www.novaconcursos.com.br\/portal\/wp-content\/uploads\/2023\/07\/Blue-Monochromatic-and-Modern-Problem-and-Solution-Table-Graph-1-300x99.png 300w, https:\/\/www.novaconcursos.com.br\/portal\/wp-content\/uploads\/2023\/07\/Blue-Monochromatic-and-Modern-Problem-and-Solution-Table-Graph-1.png 1024w\" sizes=\"auto, (max-width: 480px) 100vw, (max-width: 768px) 100vw, (max-width: 1200px) 70vw, 768px\"><\/a><\/figure><p>Ficou interessado em alguma dessas oportunidades? Ent\u00e3o,\u00a0<a href=\"https:\/\/www.novaconcursos.com.br\/portal\/artigos\/concursos-federais-mais-16-mil-vagas-anunciadas-44-instituicoes\/\">vem comigo nessa p\u00e1gina<\/a>\u00a0que eu vou te contar mais detalhes das vagas e a situa\u00e7\u00e3o em que cada um desses concursos se encontra. ?<\/p>\n\n\n\n<p><a href=\"https:\/\/www.novaconcursos.com.br\/portal\/noticias\/concursos-federais-instrucao-normativa-disciplina-a-aplicacao-de-cotas-para-pessoas-negras\/\">Concursos Federais: Instru\u00e7\u00e3o Normativa disciplina a aplica\u00e7\u00e3o de cotas para pessoas negras!<\/a><\/p>\n\n\n\n<h3 class=\"wp-block-heading\" id=\"h-nomea-es-a-partir-de-novembro-de-2023\">Nomea\u00e7\u00f5es em 2023?<\/h3>\n\n\n\n<p>De acordo com dados divulgados pelo Minist\u00e9rio da Gest\u00e3o e Inova\u00e7\u00e3o em Servi\u00e7os P\u00fablicos, existem\u00a0<strong>nomea\u00e7\u00f5es previstas a partir de novembro<\/strong>\u00a0e outras a partir de dezembro de 2023.<\/p>\n\n\n\n<p>Al\u00e9m disso, alguns concursos federais j\u00e1 est\u00e3o com tr\u00e2mites bastante avan\u00e7ados, o que torna bastante poss\u00edvel o cumprimento das previs\u00f5es de nomea\u00e7\u00e3o.<\/p>\n\n\n\n<p>Vale destacar que muitos \u00f3rg\u00e3os <strong>n\u00e3o est\u00e3o inclu\u00eddos<\/strong> no edital unificado. Primeiro porque alguns estiveram autorizados antes; depois, tem \u00f3rg\u00e3o que j\u00e1 est\u00e1 com tr\u00e2mite avan\u00e7ado para publicar o edital. <\/p>\n\n\n\n<p>Entre os concursos que j\u00e1 contam com\u00a0<strong>comiss\u00e3o formada<\/strong>, est\u00e3o: Antaq, AFT, ANTT, ANAC, ANEEL, CAPES, CNPQ, Funai, Incra, Inmet, MAPA e Minist\u00e9rio da Justi\u00e7a.<\/p>\n\n\n\n<p>Al\u00e9m disso, os concursos MME e MRE j\u00e1 contam com banca definida e tamb\u00e9m j\u00e1 poder\u00e3o ter edital em breve.<\/p>\n\n\n\n<p><a href=\"https:\/\/www.novaconcursos.com.br\/portal\/noticias\/concursos-federais-mais-autorizacoes-este-ano-e-10-mil-ate-2026\/\">Mais autoriza\u00e7\u00f5es este ano e 10 mil at\u00e9 2026!<\/a><\/p>","protected":false},"excerpt":{"rendered":"<p>Os concursos federais, em edital unificado para preenchimento de cerca de oito mil vagas em cerca de 50 \u00f3rg\u00e3os do Executivo Federal, est\u00e3o previstos para fevereiro de 2024. Veja detalhes! Concursos Federais: como ser\u00e1 a sele\u00e7\u00e3o unificada? Desde a semana passada rolam informa\u00e7\u00f5es sobre uma poss\u00edvel sele\u00e7\u00e3o unificada dos concursos federais que est\u00e3o autorizados. Isso [&hellip;]<\/p>\n","protected":false},"author":54671,"featured_media":161743,"comment_status":"closed","ping_status":"closed","sticky":false,"template":"","format":"standard","meta":{"_acf_changed":false,"footnotes":"","_wp_rev_ctl_limit":""},"categories":[228],"tags":[],"class_list":["post-203495","post","type-post","status-publish","format-standard","has-post-thumbnail","hentry","category-noticias"],"acf":[],"_links":{"self":[{"href":"https:\/\/www.novaconcursos.com.br\/portal\/wp-json\/wp\/v2\/posts\/203495","targetHints":{"allow":["GET"]}}],"collection":[{"href":"https:\/\/www.novaconcursos.com.br\/portal\/wp-json\/wp\/v2\/posts"}],"about":[{"href":"https:\/\/www.novaconcursos.com.br\/portal\/wp-json\/wp\/v2\/types\/post"}],"author":[{"embeddable":true,"href":"https:\/\/www.novaconcursos.com.br\/portal\/wp-json\/wp\/v2\/users\/54671"}],"replies":[{"embeddable":true,"href":"https:\/\/www.novaconcursos.com.br\/portal\/wp-json\/wp\/v2\/comments?post=203495"}],"version-history":[{"count":4,"href":"https:\/\/www.novaconcursos.com.br\/portal\/wp-json\/wp\/v2\/posts\/203495\/revisions"}],"predecessor-version":[{"id":203502,"href":"https:\/\/www.novaconcursos.com.br\/portal\/wp-json\/wp\/v2\/posts\/203495\/revisions\/203502"}],"wp:featuredmedia":[{"embeddable":true,"href":"https:\/\/www.novaconcursos.com.br\/portal\/wp-json\/wp\/v2\/media\/161743"}],"wp:attachment":[{"href":"https:\/\/www.novaconcursos.com.br\/portal\/wp-json\/wp\/v2\/media?parent=203495"}],"wp:term":[{"taxonomy":"category","embeddable":true,"href":"https:\/\/www.novaconcursos.com.br\/portal\/wp-json\/wp\/v2\/categories?post=203495"},{"taxonomy":"post_tag","embeddable":true,"href":"https:\/\/www.novaconcursos.com.br\/portal\/wp-json\/wp\/v2\/tags?post=203495"}],"curies":[{"name":"wp","href":"https:\/\/api.w.org\/{rel}","templated":true}]}}