{"id":203503,"date":"2023-08-28T17:42:29","date_gmt":"2023-08-28T20:42:29","guid":{"rendered":"https:\/\/www.novaconcursos.com.br\/portal\/?p=203503"},"modified":"2023-08-28T17:42:54","modified_gmt":"2023-08-28T20:42:54","slug":"concurso-funai-mais-uma-etapa-de-selecao-sera-incluida-entenda","status":"publish","type":"post","link":"https:\/\/www.novaconcursos.com.br\/portal\/noticias\/concurso-funai-mais-uma-etapa-de-selecao-sera-incluida-entenda\/","title":{"rendered":"Concurso Funai: Mais uma etapa de sele\u00e7\u00e3o ser\u00e1 inclu\u00edda? Entenda!"},"content":{"rendered":"<p>Uma proposta enviada por servidores da Funda\u00e7\u00e3o Nacional dos Povos Ind\u00edgenas pode incluir uma nova etapa de sele\u00e7\u00e3o no <a href=\"https:\/\/www.novaconcursos.com.br\/portal\/concursos\/concurso-funai\/\">concurso Funai<\/a>. S\u00e3o <strong>mais de 500 vagas<\/strong>; veja detalhes!<\/p>\n\n\n\n<ul class=\"wp-block-list\"><li><strong>Confira: <\/strong><a href=\"https:\/\/www.novaconcursos.com.br\/curso-online\/curso-funai-comum-todos-cargos\">Curso FUNAI \u2013 Comum a Todos os Cargos<\/a><\/li>\n<\/ul><p><\/p>\n\n\n\n<p>Estude para o concurso dos seus sonhos com o\u00a0<strong>M\u00e9todo<\/strong>\u00a0que j\u00e1 ajudou na\u00a0<strong>aprova\u00e7\u00e3o de mais de 70 mil alunos.<\/strong>\u00a0<a href=\"https:\/\/aprovacao.novaconcursos.com.br\/assinatura\" target=\"_blank\" rel=\"noreferrer noopener\">Clique aqui<\/a>\u00a0e saiba mais!<\/p>\n\n\n\n<h2 class=\"wp-block-heading\" id=\"concurso-funai-ter-mais-uma-seleo-includa\">Concurso Funai ter\u00e1 mais uma sele\u00e7\u00e3o inclu\u00edda?<\/h2>\n\n\n\n<p>Olha, ainda \u00e9 uma proposta, mas <strong>se aprovada<\/strong>, o <a href=\"https:\/\/www.novaconcursos.com.br\/portal\/concursos-previstos\/nacional\">concurso\u00a0<\/a>Funai poder\u00e1 sim ter uma nova etapa de sele\u00e7\u00e3o para seus candidatos.<\/p>\n\n\n\n<p>Isso porque servidores da Funda\u00e7\u00e3o Nacional dos Povos Ind\u00edgenas apresentaram uma nova proposta de <strong>plano de carreira<\/strong> para os cargos de indigenista.<\/p>\n\n\n\n<p>Sendo assim, a medida pode incluir mais uma etapa no edital j\u00e1 <strong>autorizado <\/strong>e que deve ser publicado muito em breve.<\/p>\n\n\n\n<p>Lembrando que o of\u00edcio est\u00e1 enviado \u00e0 presidente da Funai, Joenia Wapichana, \u00e0 ministra dos Povos Ind\u00edgenas, Sonia Guajajara, e ao secret\u00e1rio de Rela\u00e7\u00f5es de Trabalho, Jos\u00e9 Lopes Feij\u00f3o.<\/p>\n\n\n\n<p>Nele, ent\u00e3o, os servidores apresentam alguns pontos debatidos em uma reuni\u00e3o realizada no dia 14 de junho. Veja:<\/p>\n\n\n\n<blockquote class=\"wp-block-quote is-layout-flow wp-block-quote-is-layout-flow\">\n<p><em>\u201c(\u2026) a realiza\u00e7\u00e3o de concurso p\u00fablico para a Funai ser\u00e1 ineficaz para recomposi\u00e7\u00e3o do quadro sem uma estrutura\u00e7\u00e3o da carreira que seja justa, equitativa e atrativa em compara\u00e7\u00e3o a outros \u00f3rg\u00e3os no Executivo Federal\u201d.<\/em><\/p>\n<\/blockquote>\n\n\n\n<p>Entre os t\u00f3picos, o documento cita a <strong>equipara\u00e7\u00e3o dos n\u00edveis<\/strong>, uma vez que servidores do fundamental, m\u00e9dio e superior exercem atividades similares.<\/p>\n\n\n\n<p>Segundo os servidores, s\u00e3o necess\u00e1rias habilidades m\u00faltiplas dos contratados, pois h\u00e1 desempenho de fun\u00e7\u00f5es diversas. Por isso, eles pedem a inclus\u00e3o da etapa de<strong> experi\u00eancia profissional<\/strong>.<\/p>\n\n\n\n<p>Al\u00e9m disso, sugere que seja atribu\u00edda uma\u00a0<strong>pontua\u00e7\u00e3o espec\u00edfica por ano comprovado<\/strong>\u00a0na experi\u00eancia profissional, v\u00ednculo p\u00fablico ou privado, com a promo\u00e7\u00e3o e defesa das popula\u00e7\u00f5es ind\u00edgenas.<\/p>\n\n\n\n<h2 class=\"wp-block-heading\" id=\"quando-sai-o-edital-do-concurso-funai\">Quando sai o edital do concurso Funai?<\/h2>\n\n\n\n<p>\u00c9 o que todos querem saber, mas ainda n\u00e3o h\u00e1 nenhuma confirma\u00e7\u00e3o. Mas, certo \u00e9 que o\u00a0<a href=\"https:\/\/www.novaconcursos.com.br\/portal\/concursos-abertos\/nacional\">concurso\u00a0<\/a>est\u00e1 oficialmente autorizado para preencher\u00a0<strong>502 vagas<\/strong>.<\/p>\n\n\n\n<p>Sendo assim, ap\u00f3s a escolha da organizadora, o\u00a0<strong>edital se tornar\u00e1 iminente<\/strong>\u00a0e poder\u00e1 ser publicado. A previs\u00e3o aponta para o segundo semestre deste ano.<\/p>\n\n\n\n<p>Lembrando que o aval foi dado para a sele\u00e7\u00e3o no dia 5 de maio. Assim, s\u00e3o\u00a0<strong>180 dias<\/strong>\u00a0para que o edital possa sair, ou seja, at\u00e9\u00a0<strong>29 de outubro.<\/strong><\/p>\n\n\n\n<p>Ao todo,\u00a0<strong>17 bancas\u00a0<\/strong>foram convidadas para a organiza\u00e7\u00e3o e devem enviar as propostas. Portanto, veja, abaixo, a lista das empresas que est\u00e3o na \u2018briga\u2019:<\/p>\n\n\n\n<ul class=\"wp-block-list\"><li>Instituto Avalia;<\/li>\n\n\n\n<li>Cebraspe;<\/li>\n\n\n\n<li>Funda\u00e7\u00e3o Cesgranrio;<\/li>\n\n\n\n<li>Funda\u00e7\u00e3o Carlos Chagas (FCC);<\/li>\n\n\n\n<li>Funda\u00e7\u00e3o Getulio Vargas (FGV);<\/li>\n\n\n\n<li>Instituto Americano de Desenvolvimento (Iades);<\/li>\n\n\n\n<li>Instituto Brasileiro de Forma\u00e7\u00e3o e Capacita\u00e7\u00e3o (IBFC);<\/li>\n\n\n\n<li>Instituto de Desenvolvimento e Capacita\u00e7\u00e3o (IDCAP);<\/li>\n\n\n\n<li>Consulplan;<\/li>\n\n\n\n<li>Fepese;<\/li>\n\n\n\n<li>Quadrix;<\/li>\n\n\n\n<li>Legalle;<\/li>\n\n\n\n<li>Funda\u00e7\u00e3o Vunesp;<\/li>\n\n\n\n<li>Funda\u00e7\u00e3o La Salle;<\/li>\n\n\n\n<li>Instituto de Desenvolvimento Educacional, Cultural e Assistencial Nacional (Idecan);<\/li>\n\n\n\n<li>Fundatec; e<\/li>\n\n\n\n<li>Instituto AOCP.<\/li>\n<\/ul><p><\/p>\n\n\n\n<h3 class=\"wp-block-heading\">Divis\u00e3o de vagas e sal\u00e1rios<\/h3>\n\n\n\n<p>Do total autorizado, 152 oportunidades ser\u00e3o para n\u00edvel m\u00e9dio e 350 para n\u00edvel superior. Confira os cargos e os sal\u00e1rios:<\/p>\n\n\n\n<ul class=\"wp-block-list\"><li><strong>N\u00edvel m\u00e9dio:<\/strong>\n<ul class=\"wp-block-list\"><li>Agente em Indigenismo: 152 vagas<\/li>\n\n\n\n<li><strong>Remunera\u00e7\u00e3o:\u00a0<\/strong>R$5.349,07<\/li>\n<\/ul><\/li>\n\n\n\n<li><strong>N\u00edvel superior:<\/strong>\n<ul class=\"wp-block-list\"><li>Administrador: 26 vagas<\/li>\n\n\n\n<li>Antrop\u00f3logo: 19 vagas<\/li>\n\n\n\n<li>Arquiteto: 1 vaga<\/li>\n\n\n\n<li>Arquivista: 1 vaga<\/li>\n\n\n\n<li>Assistente Social: 21 vagas<\/li>\n\n\n\n<li>Bibliotec\u00e1rio: 6 vagas<\/li>\n\n\n\n<li>Contador: 12 vagas<\/li>\n\n\n\n<li>Economista: 24 vagas<\/li>\n\n\n\n<li>Engenheiro: 20 vagas<\/li>\n\n\n\n<li>Engenheiro\n<ul class=\"wp-block-list\"><li>Agr\u00f4nomo: 31 vagas<\/li>\n\n\n\n<li>Florestal: 2 vagas<\/li>\n<\/ul><\/li>\n\n\n\n<li>Estat\u00edstico: 1 vaga<\/li>\n\n\n\n<li>Ge\u00f3grafo: 4 vagas<\/li>\n\n\n\n<li>Indigenista Especializado: 152 vagas<\/li>\n\n\n\n<li>Psic\u00f3logo: 6 vagas<\/li>\n\n\n\n<li>Soci\u00f3logo: 12 vagas<\/li>\n\n\n\n<li>T\u00e9cnico em Assuntos Educacionais: 2 vagas<\/li>\n\n\n\n<li>T\u00e9cnico em Comunica\u00e7\u00e3o Social: 10 vagas<\/li>\n\n\n\n<li><strong>Remunera\u00e7\u00e3o:\u00a0<\/strong>R$6.420,87<\/li>\n<\/ul><\/li>\n<\/ul><p><\/p>\n\n\n\n<p>Al\u00e9m disso, o projeto b\u00e1sico informa ainda que ser\u00e1 formado um\u00a0<strong>cadastro de reserva<\/strong>, que poder\u00e1 se utilizar durante a validade do edital.<\/p>\n\n\n\n<h2 class=\"wp-block-heading\" id=\"quando-sero-as-provas-do-concurso-funai\">Quando ser\u00e3o as provas do concurso Funai?<\/h2>\n\n\n\n<p>De acordo com a uma informa\u00e7\u00e3o recente, a Diretoria Colegiada ter\u00e1 at\u00e9 o\u00a0<strong>dia 30 de junho de 2024<\/strong>\u00a0para realizar a aplica\u00e7\u00e3o das provas do\u00a0concurso\u00a0Funai.<\/p>\n\n\n\n<p>Apesar disso, \u00e9 poss\u00edvel que as provas sejam aplicadas ainda em 2023. Acontece que a portaria autorizativa, prev\u00ea a publica\u00e7\u00e3o do edital at\u00e9 o dia 29 de outubro de 2023.<\/p>\n\n\n\n<p>Por isso, o prazo m\u00ednimo para publica\u00e7\u00e3o das provas por sua vez, \u00e9 de dois meses, ou seja,\u00a0<strong>at\u00e9 dezembro desse ano.<\/strong>\u00a0Tudo ser\u00e1 confirmado no edital!<\/p>\n\n\n\n<p>Ademais, \u00e9 importante destacar que os inscritos passar\u00e3o por\u00a0<strong>provas objetivas<\/strong>\u00a0para todos os cargos. J\u00e1 a<strong>\u00a0prova discursiva<\/strong>, apenas para o n\u00edvel superior.<\/p>\n\n\n\n<h3 class=\"wp-block-heading\">Onde haver\u00e1 aplica\u00e7\u00e3o?<\/h3>\n\n\n\n<p>Portanto, segundo revelado pelo projeto b\u00e1sico, ambas avalia\u00e7\u00f5es ocorrer\u00e3o nas capitais dos\u00a0<strong>26 estados brasileiros e no Distrito Federal.<\/strong><\/p>\n\n\n\n<p>Al\u00e9m das capitais, ter\u00e1 prova em Tabatinga e S\u00e3o Gabriel da Cachoeira, no Amazonas; Imperatriz, no Maranh\u00e3o; Dourados, em Mato Grosso do Sul; Sinop, em Mato Grosso; Altamira e Santar\u00e9m, no Par\u00e1; Vilhena, em Rond\u00f4nia.<\/p>\n\n\n\n<h3 class=\"wp-block-heading\">Como ser\u00e3o?<\/h3>\n\n\n\n<p>Para os cargos de n\u00edvel m\u00e9dio, ser\u00e3o entre\u00a0<strong>60 e 80 quest\u00f5es<\/strong>\u00a0de m\u00faltipla escolha ou de\u00a0<strong>120 a 140 quest\u00f5es\u00a0<\/strong>se no modelo certo ou errado.<\/p>\n\n\n\n<p>Enquanto isso, para os cargos de n\u00edvel superior, ser\u00e3o entre\u00a0<strong>60 e 80 quest\u00f5es\u00a0<\/strong>de m\u00faltipla escolha ou<strong>\u00a0110 a 140\u00a0<\/strong>no modelo certo ou errado.<\/p>\n\n\n\n<p>Por fim, a prova discursiva para n\u00edvel superior ter\u00e1 perguntas de Conhecimentos Espec\u00edficos do bloco program\u00e1tico.\u00a0Ent\u00e3o, tudo depender\u00e1 da banca contratada!<\/p>\n\n\n\n<p><a href=\"https:\/\/www.novaconcursos.com.br\/portal\/noticias\/concurso-funai-projeto-basico-traz-detalhes-da-prova-objetiva-confira\/\">Projeto b\u00e1sico traz detalhes da prova objetiva. Confira!<\/a><\/p>","protected":false},"excerpt":{"rendered":"<p>Uma proposta enviada por servidores da Funda\u00e7\u00e3o Nacional dos Povos Ind\u00edgenas pode incluir uma nova etapa de sele\u00e7\u00e3o no concurso Funai. S\u00e3o mais de 500 vagas; veja detalhes! Estude para o concurso dos seus sonhos com o\u00a0M\u00e9todo\u00a0que j\u00e1 ajudou na\u00a0aprova\u00e7\u00e3o de mais de 70 mil alunos.\u00a0Clique aqui\u00a0e saiba mais! Concurso Funai ter\u00e1 mais uma sele\u00e7\u00e3o [&hellip;]<\/p>\n","protected":false},"author":54671,"featured_media":159422,"comment_status":"closed","ping_status":"closed","sticky":false,"template":"","format":"standard","meta":{"_acf_changed":false,"footnotes":"","_wp_rev_ctl_limit":""},"categories":[228],"tags":[],"class_list":["post-203503","post","type-post","status-publish","format-standard","has-post-thumbnail","hentry","category-noticias"],"acf":[],"_links":{"self":[{"href":"https:\/\/www.novaconcursos.com.br\/portal\/wp-json\/wp\/v2\/posts\/203503","targetHints":{"allow":["GET"]}}],"collection":[{"href":"https:\/\/www.novaconcursos.com.br\/portal\/wp-json\/wp\/v2\/posts"}],"about":[{"href":"https:\/\/www.novaconcursos.com.br\/portal\/wp-json\/wp\/v2\/types\/post"}],"author":[{"embeddable":true,"href":"https:\/\/www.novaconcursos.com.br\/portal\/wp-json\/wp\/v2\/users\/54671"}],"replies":[{"embeddable":true,"href":"https:\/\/www.novaconcursos.com.br\/portal\/wp-json\/wp\/v2\/comments?post=203503"}],"version-history":[{"count":10,"href":"https:\/\/www.novaconcursos.com.br\/portal\/wp-json\/wp\/v2\/posts\/203503\/revisions"}],"predecessor-version":[{"id":203513,"href":"https:\/\/www.novaconcursos.com.br\/portal\/wp-json\/wp\/v2\/posts\/203503\/revisions\/203513"}],"wp:featuredmedia":[{"embeddable":true,"href":"https:\/\/www.novaconcursos.com.br\/portal\/wp-json\/wp\/v2\/media\/159422"}],"wp:attachment":[{"href":"https:\/\/www.novaconcursos.com.br\/portal\/wp-json\/wp\/v2\/media?parent=203503"}],"wp:term":[{"taxonomy":"category","embeddable":true,"href":"https:\/\/www.novaconcursos.com.br\/portal\/wp-json\/wp\/v2\/categories?post=203503"},{"taxonomy":"post_tag","embeddable":true,"href":"https:\/\/www.novaconcursos.com.br\/portal\/wp-json\/wp\/v2\/tags?post=203503"}],"curies":[{"name":"wp","href":"https:\/\/api.w.org\/{rel}","templated":true}]}}