{"id":203666,"date":"2023-08-30T12:39:27","date_gmt":"2023-08-30T15:39:27","guid":{"rendered":"https:\/\/www.novaconcursos.com.br\/portal\/?p=203666"},"modified":"2023-08-30T12:39:30","modified_gmt":"2023-08-30T15:39:30","slug":"concursos-pb-vagas-ate-novembro-estima-secretario","status":"publish","type":"post","link":"https:\/\/www.novaconcursos.com.br\/portal\/noticias\/concursos-pb-vagas-ate-novembro-estima-secretario\/","title":{"rendered":"Concursos PB: 1.268 vagas devem ser lan\u00e7adas at\u00e9 novembro, estima secret\u00e1rio!"},"content":{"rendered":"<p>Tib\u00e9rio Limeira deu <strong>s\u00e9rias previs\u00f5es<\/strong> sobre editais de\u00a0concursos p\u00fablicos\u00a0para o <a href=\"https:\/\/www.novaconcursos.com.br\/portal\/concursos-previstos\/pb\/\">Estado da Para\u00edba<\/a>, afirmando que mais de 1,2 mil vagas devem sair <strong>ainda em 2023<\/strong>. Veja detalhes!<\/p>\n\n\n\n<ul class=\"wp-block-list\"><li><strong>Confira: <\/strong><a href=\"https:\/\/www.novaconcursos.com.br\/curso-online\/curso-de-redacao-para-concursos\">Reda\u00e7\u00e3o Nota M\u00e1xima para Concursos<\/a><\/li>\n\n\n\n<li><strong>Confira:<\/strong> <a href=\"https:\/\/www.novaconcursos.com.br\/apostila\/basico-concurso\">Apostila B\u00e1sico para Concursos 2023<\/a><\/li>\n<\/ul><p><\/p>\n\n\n\n<p>Estude para o concurso dos seus sonhos com o\u00a0<strong>M\u00e9todo<\/strong>\u00a0que j\u00e1 ajudou na\u00a0<strong>aprova\u00e7\u00e3o de mais de 70 mil alunos.<\/strong>\u00a0<a href=\"https:\/\/aprovacao.novaconcursos.com.br\/assinatura\" target=\"_blank\" rel=\"noreferrer noopener\">Clique aqui<\/a>\u00a0e saiba mais!<\/p>\n\n\n\n<h2 class=\"wp-block-heading\" id=\"concursos-pb-editais-ainda-em-2023\">Concursos PB: editais ainda em 2023?<\/h2>\n\n\n\n<p>Portanto, mais editais de concursos p\u00fablicos\u00a0para o <a href=\"https:\/\/www.novaconcursos.com.br\/portal\/concursos-previstos\/pb\/\">Estado da Para\u00edba<\/a> devem ser lan\u00e7ados ainda em 2023, at\u00e9 <strong>novembro<\/strong>.<\/p>\n\n\n\n<ul class=\"wp-block-list\"><li><strong>Confira: <\/strong><a href=\"https:\/\/www.novaconcursos.com.br\/apostila\/concursos-prefeituras\">Apostila Concursos de Prefeituras<\/a><\/li>\n<\/ul><p><\/p>\n\n\n\n<p>Entre as sele\u00e7\u00f5es citadas, h\u00e1 os editais para a Secretaria de Cultura, Secretaria da Infraestrutura e Recursos H\u00eddricos e para a Educa\u00e7\u00e3o.<\/p>\n\n\n\n<p>Assim, a informa\u00e7\u00e3o, ent\u00e3o, foi confirmada pelo secret\u00e1rio de Administra\u00e7\u00e3o da Para\u00edba, Tib\u00e9rio Limeira. De acordo com ele, a previs\u00e3o \u00e9 de: <\/p>\n\n\n\n<ul class=\"wp-block-list\"><li><strong>33<\/strong>\u00a0vagas para Secretaria de Cultura<\/li>\n\n\n\n<li><strong>235<\/strong>\u00a0vagas para Secretaria da Infraestrutura e Recursos H\u00eddricos<\/li>\n\n\n\n<li><strong>1.000<\/strong>\u00a0vagas para Magist\u00e9rio (Professor)<\/li>\n<\/ul><p><\/p>\n\n\n\n<p>Al\u00e9m disso, o secret\u00e1rio mencionou o\u00a0<strong>concurso CGE PB<\/strong>, que deve ter o edital publicado ainda nesta semana. Veja detalhes mais abaixo!<\/p>\n\n\n\n<p>Depois, ele ainda disse que a previs\u00e3o \u00e9 que os aprovados nestas sele\u00e7\u00f5es sejam convocados no\u00a0<strong>pr\u00f3ximo ano<\/strong>. Ele completou que sempre ser\u00e1 necess\u00e1ria a reposi\u00e7\u00e3o.<\/p>\n\n\n\n<blockquote class=\"wp-block-quote is-layout-flow wp-block-quote-is-layout-flow\">\n<p><em>\u201cA car\u00eancia sempre existe, porque h\u00e1 um movimento rotativo muito grande. Muitos servidores acabam se aposentando, outros passam em outros concursos p\u00fablicos e deixam o servi\u00e7o p\u00fablico estadual. \u00c9 natural que esta rotativa aconte\u00e7am<\/em>\u201d, disse o titular da pasta.<\/p>\n<\/blockquote>\n\n\n\n<h3 class=\"wp-block-heading\">Secretaria de Infraestrutura<\/h3>\n\n\n\n<p>Para a Secretaria de Infraestrutura, o secret\u00e1rio explicou que a previs\u00e3o \u00e9 de vagas para\u00a0<strong>engenheiro, arquitetos e t\u00e9cnico em edifica\u00e7\u00f5es<\/strong>. <\/p>\n\n\n\n<p>Inclusive, o representante ainda citou que este ser\u00e1 o primeiro concurso para carreira de t\u00e9cnico em edifica\u00e7\u00f5es no estado. <\/p>\n\n\n\n<h3 class=\"wp-block-heading\">Magist\u00e9rio<\/h3>\n\n\n\n<p>Por outro lado, no magist\u00e9rio, o gestor explicou que as vagas de Professor ser\u00e3o para as\u00a0<strong>Escolas Cidad\u00e3s Integrais de Ensino M\u00e9dio<\/strong>.<\/p>\n\n\n\n<h2 class=\"wp-block-heading\" id=\"secretaria-de-cultura-tem-criao-de-quadro-de-efetivos-aprova\">Secretaria de Cultura tem cria\u00e7\u00e3o de quadro de efetivos aprovada<\/h2>\n\n\n\n<p>Nesta ter\u00e7a-feira (29\/08), a Assembleia Legislativa aprovou o projeto de lei do governador Jo\u00e3o Azev\u00eado que <strong>cria o quadro de efetivos<\/strong> da Secretaria da Cultura.<\/p>\n\n\n\n<p>Ao todo foram criados <strong>71 cargos<\/strong>, que poder\u00e3o ser ofertados no primeiro concurso p\u00fablico para a pasta. Veja, ent\u00e3o, a divis\u00e3o:<\/p>\n\n\n\n<ul class=\"wp-block-list\"><li>10 cargos de T\u00e9cnico Administrativo<\/li>\n\n\n\n<li>5 cargos de Gestor P\u00fablico<\/li>\n\n\n\n<li>5 cargos de Analista em Gest\u00e3o Cultural<\/li>\n\n\n\n<li>1 cargo de Analista em Gest\u00e3o Cultural na \u00e1rea de teatro<\/li>\n\n\n\n<li>1 cargo de Analista em Gest\u00e3o Cultural na \u00e1rea de dan\u00e7a<\/li>\n\n\n\n<li>1 cargo de Analista em Gest\u00e3o Cultural na \u00e1rea de circo<\/li>\n\n\n\n<li>1 cargo de Analista em Gest\u00e3o Cultural na \u00e1rea de artes visuais<\/li>\n\n\n\n<li>1 cargo de Analista em Gest\u00e3o Cultural na \u00e1rea audiovisual<\/li>\n\n\n\n<li>1 cargo de Analista em Gest\u00e3o Cultural na \u00e1rea de m\u00fasica<\/li>\n\n\n\n<li>1 cargo de Analista em Gest\u00e3o Cultural na \u00e1rea de literatura<\/li>\n\n\n\n<li>1 cargo de Analista em Gest\u00e3o Cultural na \u00e1rea para Produtor Cultural<\/li>\n\n\n\n<li>2 cargos de Antrop\u00f3logo<\/li>\n\n\n\n<li>10 cargos de Arque\u00f3logos<\/li>\n\n\n\n<li>10 cargos de Muse\u00f3logo<\/li>\n\n\n\n<li>10 cargos de Paleont\u00f3logo<\/li>\n\n\n\n<li>4 cargos de Restaurador<\/li>\n\n\n\n<li>1 cargo de Arquivista<\/li>\n\n\n\n<li>1 cargo de Bibliotec\u00e1rio<\/li>\n\n\n\n<li>1 cargo de Historiador<\/li>\n<\/ul><p><\/p>\n\n\n\n<h3 class=\"wp-block-heading\">Secret\u00e1rio deu detalhes da cria\u00e7\u00e3o<\/h3>\n\n\n\n<p>Por meio de suas redes sociais, o secret\u00e1rio de Cultura do <a href=\"https:\/\/www.novaconcursos.com.br\/portal\/concursos-abertos\/pb\/\">Estado da Para\u00edba<\/a>, Pedro Santos, citou detalhes da cria\u00e7\u00e3o dos cargos e comemorou. <\/p>\n\n\n\n<p><em>\u201cEsse projeto de lei foi elaborado a partir de um trabalho da Secretaria de Cultura com a Secretaria de Estado da Administra\u00e7\u00e3o e encaminhado pelo governador Jo\u00e3o Azev\u00eado aqui para o Parlamento\u201d<\/em>, disse o secret\u00e1rio.<\/p>\n\n\n\n<p><em>\u201cCom a aprova\u00e7\u00e3o de hoje, fica criado por lei o quadro de 71 cargos efetivos na nossa Secretaria de Cultura, nas \u00e1reas de museologia, arqueologia, arquivologia, antropologia, paleontologia, nas \u00e1reas de teatro, dan\u00e7a, circo, produ\u00e7\u00e3o cultural, enfim. S\u00e3o 71 cargos distribu\u00eddos nas \u00e1reas instrumentais, operacionais, t\u00e9cnicos administrativos e tamb\u00e9m, majoritariamente, nas \u00e1reas final\u00edsticas, que s\u00e3o as \u00e1reas especializadas\u201d<\/em>, afirmou.<\/p>\n\n\n\n<p><em>\u201cFica a partir de agora o Governo do Estado autorizado a planejar e lan\u00e7ar editais de concurso p\u00fablico para o provimento dessas vagas. Uma grande vit\u00f3ria a medida que a gente consegue, a partir de agora, pensar tamb\u00e9m na perenidade das pol\u00edticas p\u00fablicas, uma vez que os servidores efetivos tamb\u00e9m tem essa atribui\u00e7\u00e3o de carregar o legado, carregar a mem\u00f3ria das pol\u00edticas p\u00fablicas\u201d,<\/em> completou o secret\u00e1rio.<\/p>\n\n\n\n<h2 class=\"wp-block-heading\" id=\"concurso-cge-pb-edital-previsto-para-esta-semana\">Concurso CGE PB: edital previsto para esta semana<\/h2>\n\n\n\n<p>Assim, a <strong>FGV <\/strong>est\u00e1 <strong>contratada <\/strong>como a banca respons\u00e1vel pelo pr\u00f3ximo concurso da\u00a0Controladoria-Geral do Estado da Para\u00edba (CGE PB), que oferece vagas para\u00a0<strong>Auditor<\/strong>!<\/p>\n\n\n\n<p>Com isso, o edital pode sair<strong> a qualquer momento<\/strong>! De acordo com o secret\u00e1rio de administra\u00e7\u00e3o, Tib\u00e9rio Limeira, o edital sair\u00e1 nesta semana.\u00a0<\/p>\n\n\n\n<p>Entretanto, anteriormente, Tib\u00e9rio havia dito que a publica\u00e7\u00e3o do edital ocorreria at\u00e9 o dia <strong>25 de agosto<\/strong>, o que n\u00e3o aconteceu.<\/p>\n\n\n\n<p><em>\u201cEu tinha dito que seria dia 25 de agosto, que era exatamente o compromisso da Funda\u00e7\u00e3o Get\u00falio Vargas conosco, a Funda\u00e7\u00e3o foi a escolhida para organizar o concurso da Controladoria Geral do Estado, para auditor de controle interno. Prometemos para o dia 25 o edital, mas est\u00e1 finalizando para ser publicado, esperamos que ainda essa semana, foi apenas um atraso operacional. Ent\u00e3o, ainda essa semana a gente deve publicar o edital\u201d,<\/em> explicou o secret\u00e1rio.<\/p>\n\n\n\n<p>Ainda n\u00e3o est\u00e3o divulgadas, oficialmente, as \u00e1reas de atua\u00e7\u00e3o das 12 vagas para\u00a0<strong>Auditor<\/strong>\u00a0no concurso. No entanto, segundo o contrato assinado entre as partes as\u00a0<strong>\u00e1reas<\/strong>\u00a0contempladas ser\u00e3o:<\/p>\n\n\n\n<ul class=\"wp-block-list\"><li>Auditoria de Obras P\u00fablicas (3)\n<ul class=\"wp-block-list\"><li>Tecnologia da Informa\u00e7\u00e3o (4)<\/li>\n\n\n\n<li>Contabilidade e Finan\u00e7as P\u00fablicas (2)<\/li>\n\n\n\n<li>Governamental (3)<\/li>\n<\/ul><\/li>\n<\/ul><p><\/p>\n\n\n\n<p>Ainda n\u00e3o est\u00e3o divulgados tamb\u00e9m os\u00a0<strong>sal\u00e1rios<\/strong>\u00a0para o cargo de Auditor no CGE PB! Por isso, confira abaixo as <strong>atribui\u00e7\u00f5es <\/strong>da carreira:<\/p>\n\n\n\n<ul class=\"wp-block-list\"><li>realizar auditorias para verificar a aplica\u00e7\u00e3o do dinheiro p\u00fablico e a efetividade das Pol\u00edticas P\u00fablicas;<\/li>\n\n\n\n<li>realizar a fiscaliza\u00e7\u00e3o cont\u00e1bil, or\u00e7ament\u00e1ria, financeira, operacional e patrimonial;<\/li>\n\n\n\n<li>preven\u00e7\u00e3o e combate ao mau uso do dinheiro p\u00fablico;<\/li>\n\n\n\n<li>aux\u00edlio para uma maior transpar\u00eancia e controle social por parte do Poder P\u00fablico.<\/li>\n<\/ul>","protected":false},"excerpt":{"rendered":"<p>Tib\u00e9rio Limeira deu s\u00e9rias previs\u00f5es sobre editais de\u00a0concursos p\u00fablicos\u00a0para o Estado da Para\u00edba, afirmando que mais de 1,2 mil vagas devem sair ainda em 2023. Veja detalhes! Estude para o concurso dos seus sonhos com o\u00a0M\u00e9todo\u00a0que j\u00e1 ajudou na\u00a0aprova\u00e7\u00e3o de mais de 70 mil alunos.\u00a0Clique aqui\u00a0e saiba mais! Concursos PB: editais ainda em 2023? Portanto, [&hellip;]<\/p>\n","protected":false},"author":54671,"featured_media":157920,"comment_status":"closed","ping_status":"closed","sticky":false,"template":"","format":"standard","meta":{"_acf_changed":false,"footnotes":"","_wp_rev_ctl_limit":""},"categories":[228],"tags":[],"class_list":["post-203666","post","type-post","status-publish","format-standard","has-post-thumbnail","hentry","category-noticias"],"acf":[],"_links":{"self":[{"href":"https:\/\/www.novaconcursos.com.br\/portal\/wp-json\/wp\/v2\/posts\/203666","targetHints":{"allow":["GET"]}}],"collection":[{"href":"https:\/\/www.novaconcursos.com.br\/portal\/wp-json\/wp\/v2\/posts"}],"about":[{"href":"https:\/\/www.novaconcursos.com.br\/portal\/wp-json\/wp\/v2\/types\/post"}],"author":[{"embeddable":true,"href":"https:\/\/www.novaconcursos.com.br\/portal\/wp-json\/wp\/v2\/users\/54671"}],"replies":[{"embeddable":true,"href":"https:\/\/www.novaconcursos.com.br\/portal\/wp-json\/wp\/v2\/comments?post=203666"}],"version-history":[{"count":4,"href":"https:\/\/www.novaconcursos.com.br\/portal\/wp-json\/wp\/v2\/posts\/203666\/revisions"}],"predecessor-version":[{"id":203671,"href":"https:\/\/www.novaconcursos.com.br\/portal\/wp-json\/wp\/v2\/posts\/203666\/revisions\/203671"}],"wp:featuredmedia":[{"embeddable":true,"href":"https:\/\/www.novaconcursos.com.br\/portal\/wp-json\/wp\/v2\/media\/157920"}],"wp:attachment":[{"href":"https:\/\/www.novaconcursos.com.br\/portal\/wp-json\/wp\/v2\/media?parent=203666"}],"wp:term":[{"taxonomy":"category","embeddable":true,"href":"https:\/\/www.novaconcursos.com.br\/portal\/wp-json\/wp\/v2\/categories?post=203666"},{"taxonomy":"post_tag","embeddable":true,"href":"https:\/\/www.novaconcursos.com.br\/portal\/wp-json\/wp\/v2\/tags?post=203666"}],"curies":[{"name":"wp","href":"https:\/\/api.w.org\/{rel}","templated":true}]}}