{"id":203701,"date":"2025-09-18T08:19:16","date_gmt":"2025-09-18T11:19:16","guid":{"rendered":"https:\/\/www.novaconcursos.com.br\/portal\/?p=203701"},"modified":"2025-09-18T08:20:00","modified_gmt":"2025-09-18T11:20:00","slug":"concurso-inss-confira-o-que-caiu-na-ultima-prova","status":"publish","type":"post","link":"https:\/\/www.novaconcursos.com.br\/portal\/artigos\/concurso-inss-confira-o-que-caiu-na-ultima-prova\/","title":{"rendered":"Concurso INSS 2026 o que estudar?"},"content":{"rendered":"<p>Um novo <a href=\"https:\/\/www.novaconcursos.com.br\/portal\/concursos\/concurso-inss\/\" data-type=\"link\" data-id=\"https:\/\/www.novaconcursos.com.br\/portal\/concursos\/concurso-inss\/\">concurso INSS<\/a> est\u00e1 previsto para o in\u00edcio de 2026. O pedido encontra-se em an\u00e1lise e depende de autoriza\u00e7\u00e3o oficial para a abertura de 7.000 vagas destinadas ao cargo de T\u00e9cnico do Seguro Social e 1.500 vagas para Analista do Seguro Social.<\/p>\n\n\n\n<p>Devido ao grande d\u00e9ficit de servidores no Instituto do Seguro Social (INSS), a expectativa \u00e9 elevada, uma vez que o \u00f3rg\u00e3o precisa com urg\u00eancia de um novo concurso INSS para recompor seu quadro de pessoal.<\/p>\n\n\n\n<p>Portanto, \u00e9 fundamental que voc\u00ea tenha clareza sobre o que estudar e defina a melhor forma de se preparar para o novo concurso INSS. Ficou interessado(a)? Continue comigo e confira todos os detalhes!<\/p>\n\n\n\n<h2 class=\"wp-block-heading\" id=\"como-se-preparar-para-a-prova-do-concurso-inss-2026\">Como se preparar para a prova do concurso INSS 2026?<\/h2>\n\n\n\n<p>Quando o edital do concurso que voc\u00ea deseja ainda n\u00e3o foi divulgado, a estrat\u00e9gia mais eficiente para come\u00e7ar os estudos e ganhar vantagem sobre os concorrentes \u00e9 utilizar como base o edital da \u00faltima sele\u00e7\u00e3o.<\/p>\n\n\n\n<p>Isso porque, em geral, a estrutura se mant\u00e9m semelhante e apenas algumas disciplinas passam por mudan\u00e7as.<\/p>\n\n\n\n<p>Assim, quando o edital do concurso INSS 2026 for publicado, voc\u00ea j\u00e1 ter\u00e1 adiantado boa parte da prepara\u00e7\u00e3o e precisar\u00e1 apenas incluir as novas mat\u00e9rias que forem acrescentadas.<\/p>\n\n\n\n<p>Nesse contexto, o novo concurso INSS 2026 est\u00e1 previsto apenas para os cargos de T\u00e9cnico e Analista do Seguro Social, sem solicita\u00e7\u00e3o de vagas para Perito. <\/p>\n\n\n\n<p>Dessa forma, o foco deve estar exclusivamente nessas duas carreiras do INSS! Para ajudar quem j\u00e1 deseja iniciar a prepara\u00e7\u00e3o antecipada, a Nova est\u00e1 disponibilizando um <a href=\"https:\/\/aprovacao.novaconcursos.com.br\/cursos-gratis-inss-escolha-cargo-blog?_gl=1*sji0pu*_gcl_aw*R0NMLjE3NTUwMTEwNjguQ2owS0NRand6T3ZFQmhEVkFSSXNBREhmSkpTby1CeVpCRHpsYVRMQVNsbGpfMFdpdUV1THRRbzM0SGNfWWsyLTVnelBPTjcxWG4yYmpDMGFBck9yRUFMd193Y0I.*_gcl_au*NDE2NTU0ODc1LjE3NTMxODIzNTU.\" data-type=\"link\" data-id=\"https:\/\/aprovacao.novaconcursos.com.br\/cursos-gratis-inss-escolha-cargo-blog?_gl=1*sji0pu*_gcl_aw*R0NMLjE3NTUwMTEwNjguQ2owS0NRand6T3ZFQmhEVkFSSXNBREhmSkpTby1CeVpCRHpsYVRMQVNsbGpfMFdpdUV1THRRbzM0SGNfWWsyLTVnelBPTjcxWG4yYmpDMGFBck9yRUFMd193Y0I.*_gcl_au*NDE2NTU0ODc1LjE3NTMxODIzNTU.\">curso gratuito<\/a>! N\u00e3o perca!<\/p>\n\n\n\n<h2 class=\"wp-block-heading\" id=\"guia-de-matrias-para-o-concurso-inss-2026-tcnico\">Guia de mat\u00e9rias para o concurso INSS 2026 T\u00e9cnico<\/h2>\n\n\n\n<p>O \u00faltimo concurso do INSS para o cargo de T\u00e9cnico do Seguro Social aconteceu em 2022, e a avalia\u00e7\u00e3o dos candidatos foi realizada da seguinte maneira:<\/p>\n\n\n\n<ul class=\"wp-block-list\"><li>Prova Objetiva;<\/li>\n\n\n\n<li>Curso de Forma\u00e7\u00e3o;<\/li>\n<\/ul><p>A prova objetiva do INSS T\u00e9cnico, de car\u00e1ter eliminat\u00f3rio e classificat\u00f3rio, consistiu em <strong>120 quest\u00f5es\u00a0<\/strong>dos seguintes conhecimentos:<\/p>\n\n\n\n<ul class=\"wp-block-list\"><li><strong>Conhecimentos b\u00e1sicos: 50 quest\u00f5es<\/strong>\n<ul class=\"wp-block-list\"><li>L\u00edngua Portuguesa;<\/li>\n\n\n\n<li>\u00c9tica no Servi\u00e7o P\u00fablico;<\/li>\n\n\n\n<li>No\u00e7\u00f5es de Direito<\/li>\n\n\n\n<li>Constitucional;<\/li>\n\n\n\n<li>Administrativo;<\/li>\n\n\n\n<li>No\u00e7\u00f5es de Inform\u00e1tica;<\/li>\n\n\n\n<li>Racioc\u00ednio L\u00f3gico-Matem\u00e1tico.<\/li>\n<\/ul><\/li>\n<\/ul><ul class=\"wp-block-list\"><li><strong>Conhecimentos espec\u00edficos: 70 quest\u00f5es<\/strong><ul><li>Seguridade Social;<\/li><li>Legisla\u00e7\u00e3o Previdenci\u00e1ria;<\/li><li>Regime Geral de Previd\u00eancia Social;<\/li><li>Empresa e Empregador Dom\u00e9stico: Conceito Previdenci\u00e1rio;<\/li><li>Financiamento da Seguridade Social;<\/li><li>Decad\u00eancia e Prescri\u00e7\u00e3o;<\/li><li>Crimes Contra a Seguridade Social;<\/li><li>Recurso das Decis\u00f5es Administrativas;<\/li><li>Plano de Benef\u00edcios da Previd\u00eancia Social;<\/li><li>Manuten\u00e7\u00e3o, Perda e Restabelecimento da Qualidade de Segurado;<\/li><\/ul><ul><li>Servi\u00e7os Previdenci\u00e1rios;<\/li><li>Benef\u00edcios Decorrentes de Legisla\u00e7\u00f5es Especiais;<\/li><li>Seguro Desemprego Pescador Artesanal;<\/li><li>Lei Org\u00e2nica da Assist\u00eancia Social;<\/li><li>Regimes Pr\u00f3prios de Previd\u00eancia Social;<\/li><li>Emenda Constitucional n\u00ba 103\/2019;<\/li><li>Lei Complementar n\u00ba 142\/2013;<\/li><li>Lei n\u00ba 8.212\/1991 e suas Altera\u00e7\u00f5es;<\/li><\/ul><ul class=\"wp-block-list\"><li>Decreto n\u00ba 3.048\/1999 e suas Altera\u00e7\u00f5es;<\/li>\n\n\n\n<li>Instru\u00e7\u00e3o Normativa PRES\/INSS n\u00ba 128\/2022;<\/li>\n\n\n\n<li>O Servidor P\u00fablico como Agente de Desenvolvimento Social;<\/li>\n\n\n\n<li>Sa\u00fade e Qualidade de Vida no Servi\u00e7o P\u00fablico.<\/li>\n<\/ul><\/li>\n<\/ul><h3 class=\"wp-block-heading\">Conte\u00fado program\u00e1tico<\/h3>\n\n\n\n<p>As quest\u00f5es da prova objetiva do concurso INSS T\u00e9cnico foram elaboradas com base no conte\u00fado:<\/p>\n\n\n\n<ul class=\"wp-block-list\"><li><strong>L\u00edngua Portuguesa<\/strong>\n<ul class=\"wp-block-list\"><li>Compreens\u00e3o e interpreta\u00e7\u00e3o de textos;<\/li>\n\n\n\n<li>Tipologia textual;<\/li>\n\n\n\n<li>Ortografia oficial;<\/li>\n\n\n\n<li>Acentua\u00e7\u00e3o gr\u00e1fica;<\/li>\n\n\n\n<li>Emprego das classes de palavras;<\/li>\n\n\n\n<li>Emprego do sinal indicativo de crase;<\/li>\n\n\n\n<li>Sintaxe da ora\u00e7\u00e3o e do per\u00edodo;<\/li>\n\n\n\n<li>Pontua\u00e7\u00e3o;<\/li>\n\n\n\n<li>Concord\u00e2ncia nominal e verbal;<\/li>\n\n\n\n<li>Reg\u00eancias nominal e verbal;<\/li>\n\n\n\n<li>Significa\u00e7\u00e3o das palavras;<\/li>\n\n\n\n<li>Reda\u00e7\u00e3o de correspond\u00eancias oficiais (conforme Manual de Reda\u00e7\u00e3o da Presid\u00eancia da Rep\u00fablica).<\/li>\n<\/ul><\/li>\n<\/ul><ul class=\"wp-block-list\"><li><strong>\u00c9tica no Servi\u00e7o P\u00fablico<\/strong>\n<ul class=\"wp-block-list\"><li>C\u00f3digo de \u00c9tica Profissional do Servidor P\u00fablico Civil do Poder Executivo Federal: Decreto n\u00ba 1.171\/1994 e Decreto n\u00ba 6.029\/2007 e suas altera\u00e7\u00f5es.<\/li>\n<\/ul><\/li>\n<\/ul><ul class=\"wp-block-list\"><li><strong>No\u00e7\u00f5es de Direito Constitucional<\/strong>\n<ul class=\"wp-block-list\"><li>Direitos e garantias fundamentais: direitos e deveres individuais e coletivos; direito \u00e0 vida, \u00e0 liberdade, \u00e0 igualdade, \u00e0 seguran\u00e7a e \u00e0 propriedade; direitos sociais; nacionalidade; cidadania; garantias constitucionais individuais; garantias dos direitos coletivos, sociais e pol\u00edticos;<\/li>\n\n\n\n<li>Administra\u00e7\u00e3o p\u00fablica (artigos de 37 a 41, cap\u00edtulo VII, Constitui\u00e7\u00e3o Federal de 1988).<\/li>\n<\/ul><\/li>\n<\/ul><ul class=\"wp-block-list\"><li><strong>No\u00e7\u00f5es de Direito Administrativo<\/strong>\n<ul class=\"wp-block-list\"><li>Estado, governo e administra\u00e7\u00e3o p\u00fablica: conceitos, elementos, poderes e organiza\u00e7\u00e3o; natureza, fins e princ\u00edpios;<\/li>\n\n\n\n<li>Direito administrativo: conceito, fontes e princ\u00edpios;<\/li>\n\n\n\n<li>Organiza\u00e7\u00e3o administrativa da Uni\u00e3o; administra\u00e7\u00e3o direta e indireta;<\/li>\n\n\n\n<li>Agentes p\u00fablicos: esp\u00e9cies e classifica\u00e7\u00e3o; poderes, deveres e prerrogativas; cargo, emprego e fun\u00e7\u00e3o p\u00fablicos;<\/li>\n\n\n\n<li>Regime Jur\u00eddico \u00danico (Lei n\u00ba 8.112\/1990 e suas altera\u00e7\u00f5es): provimento, vac\u00e2ncia, remo\u00e7\u00e3o, redistribui\u00e7\u00e3o e substitui\u00e7\u00e3o; direitos e vantagens; regime disciplinar; responsabilidade civil, criminal e administrativa;<\/li>\n\n\n\n<li>Poderes administrativos: poder hier\u00e1rquico; poder disciplinar; regulamentar; poder de pol\u00edcia; uso e abuso do poder;<\/li>\n\n\n\n<li>Ato administrativo: validade, efic\u00e1cia; atributos; extin\u00e7\u00e3o, desfazimento e sanat\u00f3ria; classifica\u00e7\u00e3o, esp\u00e9cies e exterioriza\u00e7\u00e3o; vincula\u00e7\u00e3o e discricionariedade;<\/li>\n\n\n\n<li>Servi\u00e7os P\u00fablicos: conceito, classifica\u00e7\u00e3o, regulamenta\u00e7\u00e3o e controle; forma, meios e requisitos; delega\u00e7\u00e3o: concess\u00e3o, permiss\u00e3o, autoriza\u00e7\u00e3o;<\/li>\n\n\n\n<li>Controle e responsabiliza\u00e7\u00e3o da administra\u00e7\u00e3o: controle administrativo; judicial; legislativo; responsabilidade civil do Estado. Lei n\u00ba 8.429\/1992 e suas altera\u00e7\u00f5es;<\/li>\n\n\n\n<li>Lei n\u00ba 9.784\/1999 (Lei do Processo Administrativo).<\/li>\n<\/ul><\/li>\n\n\n\n<li><strong>No\u00e7\u00f5es de Inform\u00e1tica<\/strong><ul><li>Conceitos Internet e intranet;<\/li><\/ul><ul class=\"wp-block-list\"><li>Utiliza\u00e7\u00e3o de tecnologias, ferramentas, aplicativos e procedimentos de inform\u00e1tica.<\/li>\n\n\n\n<li>Conceitos e modos de utiliza\u00e7\u00e3o de aplicativos para a edi\u00e7\u00e3o de textos, planilhas e apresenta\u00e7\u00f5es com a su\u00edte de escrit\u00f3rio LibreOffice.<\/li>\n\n\n\n<li>Utiliza\u00e7\u00e3o de sistemas operacionais Windows 7 e 10<\/li>\n\n\n\n<li>No\u00e7\u00f5es b\u00e1sicas de ferramentas e aplicativos de navega\u00e7\u00e3o e correio eletr\u00f4nico;<\/li>\n\n\n\n<li>No\u00e7\u00f5es b\u00e1sicas de seguran\u00e7a e prote\u00e7\u00e3o: v\u00edrus, worms e derivados.<\/li>\n<\/ul><\/li>\n<\/ul><ul class=\"wp-block-list\"><li><strong>Racioc\u00ednio L\u00f3gico-Matem\u00e1tico<\/strong>\n<ul class=\"wp-block-list\"><li>Conceitos b\u00e1sicos de racioc\u00ednio l\u00f3gico: proposi\u00e7\u00f5es; valores l\u00f3gicos das proposi\u00e7\u00f5es; senten\u00e7as abertas; n\u00famero de linhas da tabela-verdade; conectivos; proposi\u00e7\u00f5es simples; proposi\u00e7\u00f5es compostas;<\/li>\n\n\n\n<li>Tautologia;<\/li>\n\n\n\n<li>Opera\u00e7\u00e3o com conjuntos;<\/li>\n\n\n\n<li>C\u00e1lculos com porcentagens.<\/li>\n<\/ul><\/li>\n<\/ul><h2 class=\"wp-block-heading\" id=\"guia-de-matrias-para-o-concurso-inss-2026-analista\">Guia de mat\u00e9rias para o concurso INSS 2026 Analista<\/h2>\n\n\n\n<p>O \u00faltimo concurso do INSS para o cargo de Analista do Seguro Social com edital pr\u00f3prio foi realizado em 2015, sob organiza\u00e7\u00e3o do Cebraspe (antigo Cespe\/UnB).<\/p>\n\n\n\n<p>A sele\u00e7\u00e3o contou com provas objetivas compostas por <strong>120 itens<\/strong> no tradicional modelo do Cebraspe, em que cada quest\u00e3o deveria ser julgada como \u201ccerta\u201d ou \u201cerrada\u201d, sendo que uma resposta incorreta anulava uma correta.<\/p>\n\n\n\n<p>A distribui\u00e7\u00e3o das quest\u00f5es do INSS Analista ocorreu da seguinte forma:<\/p>\n\n\n\n<ul class=\"wp-block-list\"><li>50 itens de Conhecimentos B\u00e1sicos;<\/li>\n\n\n\n<li>70 itens de Conhecimentos Espec\u00edficos.<\/li>\n<\/ul><p>Havia crit\u00e9rios m\u00ednimos de desempenho que eliminavam automaticamente o candidato caso n\u00e3o fossem alcan\u00e7ados:<\/p>\n\n\n\n<ul class=\"wp-block-list\"><li>Nota inferior a 10 pontos na prova de Conhecimentos B\u00e1sicos (P1);<\/li>\n\n\n\n<li>Nota inferior a 21 pontos na prova de Conhecimentos Espec\u00edficos (P2);<\/li>\n\n\n\n<li>Nota inferior a 36 pontos no total das provas objetivas (P1 + P2).<\/li>\n<\/ul><p>Em resumo, para permanecer na disputa do concurso INSS, o candidato precisava atingir a pontua\u00e7\u00e3o m\u00ednima exigida tanto em cada parte isoladamente quanto no somat\u00f3rio geral.<\/p>\n\n\n\n<h3 class=\"wp-block-heading\">Conte\u00fado program\u00e1tico<\/h3>\n\n\n\n<p>As quest\u00f5es da prova objetiva do concurso INSS Analista foram elaboradas com base no conte\u00fado:<\/p>\n\n\n\n<ul class=\"wp-block-list\"><li><strong>L\u00edngua Portuguesa<\/strong>\n<ul class=\"wp-block-list\"><li>Compreens\u00e3o e interpreta\u00e7\u00e3o de textos<\/li>\n\n\n\n<li>Tipologia textual<\/li>\n\n\n\n<li>Ortografia oficial<\/li>\n\n\n\n<li>Acentua\u00e7\u00e3o gr\u00e1fica<\/li>\n\n\n\n<li>Emprego e reconhecimento das classes de palavras; forma\u00e7\u00e3o de palavras; flex\u00e3o de g\u00eanero e n\u00famero; modos e tempos verbais<\/li>\n\n\n\n<li>Emprego do sinal indicativo de crase<\/li>\n\n\n\n<li>Sintaxe da ora\u00e7\u00e3o e do per\u00edodo; termos essenciais, acidentais e integrantes da ora\u00e7\u00e3o; concord\u00e2ncia nominal e verbal<\/li>\n\n\n\n<li>Pontua\u00e7\u00e3o<\/li>\n\n\n\n<li>Figuras de linguagem<\/li>\n\n\n\n<li>Significa\u00e7\u00e3o das palavras<\/li>\n\n\n\n<li>Reda\u00e7\u00e3o de correspond\u00eancias oficiais (conforme Manual de Reda\u00e7\u00e3o da Presid\u00eancia da Rep\u00fablica)<\/li>\n<\/ul><\/li>\n\n\n\n<li><strong>Racioc\u00ednio L\u00f3gico<\/strong>\n<ul class=\"wp-block-list\"><li>Estruturas l\u00f3gicas<\/li>\n\n\n\n<li>L\u00f3gica de argumenta\u00e7\u00e3o<\/li>\n\n\n\n<li>Diagramas l\u00f3gicos<\/li>\n\n\n\n<li>Tautologias<\/li>\n\n\n\n<li>Proposi\u00e7\u00f5es<\/li>\n\n\n\n<li>Teoria dos conjuntos<\/li>\n\n\n\n<li>An\u00e1lise combinat\u00f3ria<\/li>\n\n\n\n<li>No\u00e7\u00f5es de estat\u00edstica<\/li>\n\n\n\n<li>No\u00e7\u00f5es de probabilidade<\/li>\n<\/ul><\/li>\n\n\n\n<li><strong>No\u00e7\u00f5es de Inform\u00e1tica<\/strong>\n<ul class=\"wp-block-list\"><li>Conceitos de Internet e intranet<\/li>\n\n\n\n<li>Conceitos b\u00e1sicos e modos de utiliza\u00e7\u00e3o de tecnologias, ferramentas, aplicativos e procedimentos de inform\u00e1tica<\/li>\n\n\n\n<li>Conceitos e modos de utiliza\u00e7\u00e3o de aplicativos para edi\u00e7\u00e3o de textos, planilhas e apresenta\u00e7\u00f5es utilizando-se a su\u00edte de escrit\u00f3rio LibreOffice<\/li>\n\n\n\n<li>Conceitos e modos de utiliza\u00e7\u00e3o de sistemas operacionais Windows 7 e 10<\/li>\n\n\n\n<li>No\u00e7\u00f5es b\u00e1sicas de ferramentas e aplicativos de navega\u00e7\u00e3o e correio eletr\u00f4nico<\/li>\n\n\n\n<li>No\u00e7\u00f5es b\u00e1sicas de seguran\u00e7a e prote\u00e7\u00e3o: v\u00edrus, worms e derivados<\/li>\n<\/ul><\/li>\n\n\n\n<li><strong>Direito Constitucional<\/strong>\n<ul class=\"wp-block-list\"><li>Princ\u00edpios fundamentais<\/li>\n\n\n\n<li>Direitos e Garantias Fundamentais<\/li>\n\n\n\n<li>Direitos individuais e coletivos<\/li>\n\n\n\n<li>Direitos sociais<\/li>\n\n\n\n<li>Nacionalidade<\/li>\n\n\n\n<li>Direitos pol\u00edticos<\/li>\n\n\n\n<li>Partidos pol\u00edticos<\/li>\n\n\n\n<li>Organiza\u00e7\u00e3o do Estado<\/li>\n\n\n\n<li>Organiza\u00e7\u00e3o pol\u00edtico-administrativa<\/li>\n\n\n\n<li>Uni\u00e3o<\/li>\n\n\n\n<li>Estados Federados<\/li>\n\n\n\n<li>Munic\u00edpios<\/li>\n\n\n\n<li>Distrito Federal e Territ\u00f3rios<\/li>\n\n\n\n<li>Administra\u00e7\u00e3o P\u00fablica<\/li>\n\n\n\n<li>Servidores p\u00fablicos<\/li>\n\n\n\n<li>Ordem Social<\/li>\n\n\n\n<li>Disposi\u00e7\u00e3o geral<\/li>\n\n\n\n<li>Seguridade Social<\/li>\n\n\n\n<li>Disposi\u00e7\u00f5es gerais<\/li>\n\n\n\n<li>Sa\u00fade<\/li>\n\n\n\n<li>Previd\u00eancia Social<\/li>\n\n\n\n<li>Assist\u00eancia Social<\/li>\n\n\n\n<li>Educa\u00e7\u00e3o<\/li>\n\n\n\n<li>Fam\u00edlia, crian\u00e7a, adolescente e idoso<\/li>\n\n\n\n<li>\u00cdndios<\/li>\n<\/ul><\/li>\n\n\n\n<li><strong>Direito Administrativo<\/strong>\n<ul class=\"wp-block-list\"><li>Administra\u00e7\u00e3o p\u00fablica como fun\u00e7\u00e3o do Estado<\/li>\n\n\n\n<li>Princ\u00edpios constitucionais expl\u00edcitos e impl\u00edcitos da administra\u00e7\u00e3o p\u00fablica<\/li>\n\n\n\n<li>A reforma do Estado brasileiro e de seu aparelho<\/li>\n\n\n\n<li>Administra\u00e7\u00e3o direta (\u00f3rg\u00e3os p\u00fablicos: conceito, esp\u00e9cies, regime)<\/li>\n\n\n\n<li>Administra\u00e7\u00e3o indireta: autarquias, funda\u00e7\u00f5es p\u00fablicas, sociedades de economia mista e empresas p\u00fablicas\n<ul class=\"wp-block-list\"><li>Principais caracter\u00edsticas de cada uma e regimes jur\u00eddicos<\/li>\n\n\n\n<li>O regime das subsidi\u00e1rias<\/li>\n<\/ul><\/li>\n\n\n\n<li>Poder regulamentar<\/li>\n\n\n\n<li>Regulamentos administrativos de execu\u00e7\u00e3o e aut\u00f4nomos<\/li>\n\n\n\n<li>Poder normativo n\u00e3o legislativo e o princ\u00edpio da legalidade<\/li>\n\n\n\n<li>Regulamenta\u00e7\u00e3o e regula\u00e7\u00e3o<\/li>\n\n\n\n<li>Ato administrativo<\/li>\n\n\n\n<li>Conceito, regime jur\u00eddico e esp\u00e9cies<\/li>\n\n\n\n<li>Elementos e requisitos<\/li>\n\n\n\n<li>V\u00edcios dos atos administrativos<\/li>\n\n\n\n<li>Principais classifica\u00e7\u00f5es dos atos administrativos<\/li>\n\n\n\n<li>Procedimento administrativo e fundamentos constitucionais<\/li>\n\n\n\n<li>Contratos, cons\u00f3rcios e conv\u00eanios<\/li>\n\n\n\n<li>Licita\u00e7\u00f5es<\/li>\n\n\n\n<li>Conceito e modalidades<\/li>\n\n\n\n<li>C\u00f3digo de \u00c9tica Profissional do Servidor P\u00fablico Civil do Poder Executivo Federal<\/li>\n\n\n\n<li>Regras deontol\u00f3gicas<\/li>\n\n\n\n<li>Principais deveres do servidor p\u00fablico<\/li>\n\n\n\n<li>Veda\u00e7\u00f5es ao servidor p\u00fablico<\/li>\n\n\n\n<li>Comiss\u00f5es de \u00c9tica<\/li>\n\n\n\n<li>Regime Jur\u00eddico \u00danico<\/li>\n\n\n\n<li>Provimento, vac\u00e2ncia, remo\u00e7\u00e3o, redistribui\u00e7\u00e3o e substitui\u00e7\u00e3o<\/li>\n\n\n\n<li>Direitos e vantagens<\/li>\n\n\n\n<li>Regime disciplinar<\/li>\n\n\n\n<li>Processo administrativo disciplinar<\/li>\n\n\n\n<li>Seguridade social do servidor<\/li>\n\n\n\n<li>Contrata\u00e7\u00e3o tempor\u00e1ria de excepcional interesse p\u00fablico<\/li>\n\n\n\n<li>Decreto n\u00ba 1.171\/1994 e Decreto n\u00ba 6.029\/2007<\/li>\n\n\n\n<li>Lei n\u00ba 8.112\/1990 e altera\u00e7\u00f5es posteriores<\/li>\n<\/ul><\/li>\n\n\n\n<li><strong>Legisla\u00e7\u00e3o Previdenci\u00e1ria <\/strong>\n<ul class=\"wp-block-list\"><li>Finalidade e princ\u00edpios b\u00e1sicos da Previd\u00eancia Social<\/li>\n\n\n\n<li>Regime Geral de Previd\u00eancia Social<\/li>\n\n\n\n<li>Segurados obrigat\u00f3rios<\/li>\n\n\n\n<li>Filia\u00e7\u00e3o e inscri\u00e7\u00e3o<\/li>\n\n\n\n<li>Conceito, caracter\u00edsticas e abrang\u00eancia: empregado, empregado dom\u00e9stico, contribuinte individual, trabalhador avulso e segurado especial<\/li>\n\n\n\n<li>Segurado facultativo: conceito, caracter\u00edsticas, filia\u00e7\u00e3o e inscri\u00e7\u00e3o<\/li>\n\n\n\n<li>Trabalhadores exclu\u00eddos do Regime Geral<\/li>\n\n\n\n<li>Empresa e empregador dom\u00e9stico: conceito previdenci\u00e1rio<\/li>\n\n\n\n<li>Financiamento da Seguridade Social<\/li>\n\n\n\n<li>Receitas da Uni\u00e3o<\/li>\n\n\n\n<li>Receitas das contribui\u00e7\u00f5es sociais: dos segurados, das empresas, do empregador dom\u00e9stico e do produtor rural<\/li>\n\n\n\n<li>Sal\u00e1rio-de-contribui\u00e7\u00e3o\n<ul class=\"wp-block-list\"><li>Conceito<\/li>\n\n\n\n<li>Parcelas integrantes e n\u00e3o integrantes<\/li>\n\n\n\n<li>Limites m\u00ednimos e m\u00e1ximos<\/li>\n<\/ul><\/li>\n\n\n\n<li>Compet\u00eancia do INSS e da Secretaria da Receita Federal<\/li>\n\n\n\n<li>Parcelamento de contribui\u00e7\u00f5es e demais import\u00e2ncias devidas \u00e0 seguridade social<\/li>\n\n\n\n<li>Restitui\u00e7\u00e3o e compensa\u00e7\u00e3o de contribui\u00e7\u00f5es<\/li>\n\n\n\n<li>Infra\u00e7\u00f5es \u00e0 legisla\u00e7\u00e3o previdenci\u00e1ria<\/li>\n\n\n\n<li>Recurso das decis\u00f5es administrativas<\/li>\n\n\n\n<li>Plano de Benef\u00edcios da Previd\u00eancia Social<\/li>\n\n\n\n<li>Benefici\u00e1rios<\/li>\n\n\n\n<li>Esp\u00e9cies de presta\u00e7\u00f5es<\/li>\n\n\n\n<li>Benef\u00edcios<\/li>\n\n\n\n<li>Servi\u00e7o Social<\/li>\n\n\n\n<li>Reabilita\u00e7\u00e3o Profissional<\/li>\n\n\n\n<li>Justifica\u00e7\u00e3o Administrativa<\/li>\n\n\n\n<li>Disposi\u00e7\u00f5es gerais e espec\u00edficas<\/li>\n\n\n\n<li>Per\u00edodos de car\u00eancia<\/li>\n\n\n\n<li>Sal\u00e1rio-de-benef\u00edcio<\/li>\n\n\n\n<li>Renda mensal do benef\u00edcio<\/li>\n\n\n\n<li>Reajustamento do valor dos benef\u00edcios<\/li>\n\n\n\n<li>Manuten\u00e7\u00e3o, perda e restabelecimento da qualidade de segurado<\/li>\n\n\n\n<li>Lei n\u00ba 8.212\/1991 e altera\u00e7\u00f5es posteriores<\/li>\n\n\n\n<li>Lei n\u00ba 8.213\/1991 e altera\u00e7\u00f5es posteriores<\/li>\n\n\n\n<li>Decreto n\u00ba 3.048\/1999 e altera\u00e7\u00f5es posteriores<\/li>\n\n\n\n<li>Plano Simplificado de Previd\u00eancia Social<\/li>\n<\/ul><\/li>\n\n\n\n<li><strong>Legisla\u00e7\u00e3o da Assist\u00eancia Social, sa\u00fade do trabalhador(a) e da pessoa com defici\u00eancia<\/strong>\n<ul class=\"wp-block-list\"><li>Lei Org\u00e2nica da Assist\u00eancia Social \u2013 Lei n\u00ba 8.742\/1993 e altera\u00e7\u00f5es<\/li>\n\n\n\n<li>Pol\u00edtica Nacional de Assist\u00eancia Social \u2013 PNAS\/2004\n<ul class=\"wp-block-list\"><li>An\u00e1lise situacional<\/li>\n\n\n\n<li>Pol\u00edtica P\u00fablica de Assist\u00eancia Social<\/li>\n\n\n\n<li>Gest\u00e3o da Pol\u00edtica Nacional de Assist\u00eancia Social na perspectiva do Sistema \u00danico de Assist\u00eancia Social \u2013 SUAS<\/li>\n<\/ul><\/li>\n\n\n\n<li>Norma Operacional B\u00e1sica \u2013 NOB\/SUAS\/2012\n<ul class=\"wp-block-list\"><li>Justificativa da Norma Operacional B\u00e1sica do SUAS<\/li>\n\n\n\n<li>Tipos e n\u00edveis de gest\u00e3o do SUAS<\/li>\n\n\n\n<li>Instrumentos de gest\u00e3o<\/li>\n\n\n\n<li>Inst\u00e2ncias de articula\u00e7\u00e3o, pactua\u00e7\u00e3o e delibera\u00e7\u00e3o<\/li>\n\n\n\n<li>Financiamento<\/li>\n\n\n\n<li>Regras de transi\u00e7\u00e3o<\/li>\n<\/ul><\/li>\n\n\n\n<li>Benef\u00edcio de Presta\u00e7\u00e3o Continuada e do benefici\u00e1rio \u2013 Decreto n\u00ba 6.214\/2007 e altera\u00e7\u00f5es\n<ul class=\"wp-block-list\"><li>Habilita\u00e7\u00e3o, concess\u00e3o, manuten\u00e7\u00e3o, representa\u00e7\u00e3o e indeferimento<\/li>\n\n\n\n<li>Gest\u00e3o<\/li>\n\n\n\n<li>Monitoramento e avalia\u00e7\u00e3o<\/li>\n\n\n\n<li>Defesa dos direitos e controle social<\/li>\n\n\n\n<li>Suspens\u00e3o e cessa\u00e7\u00e3o<\/li>\n<\/ul><\/li>\n\n\n\n<li>Estatuto do Idoso \u2013 Lei n\u00ba 10.741\/2003 e altera\u00e7\u00f5es\n<ul class=\"wp-block-list\"><li>Disposi\u00e7\u00f5es preliminares<\/li>\n\n\n\n<li>Direitos fundamentais<\/li>\n\n\n\n<li>Medidas de prote\u00e7\u00e3o<\/li>\n\n\n\n<li>Pol\u00edtica de atendimento ao idoso<\/li>\n\n\n\n<li>Acesso \u00e0 Justi\u00e7a e altera\u00e7\u00f5es<\/li>\n<\/ul><\/li>\n\n\n\n<li>Estatuto da Crian\u00e7a e do Adolescente \u2013 Lei n\u00ba 8.069\/1990 e altera\u00e7\u00f5es\n<ul class=\"wp-block-list\"><li>Disposi\u00e7\u00f5es preliminares<\/li>\n\n\n\n<li>Direitos fundamentais<\/li>\n\n\n\n<li>Preven\u00e7\u00e3o<\/li>\n\n\n\n<li>Parte especial\n<ul class=\"wp-block-list\"><li>Pol\u00edtica de atendimento<\/li>\n\n\n\n<li>Medidas de prote\u00e7\u00e3o<\/li>\n\n\n\n<li>Pr\u00e1tica de ato infracional<\/li>\n\n\n\n<li>Medidas pertinentes aos pais ou respons\u00e1vel<\/li>\n\n\n\n<li>Conselho Tutelar<\/li>\n\n\n\n<li>Acesso \u00e0 Justi\u00e7a<\/li>\n\n\n\n<li>Crimes e infra\u00e7\u00f5es administrativas<\/li>\n<\/ul><\/li>\n<\/ul><\/li>\n\n\n\n<li>Aposentadoria da pessoa com defici\u00eancia segurada do RGPS \u2013 Lei Complementar n\u00ba 142\/2013\n<ul class=\"wp-block-list\"><li>Defini\u00e7\u00e3o da pessoa com defici\u00eancia<\/li>\n\n\n\n<li>Condi\u00e7\u00f5es de concess\u00e3o<\/li>\n\n\n\n<li>Grada\u00e7\u00e3o da defici\u00eancia<\/li>\n\n\n\n<li>C\u00e1lculo da renda da aposentadoria da pessoa com defici\u00eancia<\/li>\n<\/ul><\/li>\n\n\n\n<li>Conven\u00e7\u00e3o sobre os Direitos das Pessoas com Defici\u00eancia da ONU\n<ul class=\"wp-block-list\"><li>Protocolo Facultativo \u00e0 Conven\u00e7\u00e3o sobre os Direitos das Pessoas com Defici\u00eancia (adotado simultaneamente com a Conven\u00e7\u00e3o) e altera\u00e7\u00f5es<\/li>\n<\/ul><\/li>\n\n\n\n<li>Classifica\u00e7\u00e3o Internacional de Funcionalidade, Incapacidades e Sa\u00fade da OMS \u2013 CIF\n<ul class=\"wp-block-list\"><li>Hist\u00f3rico<\/li>\n\n\n\n<li>Objetivos da CIF<\/li>\n\n\n\n<li>Propriedade da CIF<\/li>\n\n\n\n<li>Vis\u00e3o geral dos componentes da CIF<\/li>\n\n\n\n<li>Modelos de funcionalidade e incapacidade<\/li>\n\n\n\n<li>Usos da CIF<\/li>\n<\/ul><\/li>\n\n\n\n<li>Pol\u00edtica Nacional de Sa\u00fade do Trabalhador e da Trabalhadora\n<ul class=\"wp-block-list\"><li>Defini\u00e7\u00f5es, princ\u00edpios e diretrizes<\/li>\n\n\n\n<li>Objetivos<\/li>\n\n\n\n<li>Estrat\u00e9gias<\/li>\n\n\n\n<li>Responsabilidades<\/li>\n\n\n\n<li>Avalia\u00e7\u00e3o e monitoramento<\/li>\n\n\n\n<li>Financiamento<\/li>\n<\/ul><\/li>\n\n\n\n<li>Lei Brasileira de Inclus\u00e3o da Pessoa com Defici\u00eancia (Estatuto da Pessoa com Defici\u00eancia) \u2013 Lei n\u00ba 13.146\/2015<\/li>\n<\/ul><\/li>\n<\/ul><h2 class=\"wp-block-heading\" id=\"provas-anteriores-do-inss-para-praticar\">Provas anteriores do INSS para praticar!<\/h2>\n\n\n\n<p>Outra forma muito eficiente de se preparar \u00e9 resolvendo quest\u00f5es de concursos anteriores. Por isso, reunimos todas as provas e gabaritos do \u00faltimo edital do INSS T\u00e9cnico para voc\u00ea praticar. Clique abaixo e fa\u00e7a o download!<\/p>\n\n\n\n<p><strong>Prova<\/strong><\/p>\n\n\n\n<ul class=\"wp-block-list\"><li><a href=\"https:\/\/cdn.cebraspe.org.br\/concursos\/INSS_22\/arquivos\/787_INSS_CB1_01.PDF\" target=\"_blank\" rel=\"noreferrer noopener\">Prova Objetiva \u2013 Conhecimentos B\u00e1sicos (GEX GUARULHOS)<\/a><\/li>\n\n\n\n<li><a href=\"https:\/\/cdn.cebraspe.org.br\/concursos\/INSS_22\/arquivos\/787_INSS_001_01.PDF\" target=\"_blank\" rel=\"noreferrer noopener\">Prova Objetiva \u2013 Conhecimentos Espec\u00edficos (GEX GUARULHOS)<\/a><\/li>\n\n\n\n<li><a href=\"https:\/\/cdn.cebraspe.org.br\/concursos\/INSS_22\/arquivos\/760_INSS_001_01.PDF\" target=\"_blank\" rel=\"noreferrer noopener\">Prova Objetiva \u2013 Conhecimentos B\u00e1sicos (EXCETO GEX GUARULHOS)<\/a><\/li>\n\n\n\n<li><a href=\"https:\/\/cdn.cebraspe.org.br\/concursos\/INSS_22\/arquivos\/760_INSS_CB1_01.PDF\" target=\"_blank\" rel=\"noreferrer noopener\">Prova Objetiva \u2013 Conhecimentos Espec\u00edficos (EXCETO GEX GUARULHOS)<\/a><\/li>\n<\/ul><p><strong>Gabarito<\/strong><\/p>\n\n\n\n<ul class=\"wp-block-list\"><li><a href=\"https:\/\/cdn.cebraspe.org.br\/concursos\/INSS_22\/arquivos\/GAB_DEFINITIVO_787_INSS_CB1_01.PDF\" target=\"_blank\" rel=\"noreferrer noopener\">Gabarito Definitivo \u2013 Conhecimentos B\u00e1sicos (GEX GUARULHOS)<\/a><\/li>\n\n\n\n<li><a href=\"https:\/\/cdn.cebraspe.org.br\/concursos\/INSS_22\/arquivos\/GAB_DEFINITIVO_787_INSS_001_01.PDF\" target=\"_blank\" rel=\"noreferrer noopener\">Gabarito Definitivo \u2013 Conhecimentos Espec\u00edficos (GEX GUARULHOS)<\/a><\/li>\n\n\n\n<li><a href=\"https:\/\/cdn.cebraspe.org.br\/concursos\/INSS_22\/arquivos\/GAB_DEFINITIVO_760_INSS_CB1_01.PDF\" target=\"_blank\" rel=\"noreferrer noopener\">Gabarito Definitivo \u2013 Conhecimentos B\u00e1sicos (EXCETO GEX GUARULHOS)<\/a><\/li>\n\n\n\n<li><a href=\"https:\/\/cdn.cebraspe.org.br\/concursos\/INSS_22\/arquivos\/GAB_DEFINITIVO_760_INSS_001_01.PDF\" target=\"_blank\" rel=\"noreferrer noopener\">Gabarito Definitivo \u2013 Conhecimentos Espec\u00edficos (EXCETO GEX GUARULHOS)<\/a><\/li>\n<\/ul><p>Confira detalhes do \u00faltimo edital, <a href=\"https:\/\/cdn.cebraspe.org.br\/concursos\/INSS_22\/arquivos\/ED_1_INSS_22_ABERTURA.PDF\" target=\"_blank\" rel=\"noreferrer noopener\">clicando aqui!<\/a><\/p>\n\n\n\n<h2 class=\"wp-block-heading\" id=\"erros-comuns-de-candidatos-e-como-evitlos\">Erros comuns de candidatos e como evit\u00e1-los<\/h2>\n\n\n\n<p>Ao longo da prepara\u00e7\u00e3o para o concurso INSS, muitos candidatos cometem falhas que comprometem diretamente o desempenho na prova. <\/p>\n\n\n\n<p>Conhecer esses erros \u00e9 essencial para n\u00e3o repeti-los e, assim, aumentar suas chances de aprova\u00e7\u00e3o.<\/p>\n\n\n\n<p><strong>Falta de planejamento \/ come\u00e7ar tarde<\/strong><br>Um dos maiores equ\u00edvocos \u00e9 iniciar os estudos apenas ap\u00f3s a publica\u00e7\u00e3o do edital. Isso reduz o tempo de prepara\u00e7\u00e3o e dificulta a assimila\u00e7\u00e3o do conte\u00fado. O ideal \u00e9 montar um cronograma antecipado, distribuindo as disciplinas ao longo das semanas e equilibrando teoria, exerc\u00edcios e revis\u00f5es.<\/p>\n\n\n\n<p><strong>Subestimar alguma disciplina<\/strong><br>Muitos candidatos dedicam-se apenas \u00e0s mat\u00e9rias consideradas mais f\u00e1ceis ou familiares e deixam de lado disciplinas fundamentais, como <em>Direito Previdenci\u00e1rio<\/em>, que costuma ter peso elevado nas provas do INSS. A melhor estrat\u00e9gia \u00e9 estudar todas as mat\u00e9rias previstas, priorizando aquelas com maior relev\u00e2ncia e incid\u00eancia de quest\u00f5es.<\/p>\n\n\n\n<p><strong>Problemas com interpreta\u00e7\u00e3o de enunciados<\/strong><br>Erros de interpreta\u00e7\u00e3o s\u00e3o comuns e podem custar pontos preciosos. Para evitar esse problema, \u00e9 fundamental praticar com provas anteriores, ler atentamente cada quest\u00e3o e treinar a compreens\u00e3o de enunciados longos ou de dupla interpreta\u00e7\u00e3o.<\/p>\n\n\n\n<p><strong>N\u00e3o fazer revis\u00f5es<\/strong><br>Muitos candidatos estudam de forma cont\u00ednua, mas esquecem de revisar o conte\u00fado. A aus\u00eancia de revis\u00f5es prejudica a fixa\u00e7\u00e3o a longo prazo. Uma boa pr\u00e1tica \u00e9 revisar periodicamente, por exemplo, ap\u00f3s 24 horas, uma semana e um m\u00eas do estudo inicial, para garantir que a informa\u00e7\u00e3o seja consolidada na mem\u00f3ria.<\/p>\n\n\n\n<p>Fique atento ao nosso <a href=\"https:\/\/www.novaconcursos.com.br\/portal\/concursos\/concurso-inss\/\" data-type=\"link\" data-id=\"https:\/\/www.novaconcursos.com.br\/portal\/concursos\/concurso-inss\/\">guia completo<\/a> e atualizado do concurso INSS e n\u00e3o perca nenhuma novidade!<\/p>\n\n\n\n<figure class=\"wp-block-embed is-type-video is-provider-youtube wp-block-embed-youtube wp-embed-aspect-16-9 wp-has-aspect-ratio\"><div class=\"wp-block-embed__wrapper\">\n<iframe loading=\"lazy\" title=\"CONCURSO INSS 2025 N\u00cdVEL M\u00c9DIO - 5 DICAS PARA INICIANTES \ud83d\udd34\" width=\"500\" height=\"281\" src=\"https:\/\/www.youtube.com\/embed\/FmEPhDN4jq8?feature=oembed\" frameborder=\"0\" allow=\"accelerometer; autoplay; clipboard-write; encrypted-media; gyroscope; picture-in-picture; web-share\" referrerpolicy=\"strict-origin-when-cross-origin\" allowfullscreen><\/iframe>\n<\/div><\/figure>","protected":false},"excerpt":{"rendered":"<p>Um novo concurso INSS 2026 j\u00e1 foi solicitado e est\u00e1 em fase de autoriza\u00e7\u00e3o. Antecipe sua prepara\u00e7\u00e3o e descubra agora o que estudar!<\/p>\n","protected":false},"author":54697,"featured_media":291747,"comment_status":"closed","ping_status":"closed","sticky":false,"template":"","format":"standard","meta":{"_acf_changed":false,"footnotes":"","_wp_rev_ctl_limit":""},"categories":[33508,44974,44978],"tags":[16009,1792],"class_list":["post-203701","post","type-post","status-publish","format-standard","has-post-thumbnail","hentry","category-artigos","category-inss","category-nacional","tag-analise-de-edital-concurso-inss","tag-concurso-inss"],"acf":[],"_links":{"self":[{"href":"https:\/\/www.novaconcursos.com.br\/portal\/wp-json\/wp\/v2\/posts\/203701","targetHints":{"allow":["GET"]}}],"collection":[{"href":"https:\/\/www.novaconcursos.com.br\/portal\/wp-json\/wp\/v2\/posts"}],"about":[{"href":"https:\/\/www.novaconcursos.com.br\/portal\/wp-json\/wp\/v2\/types\/post"}],"author":[{"embeddable":true,"href":"https:\/\/www.novaconcursos.com.br\/portal\/wp-json\/wp\/v2\/users\/54697"}],"replies":[{"embeddable":true,"href":"https:\/\/www.novaconcursos.com.br\/portal\/wp-json\/wp\/v2\/comments?post=203701"}],"version-history":[{"count":13,"href":"https:\/\/www.novaconcursos.com.br\/portal\/wp-json\/wp\/v2\/posts\/203701\/revisions"}],"predecessor-version":[{"id":291748,"href":"https:\/\/www.novaconcursos.com.br\/portal\/wp-json\/wp\/v2\/posts\/203701\/revisions\/291748"}],"wp:featuredmedia":[{"embeddable":true,"href":"https:\/\/www.novaconcursos.com.br\/portal\/wp-json\/wp\/v2\/media\/291747"}],"wp:attachment":[{"href":"https:\/\/www.novaconcursos.com.br\/portal\/wp-json\/wp\/v2\/media?parent=203701"}],"wp:term":[{"taxonomy":"category","embeddable":true,"href":"https:\/\/www.novaconcursos.com.br\/portal\/wp-json\/wp\/v2\/categories?post=203701"},{"taxonomy":"post_tag","embeddable":true,"href":"https:\/\/www.novaconcursos.com.br\/portal\/wp-json\/wp\/v2\/tags?post=203701"}],"curies":[{"name":"wp","href":"https:\/\/api.w.org\/{rel}","templated":true}]}}