{"id":203720,"date":"2023-08-31T15:18:17","date_gmt":"2023-08-31T18:18:17","guid":{"rendered":"https:\/\/www.novaconcursos.com.br\/portal\/?p=203720"},"modified":"2023-08-31T15:18:19","modified_gmt":"2023-08-31T18:18:19","slug":"concurso-pmerj-governador-determina-a-anulacao-da-prova-objetiva","status":"publish","type":"post","link":"https:\/\/www.novaconcursos.com.br\/portal\/noticias\/concurso-pmerj-governador-determina-a-anulacao-da-prova-objetiva\/","title":{"rendered":"Concurso PMERJ: Governador determina a anula\u00e7\u00e3o da prova objetiva. Entenda!"},"content":{"rendered":"<p>O governador Cl\u00e1udio Castro mandou suspender as provas objetivas do <a href=\"https:\/\/www.novaconcursos.com.br\/portal\/concursos\/concurso-pmerj\/\">concurso PMERJ<\/a>, que oferta vagas para Soldado, ap\u00f3s <strong>suspeitas de fraude<\/strong>. Veja a decis\u00e3o!<\/p>\n\n\n\n<ul class=\"wp-block-list\"><li><strong>Confira: <\/strong><a href=\"https:\/\/www.novaconcursos.com.br\/livro\/1000-questoes-gabaritadas-pmerj-soldado\">Livro 1.000 Quest\u00f5es Gabaritadas PMERJ \u2013 Soldado<\/a><\/li>\n\n\n\n<li><strong>Confira:<\/strong><a href=\"https:\/\/www.novaconcursos.com.br\/mapa-mental\/mapas-mentais-pmerj-soldado-pdf\"><strong> <\/strong>385 Mapas Mentais para PMERJ \u2013 Soldado (PDF)<\/a><\/li>\n<\/ul><p><\/p>\n\n\n\n<p>Estude para o concurso dos seus sonhos com o\u00a0<strong>M\u00e9todo<\/strong>\u00a0que j\u00e1 ajudou na\u00a0<strong>aprova\u00e7\u00e3o de mais de 70 mil alunos.<\/strong>\u00a0<a href=\"https:\/\/aprovacao.novaconcursos.com.br\/assinatura\" target=\"_blank\" rel=\"noreferrer noopener\">Clique aqui<\/a>\u00a0e saiba mais!<\/p>\n\n\n\n<h2 class=\"wp-block-heading\" id=\"concurso-pmerj-por-que-as-provas-esto-suspensas\">Concurso PMERJ: por que as provas est\u00e3o suspensas?<\/h2>\n\n\n\n<p>Primeiramente, \u00e9 importante saber que a prova objetiva do concurso da Pol\u00edcia Militar do\u00a0<a href=\"https:\/\/www.novaconcursos.com.br\/portal\/concursos-previstos\/rj\/\">Estado do Rio de Janeiro<\/a>\u00a0est\u00e1 cancelada e <strong>uma nova dever\u00e1 ser aplicada.<\/strong><\/p>\n\n\n\n<ul class=\"wp-block-list\"><li><strong>Confira: <\/strong><a href=\"https:\/\/www.novaconcursos.com.br\/apostila\/pmerj-soldado\">Apostila PMERJ 2023 \u2013 Soldado<\/a><\/li>\n<\/ul><p><\/p>\n\n\n\n<p>As avalia\u00e7\u00f5es tinham sido aplicadas no \u00faltimo domingo, dia\u00a0<strong>27 de agosto<\/strong>, para <strong>119.599\u00a0<\/strong>candidatos que se inscreveram no concurso.<\/p>\n\n\n\n<p>Quem determinou a suspens\u00e3o da avalia\u00e7\u00e3o foi o governador do Rio de Janeiro, Cl\u00e1udio Castro. Em v\u00eddeo ele citou <strong>poss\u00edveis fraudes<\/strong> na aplica\u00e7\u00e3o da prova.<\/p>\n\n\n\n<blockquote class=\"wp-block-quote is-layout-flow wp-block-quote-is-layout-flow\">\n<p><em>\u201cContratamos uma empresa para realizar um concurso e o que vimos no \u00faltimo fim de semana \u00e9 inadmiss\u00edvel. Diante do que foi amplamente mostrado nas redes sociais, e em respeito aos candidatos que agiram corretamente, n\u00e3o me resta alternativa que n\u00e3o seja cancelar a prova objetiva<\/em>\u201d, disse o governador ao portal g1.<\/p>\n<\/blockquote>\n\n\n\n<p>No v\u00eddeo divulgado nas redes sociais, ele citou<strong> falhas nas provas<\/strong> e tamb\u00e9m no processo de fiscaliza\u00e7\u00e3o. Disse ainda que uma nova data ser\u00e1 anunciada em breve, para nova aplica\u00e7\u00e3o de provas.<\/p>\n\n\n\n<p><em>\u201cA prova que aconteceu no \u00faltimo domingo ser\u00e1 cancelada. Isso \u00e9 o cancelamento do concurso? De forma alguma. O concurso continuar\u00e1 firme e nos pr\u00f3ximos dias n\u00f3s estaremos falando a nova data que esse concurso ir\u00e1 acontecer\u201d<\/em>, disse ele. <\/p>\n\n\n\n<p>Ainda no v\u00eddeo, o governador disse que uma <strong>investiga\u00e7\u00e3o <\/strong>ser\u00e1 aberta para apurar o que ocorreu e punir os respons\u00e1veis. <\/p>\n\n\n\n<p><em>\u201cEu determinei que seja aberta uma investiga\u00e7\u00e3o dura, profunda, para que a gente possa punir todos aqueles que por a\u00e7\u00e3o ou omiss\u00e3o fizeram com que tiv\u00e9ssemos que tomar essa atitude que n\u00e3o quer\u00edamos tomar\u201d<\/em>, enfatizou. <\/p>\n\n\n\n<p><strong>Assista o v\u00eddeo, publicado nas redes sociais do governador:<\/strong><\/p>\n\n\n\n<figure class=\"wp-block-video\"><video controls src=\"https:\/\/www.novaconcursos.com.br\/portal\/wp-content\/uploads\/2023\/08\/SaveInsta.App-3181442865582366932.mp4\"><\/video><\/figure><h2 class=\"wp-block-heading\" id=\"continue-estudando-para-as-novas-provas-do-concurso-pmerj\">Continue estudando para as novas provas do concurso PMERJ<\/h2>\n\n\n\n<p>Como novas provas foram anunciadas, os candidatos poder\u00e3o ter <strong>mais um tempo de estudo<\/strong> at\u00e9 l\u00e1, principalmente aqueles que acharam n\u00e3o ter ido bem nas avalia\u00e7\u00f5es aplicadas.<\/p>\n\n\n\n<p>Portanto, a prova contou com\u00a0<strong>50 quest\u00f5es\u00a0<\/strong>de m\u00faltipla escolha, tendo quatro alternativas cada e apenas uma resposta correta. Veja, ent\u00e3o, as disciplinas:<\/p>\n\n\n\n<ul class=\"wp-block-list\"><li>L\u00edngua Portuguesa: 10 quest\u00f5es;<\/li>\n\n\n\n<li>Matem\u00e1tica B\u00e1sica: 10 quest\u00f5es;<\/li>\n\n\n\n<li>No\u00e7\u00f5es de Direitos Humanos: 10 quest\u00f5es;<\/li>\n\n\n\n<li>No\u00e7\u00f5es de Direito Administrativo e Legisla\u00e7\u00e3o Aplicada \u00e0 PMERJ: 10 quest\u00f5es;<\/li>\n\n\n\n<li>No\u00e7\u00f5es de Direito Penal e Processo Penal: 10 quest\u00f5es.<\/li>\n<\/ul><p><\/p>\n\n\n\n<p><a href=\"https:\/\/cdn-ibade.selecao.site\/edital\/1\/54\/560dce2b5204715d97f0f65015c325ea.pdf\" target=\"_blank\" rel=\"noreferrer noopener\">Confira o gabarito preliminar completo que havia sido divulgado, clicando aqui!<\/a><\/p>\n\n\n\n<h3 class=\"wp-block-heading\">Demais etapas de sele\u00e7\u00e3o<\/h3>\n\n\n\n<p>Posteriormente, o concurso ainda ter\u00e1 <strong>outras etapas <\/strong>de sele\u00e7\u00e3o, aplicadas aos aprovados na prova objetiva, que s\u00e3o:<\/p>\n\n\n\n<ul class=\"wp-block-list\"><li><em>Prova Objetiva, de car\u00e1ter eliminat\u00f3rio e classificat\u00f3rio;<\/em><\/li>\n\n\n\n<li>Prova Discursiva (reda\u00e7\u00e3o), de car\u00e1ter eliminat\u00f3rio e classificat\u00f3rio;<\/li>\n\n\n\n<li>Preenchimento do FIC e verifica\u00e7\u00e3o dos requisitos para inscri\u00e7\u00e3o no Concurso P\u00fablico, de car\u00e1ter eliminat\u00f3rio;<\/li>\n\n\n\n<li>Exame Antropom\u00e9trico, de car\u00e1ter eliminat\u00f3rio;<\/li>\n\n\n\n<li>Teste de Aptid\u00e3o F\u00edsica, de car\u00e1ter eliminat\u00f3rio;<\/li>\n\n\n\n<li>Exame Psicol\u00f3gico, de car\u00e1ter eliminat\u00f3rio;<\/li>\n\n\n\n<li>Exame de Sa\u00fade, de car\u00e1ter eliminat\u00f3rio;<\/li>\n\n\n\n<li>Exame Social e Toxicol\u00f3gico, de car\u00e1ter eliminat\u00f3rio;<\/li>\n\n\n\n<li>Avalia\u00e7\u00e3o Documental, de car\u00e1ter eliminat\u00f3rio.<\/li>\n<\/ul><p><\/p>\n\n\n\n<p>Ademais, a prova discursiva estava marcada para <strong>29 de outubro<\/strong>, mas pode sofrer mudan\u00e7as pelo cancelamento da objetiva. <\/p>\n\n\n\n<h2 class=\"wp-block-heading\" id=\"quanto-ganha-um-soldado-da-pmerj\">Quanto ganha um Soldado da PMERJ?<\/h2>\n\n\n\n<p>S\u00e3o ofertadas\u00a0<strong>2.000 vagas de Soldado,\u00a0<\/strong>sendo 200 destinadas a candidatas do sexo feminino e 1.800 oportunidades destinadas a candidatos do sexo masculino.<\/p>\n\n\n\n<p>Al\u00e9m disso, haver\u00e1 cotas para negros, ind\u00edgenas e pessoas com defici\u00eancia. Os aprovados ter\u00e3o\u00a0<strong>sal\u00e1rios iniciais<\/strong>\u00a0no valor de R$ 2.956,41 durante o Curso de Forma\u00e7\u00e3o.<\/p>\n\n\n\n<p>Ent\u00e3o, o curso acontece durante 12 meses e ap\u00f3s o t\u00e9rmino, o sal\u00e1rio \u00e9 de\u00a0<strong>R$ 5.233,88<\/strong>\u00a0?<\/p>\n\n\n\n<h2 class=\"wp-block-heading\" id=\"o-que-precisa-para-ser-um-soldado-da-pmerj\">O que precisa para ser um Soldado da PMERJ?<\/h2>\n\n\n\n<ul class=\"wp-block-list\"><li>Ensino m\u00e9dio completo;<\/li>\n\n\n\n<li>Idade entre 18 e 32 anos, at\u00e9 o primeiro dia para o ato de inscri\u00e7\u00e3o no concurso (14 de junho).\u00a0Considera-se aquela idade compreendida at\u00e9 a v\u00e9spera do trig\u00e9simo terceiro anivers\u00e1rio;<\/li>\n\n\n\n<li>Altura de 1,65m para o sexo masculino e 1,60m para o sexo feminino;<\/li>\n\n\n\n<li>Carteira Nacional de Habilita\u00e7\u00e3o (CNH), exceto somente categoria A.<\/li>\n<\/ul><p><\/p>\n\n\n\n<h2 class=\"wp-block-heading\" id=\"o-que-faz-um-soldado-da-pmerj\">O que faz um Soldado da PMERJ?<\/h2>\n\n\n\n<p>O Soldado da Pol\u00edcia Militar do\u00a0<a href=\"https:\/\/www.novaconcursos.com.br\/portal\/concursos-abertos\/rj\/\">Estado do Rio de Janeiro<\/a>\u00a0\u00e9 respons\u00e1vel por garantir a seguran\u00e7a e a integridade f\u00edsica e moral de todos os cidad\u00e3os (civis ou militares), bem como, realizar pris\u00f5es em flagrante, busca e apreens\u00e3o com mandado judicial, revistas, blitze e controle da popula\u00e7\u00e3o em situa\u00e7\u00f5es de aglomera\u00e7\u00e3o p\u00fablica, como passeatas, manifesta\u00e7\u00f5es e eventos de rua de grande porte (como carnaval, micaretas e afins).\u00a0?<\/p>\n\n\n\n<p><\/p>","protected":false},"excerpt":{"rendered":"<p>O governador Cl\u00e1udio Castro mandou suspender as provas objetivas do concurso PMERJ, que oferta vagas para Soldado, ap\u00f3s suspeitas de fraude. Veja a decis\u00e3o! Estude para o concurso dos seus sonhos com o\u00a0M\u00e9todo\u00a0que j\u00e1 ajudou na\u00a0aprova\u00e7\u00e3o de mais de 70 mil alunos.\u00a0Clique aqui\u00a0e saiba mais! Concurso PMERJ: por que as provas est\u00e3o suspensas? Primeiramente, \u00e9 [&hellip;]<\/p>\n","protected":false},"author":54671,"featured_media":156711,"comment_status":"closed","ping_status":"closed","sticky":false,"template":"","format":"standard","meta":{"_acf_changed":false,"footnotes":"","_wp_rev_ctl_limit":""},"categories":[228],"tags":[],"class_list":["post-203720","post","type-post","status-publish","format-standard","has-post-thumbnail","hentry","category-noticias"],"acf":[],"_links":{"self":[{"href":"https:\/\/www.novaconcursos.com.br\/portal\/wp-json\/wp\/v2\/posts\/203720","targetHints":{"allow":["GET"]}}],"collection":[{"href":"https:\/\/www.novaconcursos.com.br\/portal\/wp-json\/wp\/v2\/posts"}],"about":[{"href":"https:\/\/www.novaconcursos.com.br\/portal\/wp-json\/wp\/v2\/types\/post"}],"author":[{"embeddable":true,"href":"https:\/\/www.novaconcursos.com.br\/portal\/wp-json\/wp\/v2\/users\/54671"}],"replies":[{"embeddable":true,"href":"https:\/\/www.novaconcursos.com.br\/portal\/wp-json\/wp\/v2\/comments?post=203720"}],"version-history":[{"count":6,"href":"https:\/\/www.novaconcursos.com.br\/portal\/wp-json\/wp\/v2\/posts\/203720\/revisions"}],"predecessor-version":[{"id":203745,"href":"https:\/\/www.novaconcursos.com.br\/portal\/wp-json\/wp\/v2\/posts\/203720\/revisions\/203745"}],"wp:featuredmedia":[{"embeddable":true,"href":"https:\/\/www.novaconcursos.com.br\/portal\/wp-json\/wp\/v2\/media\/156711"}],"wp:attachment":[{"href":"https:\/\/www.novaconcursos.com.br\/portal\/wp-json\/wp\/v2\/media?parent=203720"}],"wp:term":[{"taxonomy":"category","embeddable":true,"href":"https:\/\/www.novaconcursos.com.br\/portal\/wp-json\/wp\/v2\/categories?post=203720"},{"taxonomy":"post_tag","embeddable":true,"href":"https:\/\/www.novaconcursos.com.br\/portal\/wp-json\/wp\/v2\/tags?post=203720"}],"curies":[{"name":"wp","href":"https:\/\/api.w.org\/{rel}","templated":true}]}}