{"id":204684,"date":"2023-09-11T12:20:05","date_gmt":"2023-09-11T15:20:05","guid":{"rendered":"https:\/\/www.novaconcursos.com.br\/portal\/?p=204684"},"modified":"2023-09-11T12:20:08","modified_gmt":"2023-09-11T15:20:08","slug":"concurso-mcti-2023-informacoes-atualizadas-814-vagas","status":"publish","type":"post","link":"https:\/\/www.novaconcursos.com.br\/portal\/noticias\/concurso-mcti-2023-informacoes-atualizadas-814-vagas\/","title":{"rendered":"Concurso MCTI 2023: Informa\u00e7\u00f5es atualizadas. 814 vagas!"},"content":{"rendered":"<p>O edital do <a href=\"https:\/\/www.novaconcursos.com.br\/portal\/concursos\/concurso-mcti\/\">concurso MCTI<\/a>\u00a0(Minist\u00e9rio da Ci\u00eancia, Tecnologia e Inova\u00e7\u00e3o) sai\u00a0<strong>ainda setembro\u00a0<\/strong>deste ano, segundo a previs\u00e3o. Veja detalhes da sele\u00e7\u00e3o, que ofertar\u00e1<strong>\u00a0864 vagas!<\/strong><\/p>\n\n\n\n<ul class=\"wp-block-list\"><li><strong>Confira:\u00a0<\/strong><a href=\"https:\/\/www.novaconcursos.com.br\/livro\/1000-questoes-gabaritadas-cebraspe\">Livro 1.000 Quest\u00f5es Gabaritadas da CEBRASPE<\/a><\/li>\n\n\n\n<li><strong>Confira:\u00a0<\/strong><a href=\"https:\/\/www.novaconcursos.com.br\/livro-impresso\/questoes-comentadas-fgv\">Livro de Quest\u00f5es Comentadas FGV<\/a><\/li>\n<\/ul><p><\/p>\n\n\n\n<p>Estude para o concurso dos seus sonhos com o\u00a0<strong>M\u00e9todo<\/strong>\u00a0que j\u00e1 ajudou na\u00a0<strong>aprova\u00e7\u00e3o de mais de 70 mil alunos.<\/strong>\u00a0<a href=\"https:\/\/aprovacao.novaconcursos.com.br\/assinatura\" target=\"_blank\" rel=\"noreferrer noopener\">Clique aqui<\/a>\u00a0e saiba mais!<\/p>\n\n\n\n<h2 class=\"wp-block-heading\" id=\"quando-sai-o-edital-do-concurso-mcti\">Quando sai o edital do concurso MCTI?<\/h2>\n\n\n\n<p>Sendo assim, os novos\u00a0<a href=\"https:\/\/www.novaconcursos.com.br\/portal\/concursos-previstos\/nacional\">editais<\/a> para o concurso do\u00a0<strong>Minist\u00e9rio da Ci\u00eancia, Tecnologia e Inova\u00e7\u00e3o<\/strong>\u00a0est\u00e3o cada vez mais pertos e devem sair em breve.<\/p>\n\n\n\n<p>Uma portaria publicada em julho, indica publica\u00e7\u00e3o de edital at\u00e9 <strong>10 de setembro<\/strong>. Entretanto, informa\u00e7\u00f5es que circulam nas redes sociais, citam que a publica\u00e7\u00e3o deve acontecer at\u00e9 <strong>25 de setembro.<\/strong><\/p>\n\n\n\n<p>Ali\u00e1s, conforme consta na portaria autorizativa, o prazo m\u00e1ximo do \u00f3rg\u00e3o \u00e9 de seis meses. Ou seja, esse prazo se encerra em <strong>6 de outubro.<\/strong><\/p>\n\n\n\n<p>O pr\u00f3ximo passo \u00e9 escolher a <strong>banca <\/strong>organizadora do concurso, que est\u00e1 em processo de sele\u00e7\u00e3o. Ap\u00f3s isso, o edital se torna iminente.<\/p>\n\n\n\n<p>Vale relembrar que o concurso foi\u00a0<strong>autorizado<\/strong>\u00a0em abril deste ano pelo Minist\u00e9rio da Gest\u00e3o e da Inova\u00e7\u00e3o em Servi\u00e7os P\u00fablicos (MGI). <a href=\"https:\/\/dhg1h5j42swfq.cloudfront.net\/2023\/05\/04134925\/portaria-gm_mgi-no-1-369-de-6-de-abril-de-2023-portaria-gm_mgi-no-1-369-de-6-de-abril-de-2023-dou-imprensa-nacional.pdf\" target=\"_blank\" rel=\"noreferrer noopener\">Veja o documento de autoriza\u00e7\u00e3o<\/a>!<\/p>\n\n\n\n<h2 class=\"wp-block-heading\" id=\"definidos-os-critrios-para-reserva-de-vagas-para-cotas\">Definidos os crit\u00e9rios para reserva de vagas para cotas<\/h2>\n\n\n\n<p>Agora, recentemente, duas portarias publicadas no di\u00e1rio oficial da Uni\u00e3o definiram crit\u00e9rios para reserva de <strong>vagas para cotas<\/strong> no concurso.<\/p>\n\n\n\n<p>Assim, os novos documentos se referem ao Centro Brasileiro de Pesquisas F\u00edsicas e ao Laborat\u00f3rio Nacional de Computa\u00e7\u00e3o Cient\u00edfica (LNCC). Sendo assim, veja as cotas:<\/p>\n\n\n\n<ul class=\"wp-block-list\"><li>negros \u2013 20%<\/li>\n\n\n\n<li>portadores de defici\u00eancia \u2013 5%<\/li>\n<\/ul><p><\/p>\n\n\n\n<p>\u00c9 prevista a oferta de\u00a0<strong>814 vagas<\/strong>\u00a0para cargos de\u00a0n\u00edvel superior. Confira a suposta\u00a0<strong>distribui\u00e7\u00e3o<\/strong>\u00a0das vagas e seus respectivos sal\u00e1rios:<\/p>\n\n\n\n<ul class=\"wp-block-list\"><li>Analista em Ci\u00eancia e Tecnologia \u2014 296 vagas e ganhos previstos de R$13.718,81;<\/li>\n\n\n\n<li>Pesquisador \u2014 253 vagas e R$16.798,48; e\u00a0<\/li>\n\n\n\n<li>Tecnologista \u2014 265 vagas e R$13.718,81.<\/li>\n<\/ul><p><\/p>\n\n\n\n<p>Por fim, os sal\u00e1rios indicados acima n\u00e3o est\u00e3o com os valores dos adicionais de qualifica\u00e7\u00e3o. O aprovado ainda recebe o valor de\u00a0<strong>R$ 658,00,<\/strong>\u00a0referente ao aux\u00edlio alimenta\u00e7\u00e3o.<\/p>\n\n\n\n<p>Ademais, as vagas para as carreiras de\u00a0<strong>Pesquisador e Tecnologista<\/strong>\u00a0ser\u00e3o distribu\u00eddas entre as unidades de pesquisa.<\/p>\n\n\n\n<p>Por outro lado, as vagas para Analista ser\u00e3o\u00a0<strong>158\u00a0<\/strong>para as unidades de pesquisa e\u00a0<strong>138<\/strong>\u00a0oportunidades reservadas para a Administra\u00e7\u00e3o Central. Veja a divis\u00e3o geral:<\/p>\n\n\n\n<figure class=\"wp-block-image\"><a href=\"https:\/\/www.novaconcursos.com.br\/portal\/wp-content\/uploads\/2023\/07\/image.webp\"><img decoding=\"async\" width=\"511\" height=\"492\" src=\"https:\/\/www.novaconcursos.com.br\/portal\/wp-content\/uploads\/2023\/07\/image.webp\" alt=\"\" class=\"wp-image-199518\" loading=\"lazy\" title=\"\" srcset=\"https:\/\/www.novaconcursos.com.br\/portal\/wp-content\/uploads\/2023\/07\/image-300x289.webp 300w, https:\/\/www.novaconcursos.com.br\/portal\/wp-content\/uploads\/2023\/07\/image.webp 511w\" sizes=\"auto, (max-width: 480px) 100vw, (max-width: 768px) 100vw, (max-width: 1200px) 70vw, 768px\"><\/a><\/figure><h2 class=\"wp-block-heading\" id=\"ltimo-concurso-mcti-aconteceu-h-mais-de-10-anos\">\u00daltimo concurso MCTI aconteceu h\u00e1 mais de 10 anos<\/h2>\n\n\n\n<p>Enquanto mais detalhes acerca do novo\u00a0<a href=\"https:\/\/www.novaconcursos.com.br\/portal\/concursos-abertos\/nacional\">processo seletivo<\/a>\u00a0n\u00e3o est\u00e3o revelados, \u00e9 importante que os concurseiros interessados na sele\u00e7\u00e3o comecem a se preparar por meio da an\u00e1lise de\u00a0<strong>antigos editais.<\/strong><\/p>\n\n\n\n<p>Sendo assim, o \u00faltimo concurso MCTI aconteceu\u00a0<strong>em 2012,<\/strong>\u00a0sob a organiza\u00e7\u00e3o do\u00a0<a href=\"http:\/\/cebraspe.org.br\/\" target=\"_blank\" rel=\"noreferrer noopener\">Cebraspe.<\/a>\u00a0Foram\u00a0<strong>551 vagas\u00a0<\/strong>para\u00a0cargos de n\u00edveis m\u00e9dio e superior.<\/p>\n\n\n\n<h3 class=\"wp-block-heading\">Requisitos cobrados<\/h3>\n\n\n\n<ul class=\"wp-block-list\"><li>Ter nacionalidade brasileira ou portuguesa e, no caso de nacionalidade portuguesa, estar amparado pelo estatuto de igualdade entre brasileiros e portugueses, com reconhecimento do gozo dos direitos pol\u00edticos, nos termos do \u00a7 1\u00ba do artigo 12 da Constitui\u00e7\u00e3o Federal.<\/li>\n\n\n\n<li>Estar em dia com as obriga\u00e7\u00f5es eleitorais e, em caso de candidato do sexo masculino, tamb\u00e9m com as obriga\u00e7\u00f5es militares.<\/li>\n\n\n\n<li>Ter idade m\u00ednima de dezoito anos completos na data da posse.<\/li>\n\n\n\n<li>Ter aptid\u00e3o f\u00edsica e mental para o exerc\u00edcio das atribui\u00e7\u00f5es do cargo.<\/li>\n\n\n\n<li>Cumprir as determina\u00e7\u00f5es deste edital.<\/li>\n\n\n\n<li>Possuir os requisitos exigidos para o exerc\u00edcio do cargo, conforme item 2 deste edital.<\/li>\n<\/ul><p><\/p>\n\n\n\n<h3 class=\"wp-block-heading\">Etapas de sele\u00e7\u00e3o<\/h3>\n\n\n\n<p>Por fim, \u00e9 essencial mencionar que, durante a sele\u00e7\u00e3o, os candidatos passaram por meio de\u00a0<strong>tr\u00eas etapas<\/strong>. Sendo assim, s\u00e3o elas:<\/p>\n\n\n\n<ul class=\"wp-block-list\"><li>Provas Objetivas;<\/li>\n\n\n\n<li>Provas Discursivas, e<\/li>\n\n\n\n<li>Avalia\u00e7\u00e3o de T\u00edtulos.<\/li>\n<\/ul><p><\/p>\n\n\n\n<p>Ademais, as provas objetivas contaram com\u00a0<strong>quest\u00f5es acerca de<\/strong>\u00a0Conhecimentos B\u00e1sicos, Conhecimentos Espec\u00edficos, Gest\u00e3o Administrativa e Gest\u00e3o P\u00fablica em C, T&amp;I.<\/p>","protected":false},"excerpt":{"rendered":"<p>O edital do concurso MCTI\u00a0(Minist\u00e9rio da Ci\u00eancia, Tecnologia e Inova\u00e7\u00e3o) sai\u00a0ainda setembro\u00a0deste ano, segundo a previs\u00e3o. Veja detalhes da sele\u00e7\u00e3o, que ofertar\u00e1\u00a0864 vagas! Estude para o concurso dos seus sonhos com o\u00a0M\u00e9todo\u00a0que j\u00e1 ajudou na\u00a0aprova\u00e7\u00e3o de mais de 70 mil alunos.\u00a0Clique aqui\u00a0e saiba mais! Quando sai o edital do concurso MCTI? Sendo assim, os novos\u00a0editais [&hellip;]<\/p>\n","protected":false},"author":54671,"featured_media":157206,"comment_status":"closed","ping_status":"closed","sticky":false,"template":"","format":"standard","meta":{"_acf_changed":false,"footnotes":"","_wp_rev_ctl_limit":""},"categories":[228],"tags":[],"class_list":["post-204684","post","type-post","status-publish","format-standard","has-post-thumbnail","hentry","category-noticias"],"acf":[],"_links":{"self":[{"href":"https:\/\/www.novaconcursos.com.br\/portal\/wp-json\/wp\/v2\/posts\/204684","targetHints":{"allow":["GET"]}}],"collection":[{"href":"https:\/\/www.novaconcursos.com.br\/portal\/wp-json\/wp\/v2\/posts"}],"about":[{"href":"https:\/\/www.novaconcursos.com.br\/portal\/wp-json\/wp\/v2\/types\/post"}],"author":[{"embeddable":true,"href":"https:\/\/www.novaconcursos.com.br\/portal\/wp-json\/wp\/v2\/users\/54671"}],"replies":[{"embeddable":true,"href":"https:\/\/www.novaconcursos.com.br\/portal\/wp-json\/wp\/v2\/comments?post=204684"}],"version-history":[{"count":4,"href":"https:\/\/www.novaconcursos.com.br\/portal\/wp-json\/wp\/v2\/posts\/204684\/revisions"}],"predecessor-version":[{"id":204688,"href":"https:\/\/www.novaconcursos.com.br\/portal\/wp-json\/wp\/v2\/posts\/204684\/revisions\/204688"}],"wp:featuredmedia":[{"embeddable":true,"href":"https:\/\/www.novaconcursos.com.br\/portal\/wp-json\/wp\/v2\/media\/157206"}],"wp:attachment":[{"href":"https:\/\/www.novaconcursos.com.br\/portal\/wp-json\/wp\/v2\/media?parent=204684"}],"wp:term":[{"taxonomy":"category","embeddable":true,"href":"https:\/\/www.novaconcursos.com.br\/portal\/wp-json\/wp\/v2\/categories?post=204684"},{"taxonomy":"post_tag","embeddable":true,"href":"https:\/\/www.novaconcursos.com.br\/portal\/wp-json\/wp\/v2\/tags?post=204684"}],"curies":[{"name":"wp","href":"https:\/\/api.w.org\/{rel}","templated":true}]}}