{"id":205200,"date":"2023-09-14T19:17:28","date_gmt":"2023-09-14T22:17:28","guid":{"rendered":"https:\/\/www.novaconcursos.com.br\/portal\/?p=205200"},"modified":"2023-09-14T19:17:31","modified_gmt":"2023-09-14T22:17:31","slug":"concurso-nacional-unificado-mais-dois-orgaos-confirmam-adesao-confira-quais","status":"publish","type":"post","link":"https:\/\/www.novaconcursos.com.br\/portal\/noticias\/concurso-nacional-unificado-mais-dois-orgaos-confirmam-adesao-confira-quais\/","title":{"rendered":"Concurso Nacional Unificado: Mais dois \u00f3rg\u00e3os confirmam ades\u00e3o. Confira quais!"},"content":{"rendered":"<p>Os\u00a0<a href=\"https:\/\/www.novaconcursos.com.br\/portal\/concursos-previstos\/nacional\">concursos federais<\/a>\u00a0v\u00e3o preencher oito mil vagas em cerca de 50 \u00f3rg\u00e3os do Executivo Federal por meio de um concurso\u00a0<strong>unificado<\/strong>. E mais dois \u00f3rg\u00e3os confirmaram ades\u00e3o!<\/p>\n\n\n\n<ul class=\"wp-block-list\"><li><strong>Confira:<\/strong>\u00a0<a href=\"https:\/\/www.novaconcursos.com.br\/curso-online\/curso-de-redacao-para-concursos\">Reda\u00e7\u00e3o Nota M\u00e1xima para Concursos<\/a><\/li>\n<\/ul><p><\/p>\n\n\n\n<p>Estude para o concurso dos seus sonhos com o\u00a0<strong>M\u00e9todo<\/strong>\u00a0que j\u00e1 ajudou na\u00a0<strong>aprova\u00e7\u00e3o de mais de 70 mil alunos.<\/strong>\u00a0<a href=\"https:\/\/aprovacao.novaconcursos.com.br\/assinatura\" target=\"_blank\" rel=\"noreferrer noopener\">Clique aqui<\/a>\u00a0e saiba mais!<\/p>\n\n\n\n<h2 class=\"wp-block-heading\" id=\"quais-os-rgos-que-confirmaram-adeso-ao-concurso-unificado\">Quais os \u00f3rg\u00e3os que confirmaram ades\u00e3o ao concurso unificado?<\/h2>\n\n\n\n<p>Sendo assim, uma sele\u00e7\u00e3o unificada dos\u00a0<a href=\"https:\/\/www.novaconcursos.com.br\/portal\/concursos-abertos\/nacional\">concursos federais<\/a>\u00a0que est\u00e3o\u00a0<strong>autorizados<\/strong>\u00a0ser\u00e1 lan\u00e7ada em breve. \u00c9 uma prova\u00a0<strong>tipo ENEM!<\/strong><\/p>\n\n\n\n<p>E mais dois \u00f3rg\u00e3os confirmaram, recentemente, ades\u00e3o ao edital unificado: o <strong>Minist\u00e9rio da Sa\u00fade<\/strong> (que vai ter 220 vagas) e o <strong>Previc <\/strong>(com autoriza\u00e7\u00e3o para preencher 40 vagas).<\/p>\n\n\n\n<p>A confirma\u00e7\u00e3o da ades\u00e3o da <strong>Superintend\u00eancia Nacional de Previd\u00eancia Complementar<\/strong> se deu nesta quarta-feira, 13 de setembro. <\/p>\n\n\n\n<p>Al\u00e9m disso, a ades\u00e3o foi aprovada pela Diretoria Colegiada e formalizada por meio de of\u00edcio, encaminhado ao Minist\u00e9rio da Gest\u00e3o e da Inova\u00e7\u00e3o.<\/p>\n\n\n\n<p>O \u00f3rg\u00e3o, em nota, informou que <em>\u201cparticipar\u00e1 do concurso com 40 vagas para n\u00edvel superior [\u2026]. Ser\u00e3o 15 vagas para o cargo de Analista Administrativo que, atualmente, conta com sal\u00e1rio inicial de R$ 12.953,31, e 25 vagas autorizadas para Especialista em Previd\u00eancia Complementar, que hoje possui remunera\u00e7\u00e3o no in\u00edcio da carreira de R$ 14.010,17\u201d.<\/em><\/p>\n\n\n\n<p>Por outro lado, a ades\u00e3o do <strong>Minist\u00e9rio da Sa\u00fade<\/strong> foi confirmada pela Assessoria de Imprensa da pasta nesta quinta-feira, 14 de setembro.<\/p>\n\n\n\n<blockquote class=\"wp-block-quote is-layout-flow wp-block-quote-is-layout-flow\">\n<p><em>\u201cO Minist\u00e9rio da Sa\u00fade ir\u00e1 aderir ao Concurso Nacional Unificado\u201d<\/em>, disse a pasta.\u00a0A sele\u00e7\u00e3o contar\u00e1 com vagas para os Institutos Nacionais, sendo eles:<\/p>\n\n\n\n<ul class=\"wp-block-list\"><li>Instituto Nacional de C\u00e2ncer (Inca);<\/li>\n\n\n\n<li>Instituto Nacional de Traumatologia e Ortopedia Jamil Haddad (Into); e<\/li>\n\n\n\n<li>Instituto Nacional de Cardiologia (INC).<\/li>\n<\/ul><p><\/p>\n<\/blockquote>\n\n\n\n<figure class=\"wp-block-image size-full\"><a href=\"https:\/\/www.novaconcursos.com.br\/portal\/wp-content\/uploads\/2023\/09\/image-140.png\"><img decoding=\"async\" width=\"733\" height=\"440\" src=\"https:\/\/www.novaconcursos.com.br\/portal\/wp-content\/uploads\/2023\/09\/image-140.png\" alt=\"\" class=\"wp-image-205203\" loading=\"lazy\" title=\"\" srcset=\"https:\/\/www.novaconcursos.com.br\/portal\/wp-content\/uploads\/2023\/09\/image-140-300x180.png 300w, https:\/\/www.novaconcursos.com.br\/portal\/wp-content\/uploads\/2023\/09\/image-140.png 733w\" sizes=\"auto, (max-width: 480px) 100vw, (max-width: 768px) 100vw, (max-width: 1200px) 70vw, 768px\"><\/a><figcaption><\/figcaption><\/figure><p>Apesar da autoriza\u00e7\u00e3o para efetivos, a ministra da Sa\u00fade, N\u00edsia Trindade, solicitou 6.283 novas contrata\u00e7\u00f5es tempor\u00e1rias.<\/p>\n\n\n\n<p><a href=\"https:\/\/www.novaconcursos.com.br\/portal\/noticias\/aft-esta-confirmado-para-o-concurso-unificado-informa-ministro\/\">AFT est\u00e1 confirmado para o concurso nacional unificado, informa ministro do trabalho!<\/a><\/p>\n\n\n\n<h3 class=\"wp-block-heading\">Quando sai o edital?<\/h3>\n\n\n\n<p>A\u00a0<strong>ideia est\u00e1 avan\u00e7ada<\/strong>\u00a0e j\u00e1 tem prazos para edital e aplica\u00e7\u00e3o da prova. A ades\u00e3o dos minist\u00e9rios ao Concurso Nacional Unificado \u00e9 volunt\u00e1ria. O edital deve ser\u00a0<strong>publicado at\u00e9 dezembro.<\/strong><\/p>\n\n\n\n<p>Ainda, ele confirmou que se os prazos se cumprirem, a realiza\u00e7\u00e3o de prova segue prevista para o dia\u00a0<strong>25 de fevereiro<\/strong>\u00a0de 2024. Veja:<\/p>\n\n\n\n<figure class=\"wp-block-image\"><a href=\"https:\/\/www.novaconcursos.com.br\/portal\/wp-content\/uploads\/2023\/09\/22.jpg\"><img decoding=\"async\" width=\"1024\" height=\"566\" src=\"https:\/\/www.novaconcursos.com.br\/portal\/wp-content\/uploads\/2023\/09\/22-1024x566.jpg\" alt=\"\" class=\"wp-image-204326\" loading=\"lazy\" title=\"\" srcset=\"https:\/\/www.novaconcursos.com.br\/portal\/wp-content\/uploads\/2023\/09\/22-300x166.jpg 300w, https:\/\/www.novaconcursos.com.br\/portal\/wp-content\/uploads\/2023\/09\/22-1024x566.jpg 1024w, https:\/\/www.novaconcursos.com.br\/portal\/wp-content\/uploads\/2023\/09\/22.jpg 1132w\" sizes=\"auto, (max-width: 480px) 100vw, (max-width: 768px) 100vw, (max-width: 1200px) 70vw, 768px\"><\/a><\/figure><p>Segundo o MGI, a\u00a0<strong>previs\u00e3o \u00e9 que sejam publicados 11 editais<\/strong>, sendo sete para blocos tem\u00e1ticos e quatro para os cargos de n\u00edvel m\u00e9dio.<\/p>\n\n\n\n<p>Outra confirma\u00e7\u00e3o \u00e9 que o\u00a0<strong>concurso ter\u00e1 uma banca organizadora contratada<\/strong>. E os tr\u00e2mites para a contrata\u00e7\u00e3o j\u00e1 est\u00e3o iniciados.<\/p>\n\n\n\n<p>Sobre a realiza\u00e7\u00e3o de\u00a0<strong>entrevistas e curso de forma\u00e7\u00e3<\/strong>o, o secret\u00e1rio tamb\u00e9m esclareceu que isso depender\u00e1\u00a0da\u00a0previs\u00e3o legal espec\u00edfica.<\/p>\n\n\n\n<p>Lembrando que at\u00e9 o momento, o Minist\u00e9rio de Gest\u00e3o e Inova\u00e7\u00e3o em Servi\u00e7os P\u00fablicos anunciou\u00a0<strong>16.661 vagas\u00a0<\/strong>que est\u00e3o distribu\u00eddas em<strong>\u00a044 \u00f3rg\u00e3os federais.\u00a0<\/strong>Mas, mais vagas devem chegar!<\/p>\n\n\n\n<p><a href=\"https:\/\/www.novaconcursos.com.br\/portal\/noticias\/concursos-federais-edital-unificado-tem-cronograma-divulgado-confira\/\">Edital unificado tem cronograma divulgado<\/a><a href=\"https:\/\/www.novaconcursos.com.br\/portal\/wp-content\/uploads\/2023\/07\/Blue-Monochromatic-and-Modern-Problem-and-Solution-Table-Graph.png\"><\/a><\/p>\n\n\n\n<h2 class=\"wp-block-heading\" id=\"quais-as-vagas-do-concurso-nacional-unificado\">Quais as vagas do concurso nacional unificado?<\/h2>\n\n\n\n<p>Assim, as\u00a0<strong>7.826 vagas<\/strong>\u00a0foram agrupadas em blocos tem\u00e1ticos, divididas por \u00e1rea de atua\u00e7\u00e3o governamental. Veja detalhes da divis\u00e3o dos blocos:<\/p>\n\n\n\n<figure class=\"wp-block-image\"><a href=\"https:\/\/www.novaconcursos.com.br\/portal\/wp-content\/uploads\/2023\/08\/TabelareasVagas.png\"><img decoding=\"async\" width=\"606\" height=\"255\" src=\"https:\/\/www.novaconcursos.com.br\/portal\/wp-content\/uploads\/2023\/08\/TabelareasVagas.png\" alt=\"\" class=\"wp-image-203499\" loading=\"lazy\" title=\"\" srcset=\"https:\/\/www.novaconcursos.com.br\/portal\/wp-content\/uploads\/2023\/08\/TabelareasVagas-300x126.png 300w, https:\/\/www.novaconcursos.com.br\/portal\/wp-content\/uploads\/2023\/08\/TabelareasVagas.png 606w\" sizes=\"auto, (max-width: 480px) 100vw, (max-width: 768px) 100vw, (max-width: 1200px) 70vw, 768px\"><\/a><\/figure><p>Confira\u00a0abaixo\u00a0os blocos tem\u00e1ticos por \u00e1reas de atua\u00e7\u00e3o:\u00a0<\/p>\n\n\n\n<figure class=\"wp-block-image\"><a href=\"https:\/\/www.novaconcursos.com.br\/portal\/wp-content\/uploads\/2023\/09\/imagem1.png\"><img decoding=\"async\" width=\"1024\" height=\"577\" src=\"https:\/\/www.novaconcursos.com.br\/portal\/wp-content\/uploads\/2023\/09\/imagem1-1024x577.png\" alt=\"\" class=\"wp-image-204327\" loading=\"lazy\" title=\"\" srcset=\"https:\/\/www.novaconcursos.com.br\/portal\/wp-content\/uploads\/2023\/09\/imagem1-300x169.png 300w, https:\/\/www.novaconcursos.com.br\/portal\/wp-content\/uploads\/2023\/09\/imagem1-1024x577.png 1024w, https:\/\/www.novaconcursos.com.br\/portal\/wp-content\/uploads\/2023\/09\/imagem1.png 1282w\" sizes=\"auto, (max-width: 480px) 100vw, (max-width: 768px) 100vw, (max-width: 1200px) 70vw, 768px\"><\/a><\/figure><figure class=\"wp-block-image\"><a href=\"https:\/\/www.novaconcursos.com.br\/portal\/wp-content\/uploads\/2023\/09\/imagem2.png\"><img decoding=\"async\" width=\"1024\" height=\"573\" src=\"https:\/\/www.novaconcursos.com.br\/portal\/wp-content\/uploads\/2023\/09\/imagem2-1024x573.png\" alt=\"\" class=\"wp-image-204328\" loading=\"lazy\" title=\"\" srcset=\"https:\/\/www.novaconcursos.com.br\/portal\/wp-content\/uploads\/2023\/09\/imagem2-300x168.png 300w, https:\/\/www.novaconcursos.com.br\/portal\/wp-content\/uploads\/2023\/09\/imagem2-1024x573.png 1024w, https:\/\/www.novaconcursos.com.br\/portal\/wp-content\/uploads\/2023\/09\/imagem2.png 1278w\" sizes=\"auto, (max-width: 480px) 100vw, (max-width: 768px) 100vw, (max-width: 1200px) 70vw, 768px\"><\/a><\/figure><figure class=\"wp-block-image\"><a href=\"https:\/\/www.novaconcursos.com.br\/portal\/wp-content\/uploads\/2023\/09\/imagem3.png\"><img decoding=\"async\" width=\"1024\" height=\"578\" src=\"https:\/\/www.novaconcursos.com.br\/portal\/wp-content\/uploads\/2023\/09\/imagem3-1024x578.png\" alt=\"\" class=\"wp-image-204329\" loading=\"lazy\" title=\"\" srcset=\"https:\/\/www.novaconcursos.com.br\/portal\/wp-content\/uploads\/2023\/09\/imagem3-300x169.png 300w, https:\/\/www.novaconcursos.com.br\/portal\/wp-content\/uploads\/2023\/09\/imagem3-1024x578.png 1024w, https:\/\/www.novaconcursos.com.br\/portal\/wp-content\/uploads\/2023\/09\/imagem3.png 1277w\" sizes=\"auto, (max-width: 480px) 100vw, (max-width: 768px) 100vw, (max-width: 1200px) 70vw, 768px\"><\/a><\/figure><figure class=\"wp-block-image\"><a href=\"https:\/\/www.novaconcursos.com.br\/portal\/wp-content\/uploads\/2023\/09\/imagem4.png\"><img decoding=\"async\" width=\"1024\" height=\"577\" src=\"https:\/\/www.novaconcursos.com.br\/portal\/wp-content\/uploads\/2023\/09\/imagem4-1024x577.png\" alt=\"\" class=\"wp-image-204330\" loading=\"lazy\" title=\"\" srcset=\"https:\/\/www.novaconcursos.com.br\/portal\/wp-content\/uploads\/2023\/09\/imagem4-300x169.png 300w, https:\/\/www.novaconcursos.com.br\/portal\/wp-content\/uploads\/2023\/09\/imagem4-1024x577.png 1024w, https:\/\/www.novaconcursos.com.br\/portal\/wp-content\/uploads\/2023\/09\/imagem4.png 1275w\" sizes=\"auto, (max-width: 480px) 100vw, (max-width: 768px) 100vw, (max-width: 1200px) 70vw, 768px\"><\/a><\/figure><p><\/p>\n\n\n\n<p>Jos\u00e9 Celso enfatizou ainda que todos os detalhes das regras do Concurso Nacional\u00a0ser\u00e3o\u00a0esclarecidos ap\u00f3s a ades\u00e3o volunt\u00e1ria dos \u00f3rg\u00e3os, que t\u00eam at\u00e9<strong>\u00a029 de setembro<\/strong>\u00a0para se manifestarem.\u00a0<\/p>\n\n\n\n<p><em>\u201cAinda n\u00e3o temos o desenho completo de tudo isso porque depende dos \u00f3rg\u00e3os que v\u00e3o aderir para trazerem \u00e0 comiss\u00e3o organizadora esses detalhes, se v\u00e3o querer agregar pontos relativos \u00e0 titula\u00e7\u00e3o ou experi\u00eancia profissional e em que magnitude isso se dar\u00e1\u201d,<\/em>\u00a0explicou.\u00a0<\/p>\n\n\n\n<p><a href=\"https:\/\/www.novaconcursos.com.br\/portal\/noticias\/concursos-federais-entenda-o-que-e-a-selecao-unificada-mais-de-7-mil-vagas\/\">Entenda o que \u00e9 a sele\u00e7\u00e3o unificada. Mais de 7 mil vagas!<\/a><\/p>\n\n\n\n<h2 class=\"wp-block-heading\" id=\"como-seriam-as-provas-do-concurso-nacional-unificado\">Como seriam as provas do concurso nacional unificado?<\/h2>\n\n\n\n<p>Ent\u00e3o, prevista para 25 de fevereiro de 2024, a prova estaria dividida em dois momentos nesta mesma data e aplicadas simultaneamente em todas as capitais e cidades m\u00e9dias e grandes. Veja:<\/p>\n\n\n\n<ul class=\"wp-block-list\"><li>1\u00ba) Provas objetivas com matriz comum a todos os candidatos;<\/li>\n\n\n\n<li>2\u00ba) Provas espec\u00edficas e dissertativas por blocos tem\u00e1ticos. Os resultados gerais da primeira fase devem se divulgar at\u00e9 o final de abril de 2024 e o in\u00edcio dos cursos de forma\u00e7\u00e3o, entre junho e julho do ano que vem.\u00a0<\/li>\n<\/ul><blockquote class=\"wp-block-quote is-layout-flow wp-block-quote-is-layout-flow\">\n<p><\/p>\n<\/blockquote>\n\n\n\n<p><a href=\"https:\/\/repositorio.enap.gov.br\/handle\/1\/7735\" target=\"_blank\" rel=\"noreferrer noopener\">Clique aqui e acesse o Guia na \u00edntegra<\/a><\/p>\n\n\n\n<p>Al\u00e9m disso, a meta \u00e9 realizar a prova em cerca de\u00a0<strong>180 cidades<\/strong>. Veja a divis\u00e3o por regi\u00e3o do pa\u00eds:<\/p>\n\n\n\n<figure class=\"wp-block-image\"><a href=\"https:\/\/www.novaconcursos.com.br\/portal\/wp-content\/uploads\/2023\/09\/33.jpg\"><img decoding=\"async\" width=\"1024\" height=\"587\" src=\"https:\/\/www.novaconcursos.com.br\/portal\/wp-content\/uploads\/2023\/09\/33-1024x587.jpg\" alt=\"\" class=\"wp-image-204324\" loading=\"lazy\" title=\"\" srcset=\"https:\/\/www.novaconcursos.com.br\/portal\/wp-content\/uploads\/2023\/09\/33-300x172.jpg 300w, https:\/\/www.novaconcursos.com.br\/portal\/wp-content\/uploads\/2023\/09\/33-1024x587.jpg 1024w, https:\/\/www.novaconcursos.com.br\/portal\/wp-content\/uploads\/2023\/09\/33.jpg 1149w\" sizes=\"auto, (max-width: 480px) 100vw, (max-width: 768px) 100vw, (max-width: 1200px) 70vw, 768px\"><\/a><\/figure><p><a href=\"https:\/\/www.novaconcursos.com.br\/portal\/noticias\/concursos-publicos-servidores-federais-vao-deixar-de-bater-o-ponto-entenda\/\">Concursos P\u00fablicos: Servidores federais v\u00e3o deixar de \u201cbater o ponto\u201d. Entenda!<\/a><\/p>","protected":false},"excerpt":{"rendered":"<p>Os\u00a0concursos federais\u00a0v\u00e3o preencher oito mil vagas em cerca de 50 \u00f3rg\u00e3os do Executivo Federal por meio de um concurso\u00a0unificado. E mais dois \u00f3rg\u00e3os confirmaram ades\u00e3o! Estude para o concurso dos seus sonhos com o\u00a0M\u00e9todo\u00a0que j\u00e1 ajudou na\u00a0aprova\u00e7\u00e3o de mais de 70 mil alunos.\u00a0Clique aqui\u00a0e saiba mais! Quais os \u00f3rg\u00e3os que confirmaram ades\u00e3o ao concurso unificado? [&hellip;]<\/p>\n","protected":false},"author":54671,"featured_media":161743,"comment_status":"closed","ping_status":"closed","sticky":false,"template":"","format":"standard","meta":{"_acf_changed":false,"footnotes":"","_wp_rev_ctl_limit":""},"categories":[228],"tags":[],"class_list":["post-205200","post","type-post","status-publish","format-standard","has-post-thumbnail","hentry","category-noticias"],"acf":[],"_links":{"self":[{"href":"https:\/\/www.novaconcursos.com.br\/portal\/wp-json\/wp\/v2\/posts\/205200","targetHints":{"allow":["GET"]}}],"collection":[{"href":"https:\/\/www.novaconcursos.com.br\/portal\/wp-json\/wp\/v2\/posts"}],"about":[{"href":"https:\/\/www.novaconcursos.com.br\/portal\/wp-json\/wp\/v2\/types\/post"}],"author":[{"embeddable":true,"href":"https:\/\/www.novaconcursos.com.br\/portal\/wp-json\/wp\/v2\/users\/54671"}],"replies":[{"embeddable":true,"href":"https:\/\/www.novaconcursos.com.br\/portal\/wp-json\/wp\/v2\/comments?post=205200"}],"version-history":[{"count":4,"href":"https:\/\/www.novaconcursos.com.br\/portal\/wp-json\/wp\/v2\/posts\/205200\/revisions"}],"predecessor-version":[{"id":205205,"href":"https:\/\/www.novaconcursos.com.br\/portal\/wp-json\/wp\/v2\/posts\/205200\/revisions\/205205"}],"wp:featuredmedia":[{"embeddable":true,"href":"https:\/\/www.novaconcursos.com.br\/portal\/wp-json\/wp\/v2\/media\/161743"}],"wp:attachment":[{"href":"https:\/\/www.novaconcursos.com.br\/portal\/wp-json\/wp\/v2\/media?parent=205200"}],"wp:term":[{"taxonomy":"category","embeddable":true,"href":"https:\/\/www.novaconcursos.com.br\/portal\/wp-json\/wp\/v2\/categories?post=205200"},{"taxonomy":"post_tag","embeddable":true,"href":"https:\/\/www.novaconcursos.com.br\/portal\/wp-json\/wp\/v2\/tags?post=205200"}],"curies":[{"name":"wp","href":"https:\/\/api.w.org\/{rel}","templated":true}]}}