{"id":20536,"date":"2026-07-23T11:53:22","date_gmt":"2026-07-23T14:53:22","guid":{"rendered":"http:\/\/www.novaconcursos.com.br\/portal\/?post_type=nc-public-tender&#038;p=20536"},"modified":"2026-07-23T11:54:17","modified_gmt":"2026-07-23T14:54:17","slug":"concurso-tcm-rj","status":"publish","type":"post","link":"https:\/\/www.novaconcursos.com.br\/portal\/concursos\/concurso-tcm-rj\/","title":{"rendered":"Concurso TCM RJ: Edital \u00e9 inclu\u00eddo na LDO 2027!"},"content":{"rendered":"<p class=\"wp-block-paragraph\">O <strong>concurso TCM RJ <\/strong>\u00e9 a sele\u00e7\u00e3o aguardada para o Tribunal de Contas do Munic\u00edpio do Rio de Janeiro, destinada \u00e0 recomposi\u00e7\u00e3o do quadro de servidores do \u00f3rg\u00e3o. O \u00faltimo edital foi publicado em 2010, e uma nova sele\u00e7\u00e3o voltou a ser inclu\u00edda no planejamento institucional.<\/p>\n\n\n\n<p class=\"wp-block-paragraph\">A <strong>Lei de Diretrizes Or\u00e7ament\u00e1rias de 2027<\/strong> prev\u00ea a realiza\u00e7\u00e3o de concurso p\u00fablico para o preenchimento de cargos vagos. Atualmente, o tribunal possui oportunidades n\u00e3o ocupadas nas carreiras de <strong>Auditor de Controle Externo e Analista de Controle Externo<\/strong>, antigo T\u00e9cnico de Controle Externo, ambas com exig\u00eancia de <strong>n\u00edvel superior<\/strong>.<\/p>\n\n\n\n<p class=\"wp-block-paragraph\">As remunera\u00e7\u00f5es podem superar <strong>R$ 22 mil<\/strong> com a inclus\u00e3o das gratifica\u00e7\u00f5es e demais vantagens da carreira. Se voc\u00ea ficou interessado, continue a leitura e confira todas as informa\u00e7\u00f5es dispon\u00edveis sobre o concurso TCM RJ, incluindo situa\u00e7\u00e3o atual, cargos, sal\u00e1rios, requisitos e como dever\u00e1 funcionar a sele\u00e7\u00e3o.<\/p>\n\n\n\n<h2 class=\"wp-block-heading\" id=\"concurso-tcm-rj-situao-atual\">Concurso TCM RJ: Situa\u00e7\u00e3o atual<\/h2>\n\n\n\n<p class=\"wp-block-paragraph\">O novo concurso TCM RJ voltou a constar no planejamento do Tribunal de Contas do Munic\u00edpio do Rio de Janeiro.<\/p>\n\n\n\n<p class=\"wp-block-paragraph\">A Lei de Diretrizes Or\u00e7ament\u00e1rias de 2027, publicada no Di\u00e1rio Oficial do Munic\u00edpio em 22 de julho de 2026, incluiu entre as metas do tribunal a realiza\u00e7\u00e3o de concurso p\u00fablico para o preenchimento de cargos vagos.<\/p>\n\n\n\n<p class=\"wp-block-paragraph\">A inclus\u00e3o na LDO representa um indicativo de que a recomposi\u00e7\u00e3o do quadro de servidores permanece no planejamento do \u00f3rg\u00e3o. Entretanto, a medida n\u00e3o equivale a uma autoriza\u00e7\u00e3o formal nem garante que o edital ser\u00e1 publicado em 2027.<\/p>\n\n\n\n<p class=\"wp-block-paragraph\">A Lei de Diretrizes Or\u00e7ament\u00e1rias estabelece as metas e as prioridades da administra\u00e7\u00e3o p\u00fablica e orienta a elabora\u00e7\u00e3o do or\u00e7amento anual. Dessa forma, o documento permite que sejam planejados recursos para determinadas a\u00e7\u00f5es, incluindo a realiza\u00e7\u00e3o de concursos p\u00fablicos.<\/p>\n\n\n\n<p class=\"wp-block-paragraph\">A inclus\u00e3o do concurso na LDO de 2027 demonstra que o preenchimento de cargos vagos permanece entre as metas do tribunal. No entanto, ser\u00e1 necess\u00e1rio aguardar uma autoriza\u00e7\u00e3o formal e a retomada dos procedimentos administrativos.<\/p>\n\n\n\n<p class=\"wp-block-paragraph\">Somente ap\u00f3s a defini\u00e7\u00e3o dos cargos, das vagas e da banca organizadora ser\u00e1 poss\u00edvel estimar a publica\u00e7\u00e3o do edital e a aplica\u00e7\u00e3o das provas.<\/p>\n\n\n\n<h3 class=\"wp-block-heading\">Previs\u00f5es anteriores<\/h3>\n\n\n\n<p class=\"wp-block-paragraph\">A previs\u00e3o de um novo concurso TCM RJ tamb\u00e9m constou nas Leis de Diretrizes Or\u00e7ament\u00e1rias de 2023 e 2024. Apesar disso, nenhum edital foi publicado posteriormente.<\/p>\n\n\n\n<p class=\"wp-block-paragraph\">Na ocasi\u00e3o, o pr\u00f3prio tribunal esclareceu que a inclus\u00e3o representava apenas um indicativo de planejamento, sem assegurar a realiza\u00e7\u00e3o imediata da sele\u00e7\u00e3o.<\/p>\n\n\n\n<p class=\"wp-block-paragraph\">Por esse motivo, a nova previs\u00e3o deve ser interpretada como um sinal de que o concurso continua no radar da administra\u00e7\u00e3o, mas ainda depende de decis\u00f5es internas para avan\u00e7ar.<\/p>\n\n\n\n<h3 class=\"wp-block-heading\">Edital \u00e9 aguardado desde 2019<\/h3>\n\n\n\n<p class=\"wp-block-paragraph\">O \u00faltimo movimento concreto para a realiza\u00e7\u00e3o de um novo concurso ocorreu entre 2019 e 2020.<\/p>\n\n\n\n<p class=\"wp-block-paragraph\">Na \u00e9poca, o <a href=\"https:\/\/www.tcmrio.tc.br\/WEB\/Site\/Destaques.aspx\" target=\"_blank\" rel=\"noopener\">tribunal<\/a> iniciou os preparativos para uma sele\u00e7\u00e3o destinada ao cargo de Auditor de Controle Externo. Os estudos previam a oferta de 28 vagas, distribu\u00eddas da seguinte forma:<\/p>\n\n\n\n<ul class=\"wp-block-list\"><li>Auditor de Controle Externo sem especialidade: 23 vagas;<\/li>\n\n\n\n<li>Auditor de Controle Externo \u2013 Tecnologia da Informa\u00e7\u00e3o: cinco vagas.<\/li>\n<\/ul><p class=\"wp-block-paragraph\">Os trabalhos chegaram \u00e0 etapa de escolha da banca organizadora. O Cebraspe foi apontado pela comiss\u00e3o como uma das institui\u00e7\u00f5es mais cotadas para conduzir a sele\u00e7\u00e3o.<\/p>\n\n\n\n<p class=\"wp-block-paragraph\">Entretanto, em 2020, os preparativos foram suspensos em raz\u00e3o dos impactos financeiros provocados pela pandemia da Covid-19. Desde ent\u00e3o, o processo n\u00e3o voltou a avan\u00e7ar.<\/p>\n\n\n\n<h2 class=\"wp-block-heading\" id=\"cargos-vagos-do-concurso-tcm-rj\">Cargos vagos do concurso TCM RJ<\/h2>\n\n\n\n<p class=\"wp-block-paragraph\">Os cargos e o n\u00famero de vagas do pr\u00f3ximo concurso TCM RJ ainda n\u00e3o foram oficialmente definidos.<\/p>\n\n\n\n<p class=\"wp-block-paragraph\">A expectativa \u00e9 de que uma nova sele\u00e7\u00e3o possa contemplar as carreiras de<strong> Auditor de Controle Externo e Analista de Controle Externo<\/strong>, antigo T\u00e9cnico de Controle Externo.<\/p>\n\n\n\n<p class=\"wp-block-paragraph\">Conforme dados do Portal da Transpar\u00eancia do tribunal, existem 63 cargos vagos nessas carreiras:<\/p>\n\n\n\n<ul class=\"wp-block-list\"><li>Auditor de Controle Externo: 45 cargos vagos;<\/li>\n\n\n\n<li>Analista de Controle Externo: 18 cargos vagos.<\/li>\n<\/ul><p class=\"wp-block-paragraph\">Os cargos vagos de Auditor de Controle Externo est\u00e3o distribu\u00eddos da seguinte forma:<\/p>\n\n\n\n<ul class=\"wp-block-list\"><li>Sem especialidade: 33 cargos vagos;<\/li>\n\n\n\n<li>Engenharia: 12 cargos vagos;<\/li>\n\n\n\n<li>Tecnologia da Informa\u00e7\u00e3o: nenhum cargo vago;<\/li>\n\n\n\n<li>Contabilidade: nenhum cargo vago.<\/li>\n<\/ul><p class=\"wp-block-paragraph\">A exist\u00eancia de cargos vagos n\u00e3o significa que todas as oportunidades ser\u00e3o inclu\u00eddas no pr\u00f3ximo edital. A distribui\u00e7\u00e3o efetiva depender\u00e1 da autoriza\u00e7\u00e3o e das necessidades definidas pelo tribunal.<\/p>\n\n\n\n<h2 class=\"wp-block-heading\" id=\"carreiras-do-tcm-rj\">Carreiras do TCM RJ<\/h2>\n\n\n\n<p class=\"wp-block-paragraph\">O Tribunal de Contas do Munic\u00edpio do Rio de Janeiro promoveu uma atualiza\u00e7\u00e3o em sua estrutura de carreiras no final de 2025.<\/p>\n\n\n\n<p class=\"wp-block-paragraph\">Com a san\u00e7\u00e3o da Lei n\u00ba 9.204\/2025, o antigo cargo de T\u00e9cnico de Controle Externo passou a ser denominado Analista de Controle Externo.<\/p>\n\n\n\n<p class=\"wp-block-paragraph\">A mudan\u00e7a tamb\u00e9m alterou o requisito de escolaridade da carreira, que deixou de exigir n\u00edvel m\u00e9dio e passou a requerer diploma de curso superior.<\/p>\n\n\n\n<p class=\"wp-block-paragraph\">O cargo de Auditor de Controle Externo manteve a exig\u00eancia de forma\u00e7\u00e3o superior, podendo o edital determinar uma \u00e1rea espec\u00edfica conforme a especialidade ofertada.<\/p>\n\n\n\n<h2 class=\"wp-block-heading\" id=\"salrios-do-concurso-tcm-rj\">Sal\u00e1rios do concurso TCM RJ<\/h2>\n\n\n\n<p class=\"wp-block-paragraph\">As remunera\u00e7\u00f5es dos servidores efetivos do TCM RJ s\u00e3o compostas pelo vencimento b\u00e1sico e por diferentes gratifica\u00e7\u00f5es e vantagens previstas em lei.<\/p>\n\n\n\n<p class=\"wp-block-paragraph\">A remunera\u00e7\u00e3o total do cargo de Auditor de Controle Externo pode superar R$ 22 mil, conforme a classe, as gratifica\u00e7\u00f5es recebidas e o desenvolvimento funcional do servidor.<\/p>\n\n\n\n<h3 class=\"wp-block-heading\">Auditor de Controle Externo<\/h3>\n\n\n\n<p class=\"wp-block-paragraph\">O vencimento b\u00e1sico varia conforme a classe e o tempo de servi\u00e7o:<\/p>\n\n\n\n<ul class=\"wp-block-list\"><li>Classe D, de zero a cinco anos: R$ 2.300,00;<\/li>\n\n\n\n<li>Classe C, de cinco a dez anos: R$ 2.400,00;<\/li>\n\n\n\n<li>Classe B, de dez a 15 anos: R$ 2.500,00;<\/li>\n\n\n\n<li>Classe A, de 15 a 20 anos: R$ 2.600,00;<\/li>\n\n\n\n<li>Classe Especial, acima de 20 anos: R$ 2.700,00.<\/li>\n<\/ul><p class=\"wp-block-paragraph\">Al\u00e9m do vencimento b\u00e1sico, a carreira conta com a Gratifica\u00e7\u00e3o de Controle Externo, que pode chegar a R$ 22.541,60 na \u00faltima faixa.<\/p>\n\n\n\n<p class=\"wp-block-paragraph\">A estrutura remunerat\u00f3ria tamb\u00e9m poder\u00e1 incluir:<\/p>\n\n\n\n<ul class=\"wp-block-list\"><li>Gratifica\u00e7\u00e3o de Controle Externo;<\/li>\n\n\n\n<li>Gratifica\u00e7\u00e3o de Desempenho Individual;<\/li>\n\n\n\n<li>adicional por tempo de servi\u00e7o;<\/li>\n\n\n\n<li>Adicional de Qualifica\u00e7\u00e3o;<\/li>\n\n\n\n<li>vantagens pecuni\u00e1rias permanentes;<\/li>\n\n\n\n<li>direitos pessoais previstos na legisla\u00e7\u00e3o.<\/li>\n<\/ul><h3 class=\"wp-block-heading\">Analista de Controle Externo<\/h3>\n\n\n\n<p class=\"wp-block-paragraph\">O antigo cargo de T\u00e9cnico de Controle Externo passou a ser denominado Analista de Controle Externo e atualmente exige n\u00edvel superior.<\/p>\n\n\n\n<p class=\"wp-block-paragraph\">Antes da reestrutura\u00e7\u00e3o, a remunera\u00e7\u00e3o total da carreira poderia chegar a aproximadamente R$ 14 mil, considerando o vencimento e as gratifica\u00e7\u00f5es. Os valores atualizados para o cargo de Analista dever\u00e3o ser confirmados no pr\u00f3ximo edital e na legisla\u00e7\u00e3o vigente.<\/p>\n\n\n\n<h3 class=\"wp-block-heading\">Benef\u00edcios do TCM RJ<\/h3>\n\n\n\n<p class=\"wp-block-paragraph\">Al\u00e9m da remunera\u00e7\u00e3o, os servidores do Tribunal de Contas do Munic\u00edpio do Rio de Janeiro podem receber benef\u00edcios de car\u00e1ter indenizat\u00f3rio.<\/p>\n\n\n\n<p class=\"wp-block-paragraph\">Entre os valores informados est\u00e3o:<\/p>\n\n\n\n<ul class=\"wp-block-list\"><li>Aux\u00edlio-refei\u00e7\u00e3o: R$ 1.650,00;<\/li>\n\n\n\n<li>Aux\u00edlio-sa\u00fade: at\u00e9 R$ 1.800,00;<\/li>\n\n\n\n<li>Aux\u00edlio-creche ou educa\u00e7\u00e3o: at\u00e9 R$ 1.539,50.<\/li>\n<\/ul><p class=\"wp-block-paragraph\">O aux\u00edlio-sa\u00fade depende da comprova\u00e7\u00e3o de pagamento de plano de assist\u00eancia m\u00e9dica.<\/p>\n\n\n\n<p class=\"wp-block-paragraph\">J\u00e1 o aux\u00edlio-creche ou educa\u00e7\u00e3o \u00e9 limitado a dois dependentes e tamb\u00e9m depende da apresenta\u00e7\u00e3o dos comprovantes das despesas com estabelecimento de ensino.<\/p>\n\n\n\n<h2 class=\"wp-block-heading\" id=\"requisitos\">Requisitos<\/h2>\n\n\n\n<p class=\"wp-block-paragraph\">Confira as exig\u00eancias do \u00faltimo edital:<\/p>\n\n\n\n<h3 class=\"wp-block-heading\">Requisitos gerais<\/h3>\n\n\n\n<ul class=\"wp-block-list\"><li>Ser brasileiro ou portugu\u00eas amparado pelo estatuto de igualdade entre brasileiros e portugueses;<\/li>\n\n\n\n<li>possuir o reconhecimento do gozo dos direitos pol\u00edticos, quando aplic\u00e1vel;<\/li>\n\n\n\n<li>estar em dia com as obriga\u00e7\u00f5es eleitorais;<\/li>\n\n\n\n<li>estar em dia com as obriga\u00e7\u00f5es militares, para candidatos do sexo masculino;<\/li>\n\n\n\n<li>possuir a escolaridade exigida para o cargo;<\/li>\n\n\n\n<li>atender \u00e0s condi\u00e7\u00f5es de aptid\u00e3o f\u00edsica e mental;<\/li>\n\n\n\n<li>cumprir os demais requisitos estabelecidos no edital.<\/li>\n<\/ul><h3 class=\"wp-block-heading\">Auditor de Controle Externo<\/h3>\n\n\n\n<ul class=\"wp-block-list\"><li>Diploma de conclus\u00e3o de curso superior;<\/li>\n\n\n\n<li>habilita\u00e7\u00e3o legal espec\u00edfica, quando exigida para a especialidade prevista no edital.<\/li>\n<\/ul><h3 class=\"wp-block-heading\">Analista de Controle Externo<\/h3>\n\n\n\n<ul class=\"wp-block-list\"><li>Diploma de conclus\u00e3o de curso superior;<\/li>\n\n\n\n<li>habilita\u00e7\u00e3o legal espec\u00edfica, quando exigida pela administra\u00e7\u00e3o.<\/li>\n<\/ul><p class=\"wp-block-paragraph\">A forma\u00e7\u00e3o espec\u00edfica de cada cargo ou especialidade somente ser\u00e1 conhecida ap\u00f3s a publica\u00e7\u00e3o do edital.<\/p>\n\n\n\n<h2 class=\"wp-block-heading\" id=\"atribuies\">Atribui\u00e7\u00f5es<\/h2>\n\n\n\n<p class=\"wp-block-paragraph\">Os cargos contemplados no concurso TCM RJ s\u00e3o <strong>Auditor e Analista<\/strong>! Estes cargos possuem as seguintes\u00a0atribui\u00e7\u00f5es:<\/p>\n\n\n\n<h3 class=\"wp-block-heading\">O que faz um Auditor de Controle Externo?<\/h3>\n\n\n\n<p class=\"wp-block-paragraph\">O Auditor de Controle Externo tem a responsabilidade de executar atividades relacionadas \u00e0 fiscaliza\u00e7\u00e3o cont\u00e1bil, financeira, or\u00e7ament\u00e1ria, patrimonial e operacional da Administra\u00e7\u00e3o P\u00fablica do Munic\u00edpio do Rio de Janeiro, assim como examinar a legalidade dos atos de admiss\u00e3o, de aposentadoria e de pens\u00f5es.<\/p>\n\n\n\n<h3 class=\"wp-block-heading\">O que faz um Analista de Controle Externo?<\/h3>\n\n\n\n<p class=\"wp-block-paragraph\">O Analista de Controle Externo \u00e9 respons\u00e1vel por executar atividades t\u00e9cnicas e administrativas de apoio ao funcionamento do Tribunal de Contas do Munic\u00edpio do Rio de Janeiro. Entre suas atribui\u00e7\u00f5es est\u00e3o a instru\u00e7\u00e3o e an\u00e1lise de processos e documentos, o suporte \u00e0s a\u00e7\u00f5es de auditoria e fiscaliza\u00e7\u00e3o, al\u00e9m de prestar apoio operacional e t\u00e9cnico \u00e0s unidades da Corte de Contas.<\/p>\n\n\n\n<h2 class=\"wp-block-heading\" id=\"etapas-e-provas-do-concurso-tcm-rj\">Etapas e provas do concurso TCM RJ<\/h2>\n\n\n\n<p class=\"wp-block-paragraph\">A estrutura do pr\u00f3ximo concurso ainda n\u00e3o foi definida.<\/p>\n\n\n\n<p class=\"wp-block-paragraph\">Em 2020, antes da suspens\u00e3o dos preparativos, o TCM RJ divulgou informa\u00e7\u00f5es sobre o modelo de sele\u00e7\u00e3o que estava sendo planejado para o cargo de Auditor de Controle Externo.<\/p>\n\n\n\n<p class=\"wp-block-paragraph\">Os candidatos seriam avaliados por provas objetiva e discursiva, ambas de car\u00e1ter eliminat\u00f3rio e classificat\u00f3rio.<\/p>\n\n\n\n<h3 class=\"wp-block-heading\">Prova objetiva<\/h3>\n\n\n\n<p class=\"wp-block-paragraph\">A prova objetiva prevista teria 100 quest\u00f5es.<\/p>\n\n\n\n<p class=\"wp-block-paragraph\">A avalia\u00e7\u00e3o seria aplicada no mesmo dia da prova discursiva, mas em turno distinto. As disciplinas e a distribui\u00e7\u00e3o das quest\u00f5es dependeriam da especialidade escolhida pelo candidato.<\/p>\n\n\n\n<h3 class=\"wp-block-heading\">Prova discursiva<\/h3>\n\n\n\n<p class=\"wp-block-paragraph\">A prova discursiva seria formada por:<\/p>\n\n\n\n<ul class=\"wp-block-list\"><li>tr\u00eas quest\u00f5es;<\/li>\n\n\n\n<li>um caso pr\u00e1tico.<\/li>\n<\/ul><p class=\"wp-block-paragraph\">O caso pr\u00e1tico deveria ser respondido na forma de manifesta\u00e7\u00e3o t\u00e9cnica, seguindo a norma-padr\u00e3o da L\u00edngua Portuguesa.<\/p>\n\n\n\n<p class=\"wp-block-paragraph\">A estrutura prevista em 2020 pode servir como refer\u00eancia, mas n\u00e3o h\u00e1 garantia de que ser\u00e1 mantida em um futuro edital.<\/p>\n\n\n\n<h2 class=\"wp-block-heading\" id=\"o-que-cai-na-prova-do-concurso-tcm-rj\">O que cai na prova do concurso TCM RJ?<\/h2>\n\n\n\n<p class=\"wp-block-paragraph\">De acordo com o \u00faltimo edital do concurso TCM RJ, os conte\u00fados cobrados na prova foram:<\/p>\n\n\n\n<h3 class=\"wp-block-heading\">L\u00edngua Portuguesa<\/h3>\n\n\n\n<h4 class=\"wp-block-heading\">Interpreta\u00e7\u00e3o e produ\u00e7\u00e3o de textos<\/h4>\n\n\n\n<ul class=\"wp-block-list\"><li>Compreens\u00e3o de textos contempor\u00e2neos.<\/li>\n\n\n\n<li>Reconhecimento dos modos de organiza\u00e7\u00e3o de diferentes g\u00eaneros textuais.<\/li>\n\n\n\n<li>Coer\u00eancia e coes\u00e3o textual.<\/li>\n\n\n\n<li>Rela\u00e7\u00f5es de sentido entre ora\u00e7\u00f5es e segmentos do texto.<\/li>\n\n\n\n<li>Emprego e valor sem\u00e2ntico dos conectivos.<\/li>\n\n\n\n<li>Varia\u00e7\u00e3o lingu\u00edstica e adequa\u00e7\u00e3o vocabular e sint\u00e1tica \u00e0s diferentes situa\u00e7\u00f5es de uso.<\/li>\n<\/ul><h4 class=\"wp-block-heading\">Sem\u00e2ntica e estil\u00edstica<\/h4>\n\n\n\n<ul class=\"wp-block-list\"><li>Conota\u00e7\u00e3o e denota\u00e7\u00e3o.<\/li>\n\n\n\n<li>Figuras de linguagem.<\/li>\n\n\n\n<li>Estrutura e forma\u00e7\u00e3o de palavras.<\/li>\n\n\n\n<li>Valor sem\u00e2ntico dos morfemas.<\/li>\n<\/ul><h4 class=\"wp-block-heading\">Gram\u00e1tica<\/h4>\n\n\n\n<ul class=\"wp-block-list\"><li>Recursos gramaticais nos n\u00edveis fonol\u00f3gico, morfol\u00f3gico, sint\u00e1tico, sem\u00e2ntico e textual-discursivo.<\/li>\n\n\n\n<li>Coordena\u00e7\u00e3o e subordina\u00e7\u00e3o.<\/li>\n\n\n\n<li>Emprego das classes de palavras.<\/li>\n\n\n\n<li>Concord\u00e2ncia verbal e nominal.<\/li>\n\n\n\n<li>Reg\u00eancia verbal e nominal.<\/li>\n\n\n\n<li>Crase.<\/li>\n\n\n\n<li>Coloca\u00e7\u00e3o dos termos na ora\u00e7\u00e3o.<\/li>\n\n\n\n<li>Pontua\u00e7\u00e3o e pontua\u00e7\u00e3o expressiva.<\/li>\n\n\n\n<li>Acentua\u00e7\u00e3o gr\u00e1fica conforme o Acordo Ortogr\u00e1fico.<\/li>\n<\/ul><h3 class=\"wp-block-heading\">Auditoria<\/h3>\n\n\n\n<h4 class=\"wp-block-heading\">Governan\u00e7a, controle e gest\u00e3o de riscos<\/h4>\n\n\n\n<ul class=\"wp-block-list\"><li>Governan\u00e7a no setor p\u00fablico.<\/li>\n\n\n\n<li>Estrutura conceitual de an\u00e1lise de riscos (COSO).<\/li>\n\n\n\n<li>Elementos de risco e controle.<\/li>\n\n\n\n<li>Aplica\u00e7\u00e3o da estrutura conceitual de an\u00e1lise de riscos.<\/li>\n\n\n\n<li>Papel das normas de auditoria.<\/li>\n\n\n\n<li>Normas da INTOSAI:\n<ul class=\"wp-block-list\"><li>Declara\u00e7\u00e3o de Lima.<\/li>\n\n\n\n<li>C\u00f3digo de \u00c9tica.<\/li>\n\n\n\n<li>Padr\u00f5es de Auditoria.<\/li>\n<\/ul><\/li>\n\n\n\n<li>Controle na Administra\u00e7\u00e3o P\u00fablica:\n<ul class=\"wp-block-list\"><li>Controle interno.<\/li>\n\n\n\n<li>Controle externo.<\/li>\n\n\n\n<li>Controle integrado.<\/li>\n<\/ul><\/li>\n\n\n\n<li>Fiscaliza\u00e7\u00e3o da Administra\u00e7\u00e3o P\u00fablica:\n<ul class=\"wp-block-list\"><li>Legalidade.<\/li>\n\n\n\n<li>Efici\u00eancia.<\/li>\n\n\n\n<li>Efic\u00e1cia.<\/li>\n\n\n\n<li>Economicidade.<\/li>\n\n\n\n<li>Efetividade.<\/li>\n<\/ul><\/li>\n\n\n\n<li>Compet\u00eancias dos Tribunais de Contas.<\/li>\n<\/ul><h4 class=\"wp-block-heading\">Normas de auditoria<\/h4>\n\n\n\n<ul class=\"wp-block-list\"><li>Normas de Auditoria Interna e Independente do Conselho Federal de Contabilidade.<\/li>\n\n\n\n<li>Normas relativas:\n<ul class=\"wp-block-list\"><li>\u00c0 pessoa do auditor.<\/li>\n\n\n\n<li>\u00c0 execu\u00e7\u00e3o dos trabalhos.<\/li>\n\n\n\n<li>Aos relat\u00f3rios e pareceres.<\/li>\n<\/ul><\/li>\n\n\n\n<li>\u00c9tica profissional.<\/li>\n\n\n\n<li>Responsabilidade legal.<\/li>\n\n\n\n<li>Normas legais aplic\u00e1veis ao Tribunal de Contas do Munic\u00edpio do Rio de Janeiro.<\/li>\n<\/ul><h4 class=\"wp-block-heading\">Procedimentos de auditoria<\/h4>\n\n\n\n<ul class=\"wp-block-list\"><li>Conceito e objetivos da auditoria.<\/li>\n\n\n\n<li>Formas de auditoria.<\/li>\n\n\n\n<li>Planejamento dos trabalhos.<\/li>\n\n\n\n<li>Avalia\u00e7\u00e3o dos controles internos.<\/li>\n\n\n\n<li>Riscos de auditoria.<\/li>\n\n\n\n<li>Programas de auditoria.<\/li>\n\n\n\n<li>T\u00e9cnicas e procedimentos de auditoria.<\/li>\n\n\n\n<li>Testes de auditoria.<\/li>\n\n\n\n<li>Pap\u00e9is de trabalho.<\/li>\n\n\n\n<li>Relat\u00f3rios de auditoria:\n<ul class=\"wp-block-list\"><li>Objetivos.<\/li>\n\n\n\n<li>Tipos.<\/li>\n\n\n\n<li>Conte\u00fado.<\/li>\n<\/ul><\/li>\n\n\n\n<li>Parecer de auditoria:\n<ul class=\"wp-block-list\"><li>Conceito.<\/li>\n\n\n\n<li>Finalidade.<\/li>\n\n\n\n<li>Conte\u00fado.<\/li>\n\n\n\n<li>Tipos.<\/li>\n<\/ul><\/li>\n\n\n\n<li>Auditoria operacional e de gest\u00e3o.<\/li>\n\n\n\n<li>Contagens f\u00edsicas.<\/li>\n\n\n\n<li>Compara\u00e7\u00f5es e an\u00e1lise de registros.<\/li>\n\n\n\n<li>Observa\u00e7\u00e3o de procedimentos.<\/li>\n\n\n\n<li>Amostragem em auditoria.<\/li>\n\n\n\n<li>Levantamentos.<\/li>\n<\/ul><h3 class=\"wp-block-heading\">Contabilidade Geral<\/h3>\n\n\n\n<h4 class=\"wp-block-heading\">Fundamentos da Contabilidade<\/h4>\n\n\n\n<ul class=\"wp-block-list\"><li>Conceitos e objetivos da informa\u00e7\u00e3o cont\u00e1bil.<\/li>\n\n\n\n<li>M\u00e9todo das partidas dobradas.<\/li>\n\n\n\n<li>Princ\u00edpios de Contabilidade do CFC.<\/li>\n\n\n\n<li>Escritura\u00e7\u00e3o cont\u00e1bil.<\/li>\n\n\n\n<li>Plano de contas.<\/li>\n\n\n\n<li>Contas cont\u00e1beis.<\/li>\n\n\n\n<li>Lan\u00e7amentos cont\u00e1beis.<\/li>\n<\/ul><h4 class=\"wp-block-heading\">Patrim\u00f4nio e demonstra\u00e7\u00f5es cont\u00e1beis<\/h4>\n\n\n\n<ul class=\"wp-block-list\"><li>Ativo, passivo e patrim\u00f4nio l\u00edquido.<\/li>\n\n\n\n<li>Receitas, despesas, ganhos e perdas.<\/li>\n\n\n\n<li>Apura\u00e7\u00e3o de resultados.<\/li>\n\n\n\n<li>Classifica\u00e7\u00e3o e avalia\u00e7\u00e3o das contas patrimoniais.<\/li>\n\n\n\n<li>Demonstra\u00e7\u00f5es cont\u00e1beis previstas na Lei n\u00ba 6.404\/1976 e altera\u00e7\u00f5es:\n<ul class=\"wp-block-list\"><li>Balan\u00e7o Patrimonial.<\/li>\n\n\n\n<li>Demonstra\u00e7\u00e3o dos Lucros ou Preju\u00edzos Acumulados.<\/li>\n\n\n\n<li>Demonstra\u00e7\u00e3o do Resultado do Exerc\u00edcio.<\/li>\n\n\n\n<li>Demonstra\u00e7\u00e3o dos Fluxos de Caixa.<\/li>\n\n\n\n<li>Demonstra\u00e7\u00e3o do Valor Adicionado.<\/li>\n\n\n\n<li>Notas explicativas.<\/li>\n<\/ul><\/li>\n<\/ul><h4 class=\"wp-block-heading\">Contabilidade gerencial<\/h4>\n\n\n\n<ul class=\"wp-block-list\"><li>Or\u00e7amentos flex\u00edveis.<\/li>\n\n\n\n<li>Contabilidade por responsabilidade.<\/li>\n\n\n\n<li>Aloca\u00e7\u00e3o de custos.<\/li>\n\n\n\n<li>Centros de resultados.<\/li>\n\n\n\n<li>Pre\u00e7os de transfer\u00eancia.<\/li>\n\n\n\n<li>Custo de oportunidade.<\/li>\n\n\n\n<li>Valor Econ\u00f4mico Agregado (EVA).<\/li>\n\n\n\n<li>EBITDA.<\/li>\n<\/ul><h4 class=\"wp-block-heading\">Contabilidade de custos<\/h4>\n\n\n\n<ul class=\"wp-block-list\"><li>Conceitos e classifica\u00e7\u00e3o dos custos.<\/li>\n\n\n\n<li>Sistemas e formas de produ\u00e7\u00e3o.<\/li>\n\n\n\n<li>M\u00e9todos de custeio.<\/li>\n\n\n\n<li>Controle de custos.<\/li>\n\n\n\n<li>Custeio por absor\u00e7\u00e3o.<\/li>\n\n\n\n<li>Custeio vari\u00e1vel.<\/li>\n\n\n\n<li>Custeio e controle de materiais diretos.<\/li>\n\n\n\n<li>Tratamento da m\u00e3o de obra direta e indireta.<\/li>\n\n\n\n<li>Crit\u00e9rios de rateio.<\/li>\n<\/ul><h4 class=\"wp-block-heading\">An\u00e1lise de balan\u00e7os<\/h4>\n\n\n\n<ul class=\"wp-block-list\"><li>Padroniza\u00e7\u00e3o de demonstra\u00e7\u00f5es.<\/li>\n\n\n\n<li>An\u00e1lise horizontal e vertical.<\/li>\n\n\n\n<li>\u00cdndices econ\u00f4mico-financeiros.<\/li>\n<\/ul><h3 class=\"wp-block-heading\">Contabilidade P\u00fablica<\/h3>\n\n\n\n<h4 class=\"wp-block-heading\">Fundamentos<\/h4>\n\n\n\n<ul class=\"wp-block-list\"><li>Conceito, objeto, objetivo e campo de atua\u00e7\u00e3o.<\/li>\n\n\n\n<li>Princ\u00edpios Cont\u00e1beis aplicados ao setor p\u00fablico.<\/li>\n\n\n\n<li>Plano de Contas.<\/li>\n\n\n\n<li>Subsistemas:\n<ul class=\"wp-block-list\"><li>Or\u00e7ament\u00e1rio.<\/li>\n\n\n\n<li>Financeiro.<\/li>\n\n\n\n<li>Patrimonial.<\/li>\n\n\n\n<li>Compensa\u00e7\u00e3o.<\/li>\n<\/ul><\/li>\n\n\n\n<li>Registro das opera\u00e7\u00f5es t\u00edpicas.<\/li>\n<\/ul><h4 class=\"wp-block-heading\">Receita, despesa e patrim\u00f4nio<\/h4>\n\n\n\n<ul class=\"wp-block-list\"><li>Receitas p\u00fablicas:\n<ul class=\"wp-block-list\"><li>Conceito.<\/li>\n\n\n\n<li>Classifica\u00e7\u00e3o.<\/li>\n\n\n\n<li>Est\u00e1gios.<\/li>\n<\/ul><\/li>\n\n\n\n<li>Despesas p\u00fablicas:\n<ul class=\"wp-block-list\"><li>Conceito.<\/li>\n\n\n\n<li>Classifica\u00e7\u00e3o.<\/li>\n\n\n\n<li>Est\u00e1gios.<\/li>\n<\/ul><\/li>\n\n\n\n<li>Receitas e despesas extraor\u00e7ament\u00e1rias.<\/li>\n\n\n\n<li>Varia\u00e7\u00f5es patrimoniais.<\/li>\n\n\n\n<li>Exerc\u00edcio financeiro.<\/li>\n\n\n\n<li>Regimes cont\u00e1beis:\n<ul class=\"wp-block-list\"><li>Caixa.<\/li>\n\n\n\n<li>Compet\u00eancia.<\/li>\n<\/ul><\/li>\n\n\n\n<li>D\u00edvida Ativa.<\/li>\n\n\n\n<li>D\u00edvida P\u00fablica.<\/li>\n\n\n\n<li>D\u00edvida Flutuante.<\/li>\n\n\n\n<li>D\u00edvida Fundada.<\/li>\n\n\n\n<li>Opera\u00e7\u00f5es de cr\u00e9dito.<\/li>\n\n\n\n<li>Adiantamentos.<\/li>\n<\/ul><h4 class=\"wp-block-heading\">Demonstra\u00e7\u00f5es e legisla\u00e7\u00e3o<\/h4>\n\n\n\n<ul class=\"wp-block-list\"><li>Gest\u00e3o por caixa \u00fanico.<\/li>\n\n\n\n<li>Fundos especiais.<\/li>\n\n\n\n<li>Demonstra\u00e7\u00f5es previstas na Lei n\u00ba 4.320\/1964:\n<ul class=\"wp-block-list\"><li>Balan\u00e7o Or\u00e7ament\u00e1rio.<\/li>\n\n\n\n<li>Balan\u00e7o Financeiro.<\/li>\n\n\n\n<li>Balan\u00e7o Patrimonial.<\/li>\n\n\n\n<li>Demonstra\u00e7\u00e3o das Varia\u00e7\u00f5es Patrimoniais.<\/li>\n<\/ul><\/li>\n\n\n\n<li>Lei de Responsabilidade Fiscal.<\/li>\n<\/ul><h3 class=\"wp-block-heading\">Matem\u00e1tica Financeira<\/h3>\n\n\n\n<h4 class=\"wp-block-heading\">Juros e taxas<\/h4>\n\n\n\n<ul class=\"wp-block-list\"><li>Juros simples e compostos.<\/li>\n\n\n\n<li>Taxas nominais.<\/li>\n\n\n\n<li>Equival\u00eancia de taxas.<\/li>\n\n\n\n<li>Taxas de infla\u00e7\u00e3o.<\/li>\n\n\n\n<li>Atualiza\u00e7\u00e3o monet\u00e1ria.<\/li>\n\n\n\n<li>Taxas reais de juros.<\/li>\n<\/ul><h4 class=\"wp-block-heading\">Sistemas de amortiza\u00e7\u00e3o<\/h4>\n\n\n\n<ul class=\"wp-block-list\"><li>Fundamentos dos sistemas de amortiza\u00e7\u00e3o.<\/li>\n\n\n\n<li>Sistema Franc\u00eas (Price):\n<ul class=\"wp-block-list\"><li>S\u00e9ries postecipadas.<\/li>\n\n\n\n<li>Antecipadas.<\/li>\n\n\n\n<li>Diferidas.<\/li>\n\n\n\n<li>Opera\u00e7\u00f5es bal\u00e3o.<\/li>\n<\/ul><\/li>\n\n\n\n<li>Sistema de Amortiza\u00e7\u00e3o Constante (SAC).<\/li>\n<\/ul><h3 class=\"wp-block-heading\">Racioc\u00ednio L\u00f3gico<\/h3>\n\n\n\n<h4 class=\"wp-block-heading\">Matem\u00e1tica b\u00e1sica<\/h4>\n\n\n\n<ul class=\"wp-block-list\"><li>Conjuntos e opera\u00e7\u00f5es.<\/li>\n\n\n\n<li>N\u00fameros naturais, inteiros, racionais e reais.<\/li>\n\n\n\n<li>Potencia\u00e7\u00e3o e radicia\u00e7\u00e3o.<\/li>\n\n\n\n<li>Geometria plana.<\/li>\n\n\n\n<li>Medidas.<\/li>\n\n\n\n<li>\u00c1lgebra b\u00e1sica.<\/li>\n\n\n\n<li>Equa\u00e7\u00f5es e sistemas.<\/li>\n\n\n\n<li>Fun\u00e7\u00f5es.<\/li>\n\n\n\n<li>Plano cartesiano.<\/li>\n<\/ul><h4 class=\"wp-block-heading\">Racioc\u00ednio l\u00f3gico<\/h4>\n\n\n\n<ul class=\"wp-block-list\"><li>Sequ\u00eancias.<\/li>\n\n\n\n<li>Progress\u00f5es aritm\u00e9ticas e geom\u00e9tricas.<\/li>\n\n\n\n<li>Proporcionalidade.<\/li>\n\n\n\n<li>Juros.<\/li>\n\n\n\n<li>Contagem e probabilidade.<\/li>\n\n\n\n<li>Proposi\u00e7\u00f5es.<\/li>\n\n\n\n<li>Nega\u00e7\u00e3o.<\/li>\n\n\n\n<li>Conectivos.<\/li>\n\n\n\n<li>Implica\u00e7\u00e3o.<\/li>\n\n\n\n<li>Equival\u00eancia.<\/li>\n\n\n\n<li>Quantificadores.<\/li>\n\n\n\n<li>Problemas de l\u00f3gica.<\/li>\n<\/ul><h3 class=\"wp-block-heading\">Direito Administrativo<\/h3>\n\n\n\n<h4 class=\"wp-block-heading\">Administra\u00e7\u00e3o P\u00fablica<\/h4>\n\n\n\n<ul class=\"wp-block-list\"><li>Conceito, objeto e fontes.<\/li>\n\n\n\n<li>Regime jur\u00eddico administrativo.<\/li>\n\n\n\n<li>Princ\u00edpios da Administra\u00e7\u00e3o P\u00fablica.<\/li>\n\n\n\n<li>Administra\u00e7\u00e3o direta e indireta.<\/li>\n\n\n\n<li>Autarquias, funda\u00e7\u00f5es e sociedades de economia mista.<\/li>\n<\/ul><h4 class=\"wp-block-heading\">Atos e poderes administrativos<\/h4>\n\n\n\n<ul class=\"wp-block-list\"><li>Atos administrativos.<\/li>\n\n\n\n<li>Poderes administrativos.<\/li>\n\n\n\n<li>Poder de pol\u00edcia.<\/li>\n\n\n\n<li>Hierarquia e disciplina.<\/li>\n\n\n\n<li>Discricionariedade e vincula\u00e7\u00e3o.<\/li>\n<\/ul><h4 class=\"wp-block-heading\">Licita\u00e7\u00f5es e contratos<\/h4>\n\n\n\n<ul class=\"wp-block-list\"><li>Lei n\u00ba 8.666\/1993.<\/li>\n\n\n\n<li>Lei n\u00ba 10.520\/2002.<\/li>\n\n\n\n<li>Modalidades.<\/li>\n\n\n\n<li>Dispensa e inexigibilidade.<\/li>\n\n\n\n<li>Contratos administrativos.<\/li>\n\n\n\n<li>Parcerias P\u00fablico-Privadas (PPP).<\/li>\n<\/ul><h4 class=\"wp-block-heading\">Agentes p\u00fablicos<\/h4>\n\n\n\n<ul class=\"wp-block-list\"><li>Servidores p\u00fablicos.<\/li>\n\n\n\n<li>Direitos e deveres.<\/li>\n\n\n\n<li>Responsabilidades.<\/li>\n\n\n\n<li>Concurso p\u00fablico.<\/li>\n\n\n\n<li>Regime previdenci\u00e1rio.<\/li>\n\n\n\n<li>Estatuto dos Funcion\u00e1rios P\u00fablicos do Rio de Janeiro.<\/li>\n\n\n\n<li>Delibera\u00e7\u00e3o TCM n\u00ba 149\/2002.<\/li>\n<\/ul><h4 class=\"wp-block-heading\">Servi\u00e7os p\u00fablicos e bens p\u00fablicos<\/h4>\n\n\n\n<ul class=\"wp-block-list\"><li>Servi\u00e7os p\u00fablicos.<\/li>\n\n\n\n<li>Concess\u00e3o, permiss\u00e3o e autoriza\u00e7\u00e3o.<\/li>\n\n\n\n<li>Conv\u00eanios e cons\u00f3rcios.<\/li>\n\n\n\n<li>Bens p\u00fablicos.<\/li>\n\n\n\n<li>Afeta\u00e7\u00e3o e desafeta\u00e7\u00e3o.<\/li>\n\n\n\n<li>Aliena\u00e7\u00e3o e aquisi\u00e7\u00e3o.<\/li>\n<\/ul><h4 class=\"wp-block-heading\">Responsabilidade e controle<\/h4>\n\n\n\n<ul class=\"wp-block-list\"><li>Responsabilidade civil da Administra\u00e7\u00e3o.<\/li>\n\n\n\n<li>Controle interno e externo.<\/li>\n\n\n\n<li>Controle legislativo e judicial.<\/li>\n\n\n\n<li>Tribunal de Contas do Munic\u00edpio do Rio de Janeiro.<\/li>\n\n\n\n<li>Sindic\u00e2ncia.<\/li>\n\n\n\n<li>Processo administrativo municipal.<\/li>\n<\/ul><h3 class=\"wp-block-heading\">Direito Constitucional<\/h3>\n\n\n\n<h4 class=\"wp-block-heading\">Teoria da Constitui\u00e7\u00e3o<\/h4>\n\n\n\n<ul class=\"wp-block-list\"><li>Constitui\u00e7\u00e3o.<\/li>\n\n\n\n<li>Supremacia constitucional.<\/li>\n\n\n\n<li>Interpreta\u00e7\u00e3o constitucional.<\/li>\n\n\n\n<li>Controle de constitucionalidade.<\/li>\n\n\n\n<li>Poder constituinte.<\/li>\n<\/ul><h4 class=\"wp-block-heading\">Organiza\u00e7\u00e3o do Estado<\/h4>\n\n\n\n<ul class=\"wp-block-list\"><li>Federa\u00e7\u00e3o.<\/li>\n\n\n\n<li>Uni\u00e3o.<\/li>\n\n\n\n<li>Estados.<\/li>\n\n\n\n<li>Distrito Federal.<\/li>\n\n\n\n<li>Munic\u00edpios.<\/li>\n\n\n\n<li>Reparti\u00e7\u00e3o de compet\u00eancias.<\/li>\n\n\n\n<li>Constitui\u00e7\u00e3o do Estado do Rio de Janeiro.<\/li>\n\n\n\n<li>Lei Org\u00e2nica do Munic\u00edpio do Rio de Janeiro.<\/li>\n<\/ul><h4 class=\"wp-block-heading\">Poderes e fun\u00e7\u00f5es essenciais<\/h4>\n\n\n\n<ul class=\"wp-block-list\"><li>Poder Legislativo.<\/li>\n\n\n\n<li>Processo legislativo.<\/li>\n\n\n\n<li>Fiscaliza\u00e7\u00e3o cont\u00e1bil, financeira e or\u00e7ament\u00e1ria.<\/li>\n\n\n\n<li>Tribunal de Contas da Uni\u00e3o.<\/li>\n\n\n\n<li>Poder Executivo.<\/li>\n\n\n\n<li>Poder Judici\u00e1rio.<\/li>\n\n\n\n<li>Minist\u00e9rio P\u00fablico.<\/li>\n\n\n\n<li>Advocacia P\u00fablica.<\/li>\n<\/ul><h4 class=\"wp-block-heading\">Direitos fundamentais e ordem constitucional<\/h4>\n\n\n\n<ul class=\"wp-block-list\"><li>Direitos e garantias fundamentais.<\/li>\n\n\n\n<li>Direitos sociais.<\/li>\n\n\n\n<li>Rem\u00e9dios constitucionais.<\/li>\n\n\n\n<li>Tributa\u00e7\u00e3o e or\u00e7amento.<\/li>\n\n\n\n<li>Ordem econ\u00f4mica e financeira.<\/li>\n\n\n\n<li>Ordem social.<\/li>\n\n\n\n<li>Seguridade social.<\/li>\n<\/ul><h3 class=\"wp-block-heading\">Direito Financeiro<\/h3>\n\n\n\n<h4 class=\"wp-block-heading\">Or\u00e7amento e finan\u00e7as p\u00fablicas<\/h4>\n\n\n\n<ul class=\"wp-block-list\"><li>Conceitos e princ\u00edpios do Direito Financeiro.<\/li>\n\n\n\n<li>Finan\u00e7as p\u00fablicas na Constitui\u00e7\u00e3o.<\/li>\n\n\n\n<li>Or\u00e7amento p\u00fablico.<\/li>\n\n\n\n<li>PPA.<\/li>\n\n\n\n<li>LDO.<\/li>\n\n\n\n<li>LOA.<\/li>\n\n\n\n<li>Lei n\u00ba 4.320\/1964.<\/li>\n<\/ul><h4 class=\"wp-block-heading\">Receita, despesa e d\u00edvida p\u00fablica<\/h4>\n\n\n\n<ul class=\"wp-block-list\"><li>Receita p\u00fablica.<\/li>\n\n\n\n<li>Despesa p\u00fablica.<\/li>\n\n\n\n<li>Empenho.<\/li>\n\n\n\n<li>Liquida\u00e7\u00e3o.<\/li>\n\n\n\n<li>Pagamento.<\/li>\n\n\n\n<li>Cr\u00e9dito p\u00fablico.<\/li>\n\n\n\n<li>D\u00edvida p\u00fablica.<\/li>\n\n\n\n<li>Lei de Responsabilidade Fiscal.<\/li>\n<\/ul><h3 class=\"wp-block-heading\">No\u00e7\u00f5es de Inform\u00e1tica<\/h3>\n\n\n\n<h4 class=\"wp-block-heading\">Hardware e software<\/h4>\n\n\n\n<ul class=\"wp-block-list\"><li>Hardware.<\/li>\n\n\n\n<li>Software.<\/li>\n\n\n\n<li>Sistemas operacionais Windows e Linux.<\/li>\n\n\n\n<li>Microsoft Office (Word, Excel e PowerPoint).<\/li>\n\n\n\n<li>BrOffice (Writer, Calc e Impress).<\/li>\n<\/ul><h4 class=\"wp-block-heading\">Redes e internet<\/h4>\n\n\n\n<ul class=\"wp-block-list\"><li>Redes de computadores.<\/li>\n\n\n\n<li>Internet e Intranet.<\/li>\n\n\n\n<li>Arquitetura TCP\/IP.<\/li>\n\n\n\n<li>Navega\u00e7\u00e3o.<\/li>\n\n\n\n<li>E-mail.<\/li>\n\n\n\n<li>Ferramentas de pesquisa.<\/li>\n<\/ul><h4 class=\"wp-block-heading\">Seguran\u00e7a da informa\u00e7\u00e3o<\/h4>\n\n\n\n<ul class=\"wp-block-list\"><li>Backup.<\/li>\n\n\n\n<li>V\u00edrus.<\/li>\n\n\n\n<li>Medidas de seguran\u00e7a.<\/li>\n<\/ul><h3 class=\"wp-block-heading\">Instrumentos de Controle Externo<\/h3>\n\n\n\n<h4 class=\"wp-block-heading\">Controle externo<\/h4>\n\n\n\n<ul class=\"wp-block-list\"><li>Controle da Administra\u00e7\u00e3o P\u00fablica.<\/li>\n\n\n\n<li>Sistema de controle externo.<\/li>\n\n\n\n<li>Controle externo no Brasil.<\/li>\n\n\n\n<li>Fiscaliza\u00e7\u00e3o cont\u00e1bil, financeira, or\u00e7ament\u00e1ria, operacional e patrimonial.<\/li>\n\n\n\n<li>Tribunais de Contas:\n<ul class=\"wp-block-list\"><li>Natureza jur\u00eddica.<\/li>\n\n\n\n<li>Compet\u00eancias.<\/li>\n\n\n\n<li>Efic\u00e1cia das decis\u00f5es.<\/li>\n<\/ul><\/li>\n\n\n\n<li>Controle interno e externo na Constitui\u00e7\u00e3o.<\/li>\n\n\n\n<li>Tribunal de Contas do Munic\u00edpio do Rio de Janeiro.<\/li>\n<\/ul><h3 class=\"wp-block-heading\">\u00c9tica do Servidor na Administra\u00e7\u00e3o P\u00fablica<\/h3>\n\n\n\n<h4 class=\"wp-block-heading\">\u00c9tica e responsabilidade<\/h4>\n\n\n\n<ul class=\"wp-block-list\"><li>Princ\u00edpios constitucionais:\n<ul class=\"wp-block-list\"><li>Moralidade.<\/li>\n\n\n\n<li>Impessoalidade.<\/li>\n\n\n\n<li>Probidade.<\/li>\n\n\n\n<li>Motiva\u00e7\u00e3o.<\/li>\n\n\n\n<li>Publicidade.<\/li>\n<\/ul><\/li>\n\n\n\n<li>Crimes contra a Fazenda P\u00fablica.<\/li>\n\n\n\n<li>Crimes contra as Finan\u00e7as P\u00fablicas.<\/li>\n\n\n\n<li>Decreto Municipal n\u00ba 13.319\/1994.<\/li>\n\n\n\n<li>Lei de Improbidade Administrativa.<\/li>\n<\/ul><h2 class=\"wp-block-heading\" id=\"materiais-preparatrios-para-o-concurso-tcm-rj\">Materiais preparat\u00f3rios para o concurso TCM RJ<\/h2>\n\n\n\n<p class=\"wp-block-paragraph\">Estudar para o\u00a0<strong>concurso TCM RJ<\/strong>\u00a0exige comprometimento, disciplina e um planejamento bem estruturado. A const\u00e2ncia nos estudos e a aplica\u00e7\u00e3o de m\u00e9todos eficazes s\u00e3o fundamentais para manter o foco e evitar o desgaste durante a prepara\u00e7\u00e3o.<\/p>\n\n\n\n<p class=\"wp-block-paragraph\">A\u00a0<a href=\"https:\/\/www.novaconcursos.com.br\/\">Nova Concursos<\/a>\u00a0oferece materiais atualizados e estrat\u00e9gias eficientes, ideais para quem precisa equilibrar rotina e estudos. Aproveitar esses recursos pode ser o diferencial na sua caminhada rumo \u00e0 aprova\u00e7\u00e3o.<\/p>\n\n\n\n<p class=\"wp-block-paragraph\">Cada dia sem estudar \u00e9 um obst\u00e1culo a mais entre voc\u00ea e a sua vaga. Inicie agora sua prepara\u00e7\u00e3o com materiais que j\u00e1 ajudaram mais de 100 mil de candidatos a conquistar um lugar no servi\u00e7o p\u00fablico. N\u00e3o deixe para depois!<\/p>\n\n\n\n<p class=\"wp-block-paragraph\"><\/p><div class=\"nova-continue-reading\">Estude com os materiais da <a href=\"https:\/\/www.novaconcursos.com.br\/\">Nova Concursos<\/a>!<\/div>\n\n\n\n<h2 class=\"wp-block-heading\" id=\"ltimo-concurso-tcm-rj\">\u00daltimo concurso TCM RJ<\/h2>\n\n\n\n<p class=\"wp-block-paragraph\">O \u00faltimo concurso TCM RJ foi realizado em 2010 e contou com a oferta de <strong>50 vagas<\/strong> para os cargos de Engenheiro, Analista de Informa\u00e7\u00e3o e T\u00e9cnico de Controle Externo.<\/p>\n\n\n\n<p class=\"wp-block-paragraph\">Lembrando que o cargo que era chamado de T\u00e9cnico passou a ser Auditor e o de Auxiliar agora \u00e9 chamado de T\u00e9cnico. <\/p>\n\n\n\n<p class=\"wp-block-paragraph\">As provas contaram com 140 quest\u00f5es de m\u00faltipla escolha versando sobre as disciplinas de:<\/p>\n\n\n\n<p class=\"wp-block-paragraph\"><strong>1\u00aa etapa:<\/strong><\/p>\n\n\n\n<ul class=\"wp-block-list\"><li>L\u00edngua Portuguesa \u2013 20 quest\u00f5es<\/li>\n\n\n\n<li>Auditoria \u2013 10 quest\u00f5es<\/li>\n\n\n\n<li>Contabilidade Geral \u2013 10 quest\u00f5es<\/li>\n\n\n\n<li>Contabilidade P\u00fablica \u2013 10 quest\u00f5es<\/li>\n\n\n\n<li>Matem\u00e1tica Financeira \u2013 10 quest\u00f5es<\/li>\n\n\n\n<li>Racioc\u00ednio L\u00f3gico \u2013 10 quest\u00f5es<\/li>\n<\/ul><p class=\"wp-block-paragraph\"><strong>2\u00aa etapa:<\/strong><\/p>\n\n\n\n<ul class=\"wp-block-list\"><li>Direito Administrativo \u2013 20 quest\u00f5es<\/li>\n\n\n\n<li>Direito Constitucional \u2013 15 quest\u00f5es<\/li>\n\n\n\n<li>Direito Financeiro \u2013 15 quest\u00f5es<\/li>\n\n\n\n<li>No\u00e7\u00f5es de Inform\u00e1tica \u2013 05 quest\u00f5es<\/li>\n\n\n\n<li>Instrumentos de Controles Externos \u2013 10 quest\u00f5es<\/li>\n\n\n\n<li>\u00c9tica do Servidor da Adm. P\u00fablica \u2013 05 quest\u00f5es<\/li>\n<\/ul>","protected":false},"excerpt":{"rendered":"<p>Um novo concurso TCM RJ \u00e9 aguardado desde 2019. Edital previsto no or\u00e7amento de 2027. Confira as novidades sobre a sele\u00e7\u00e3o! <\/p>\n","protected":false},"author":54693,"featured_media":311791,"comment_status":"closed","ping_status":"closed","sticky":false,"template":"","format":"standard","meta":{"_acf_changed":false,"footnotes":"","_wp_rev_ctl_limit":""},"categories":[44999,44940,44965],"tags":[13750],"class_list":["post-20536","post","type-post","status-publish","format-standard","has-post-thumbnail","hentry","category-concursos","category-carreira-tribunais","category-rj","tag-concurso-tcm-rj"],"acf":[],"_links":{"self":[{"href":"https:\/\/www.novaconcursos.com.br\/portal\/wp-json\/wp\/v2\/posts\/20536","targetHints":{"allow":["GET"]}}],"collection":[{"href":"https:\/\/www.novaconcursos.com.br\/portal\/wp-json\/wp\/v2\/posts"}],"about":[{"href":"https:\/\/www.novaconcursos.com.br\/portal\/wp-json\/wp\/v2\/types\/post"}],"author":[{"embeddable":true,"href":"https:\/\/www.novaconcursos.com.br\/portal\/wp-json\/wp\/v2\/users\/54693"}],"replies":[{"embeddable":true,"href":"https:\/\/www.novaconcursos.com.br\/portal\/wp-json\/wp\/v2\/comments?post=20536"}],"version-history":[{"count":8,"href":"https:\/\/www.novaconcursos.com.br\/portal\/wp-json\/wp\/v2\/posts\/20536\/revisions"}],"predecessor-version":[{"id":311793,"href":"https:\/\/www.novaconcursos.com.br\/portal\/wp-json\/wp\/v2\/posts\/20536\/revisions\/311793"}],"wp:featuredmedia":[{"embeddable":true,"href":"https:\/\/www.novaconcursos.com.br\/portal\/wp-json\/wp\/v2\/media\/311791"}],"wp:attachment":[{"href":"https:\/\/www.novaconcursos.com.br\/portal\/wp-json\/wp\/v2\/media?parent=20536"}],"wp:term":[{"taxonomy":"category","embeddable":true,"href":"https:\/\/www.novaconcursos.com.br\/portal\/wp-json\/wp\/v2\/categories?post=20536"},{"taxonomy":"post_tag","embeddable":true,"href":"https:\/\/www.novaconcursos.com.br\/portal\/wp-json\/wp\/v2\/tags?post=20536"}],"curies":[{"name":"wp","href":"https:\/\/api.w.org\/{rel}","templated":true}]}}